{"id":499,"date":"2014-06-16T16:55:48","date_gmt":"2014-06-16T14:55:48","guid":{"rendered":"https:\/\/marekkuchcinski.pl\/?p=499"},"modified":"2016-08-25T16:58:24","modified_gmt":"2016-08-25T14:58:24","slug":"obchody-100-lecia-czynu-niepodleglosciowego-w-przemyslu","status":"publish","type":"post","link":"https:\/\/marekkuchcinski.pl\/hu\/wydarzenia\/obchody-100-lecia-czynu-niepodleglosciowego-w-przemyslu\/","title":{"rendered":"A f\u00fcggetlens\u00e9gi okm\u00e1ny 100 \u00e9ves \u00e9vfordul\u00f3j\u00e1nak meg\u00fcnnepl\u00e9se Przemy\u015blben"},"content":{"rendered":"<p><img decoding=\"async\" class=\"alignleft size-full wp-image-498\" style=\"float: left;\" alt=\"zdjecie\" src=\"https:\/\/marekkuchcinski.pl\/wp-content\/uploads\/2014\/06\/zdjecie.jpg\" height=\"107\" width=\"160\" srcset=\"https:\/\/marekkuchcinski.pl\/wp-content\/uploads\/2014\/06\/zdjecie.jpg 1000w, https:\/\/marekkuchcinski.pl\/wp-content\/uploads\/2014\/06\/zdjecie-300x200.jpg 300w, https:\/\/marekkuchcinski.pl\/wp-content\/uploads\/2014\/06\/zdjecie-768x512.jpg 768w\" sizes=\"(max-width: 160px) 100vw, 160px\" \/>J\u00fanius 14-\u00e9n, szombaton Przemy\u015blben a F\u00fcggetlens\u00e9gi Okirat 100. \u00e9vfordul\u00f3j\u00e1nak \u00fcnneps\u00e9geit tartott\u00e1k, amelyeket Marek Kuchci\u0144ski, a szejm aleln\u00f6ke, W\u0142adys\u0142aw Ortyl, a Podkarpatszkaja vajdas\u00e1g marsallja, Robert Choma, Przemy\u015bl v\u00e1ros eln\u00f6ke, a Przemy\u015bli Nemzeti M\u00fazeum \u00e9s a \"Strzelec\" L\u00f6v\u00e9szegylet szervezett.<\/p>\n<p>Az esem\u00e9nyt Jaros\u0142aw Kaczy\u0144ski - a F\u00fcggetlens\u00e9gi Okirat T\u00e1rsadalmi Bizotts\u00e1g\u00e1nak eln\u00f6ke - tiszteletbeli v\u00e9dn\u00f6ks\u00e9ge alatt tartott\u00e1k.<\/p>\n<p>  <!--more-->  <\/p>\n<p>Az \u00fcnneps\u00e9gek szentmis\u00e9vel kezd\u0151dtek a przemysli \u00e9rseki sz\u00e9kesegyh\u00e1zban, amelyet Stanis\u0142aw Jamrozek p\u00fcsp\u00f6k celebr\u00e1lt. Jelen voltak a Parlament, az \u00e1llami \u00e9s helyi hat\u00f3s\u00e1gok, a Strzelleci L\u00f6v\u00e9szegylet k\u00e9pvisel\u0151i, z\u00e1szl\u00f3viv\u0151k, megh\u00edvott vend\u00e9gek \u00e9s a v\u00e1ros lak\u00f3i. A p\u00fcsp\u00f6k szentbesz\u00e9d\u00e9ben utalt az \u00e9vfordul\u00f3ra, \u00e9s hazafias magatart\u00e1sra buzd\u00edtotta a fiatalokat. Voltak cserk\u00e9szek is, a zenei keretet pedig egy zurawitzi cserk\u00e9szf\u00fav\u00f3szenekar biztos\u00edtotta.<\/p>\n<p>A szentmise ut\u00e1n az \u00fcnneps\u00e9g r\u00e9sztvev\u0151i a Niepodleg\u0142o\u015bci t\u00e9rre vonultak, ahol a F\u00fcggetlens\u00e9gi Okirat 100. \u00e9vfordul\u00f3ja alkalm\u00e1b\u00f3l lengyel \u00e9s lvivi sz\u00edn\u00e9szek, valamint a \"Strzelc\" Egyes\u00fclet fiataljai \u00e1ltal k\u00e9sz\u00edtett m\u0171v\u00e9szeti m\u0171sort tekinthett\u00e9k meg. Eml\u00e9kdiplom\u00e1kat adtak \u00e1t a \"Przemy\u015bl 1914-1919\" v\u00e1rosismereti j\u00e1t\u00e9k gy\u0151zteseinek is.<\/p>\n<p>Az el\u0151ad\u00e1sok ut\u00e1n mindenki a Przemysl-f\u00f6ld Nemzeti M\u00fazeum \u00e9p\u00fclet\u00e9hez vonult, ahol vir\u00e1gokat helyeztek el az Akt\u00edv Harc Egyes\u00fclet eml\u00e9kt\u00e1bl\u00e1j\u00e1n\u00e1l. Az eml\u00e9kt\u00e1bl\u00e1t 2008-ban leplezte le Lech Kaczy\u0144ski, Lengyelorsz\u00e1g n\u00e9hai eln\u00f6ke. A F\u00fcggetlens\u00e9g ter\u00e9n tartott \u00fcnneps\u00e9g egy kiv\u00e9gz\u0151osztag \u00e1ltal v\u00e9grehajtott gyakorlat bemutat\u00f3j\u00e1val \u00e9rt v\u00e9get.<\/p>\n<p>Ezt k\u00f6vette a szmolenszki katasztr\u00f3fa \u00e1ldozatainak eml\u00e9k\u00e9re \u00e1ll\u00edtott eml\u00e9kt\u00e1bla leleplez\u00e9se \u00e9s felszentel\u00e9se, amelyet a Przemysli Nemzeti M\u00fazeum egyik fal\u00e1n helyeztek el. A leleplez\u00e9st Marek Kuchci\u0144ski, a lengyel szejm aleln\u00f6ke, W\u0142adys\u0142aw Ortyl marsall \u00e9s Robert Choma, Przemy\u015bl eln\u00f6ke v\u00e9gezte.<\/p>\n<p>Fot\u00f3: Rafa\u0142 Porada<\/p>","protected":false},"excerpt":{"rendered":"<p>W dniu 14 czerwca (sobota) br. w Przemy\u015blu odby\u0142y si\u0119 uroczysto\u015bci z okazji 100-lecia Czynu Niepodleg\u0142o\u015bciowego, kt\u00f3rych organizatorami byli: Wicemarsza\u0142ek Sejmu RP Marek Kuchci\u0144ski, Marsza\u0142ek Wojew\u00f3dztwa Podkarpackiego W\u0142adys\u0142aw Ortyl, Prezydent Miasta Przemy\u015bla Robert Choma, Muzeum Narodowe Ziemi Przemyskiej oraz Zwi\u0105zek Strzelecki \u201eStrzelec\u201d. Patronat Honorowy nad wydarzeniem obj\u0105\u0142 Jaros\u0142aw Kaczy\u0144ski &#8211; Przewodnicz\u0105cy Spo\u0142ecznego Komitetu Czynu Niepodleg\u0142o\u015bciowego.<\/p>","protected":false},"author":6,"featured_media":498,"comment_status":"open","ping_status":"open","sticky":false,"template":"","format":"standard","meta":{"ngg_post_thumbnail":0,"footnotes":""},"categories":[3],"tags":[],"class_list":["post-499","post","type-post","status-publish","format-standard","has-post-thumbnail","hentry","category-wydarzenia"],"yoast_head":"<!-- This site is optimized with the Yoast SEO plugin v24.7 - https:\/\/yoast.com\/wordpress\/plugins\/seo\/ -->\n<title>Obchody 100-lecia Czynu Niepodleg\u0142o\u015bciowego w Przemy\u015blu &#8211; Marek Kuchci\u0144ski<\/title>\n<meta name=\"robots\" content=\"index, follow, max-snippet:-1, max-image-preview:large, max-video-preview:-1\" \/>\n<link rel=\"canonical\" href=\"https:\/\/marekkuchcinski.pl\/hu\/wydarzenia\/obchody-100-lecia-czynu-niepodleglosciowego-w-przemyslu\/\" \/>\n<meta property=\"og:locale\" content=\"hu_HU\" \/>\n<meta property=\"og:type\" content=\"article\" \/>\n<meta property=\"og:title\" content=\"Obchody 100-lecia Czynu Niepodleg\u0142o\u015bciowego w Przemy\u015blu &#8211; Marek Kuchci\u0144ski\" \/>\n<meta property=\"og:description\" content=\"W dniu 14 czerwca (sobota) br. w Przemy\u015blu odby\u0142y si\u0119 uroczysto\u015bci z okazji 100-lecia Czynu Niepodleg\u0142o\u015bciowego, kt\u00f3rych organizatorami byli: Wicemarsza\u0142ek Sejmu RP Marek Kuchci\u0144ski, Marsza\u0142ek Wojew\u00f3dztwa Podkarpackiego W\u0142adys\u0142aw Ortyl, Prezydent Miasta Przemy\u015bla Robert Choma, Muzeum Narodowe Ziemi Przemyskiej oraz Zwi\u0105zek Strzelecki \u201eStrzelec\u201d. Patronat Honorowy nad wydarzeniem obj\u0105\u0142 Jaros\u0142aw Kaczy\u0144ski &#8211; Przewodnicz\u0105cy Spo\u0142ecznego Komitetu Czynu Niepodleg\u0142o\u015bciowego.\" \/>\n<meta property=\"og:url\" content=\"https:\/\/marekkuchcinski.pl\/hu\/wydarzenia\/obchody-100-lecia-czynu-niepodleglosciowego-w-przemyslu\/\" \/>\n<meta property=\"og:site_name\" content=\"Marek Kuchci\u0144ski\" \/>\n<meta property=\"article:published_time\" content=\"2014-06-16T14:55:48+00:00\" \/>\n<meta property=\"article:modified_time\" content=\"2016-08-25T14:58:24+00:00\" \/>\n<meta property=\"og:image\" content=\"https:\/\/marekkuchcinski.pl\/wp-content\/uploads\/2014\/06\/zdjecie.jpg\" \/>\n\t<meta property=\"og:image:width\" content=\"1000\" \/>\n\t<meta property=\"og:image:height\" content=\"667\" \/>\n\t<meta property=\"og:image:type\" content=\"image\/jpeg\" \/>\n<meta name=\"author\" content=\"admin\" \/>\n<meta name=\"twitter:card\" content=\"summary_large_image\" \/>\n<meta name=\"twitter:label1\" content=\"Szerz\u0151:\" \/>\n\t<meta name=\"twitter:data1\" content=\"admin\" \/>\n\t<meta name=\"twitter:label2\" content=\"Becs\u00fclt olvas\u00e1si id\u0151\" \/>\n\t<meta name=\"twitter:data2\" content=\"2 perc\" \/>\n<script type=\"application\/ld+json\" class=\"yoast-schema-graph\">{\"@context\":\"https:\/\/schema.org\",\"@graph\":[{\"@type\":\"Article\",\"@id\":\"https:\/\/marekkuchcinski.pl\/sk\/wydarzenia\/obchody-100-lecia-czynu-niepodleglosciowego-w-przemyslu\/#article\",\"isPartOf\":{\"@id\":\"https:\/\/marekkuchcinski.pl\/sk\/wydarzenia\/obchody-100-lecia-czynu-niepodleglosciowego-w-przemyslu\/\"},\"author\":{\"name\":\"admin\",\"@id\":\"https:\/\/marekkuchcinski.pl\/#\/schema\/person\/6f62700996b4d950b6ea2d1183b6c6be\"},\"headline\":\"Obchody 100-lecia Czynu Niepodleg\u0142o\u015bciowego w Przemy\u015blu\",\"datePublished\":\"2014-06-16T14:55:48+00:00\",\"dateModified\":\"2016-08-25T14:58:24+00:00\",\"mainEntityOfPage\":{\"@id\":\"https:\/\/marekkuchcinski.pl\/sk\/wydarzenia\/obchody-100-lecia-czynu-niepodleglosciowego-w-przemyslu\/\"},\"wordCount\":324,\"commentCount\":0,\"publisher\":{\"@id\":\"https:\/\/marekkuchcinski.pl\/#organization\"},\"image\":{\"@id\":\"https:\/\/marekkuchcinski.pl\/sk\/wydarzenia\/obchody-100-lecia-czynu-niepodleglosciowego-w-przemyslu\/#primaryimage\"},\"thumbnailUrl\":\"https:\/\/marekkuchcinski.pl\/wp-content\/uploads\/2014\/06\/zdjecie.jpg\",\"articleSection\":[\"Wydarzenia\"],\"inLanguage\":\"hu\",\"potentialAction\":[{\"@type\":\"CommentAction\",\"name\":\"Comment\",\"target\":[\"https:\/\/marekkuchcinski.pl\/sk\/wydarzenia\/obchody-100-lecia-czynu-niepodleglosciowego-w-przemyslu\/#respond\"]}]},{\"@type\":\"WebPage\",\"@id\":\"https:\/\/marekkuchcinski.pl\/sk\/wydarzenia\/obchody-100-lecia-czynu-niepodleglosciowego-w-przemyslu\/\",\"url\":\"https:\/\/marekkuchcinski.pl\/sk\/wydarzenia\/obchody-100-lecia-czynu-niepodleglosciowego-w-przemyslu\/\",\"name\":\"Obchody 100-lecia Czynu Niepodleg\u0142o\u015bciowego w Przemy\u015blu &#8211; Marek Kuchci\u0144ski\",\"isPartOf\":{\"@id\":\"https:\/\/marekkuchcinski.pl\/#website\"},\"primaryImageOfPage\":{\"@id\":\"https:\/\/marekkuchcinski.pl\/sk\/wydarzenia\/obchody-100-lecia-czynu-niepodleglosciowego-w-przemyslu\/#primaryimage\"},\"image\":{\"@id\":\"https:\/\/marekkuchcinski.pl\/sk\/wydarzenia\/obchody-100-lecia-czynu-niepodleglosciowego-w-przemyslu\/#primaryimage\"},\"thumbnailUrl\":\"https:\/\/marekkuchcinski.pl\/wp-content\/uploads\/2014\/06\/zdjecie.jpg\",\"datePublished\":\"2014-06-16T14:55:48+00:00\",\"dateModified\":\"2016-08-25T14:58:24+00:00\",\"breadcrumb\":{\"@id\":\"https:\/\/marekkuchcinski.pl\/sk\/wydarzenia\/obchody-100-lecia-czynu-niepodleglosciowego-w-przemyslu\/#breadcrumb\"},\"inLanguage\":\"hu\",\"potentialAction\":[{\"@type\":\"ReadAction\",\"target\":[\"https:\/\/marekkuchcinski.pl\/sk\/wydarzenia\/obchody-100-lecia-czynu-niepodleglosciowego-w-przemyslu\/\"]}]},{\"@type\":\"ImageObject\",\"inLanguage\":\"hu\",\"@id\":\"https:\/\/marekkuchcinski.pl\/sk\/wydarzenia\/obchody-100-lecia-czynu-niepodleglosciowego-w-przemyslu\/#primaryimage\",\"url\":\"https:\/\/marekkuchcinski.pl\/wp-content\/uploads\/2014\/06\/zdjecie.jpg\",\"contentUrl\":\"https:\/\/marekkuchcinski.pl\/wp-content\/uploads\/2014\/06\/zdjecie.jpg\",\"width\":1000,\"height\":667,\"caption\":\"zdjecie\"},{\"@type\":\"BreadcrumbList\",\"@id\":\"https:\/\/marekkuchcinski.pl\/sk\/wydarzenia\/obchody-100-lecia-czynu-niepodleglosciowego-w-przemyslu\/#breadcrumb\",\"itemListElement\":[{\"@type\":\"ListItem\",\"position\":1,\"name\":\"Strona g\u0142\u00f3wna\",\"item\":\"https:\/\/marekkuchcinski.pl\/\"},{\"@type\":\"ListItem\",\"position\":2,\"name\":\"Obchody 100-lecia Czynu Niepodleg\u0142o\u015bciowego w Przemy\u015blu\"}]},{\"@type\":\"WebSite\",\"@id\":\"https:\/\/marekkuchcinski.pl\/#website\",\"url\":\"https:\/\/marekkuchcinski.pl\/\",\"name\":\"Marek Kuchci\u0144ski\",\"description\":\"Pose\u0142 na sejm RP &ndash; okr\u0119g nr 22\",\"publisher\":{\"@id\":\"https:\/\/marekkuchcinski.pl\/#organization\"},\"potentialAction\":[{\"@type\":\"SearchAction\",\"target\":{\"@type\":\"EntryPoint\",\"urlTemplate\":\"https:\/\/marekkuchcinski.pl\/?s={search_term_string}\"},\"query-input\":{\"@type\":\"PropertyValueSpecification\",\"valueRequired\":true,\"valueName\":\"search_term_string\"}}],\"inLanguage\":\"hu\"},{\"@type\":\"Organization\",\"@id\":\"https:\/\/marekkuchcinski.pl\/#organization\",\"name\":\"Marek Kuchci\u0144ski\",\"url\":\"https:\/\/marekkuchcinski.pl\/\",\"logo\":{\"@type\":\"ImageObject\",\"inLanguage\":\"hu\",\"@id\":\"https:\/\/marekkuchcinski.pl\/#\/schema\/logo\/image\/\",\"url\":\"https:\/\/marekkuchcinski.pl\/wp-content\/uploads\/2022\/09\/Marek.jpg\",\"contentUrl\":\"https:\/\/marekkuchcinski.pl\/wp-content\/uploads\/2022\/09\/Marek.jpg\",\"width\":1600,\"height\":971,\"caption\":\"Marek Kuchci\u0144ski\"},\"image\":{\"@id\":\"https:\/\/marekkuchcinski.pl\/#\/schema\/logo\/image\/\"}},{\"@type\":\"Person\",\"@id\":\"https:\/\/marekkuchcinski.pl\/#\/schema\/person\/6f62700996b4d950b6ea2d1183b6c6be\",\"name\":\"admin\",\"image\":{\"@type\":\"ImageObject\",\"inLanguage\":\"hu\",\"@id\":\"https:\/\/marekkuchcinski.pl\/#\/schema\/person\/image\/\",\"url\":\"https:\/\/secure.gravatar.com\/avatar\/4bab693b9d55c3d6b52c0296a8765085?s=96&d=mm&r=g\",\"contentUrl\":\"https:\/\/secure.gravatar.com\/avatar\/4bab693b9d55c3d6b52c0296a8765085?s=96&d=mm&r=g\",\"caption\":\"admin\"},\"url\":\"https:\/\/marekkuchcinski.pl\/hu\/author\/marta-olejnik\/\"}]}<\/script>\n<!-- \/ Yoast SEO plugin. -->","yoast_head_json":{"title":"Obchody 100-lecia Czynu Niepodleg\u0142o\u015bciowego w Przemy\u015blu &#8211; Marek Kuchci\u0144ski","robots":{"index":"index","follow":"follow","max-snippet":"max-snippet:-1","max-image-preview":"max-image-preview:large","max-video-preview":"max-video-preview:-1"},"canonical":"https:\/\/marekkuchcinski.pl\/hu\/wydarzenia\/obchody-100-lecia-czynu-niepodleglosciowego-w-przemyslu\/","og_locale":"hu_HU","og_type":"article","og_title":"Obchody 100-lecia Czynu Niepodleg\u0142o\u015bciowego w Przemy\u015blu &#8211; Marek Kuchci\u0144ski","og_description":"W dniu 14 czerwca (sobota) br. w Przemy\u015blu odby\u0142y si\u0119 uroczysto\u015bci z okazji 100-lecia Czynu Niepodleg\u0142o\u015bciowego, kt\u00f3rych organizatorami byli: Wicemarsza\u0142ek Sejmu RP Marek Kuchci\u0144ski, Marsza\u0142ek Wojew\u00f3dztwa Podkarpackiego W\u0142adys\u0142aw Ortyl, Prezydent Miasta Przemy\u015bla Robert Choma, Muzeum Narodowe Ziemi Przemyskiej oraz Zwi\u0105zek Strzelecki \u201eStrzelec\u201d. Patronat Honorowy nad wydarzeniem obj\u0105\u0142 Jaros\u0142aw Kaczy\u0144ski &#8211; Przewodnicz\u0105cy Spo\u0142ecznego Komitetu Czynu Niepodleg\u0142o\u015bciowego.","og_url":"https:\/\/marekkuchcinski.pl\/hu\/wydarzenia\/obchody-100-lecia-czynu-niepodleglosciowego-w-przemyslu\/","og_site_name":"Marek Kuchci\u0144ski","article_published_time":"2014-06-16T14:55:48+00:00","article_modified_time":"2016-08-25T14:58:24+00:00","og_image":[{"width":1000,"height":667,"url":"https:\/\/marekkuchcinski.pl\/wp-content\/uploads\/2014\/06\/zdjecie.jpg","type":"image\/jpeg"}],"author":"admin","twitter_card":"summary_large_image","twitter_misc":{"Szerz\u0151:":"admin","Becs\u00fclt olvas\u00e1si id\u0151":"2 perc"},"schema":{"@context":"https:\/\/schema.org","@graph":[{"@type":"Article","@id":"https:\/\/marekkuchcinski.pl\/sk\/wydarzenia\/obchody-100-lecia-czynu-niepodleglosciowego-w-przemyslu\/#article","isPartOf":{"@id":"https:\/\/marekkuchcinski.pl\/sk\/wydarzenia\/obchody-100-lecia-czynu-niepodleglosciowego-w-przemyslu\/"},"author":{"name":"admin","@id":"https:\/\/marekkuchcinski.pl\/#\/schema\/person\/6f62700996b4d950b6ea2d1183b6c6be"},"headline":"Obchody 100-lecia Czynu Niepodleg\u0142o\u015bciowego w Przemy\u015blu","datePublished":"2014-06-16T14:55:48+00:00","dateModified":"2016-08-25T14:58:24+00:00","mainEntityOfPage":{"@id":"https:\/\/marekkuchcinski.pl\/sk\/wydarzenia\/obchody-100-lecia-czynu-niepodleglosciowego-w-przemyslu\/"},"wordCount":324,"commentCount":0,"publisher":{"@id":"https:\/\/marekkuchcinski.pl\/#organization"},"image":{"@id":"https:\/\/marekkuchcinski.pl\/sk\/wydarzenia\/obchody-100-lecia-czynu-niepodleglosciowego-w-przemyslu\/#primaryimage"},"thumbnailUrl":"https:\/\/marekkuchcinski.pl\/wp-content\/uploads\/2014\/06\/zdjecie.jpg","articleSection":["Wydarzenia"],"inLanguage":"hu","potentialAction":[{"@type":"CommentAction","name":"Comment","target":["https:\/\/marekkuchcinski.pl\/sk\/wydarzenia\/obchody-100-lecia-czynu-niepodleglosciowego-w-przemyslu\/#respond"]}]},{"@type":"WebPage","@id":"https:\/\/marekkuchcinski.pl\/sk\/wydarzenia\/obchody-100-lecia-czynu-niepodleglosciowego-w-przemyslu\/","url":"https:\/\/marekkuchcinski.pl\/sk\/wydarzenia\/obchody-100-lecia-czynu-niepodleglosciowego-w-przemyslu\/","name":"Obchody 100-lecia Czynu Niepodleg\u0142o\u015bciowego w Przemy\u015blu &#8211; Marek Kuchci\u0144ski","isPartOf":{"@id":"https:\/\/marekkuchcinski.pl\/#website"},"primaryImageOfPage":{"@id":"https:\/\/marekkuchcinski.pl\/sk\/wydarzenia\/obchody-100-lecia-czynu-niepodleglosciowego-w-przemyslu\/#primaryimage"},"image":{"@id":"https:\/\/marekkuchcinski.pl\/sk\/wydarzenia\/obchody-100-lecia-czynu-niepodleglosciowego-w-przemyslu\/#primaryimage"},"thumbnailUrl":"https:\/\/marekkuchcinski.pl\/wp-content\/uploads\/2014\/06\/zdjecie.jpg","datePublished":"2014-06-16T14:55:48+00:00","dateModified":"2016-08-25T14:58:24+00:00","breadcrumb":{"@id":"https:\/\/marekkuchcinski.pl\/sk\/wydarzenia\/obchody-100-lecia-czynu-niepodleglosciowego-w-przemyslu\/#breadcrumb"},"inLanguage":"hu","potentialAction":[{"@type":"ReadAction","target":["https:\/\/marekkuchcinski.pl\/sk\/wydarzenia\/obchody-100-lecia-czynu-niepodleglosciowego-w-przemyslu\/"]}]},{"@type":"ImageObject","inLanguage":"hu","@id":"https:\/\/marekkuchcinski.pl\/sk\/wydarzenia\/obchody-100-lecia-czynu-niepodleglosciowego-w-przemyslu\/#primaryimage","url":"https:\/\/marekkuchcinski.pl\/wp-content\/uploads\/2014\/06\/zdjecie.jpg","contentUrl":"https:\/\/marekkuchcinski.pl\/wp-content\/uploads\/2014\/06\/zdjecie.jpg","width":1000,"height":667,"caption":"zdjecie"},{"@type":"BreadcrumbList","@id":"https:\/\/marekkuchcinski.pl\/sk\/wydarzenia\/obchody-100-lecia-czynu-niepodleglosciowego-w-przemyslu\/#breadcrumb","itemListElement":[{"@type":"ListItem","position":1,"name":"Strona g\u0142\u00f3wna","item":"https:\/\/marekkuchcinski.pl\/"},{"@type":"ListItem","position":2,"name":"Obchody 100-lecia Czynu Niepodleg\u0142o\u015bciowego w Przemy\u015blu"}]},{"@type":"WebSite","@id":"https:\/\/marekkuchcinski.pl\/#website","url":"https:\/\/marekkuchcinski.pl\/","name":"Marek Kuchci\u0144ski","description":"Pose\u0142 na sejm RP &ndash; okr\u0119g nr 22","publisher":{"@id":"https:\/\/marekkuchcinski.pl\/#organization"},"potentialAction":[{"@type":"SearchAction","target":{"@type":"EntryPoint","urlTemplate":"https:\/\/marekkuchcinski.pl\/?s={search_term_string}"},"query-input":{"@type":"PropertyValueSpecification","valueRequired":true,"valueName":"search_term_string"}}],"inLanguage":"hu"},{"@type":"Organization","@id":"https:\/\/marekkuchcinski.pl\/#organization","name":"Marek Kuchci\u0144ski","url":"https:\/\/marekkuchcinski.pl\/","logo":{"@type":"ImageObject","inLanguage":"hu","@id":"https:\/\/marekkuchcinski.pl\/#\/schema\/logo\/image\/","url":"https:\/\/marekkuchcinski.pl\/wp-content\/uploads\/2022\/09\/Marek.jpg","contentUrl":"https:\/\/marekkuchcinski.pl\/wp-content\/uploads\/2022\/09\/Marek.jpg","width":1600,"height":971,"caption":"Marek Kuchci\u0144ski"},"image":{"@id":"https:\/\/marekkuchcinski.pl\/#\/schema\/logo\/image\/"}},{"@type":"Person","@id":"https:\/\/marekkuchcinski.pl\/#\/schema\/person\/6f62700996b4d950b6ea2d1183b6c6be","name":"admin","image":{"@type":"ImageObject","inLanguage":"hu","@id":"https:\/\/marekkuchcinski.pl\/#\/schema\/person\/image\/","url":"https:\/\/secure.gravatar.com\/avatar\/4bab693b9d55c3d6b52c0296a8765085?s=96&d=mm&r=g","contentUrl":"https:\/\/secure.gravatar.com\/avatar\/4bab693b9d55c3d6b52c0296a8765085?s=96&d=mm&r=g","caption":"admin"},"url":"https:\/\/marekkuchcinski.pl\/hu\/author\/marta-olejnik\/"}]}},"_links":{"self":[{"href":"https:\/\/marekkuchcinski.pl\/hu\/wp-json\/wp\/v2\/posts\/499","targetHints":{"allow":["GET"]}}],"collection":[{"href":"https:\/\/marekkuchcinski.pl\/hu\/wp-json\/wp\/v2\/posts"}],"about":[{"href":"https:\/\/marekkuchcinski.pl\/hu\/wp-json\/wp\/v2\/types\/post"}],"author":[{"embeddable":true,"href":"https:\/\/marekkuchcinski.pl\/hu\/wp-json\/wp\/v2\/users\/6"}],"replies":[{"embeddable":true,"href":"https:\/\/marekkuchcinski.pl\/hu\/wp-json\/wp\/v2\/comments?post=499"}],"version-history":[{"count":1,"href":"https:\/\/marekkuchcinski.pl\/hu\/wp-json\/wp\/v2\/posts\/499\/revisions"}],"predecessor-version":[{"id":1360,"href":"https:\/\/marekkuchcinski.pl\/hu\/wp-json\/wp\/v2\/posts\/499\/revisions\/1360"}],"wp:featuredmedia":[{"embeddable":true,"href":"https:\/\/marekkuchcinski.pl\/hu\/wp-json\/wp\/v2\/media\/498"}],"wp:attachment":[{"href":"https:\/\/marekkuchcinski.pl\/hu\/wp-json\/wp\/v2\/media?parent=499"}],"wp:term":[{"taxonomy":"category","embeddable":true,"href":"https:\/\/marekkuchcinski.pl\/hu\/wp-json\/wp\/v2\/categories?post=499"},{"taxonomy":"post_tag","embeddable":true,"href":"https:\/\/marekkuchcinski.pl\/hu\/wp-json\/wp\/v2\/tags?post=499"}],"curies":[{"name":"wp","href":"https:\/\/api.w.org\/{rel}","templated":true}]}}