{"id":4985,"date":"2017-01-10T15:31:38","date_gmt":"2017-01-10T14:31:38","guid":{"rendered":"https:\/\/marekkuchcinski.pl\/?p=4985"},"modified":"2017-01-10T15:44:24","modified_gmt":"2017-01-10T14:44:24","slug":"10-1569-r-rozpoczely-sie-obrady-sejmu-poprzedzajace-zawarcie-unii-polsko-litewskiej","status":"publish","type":"post","link":"https:\/\/marekkuchcinski.pl\/hu\/wazne-daty\/10-1569-r-rozpoczely-sie-obrady-sejmu-poprzedzajace-zawarcie-unii-polsko-litewskiej\/","title":{"rendered":"1569. janu\u00e1r 10-\u00e9n megkezd\u0151dtek a Szejm \u00fcl\u00e9sei, amelyek megel\u0151zt\u00e9k a lengyel-litv\u00e1n uni\u00f3 megk\u00f6t\u00e9s\u00e9t."},"content":{"rendered":"<p><strong>1569. janu\u00e1r 10-\u00e9n a lublini kast\u00e9lyban a szejm megkezdte a lengyel-litv\u00e1n uni\u00f3 megk\u00f6t\u00e9s\u00e9t megel\u0151z\u0151 \u00fcl\u00e9seit, amely egy geopolitikai nagyhatalmat hozott l\u00e9tre.<\/strong><\/p>\n<p>A fent eml\u00edtett szejm c\u00e9lja a Korona \u00e9s a Litv\u00e1n Nagyhercegs\u00e9g v\u00e9gleges egyes\u00edt\u00e9se volt. A lublini uni\u00f3 k\u00e9t orsz\u00e1g, a Korona \u00e9s a Litv\u00e1n Nagyhercegs\u00e9g k\u00f6z\u00f6tti meg\u00e1llapod\u00e1s volt, amely egy \u00faj \u00e1llamot, a K\u00e9t Nemzet K\u00f6zt\u00e1rsas\u00e1g\u00e1t hozta l\u00e9tre. Ez a t\u00f6rv\u00e9ny k\u00fcl\u00f6nb\u00f6z\u00f6tt a kor\u00e1bbiakt\u00f3l, mivel teljesen elt\u00e9r\u0151 felt\u00e9telek mellett egyes\u00edtette a k\u00e9t \u00e1llamot. Haz\u00e1nk t\u00f6rt\u00e9net\u00e9ben eddig a szem\u00e9lyi uni\u00f3val foglalkoztunk (megszak\u00edt\u00e1ssal az 1440-1447-es \u00e9s az 1492-1501-es \u00e9vekben), azaz az uralkod\u00f3 szem\u00e9ly\u00e9n kereszt\u00fcl megval\u00f3sul\u00f3 \u00e1llamsz\u00f6vets\u00e9ggel. A Lengyel-Litv\u00e1n Nemzetk\u00f6z\u00f6ss\u00e9g l\u00e9trehoz\u00e1s\u00e1hoz vezet\u0151 \u00fat nem volt k\u00f6nny\u0171, mivel Zygmunt Augustnak hossz\u00fa \u00e9veken \u00e1t kellett harcolnia az uni\u00f3 ellenfeleivel, \u00e9l\u00fck\u00f6n Miko\u0142aj \"Czarny\" Radziwi\u0142\u0142al. Csak 1565-ben bek\u00f6vetkezett hal\u00e1la gyeng\u00edtette meg az uni\u00f3 ellenz\u0151inek t\u00e1bor\u00e1t, amely \u00edgy elvesz\u00edtette karizmatikus vezet\u0151j\u00e9t.<\/p>\n<p>Az uni\u00f3 v\u00e9gleges aktus\u00e1ban mindk\u00e9t f\u00e9l 1569. j\u00fanius 29-\u00e9n \u00e1llapodott meg. A lengyelek \u00e9s a litv\u00e1nok egyes\u00fcl\u00e9si aktusokat cser\u00e9ltek. Az esk\u00fct\u00e9telre 1569. j\u00falius 1-j\u00e9n ker\u00fclt sor. Mivel a litv\u00e1nok a lengyel szen\u00e1tusba l\u00e9ptek, nemcsak az uni\u00f3ra, hanem a korona ir\u00e1nti h\u0171s\u00e9gre is fel kellett esk\u00fcdni\u00fck. \u00dagy d\u00f6nt\u00f6ttek, hogy az \u00faj \u00e1llamnak k\u00f6z\u00f6s uralkod\u00f3ja, parlamentje, p\u00e9nzneme, k\u00fcl- \u00e9s v\u00e9delmi politik\u00e1ja lesz. K\u00fcl\u00f6n maradt a kincst\u00e1r, a hivatalok, a hadsereg \u00e9s az igazs\u00e1gszolg\u00e1ltat\u00e1s. K\u00f6z\u00f6s \u00e1ltal\u00e1nos szejmet hoztak l\u00e9tre, amelynek helysz\u00edn\u00e9\u00fcl Vars\u00f3t v\u00e1lasztott\u00e1k. A k\u00e9pvisel\u0151h\u00e1z 114 koronai \u00e9s 48 litv\u00e1niai k\u00e9pvisel\u0151b\u0151l \u00e1llt. A szen\u00e1tus viszont 113 koronai \u00e9s 27 litv\u00e1niai szen\u00e1torb\u00f3l \u00e1llt.<\/p>\n<p><em>forr\u00e1s: historkon.pl<\/em><\/p>\n<p><em>festm\u00e9ny: Jan Matejko \"Union of Lubesa<\/em><\/p>\n<p><a href=\"https:\/\/marekkuchcinski.pl\/wp-content\/uploads\/2017\/01\/J._Matejko_unia_lubelska.png\"><img fetchpriority=\"high\" decoding=\"async\" class=\"alignnone size-full wp-image-4986\" src=\"https:\/\/marekkuchcinski.pl\/wp-content\/uploads\/2017\/01\/J._Matejko_unia_lubelska.png\" alt=\"j-_matejko_unia_lubelska\" width=\"1280\" height=\"743\" srcset=\"https:\/\/marekkuchcinski.pl\/wp-content\/uploads\/2017\/01\/J._Matejko_unia_lubelska.png 1280w, https:\/\/marekkuchcinski.pl\/wp-content\/uploads\/2017\/01\/J._Matejko_unia_lubelska-300x174.png 300w, https:\/\/marekkuchcinski.pl\/wp-content\/uploads\/2017\/01\/J._Matejko_unia_lubelska-768x446.png 768w, https:\/\/marekkuchcinski.pl\/wp-content\/uploads\/2017\/01\/J._Matejko_unia_lubelska-1024x594.png 1024w\" sizes=\"(max-width: 1280px) 100vw, 1280px\" \/><\/a><\/p>","protected":false},"excerpt":{"rendered":"<p>10 I 1569 roku na zamku w Lublinie rozpocz\u0119\u0142y si\u0119 obrady Sejmu poprzedzaj\u0105ce zawarcie unii polsko-litewskiej, kt\u00f3ra stworzy\u0142a geopolityczne mocarstwo. Celem wspomnianego sejmu mia\u0142o by\u0107 trwa\u0142e po\u0142\u0105czenie Korony i Wielkiego Ksi\u0119stwa Litewskiego. Unia lubelska\u00a0to umowa mi\u0119dzy dwoma pa\u0144stwami \u2013 Koron\u0105 i Wielkim Ksi\u0119stwem Litewskim, na mocy kt\u00f3rej powsta\u0142o nowe pa\u0144stwo Rzeczpospolita Obojga Narod\u00f3w. Akt ten [&hellip;]<\/p>\n","protected":false},"author":6,"featured_media":4986,"comment_status":"open","ping_status":"open","sticky":false,"template":"","format":"standard","meta":{"ngg_post_thumbnail":0,"footnotes":""},"categories":[77],"tags":[],"class_list":["post-4985","post","type-post","status-publish","format-standard","has-post-thumbnail","hentry","category-wazne-daty"],"_links":{"self":[{"href":"https:\/\/marekkuchcinski.pl\/hu\/wp-json\/wp\/v2\/posts\/4985","targetHints":{"allow":["GET"]}}],"collection":[{"href":"https:\/\/marekkuchcinski.pl\/hu\/wp-json\/wp\/v2\/posts"}],"about":[{"href":"https:\/\/marekkuchcinski.pl\/hu\/wp-json\/wp\/v2\/types\/post"}],"author":[{"embeddable":true,"href":"https:\/\/marekkuchcinski.pl\/hu\/wp-json\/wp\/v2\/users\/6"}],"replies":[{"embeddable":true,"href":"https:\/\/marekkuchcinski.pl\/hu\/wp-json\/wp\/v2\/comments?post=4985"}],"version-history":[{"count":5,"href":"https:\/\/marekkuchcinski.pl\/hu\/wp-json\/wp\/v2\/posts\/4985\/revisions"}],"predecessor-version":[{"id":4994,"href":"https:\/\/marekkuchcinski.pl\/hu\/wp-json\/wp\/v2\/posts\/4985\/revisions\/4994"}],"wp:featuredmedia":[{"embeddable":true,"href":"https:\/\/marekkuchcinski.pl\/hu\/wp-json\/wp\/v2\/media\/4986"}],"wp:attachment":[{"href":"https:\/\/marekkuchcinski.pl\/hu\/wp-json\/wp\/v2\/media?parent=4985"}],"wp:term":[{"taxonomy":"category","embeddable":true,"href":"https:\/\/marekkuchcinski.pl\/hu\/wp-json\/wp\/v2\/categories?post=4985"},{"taxonomy":"post_tag","embeddable":true,"href":"https:\/\/marekkuchcinski.pl\/hu\/wp-json\/wp\/v2\/tags?post=4985"}],"curies":[{"name":"wp","href":"https:\/\/api.w.org\/{rel}","templated":true}]}}