{"id":4933,"date":"2016-12-29T22:35:53","date_gmt":"2016-12-29T21:35:53","guid":{"rendered":"https:\/\/marekkuchcinski.pl\/?p=4933"},"modified":"2016-12-30T19:27:50","modified_gmt":"2016-12-30T18:27:50","slug":"sesja-naukowa-poswiecona-abp-ignacemu-tokarczukowi","status":"publish","type":"post","link":"https:\/\/marekkuchcinski.pl\/hu\/wydarzenia\/sesja-naukowa-poswiecona-abp-ignacemu-tokarczukowi\/","title":{"rendered":"A Przemy\u015bl metropolita \u00e9rsek\u00e9nek, Ignacy Tokarczuk \u00e9rseknek szentelt tudom\u00e1nyos \u00fcl\u00e9sszak"},"content":{"rendered":"<p>Tokarczuk Ign\u00e1c \u00e9rsek hal\u00e1l\u00e1nak negyedik \u00e9vfordul\u00f3j\u00e1n a nagy p\u00e1sztornak szentelt tudom\u00e1nyos \u00fcl\u00e9sszakra ker\u00fclt sor. A konferenci\u00e1t a Rzesz\u00f3wi Nemzeti Eml\u00e9kezet Int\u00e9zete, a przemysli Nemzeti M\u00fazeum, a krakk\u00f3i II. J\u00e1nos P\u00e1l P\u00e1pai Egyetem T\u00f6rt\u00e9nelem \u00e9s Kultur\u00e1lis \u00d6r\u00f6ks\u00e9g Tansz\u00e9ke \u00e9s a przemysli Keresztel\u0151 Szent J\u00e1nos \u00e9s Nagyboldogasszony F\u0151sz\u00e9kesegyh\u00e1zi Pl\u00e9b\u00e1nia k\u00e9sz\u00edtette el\u0151. A konferenci\u00e1t a przemy\u015bli Keresztel\u0151 Szent J\u00e1nos \u00e9s Nagyboldogasszony F\u0151sz\u00e9kesegyh\u00e1zi Pl\u00e9b\u00e1nia szervezte. Az el\u0151ad\u00f3k a k\u00f6vetkez\u0151k voltak:<\/p>\n<ul>\n<li><em>Dr. Jan Musia\u0142 - A przemy\u015bli egyh\u00e1zmegye nem rebellis kiadv\u00e1nyai az 1980-as \u00e9vekben<\/em><\/li>\n<li><em>dr Mariusz Krzysztofi\u0144ski - A Non omnis moriar c\u00edm\u0171 k\u00f6nyv bemutat\u00f3ja. Tokarczuk Ign\u00e1c \u00e9rsek eml\u00e9kirataiban<\/em><\/li>\n<li><em>Prof. Dr. J\u00f3zef Wo\u0142cza\u0144ski - A k\u00f6nyv bemutat\u00f3ja - \"Teljes sz\u00edvemb\u0151l \u00e9s odaad\u00e1ssal szerettem ezeket az embereket\". Eml\u00e9kek 1918-1976\u00a0<\/em><\/li>\n<\/ul>\n<p>Ignacy Tokarczuk \u00e9rsek a kommunizmus elleni k\u00fczdelem ikonja. Radik\u00e1lis \u00e9s hajthatatlan volt. A Biztons\u00e1gi Szolg\u00e1lat megfigyel\u00e9se \u00e9s \u00fcld\u00f6z\u00e9se ellen\u00e9re soha nem adta fel a szabads\u00e1g\u00e9rt \u00e9s az igazs\u00e1g\u00e9rt folytatott harc\u00e1t. Az akkori hat\u00f3s\u00e1gok a przemy\u015bli metropolit\u00e1t II. J\u00e1nos P\u00e1l \u00e9s Stefan Wyszy\u0144ski b\u00edboros ut\u00e1n a harmadik sz\u00e1m\u00fa egyh\u00e1zi ellens\u00e9g\u00fcknek tekintett\u00e9k. Az 1970-es \u00e9vek k\u00f6zep\u00e9n a kommunista rendszer \u00f6sszeoml\u00e1s\u00e1t \u00e9s az elnyomott nemzetek szabads\u00e1g fel\u00e9 vezet\u0151 \u00fatj\u00e1t hirdette. T\u00e1mogatta a Szolidarit\u00e1st, az elnyomottakat, \u00e9s tan\u00e1csokat adott Jerzy Popie\u0142uszko aty\u00e1nak. Neki k\u00f6sz\u00f6nhet\u0151en 220 \u00faj pl\u00e9b\u00e1nia j\u00f6tt l\u00e9tre a przemy\u015bli egyh\u00e1zmegy\u00e9ben.<\/p>\n<p><a href=\"https:\/\/marekkuchcinski.pl\/wp-content\/uploads\/2016\/12\/tokarczuk.jpg\"><img fetchpriority=\"high\" decoding=\"async\" class=\"alignnone wp-image-4937\" src=\"https:\/\/marekkuchcinski.pl\/wp-content\/uploads\/2016\/12\/tokarczuk.jpg\" alt=\"tokarczuk\" width=\"781\" height=\"588\" srcset=\"https:\/\/marekkuchcinski.pl\/wp-content\/uploads\/2016\/12\/tokarczuk.jpg 619w, https:\/\/marekkuchcinski.pl\/wp-content\/uploads\/2016\/12\/tokarczuk-300x226.jpg 300w\" sizes=\"(max-width: 781px) 100vw, 781px\" \/><\/a><a href=\"https:\/\/marekkuchcinski.pl\/wp-content\/uploads\/2016\/12\/DSC09911.jpg\"><img decoding=\"async\" class=\"alignnone size-full wp-image-4953\" src=\"https:\/\/marekkuchcinski.pl\/wp-content\/uploads\/2016\/12\/DSC09911.jpg\" alt=\"dsc09911\" width=\"1021\" height=\"554\" srcset=\"https:\/\/marekkuchcinski.pl\/wp-content\/uploads\/2016\/12\/DSC09911.jpg 1021w, https:\/\/marekkuchcinski.pl\/wp-content\/uploads\/2016\/12\/DSC09911-300x163.jpg 300w, https:\/\/marekkuchcinski.pl\/wp-content\/uploads\/2016\/12\/DSC09911-768x417.jpg 768w\" sizes=\"(max-width: 1021px) 100vw, 1021px\" \/><\/a><a href=\"https:\/\/marekkuchcinski.pl\/wp-content\/uploads\/2016\/12\/DSC0092-001-1.jpg\"><img decoding=\"async\" class=\"alignnone size-full wp-image-4946\" src=\"https:\/\/marekkuchcinski.pl\/wp-content\/uploads\/2016\/12\/DSC0092-001-1.jpg\" alt=\"_dsc0092-001\" width=\"1872\" height=\"1403\" srcset=\"https:\/\/marekkuchcinski.pl\/wp-content\/uploads\/2016\/12\/DSC0092-001-1.jpg 1872w, https:\/\/marekkuchcinski.pl\/wp-content\/uploads\/2016\/12\/DSC0092-001-1-300x225.jpg 300w, https:\/\/marekkuchcinski.pl\/wp-content\/uploads\/2016\/12\/DSC0092-001-1-768x576.jpg 768w, https:\/\/marekkuchcinski.pl\/wp-content\/uploads\/2016\/12\/DSC0092-001-1-1024x767.jpg 1024w\" sizes=\"(max-width: 1872px) 100vw, 1872px\" \/><\/a>Balr\u00f3l: Dariusz Iwaneczko, a rzesz\u00f3wi IPN igazgat\u00f3ja, a przemysli f\u00f6ldm\u00fazeum igazgat\u00f3ja.<br \/>\nJan Jarosz \u00e9s Marek Kuchci\u0144ski, a szejm marsallja <a href=\"https:\/\/marekkuchcinski.pl\/wp-content\/uploads\/2016\/12\/DSC0017.jpg\"><img loading=\"lazy\" decoding=\"async\" class=\"alignnone wp-image-4949 size-full\" src=\"https:\/\/marekkuchcinski.pl\/wp-content\/uploads\/2016\/12\/DSC0017.jpg\" alt=\"_dsc0017\" width=\"3207\" height=\"2142\" srcset=\"https:\/\/marekkuchcinski.pl\/wp-content\/uploads\/2016\/12\/DSC0017.jpg 2048w, https:\/\/marekkuchcinski.pl\/wp-content\/uploads\/2016\/12\/DSC0017-300x200.jpg 300w, https:\/\/marekkuchcinski.pl\/wp-content\/uploads\/2016\/12\/DSC0017-768x513.jpg 768w, https:\/\/marekkuchcinski.pl\/wp-content\/uploads\/2016\/12\/DSC0017-1024x684.jpg 1024w\" sizes=\"(max-width: 3207px) 100vw, 3207px\" \/><\/a> <a href=\"https:\/\/marekkuchcinski.pl\/wp-content\/uploads\/2016\/12\/DSC0027.jpg\"><img loading=\"lazy\" decoding=\"async\" class=\"alignnone size-full wp-image-4950\" src=\"https:\/\/marekkuchcinski.pl\/wp-content\/uploads\/2016\/12\/DSC0027.jpg\" alt=\"_dsc0027\" width=\"1950\" height=\"1306\" srcset=\"https:\/\/marekkuchcinski.pl\/wp-content\/uploads\/2016\/12\/DSC0027.jpg 1950w, https:\/\/marekkuchcinski.pl\/wp-content\/uploads\/2016\/12\/DSC0027-300x201.jpg 300w, https:\/\/marekkuchcinski.pl\/wp-content\/uploads\/2016\/12\/DSC0027-768x514.jpg 768w, https:\/\/marekkuchcinski.pl\/wp-content\/uploads\/2016\/12\/DSC0027-1024x686.jpg 1024w\" sizes=\"(max-width: 1950px) 100vw, 1950px\" \/><\/a><\/p>\n<p>&nbsp;<\/p>\n<p>&nbsp;<\/p>","protected":false},"excerpt":{"rendered":"<p>W\u00a0czwart\u0105\u00a0rocznic\u0119 \u015bmierci ks. abp. Ignacego Tokarczuka odby\u0142a si\u0119 sesja naukowa po\u015bwi\u0119cona wielkiemu pasterzowi. Konferencj\u0119\u00a0przygotowa\u0142\u00a0Instytut Pami\u0119ci Narodowej Oddzia\u0142 w Rzeszowie,\u00a0Muzeum Narodowe Ziemi Przemyskiej w Przemy\u015blu,\u00a0Wydzia\u0142 Historii i Dziedzictwa Kulturowego\u00a0Uniwersytetu Papieskiego Jana Paw\u0142a II w Krakowie oraz\u00a0Parafi\u0119 Archikatedralna pw. \u015aw. Jana Chrzciciela i Wniebowzi\u0119cia NMP w Przemy\u015blu. Prelegentami byli: dr Jan Musia\u0142 \u2013\u00a0Bezdebitowe wydawnictwa diecezji przemyskiej w [&hellip;]<\/p>\n","protected":false},"author":6,"featured_media":4937,"comment_status":"open","ping_status":"open","sticky":false,"template":"","format":"standard","meta":{"ngg_post_thumbnail":0,"footnotes":""},"categories":[49,77,3],"tags":[],"class_list":["post-4933","post","type-post","status-publish","format-standard","has-post-thumbnail","hentry","category-podkarpacie","category-wazne-daty","category-wydarzenia"],"_links":{"self":[{"href":"https:\/\/marekkuchcinski.pl\/hu\/wp-json\/wp\/v2\/posts\/4933","targetHints":{"allow":["GET"]}}],"collection":[{"href":"https:\/\/marekkuchcinski.pl\/hu\/wp-json\/wp\/v2\/posts"}],"about":[{"href":"https:\/\/marekkuchcinski.pl\/hu\/wp-json\/wp\/v2\/types\/post"}],"author":[{"embeddable":true,"href":"https:\/\/marekkuchcinski.pl\/hu\/wp-json\/wp\/v2\/users\/6"}],"replies":[{"embeddable":true,"href":"https:\/\/marekkuchcinski.pl\/hu\/wp-json\/wp\/v2\/comments?post=4933"}],"version-history":[{"count":15,"href":"https:\/\/marekkuchcinski.pl\/hu\/wp-json\/wp\/v2\/posts\/4933\/revisions"}],"predecessor-version":[{"id":4956,"href":"https:\/\/marekkuchcinski.pl\/hu\/wp-json\/wp\/v2\/posts\/4933\/revisions\/4956"}],"wp:featuredmedia":[{"embeddable":true,"href":"https:\/\/marekkuchcinski.pl\/hu\/wp-json\/wp\/v2\/media\/4937"}],"wp:attachment":[{"href":"https:\/\/marekkuchcinski.pl\/hu\/wp-json\/wp\/v2\/media?parent=4933"}],"wp:term":[{"taxonomy":"category","embeddable":true,"href":"https:\/\/marekkuchcinski.pl\/hu\/wp-json\/wp\/v2\/categories?post=4933"},{"taxonomy":"post_tag","embeddable":true,"href":"https:\/\/marekkuchcinski.pl\/hu\/wp-json\/wp\/v2\/tags?post=4933"}],"curies":[{"name":"wp","href":"https:\/\/api.w.org\/{rel}","templated":true}]}}