{"id":4914,"date":"2016-12-21T13:46:32","date_gmt":"2016-12-21T12:46:32","guid":{"rendered":"https:\/\/marekkuchcinski.pl\/?p=4914"},"modified":"2016-12-23T08:06:08","modified_gmt":"2016-12-23T07:06:08","slug":"oswiadczenie-wladz-pis-dotyczace-33-posiedzenia-sejmu-rp-obecnej-sytuacji-kraju","status":"publish","type":"post","link":"https:\/\/marekkuchcinski.pl\/hu\/wydarzenia\/oswiadczenie-wladz-pis-dotyczace-33-posiedzenia-sejmu-rp-obecnej-sytuacji-kraju\/","title":{"rendered":"A Szejm eln\u00f6k\u00e9nek nyilatkozata a lengyel Szejm 33. \u00fcl\u00e9s\u00e9r\u0151l \u00e9s az orsz\u00e1g jelenlegi helyzet\u00e9r\u0151l"},"content":{"rendered":"<p><strong>Marek Kuchci\u0144ski, a szejm eln\u00f6ke, Ryszard Terlecki, a szejm aleln\u00f6ke, Stanis\u0142aw Karczewski, a szen\u00e1tus eln\u00f6ke, Beata Szyd\u0142o minisztereln\u00f6k \u00e9s Jaros\u0142aw Kaczy\u0144ski, a PiS eln\u00f6ke ismertette \u00e1ll\u00e1spontj\u00e1t az orsz\u00e1g jelenlegi helyzet\u00e9r\u0151l.<\/strong><\/p>\n<p>Kuchci\u0144ski marsall eml\u00e9keztetett a Szejm 33. \u00fcl\u00e9s\u00e9n kialakult ellentmond\u00e1sos helyzetre, amikor Micha\u0142 Szczerba PO-k\u00e9pvisel\u0151t kiz\u00e1rta az \u00fcl\u00e9sr\u0151l, \u00e9s mivel az ellenz\u00e9k blokkolta a Szejm pulpitus\u00e1t, az \u00fcl\u00e9st az oszlopcsarnokba helyezte \u00e1t. - Ez a d\u00f6nt\u00e9s az alkotm\u00e1nyos <strong>a Szejm eln\u00f6k\u00e9nek a Szejm \u00fcl\u00e9seinek vezet\u00e9s\u00e9vel kapcsolatos hat\u00e1sk\u00f6reir\u0151l \u00e9s a k\u00e9pvisel\u0151k feladatair\u00f3l az \u00fcl\u00e9sek alatt - - <\/strong>mutatott r\u00e1.<strong> - <\/strong>A plen\u00e1ris \u00fcl\u00e9sen folytatott vita \u00e9s a szavaz\u00e1sra bocs\u00e1tott k\u00e9rd\u00e9sek nem v\u00e1laszthat\u00f3k el a t\u00e1rgyalt \u00fcgy l\u00e9nyeg\u00e9t\u0151l. \u00a0<strong>E d\u00f6nt\u00e9sem meghozatal\u00e1val a Szejm elj\u00e1r\u00e1s\u00e1nak vezet\u00e9s\u00e9re vonatkoz\u00f3 alkotm\u00e1nyos k\u00f6telezetts\u00e9gemet gyakoroltam, amely t\u00f6bbek k\u00f6z\u00f6tt a helysz\u00edn kijel\u00f6l\u00e9s\u00e9t is mag\u00e1ban foglalta.<\/strong><strong>\u00a0Minden k\u00e9pvisel\u0151 a f\u0151bej\u00e1raton kereszt\u00fcl l\u00e9phetett be az \u00fcl\u00e9sterembe, \u00e9s minden szavaz\u00e1son r\u00e9szt vehetett, \u00e9s a szavaz\u00e1sok a Szejm elj\u00e1r\u00e1si szab\u00e1lyzata 188. cikk\u00e9nek (3) bekezd\u00e9se szerint zajlottak.<\/strong><strong>\u00a0- <\/strong>mondta a Szejm eln\u00f6ke.<\/p>\n<p><iframe title=\"Marek Kuchci\u0144ski - A Szejm eln\u00f6k\u00e9nek nyilatkozata\" width=\"800\" height=\"450\" src=\"https:\/\/www.youtube.com\/embed\/_NOM6e0844s?feature=oembed\" frameborder=\"0\" allow=\"accelerometer; autoplay; clipboard-write; encrypted-media; gyroscope; picture-in-picture\" allowfullscreen><\/iframe><\/p>\n<p>&nbsp;<\/p>\n<p>A Jog \u00e9s Igazs\u00e1goss\u00e1g (PiS) p\u00e1rt eln\u00f6ke r\u00e9szv\u00e9t\u00e9t fejezte ki a berlini terrort\u00e1mad\u00e1s sor\u00e1n meggyilkolt lengyel hozz\u00e1tartoz\u00f3inak, majd biztos\u00edtotta \u0151ket az orsz\u00e1g biztons\u00e1g\u00e1r\u00f3l. - Az el\u0151z\u0151 ciklusban hozott d\u00f6nt\u00e9seink \u00e9s er\u0151fesz\u00edt\u00e9seink hozz\u00e1j\u00e1rultak ahhoz, hogy a terrorizmus vesz\u00e9lye Lengyelorsz\u00e1gban csek\u00e9ly - mondta.<\/p>\n<p>A k\u00f6zelm\u00falt parlamenti esem\u00e9nyeire utalva hangs\u00falyozta, hogy szeretn\u00e9, ha a kar\u00e1csony el\u0151tti id\u0151szak pozit\u00edv perspekt\u00edv\u00e1t hozna. - K\u00e9szek vagyunk az ellenz\u00e9kkel egyet\u00e9rt\u00e9sben l\u00e9p\u00e9seket tenni annak \u00e9rdek\u00e9ben, hogy a m\u00e9dia munk\u00e1ja k\u00f6zel\u00edtsen sz\u00e1mos eur\u00f3pai orsz\u00e1g\u00e9hoz - \u00e9rvelt. Jaros\u0142aw Kaczy\u0144ski egy olyan javaslatot terjesztett el\u0151, amely az Egyes\u00fclt Kir\u00e1lys\u00e1gban m\u0171k\u00f6d\u0151 parlament munk\u00e1j\u00e1t k\u00f6veti, ahol minden \u00f6t\u00f6dik napirendet az ellenz\u00e9k hat\u00e1rozza meg. Felsz\u00f3l\u00edtotta az ellenz\u00e9ki p\u00e1rtokat, hogy tarts\u00e1k tiszteletben a t\u00f6rv\u00e9nyt \u00e9s k\u00f6ssenek kompromisszumot. - V\u00e9get akarunk vetni a jelenlegi gyakorlatnak, szeretn\u00e9nk el\u00e9rni az ellenz\u00e9ket, \u00e9s pozit\u00edv jelz\u00e9st k\u00fcldeni nekik\" - mondta.<\/p>\n<p>Beata Szyd\u0142o minisztereln\u00f6k szerint Lengyelorsz\u00e1gnak p\u00e1rbesz\u00e9dre \u00e9s nyugalomra van sz\u00fcks\u00e9ge. Bemutatta az egyre jobb gazdas\u00e1gi mutat\u00f3kat, \u00e9s eml\u00e9keztetett a lengyelek sz\u00e1m\u00e1ra fontos programokra, p\u00e9ld\u00e1ul az 500 pluszra, a lengyel v\u00e1llalkoz\u00f3kat t\u00e1mogat\u00f3 t\u00f6rv\u00e9nyekre vagy Morawiecki miniszterhelyettes gazdas\u00e1gra \u00f6sszpontos\u00edt\u00f3 terv\u00e9re.<\/p>\n<p>Stanislaw Karczewski, a szen\u00e1tus eln\u00f6ke elmondta, hogy a szen\u00e1tus csendben \u00e9s nyugodtan fogadta el a legut\u00f3bbi t\u00f6rv\u00e9nyjavaslatokat. - A PO szen\u00e1torai meg\u00e9rtett\u00e9k, hogy az obstrukci\u00f3 felesleges \u00e9s \u00f6sszeegyeztethetetlen a szab\u00e1lyokkal\" - mondta. Azt is elismerte, hogy nem \u00e1ll sz\u00e1nd\u00e9k\u00e1ban korl\u00e1tozni az \u00fajs\u00e1g\u00edr\u00f3k hozz\u00e1f\u00e9r\u00e9s\u00e9t a parlamenti munk\u00e1hoz.<\/p>\n<p>Ryszard Terlecki, a szejm aleln\u00f6ke viszont biztos\u00edtotta, hogy a Jog \u00e9s Igazs\u00e1goss\u00e1g Klub nyitott a t\u00e1rgyal\u00e1sokra azokkal az ellenz\u00e9ki k\u00e9pvisel\u0151kkel \u00e9s szen\u00e1torokkal, akik nem a vereked\u00e9sekben akarnak r\u00e9szt venni, hanem Lengyelorsz\u00e1g \u00e9s a lengyel n\u00e9p \u00e9rdek\u00e9ben dolgoznak.<\/p>\n<p><em><strong>A Szejm eln\u00f6k\u00e9nek nyilatkozata a Szejm 2016. 12. 16-i 33. \u00fcl\u00e9s\u00e9nek lefoly\u00e1s\u00e1r\u00f3l.<\/strong><\/em><\/p>\n<p><em>2016. december 16-\u00e1n az ellenz\u00e9ki klubok tagjai \u00e1ltal a Szejm emelv\u00e9ny\u00e9nek blokkol\u00e1sa \u00e9s az elj\u00e1r\u00e1s akad\u00e1lyoz\u00e1sa miatt \u00fagy d\u00f6nt\u00f6ttem, hogy az \u00fcl\u00e9st a Lengyel K\u00f6zt\u00e1rsas\u00e1g Szejmj\u00e9nek oszlopcsarnok\u00e1ban folytatom.\u00a0<\/em><\/p>\n<p><em>Ez a hat\u00e1rozat az alkotm\u00e1nyos <strong>a szejm eln\u00f6k\u00e9nek a szejm \u00fcl\u00e9seinek vezet\u00e9s\u00e9vel kapcsolatos hat\u00e1sk\u00f6reir\u0151l \u00e9s a k\u00e9pvisel\u0151knek az \u00fcl\u00e9sek sor\u00e1n fenn\u00e1ll\u00f3 k\u00f6telezetts\u00e9geir\u0151l.<\/strong><\/em><\/p>\n<p><em><strong>\u00a0<\/strong><\/em><em><strong>K\u00e9rd\u00e9seket tettek fel a Szejm eme \u00fcl\u00e9se kapcs\u00e1n az \u00fcl\u00e9steremben.<\/strong><\/em><\/p>\n<p><em><strong>\u00a0<\/strong><\/em><em><strong>\u00a0\u00a0\u00a0\u00a0\u00a0\u00a0\u00a0\u00a0 A v\u00e1laszom a k\u00f6vetkez\u0151:<\/strong><\/em><\/p>\n<p><em>\u00a0\u00a0\u00a0\u00a0\u00a0 A Szejm eln\u00f6k\u00e9nek az Alkotm\u00e1nyb\u00f3l \u00e9s a Szejm szab\u00e1lyzat\u00e1b\u00f3l ered\u0151 k\u00f6teless\u00e9ge, hogy \u00fagy vezesse a Szejm \u00fcl\u00e9s\u00e9t, hogy az ne t\u00e9rjen el a t\u00e1rgyt\u00f3l. Akkor az \u00fcl\u00e9s t\u00e9m\u00e1ja a 2017-es \u00e1llami k\u00f6lts\u00e9gvet\u00e9s tervezete volt.<\/em><\/p>\n<p><em>\u00a0\u00a0\u00a0\u00a0\u00a0\u00a0\u00a0\u00a0 A plen\u00e1ris \u00fcl\u00e9sen folytatott vita \u00e9s a szavaz\u00e1sok sor\u00e1n feltett k\u00e9rd\u00e9sek nem v\u00e1laszthat\u00f3k el a t\u00e1rgyalt \u00fcgy l\u00e9nyeg\u00e9t\u0151l. A k\u00e9pvisel\u0151k egy csoportja pontosan \u00edgy viselkedett. Besz\u00e9deik nem a k\u00f6lts\u00e9gvet\u00e9si t\u00f6rv\u00e9nyr\u0151l, hanem m\u00e1s k\u00e9rd\u00e9sekr\u0151l sz\u00f3ltak. Megszegt\u00e9k a Szejm elj\u00e1r\u00e1si szab\u00e1lyzata szerinti k\u00f6telezetts\u00e9geiket. Akci\u00f3ik t\u00fcntet\u00e9sek \u00e9s az \u00fcl\u00e9sterem elfoglal\u00e1sa form\u00e1j\u00e1ban zajlottak, ami lehetetlenn\u00e9 tette a szavaz\u00e1s megtart\u00e1s\u00e1t.<\/em><\/p>\n<p><em>\u00a0 \u00a0 \u00a0Ez\u00e9rt az \u00fcl\u00e9steremben az \u00fcnnep\u00e9lyess\u00e9g \u00e9s a rend meg\u0151rz\u00e9se \u00e9rdek\u00e9ben l\u00e9p\u00e9seket kellett tennem annak \u00e9rdek\u00e9ben, hogy az elj\u00e1r\u00e1s folytat\u00f3dhasson. Megk\u00e9rtem az \u00f6sszes parlamenti klub eln\u00f6k\u00e9t, hogy tegy\u00e9k lehet\u0151v\u00e9 a plen\u00e1ris \u00fcl\u00e9steremben t\u00f6rt\u00e9n\u0151 t\u00e1rgyal\u00e1st. Nem j\u00e1rtam sikerrel. Ez\u00e9rt k\u00e9t megold\u00e1som volt: 1\/ hogy ig\u00e9nybe vegyem a h\u00e1zeln\u00f6ki g\u00e1rda seg\u00edts\u00e9g\u00e9t, de ezt nem tartottam tan\u00e1csosnak. 2\/ \u00dagy d\u00f6nt\u00f6ttem, hogy az \u00fcl\u00e9st egy m\u00e1sik \u00fcl\u00e9sterembe helyezem \u00e1t az elj\u00e1r\u00e1s folytat\u00e1sa \u00e9s a Szejm \u00fcnnep\u00e9lyess\u00e9g\u00e9nek meg\u0151rz\u00e9se \u00e9rdek\u00e9ben. A m\u00faltban m\u00e1r tartottak \u00fcl\u00e9seket az \u00fcl\u00e9steremben.<\/em><\/p>\n<p><em>\u00a0\u00a0\u00a0\u00a0\u00a0 <strong>E d\u00f6nt\u00e9sem meghozatal\u00e1val a Szejm elj\u00e1r\u00e1s\u00e1nak vezet\u00e9s\u00e9re vonatkoz\u00f3 alkotm\u00e1nyos k\u00f6telezetts\u00e9gemet gyakoroltam, amely mag\u00e1ban foglalta az elj\u00e1r\u00e1s helysz\u00edn\u00e9nek kijel\u00f6l\u00e9s\u00e9t is.<\/strong><\/em><\/p>\n<p><em>\u00a0\u00a0\u00a0\u00a0\u00a0 A szejm a t\u00f6rv\u00e9nyeket a t\u00f6rv\u00e9nyes l\u00e9tsz\u00e1m legal\u00e1bb fel\u00e9nek jelenl\u00e9t\u00e9ben, egyszer\u0171 szavazatt\u00f6bbs\u00e9ggel fogadja el.<\/em><\/p>\n<p><em>\u00a0\u00a0\u00a0\u00a0\u00a0 Az Alkotm\u00e1ny \u00e1ltal el\u0151\u00edrt sz\u00e1m\u00fa k\u00e9pvisel\u0151, azaz t\u00f6bb mint 230 k\u00e9pvisel\u0151 vett r\u00e9szt a Szejm oszlopcsarnok\u00e1ban 2016. december 16-\u00e1n tartott \u00f6sszes szavaz\u00e1son.<\/em><\/p>\n<p><em>\u00a0\u00a0\u00a0\u00a0\u00a0 A szejm \u00fcl\u00e9s\u00e9n aznap jelen l\u00e9v\u0151 valamennyi k\u00e9pvisel\u0151t sms-ben \u00e9s a szejm plen\u00e1ris \u00fcl\u00e9sterm\u00e9ben elhelyezett k\u00e9perny\u0151k\u00f6n megjelen\u0151 \u00fczenetben t\u00e1j\u00e9koztatt\u00e1k az \u00fcl\u00e9s folytat\u00e1s\u00e1r\u00f3l az oszlopcsarnokban.<\/em><\/p>\n<p><em>\u00a0\u00a0\u00a0\u00a0\u00a0 Minden k\u00e9pvisel\u0151 bel\u00e9phetett az \u00fcl\u00e9sterem f\u0151bej\u00e1rat\u00e1n kereszt\u00fcl, \u00e9s r\u00e9szt vehetett minden szavaz\u00e1son.<\/em><\/p>\n<p><em>\u00a0\u00a0\u00a0\u00a0\u00a0 A szejm \u00fcl\u00e9s\u00e9n az \u00fajs\u00e1g\u00edr\u00f3k az oszlopcsarnok f\u0151bej\u00e1rat\u00e1n\u00e1l \u00e1llva figyelhett\u00e9k \u00e9s r\u00f6gz\u00edthett\u00e9k az \u00fcl\u00e9st.<\/em><\/p>\n<p><em>\u00a0\u00a0\u00a0\u00a0\u00a0 A parlamenti kamer\u00e1k \u00e9s a webes k\u00f6zvet\u00edt\u00e9s biztos\u00edtott volt. Nem s\u00e9r\u00fclt az elj\u00e1r\u00e1s nyilv\u00e1noss\u00e1ga, mivel az elj\u00e1r\u00e1s minden r\u00e9sz\u00e9t k\u00f6zvet\u00edtett\u00e9k, \u00e9s az \u00fajra lej\u00e1tszhat\u00f3.<\/em><\/p>\n<p><em>Ami az oszlopcsarnokban zajl\u00f3 szavaz\u00e1sokat illeti, tekintettel az ottani technikai \u00e9s szervez\u00e9si k\u00f6r\u00fclm\u00e9nyekre, \u00fagy d\u00f6nt\u00f6ttem, hogy a szavaz\u00e1sokat k\u00e9zfeltart\u00e1ssal \u00e9s a k\u00e9pvisel\u0151k titk\u00e1rai \u00e1ltal v\u00e9gzett sz\u00e1ml\u00e1l\u00e1ssal rendelem el. Ebb\u0151l a c\u00e9lb\u00f3l az oszlopcsarnokot szektorokra osztott\u00e1k, kijel\u00f6lt titk\u00e1rokkal. A szavaz\u00e1s eredm\u00e9ny\u00e9t a beny\u00fajtott jegyz\u0151k\u00f6nyvek alapj\u00e1n hirdettem ki.<\/em><\/p>\n<p><em>Ez\u00e9rt azt a k\u00f6vetkeztet\u00e9st kell levonni, hogy <strong>a szavaz\u00e1st a Szejm elj\u00e1r\u00e1si szab\u00e1lyzata 188. cikk\u00e9nek (3) bekezd\u00e9se szerint hajtott\u00e1k v\u00e9gre<\/strong><\/em><\/p>\n<p><em>A Szejm 33. \u00fcl\u00e9se v\u00e9get \u00e9rt, \u00e9s a k\u00f6lts\u00e9gvet\u00e9si t\u00f6rv\u00e9nyt elfogadt\u00e1k.<\/em><\/p>\n<p><em>Arra a k\u00f6vetkeztet\u00e9sre jutottam, hogy <strong>folytat\u00f3dott 2016. december 16-\u00e1n. A Szejm oszlopcsarnokban tartott 33. \u00fcl\u00e9se teljes m\u00e9rt\u00e9kben \u00f6sszhangban volt a Lengyel K\u00f6zt\u00e1rsas\u00e1g Alkotm\u00e1ny\u00e1val \u00e9s a Szejm elj\u00e1r\u00e1si szab\u00e1lyzat\u00e1val.<\/strong><\/em><\/p>\n<p><a href=\"https:\/\/marekkuchcinski.pl\/wp-content\/uploads\/2016\/12\/KU096907-1.jpg\"><img fetchpriority=\"high\" decoding=\"async\" class=\"alignnone size-full wp-image-4917\" src=\"https:\/\/marekkuchcinski.pl\/wp-content\/uploads\/2016\/12\/KU096907-1.jpg\" alt=\"ku096907\" width=\"1800\" height=\"1200\" srcset=\"https:\/\/marekkuchcinski.pl\/wp-content\/uploads\/2016\/12\/KU096907-1.jpg 1800w, https:\/\/marekkuchcinski.pl\/wp-content\/uploads\/2016\/12\/KU096907-1-300x200.jpg 300w, https:\/\/marekkuchcinski.pl\/wp-content\/uploads\/2016\/12\/KU096907-1-768x512.jpg 768w, https:\/\/marekkuchcinski.pl\/wp-content\/uploads\/2016\/12\/KU096907-1-1024x683.jpg 1024w\" sizes=\"(max-width: 1800px) 100vw, 1800px\" \/><\/a> <a href=\"https:\/\/marekkuchcinski.pl\/wp-content\/uploads\/2016\/12\/KU097047.jpg\"><img decoding=\"async\" class=\"alignnone size-full wp-image-4918\" src=\"https:\/\/marekkuchcinski.pl\/wp-content\/uploads\/2016\/12\/KU097047.jpg\" alt=\"ku097047\" width=\"1800\" height=\"1200\" srcset=\"https:\/\/marekkuchcinski.pl\/wp-content\/uploads\/2016\/12\/KU097047.jpg 1800w, https:\/\/marekkuchcinski.pl\/wp-content\/uploads\/2016\/12\/KU097047-300x200.jpg 300w, https:\/\/marekkuchcinski.pl\/wp-content\/uploads\/2016\/12\/KU097047-768x512.jpg 768w, https:\/\/marekkuchcinski.pl\/wp-content\/uploads\/2016\/12\/KU097047-1024x683.jpg 1024w\" sizes=\"(max-width: 1800px) 100vw, 1800px\" \/><\/a><\/p>","protected":false},"excerpt":{"rendered":"<p>Marsza\u0142ek Sejmu Marek Kuchci\u0144ski, wicemarsza\u0142ek Sejmu Ryszard Terlecki, marsza\u0142ek Senatu Stanis\u0142aw Karczewski, premier Beata Szyd\u0142o oraz Prezes PiS Jaros\u0142aw Kaczy\u0144ski przedstawili swoje stanowisko wobec obecnej sytuacji w kraju. Marsza\u0142ek \u00a0Kuchci\u0144ski przypomnia\u0142 kontrowersyjn\u0105 sytuacj\u0119 z 33. posiedzenia Sejmu, kiedy wykluczy\u0142 z obrad pos\u0142a PO Micha\u0142a Szczerb\u0119 i na skutek zablokowania m\u00f3wnicy sejmowej przez opozycj\u0119 przeni\u00f3s\u0142 obrady [&hellip;]<\/p>\n","protected":false},"author":6,"featured_media":4915,"comment_status":"open","ping_status":"open","sticky":false,"template":"","format":"standard","meta":{"ngg_post_thumbnail":0,"footnotes":""},"categories":[82,81,3],"tags":[],"class_list":["post-4914","post","type-post","status-publish","format-standard","has-post-thumbnail","hentry","category-prawo-i-sprawiedliwosc","category-wiesci-z-sejmu","category-wydarzenia"],"_links":{"self":[{"href":"https:\/\/marekkuchcinski.pl\/hu\/wp-json\/wp\/v2\/posts\/4914","targetHints":{"allow":["GET"]}}],"collection":[{"href":"https:\/\/marekkuchcinski.pl\/hu\/wp-json\/wp\/v2\/posts"}],"about":[{"href":"https:\/\/marekkuchcinski.pl\/hu\/wp-json\/wp\/v2\/types\/post"}],"author":[{"embeddable":true,"href":"https:\/\/marekkuchcinski.pl\/hu\/wp-json\/wp\/v2\/users\/6"}],"replies":[{"embeddable":true,"href":"https:\/\/marekkuchcinski.pl\/hu\/wp-json\/wp\/v2\/comments?post=4914"}],"version-history":[{"count":6,"href":"https:\/\/marekkuchcinski.pl\/hu\/wp-json\/wp\/v2\/posts\/4914\/revisions"}],"predecessor-version":[{"id":4932,"href":"https:\/\/marekkuchcinski.pl\/hu\/wp-json\/wp\/v2\/posts\/4914\/revisions\/4932"}],"wp:featuredmedia":[{"embeddable":true,"href":"https:\/\/marekkuchcinski.pl\/hu\/wp-json\/wp\/v2\/media\/4915"}],"wp:attachment":[{"href":"https:\/\/marekkuchcinski.pl\/hu\/wp-json\/wp\/v2\/media?parent=4914"}],"wp:term":[{"taxonomy":"category","embeddable":true,"href":"https:\/\/marekkuchcinski.pl\/hu\/wp-json\/wp\/v2\/categories?post=4914"},{"taxonomy":"post_tag","embeddable":true,"href":"https:\/\/marekkuchcinski.pl\/hu\/wp-json\/wp\/v2\/tags?post=4914"}],"curies":[{"name":"wp","href":"https:\/\/api.w.org\/{rel}","templated":true}]}}