{"id":4900,"date":"2016-12-18T13:34:47","date_gmt":"2016-12-18T12:34:47","guid":{"rendered":"https:\/\/marekkuchcinski.pl\/?p=4900"},"modified":"2016-12-20T13:38:33","modified_gmt":"2016-12-20T12:38:33","slug":"33-posiedzenie-sejmu-rp","status":"publish","type":"post","link":"https:\/\/marekkuchcinski.pl\/hu\/wiesci-z-sejmu\/33-posiedzenie-sejmu-rp\/","title":{"rendered":"A lengyel szejm 33. \u00fcl\u00e9se"},"content":{"rendered":"<p>A lengyel szejm 33. \u00fcl\u00e9sszak\u00e1n elfogadta a k\u00f6vetkez\u0151ket<strong> 2017-es k\u00f6lts\u00e9gvet\u00e9s<\/strong>amelyben a bev\u00e9teleket 325,4 milli\u00e1rd PLN-re, a kiad\u00e1sokat pedig legfeljebb 384,8 milli\u00e1rd PLN-re becs\u00fclik. Ez azt jelenti, hogy a k\u00f6lts\u00e9gvet\u00e9si hi\u00e1ny nem haladja meg az 59,3 milli\u00e1rd PLN-t. Az eur\u00f3pai alapok k\u00f6lts\u00e9gvet\u00e9s\u00e9nek bev\u00e9telei 60,2 milli\u00e1rd PLN-t, kiad\u00e1sai pedig 69,8 milli\u00e1rd PLN-t tesznek ki. A negat\u00edv eredm\u00e9ny 9,6 milli\u00e1rd zloty lesz. Makrogazdas\u00e1gi alapadatok: a gazdas\u00e1gi n\u00f6veked\u00e9s 3,6%-os lesz, az \u00e1tlagos \u00e9ves infl\u00e1ci\u00f3 1,3%, a nomin\u00e1lis b\u00e9rn\u00f6veked\u00e9s 5,0%, a foglalkoztat\u00e1s 0,7%-kal, a mag\u00e1nfogyaszt\u00e1s (azaz a h\u00e1ztart\u00e1sok \u00e9s a nem kereskedelmi int\u00e9zm\u00e9nyek szektor\u00e1ban) 5,5%-kal n\u0151. Az \u00e1llamh\u00e1ztart\u00e1si hi\u00e1nyt a GDP mintegy 2,9%-\u00e1ra tervezik.<\/p>\n<p>A Szejm elfogadta <strong>a Rend\u0151rs\u00e9g, a Belbiztons\u00e1gi Hivatal, a K\u00fclf\u00f6ldi H\u00edrszerz\u0151 \u00dcgyn\u00f6ks\u00e9g, a Katonai Elh\u00e1r\u00edt\u00f3 Szolg\u00e1lat, a Katonai H\u00edrszerz\u0151 Szolg\u00e1lat, a K\u00f6zponti Korrupci\u00f3ellenes Hivatal, a Hat\u00e1r\u0151rs\u00e9g, a Korm\u00e1nyv\u00e9delmi Hivatal, az \u00c1llami T\u0171zolt\u00f3s\u00e1g \u00e9s a B\u00fcntet\u00e9s-v\u00e9grehajt\u00e1si Szolg\u00e1lat tisztvisel\u0151inek \u00e9s csal\u00e1dtagjaiknak j\u00e1r\u00f3 nyugell\u00e1t\u00e1sokr\u00f3l sz\u00f3l\u00f3 t\u00f6rv\u00e9ny, azaz <\/strong>Az \u00fagynevezett b\u00fcrokr\u00e1ciamentes\u00edt\u00e9si t\u00f6rv\u00e9ny, amely az 1944-1990 k\u00f6z\u00f6tt t\u00f6bbek k\u00f6z\u00f6tt a Biztons\u00e1gi Szolg\u00e1latn\u00e1l szolg\u00e1lt tisztek nyugd\u00edj\u00e1nak \u00e9s rokkants\u00e1gi ell\u00e1t\u00e1s\u00e1nak cs\u00f6kkent\u00e9s\u00e9t \u00edrja el\u0151.<\/p>\n<p><strong>A k\u00e9pvisel\u0151k a \"100 v\u00e1ltoz\u00e1s a v\u00e1llalkoz\u00e1sok sz\u00e1m\u00e1ra\" csomag r\u00e9szek\u00e9nt meg\u00e1llapodtak a v\u00e1llalkoz\u00f3knak sz\u00e1nt k\u00f6nny\u00edt\u00e9seket tartalmaz\u00f3 t\u00f6rv\u00e9ny v\u00e9gleges sz\u00f6veg\u00e9r\u0151l<\/strong>. Az egyes t\u00f6rv\u00e9nyeknek a v\u00e1llalkoz\u00f3k jogi k\u00f6rnyezet\u00e9nek jav\u00edt\u00e1sa \u00e9rdek\u00e9ben t\u00f6rt\u00e9n\u0151 m\u00f3dos\u00edt\u00e1s\u00e1r\u00f3l sz\u00f3l\u00f3 t\u00f6rv\u00e9ny c\u00e9lja a v\u00e1llalkoz\u00e1si tev\u00e9kenys\u00e9gek v\u00e9gz\u00e9s\u00e9nek jogi felt\u00e9teleinek egyszer\u0171s\u00edt\u00e9se \u00e9s jav\u00edt\u00e1sa, valamint a gazdas\u00e1g versenyk\u00e9pess\u00e9g\u00e9nek n\u00f6vel\u00e9se.<\/p>\n<p>A Szejm megvizsg\u00e1lta a szen\u00e1tus \u00e1ll\u00e1spontj\u00e1t <strong>a vet\u0151magtermeszt\u00e9si \u00e9s n\u00f6v\u00e9nyv\u00e9delmi t\u00f6rv\u00e9nyeknek a lengyel jogszab\u00e1lyoknak a vet\u0151magtermeszt\u00e9ssel \u00e9s a gy\u00fcm\u00f6lcsterm\u0151 n\u00f6v\u00e9nyekkel kapcsolatos uni\u00f3s ir\u00e1nyelvekhez val\u00f3 hozz\u00e1igaz\u00edt\u00e1s\u00e1r\u00f3l sz\u00f3l\u00f3 m\u00f3dos\u00edt\u00e1s\u00e1r\u00f3l<\/strong>. A t\u00f6rv\u00e9ny lehet\u0151v\u00e9 teszi az olyan fajok fajt\u00e1inak a nemzeti nyilv\u00e1ntart\u00e1sba val\u00f3 felv\u00e9tel\u00e9t is, amelyek nem tartoznak az uni\u00f3s jogszab\u00e1lyok hat\u00e1lya al\u00e1, de Lengyelorsz\u00e1gban hagyom\u00e1nyosan termesztik \u0151ket, \u00e9s ez\u00e9rt gazdas\u00e1gi szempontb\u00f3l vagy a n\u00f6v\u00e9nyi biodiverzit\u00e1s meg\u0151rz\u00e9s\u00e9nek sz\u00fcks\u00e9gess\u00e9ge miatt fontosak.<\/p>\n<p><strong>A kutat\u00f3int\u00e9zetekr\u0151l sz\u00f3l\u00f3 t\u00f6rv\u00e9ny m\u00f3dos\u00edt\u00e1sa <\/strong>meger\u0151s\u00edti a miniszter fel\u00fcgyelet\u00e9t az int\u00e9zetek felett. Az int\u00e9zetet fel\u00fcgyel\u0151 miniszter hat\u00e1rozatlan id\u0151re nevezi ki \u00e9s menti fel az igazgat\u00f3t \u00e9s az igazgat\u00f3helyettest.<\/p>","protected":false},"excerpt":{"rendered":"<p>Podczas 33. posiedzenia Sejm RP uchwali\u0142 bud\u017cet na rok 2017, w kt\u00f3rym szacowane dochody wynios\u0105 325,4 mld z\u0142, a wydatki nie b\u0119d\u0105 wy\u017csze ni\u017c 384,8 mld z\u0142. Oznacza to, \u017ce deficyt bud\u017cetowy nie przekroczy 59,3 mld z\u0142. Dochody bud\u017cetu \u015brodk\u00f3w europejskich wynios\u0105 60,2 mld z\u0142, a wydatki &#8211; 69,8 mld z\u0142. Ujemny wynik b\u0119dzie na [&hellip;]<\/p>\n","protected":false},"author":6,"featured_media":4901,"comment_status":"open","ping_status":"open","sticky":false,"template":"","format":"standard","meta":{"ngg_post_thumbnail":0,"footnotes":""},"categories":[81],"tags":[],"class_list":["post-4900","post","type-post","status-publish","format-standard","has-post-thumbnail","hentry","category-wiesci-z-sejmu"],"_links":{"self":[{"href":"https:\/\/marekkuchcinski.pl\/hu\/wp-json\/wp\/v2\/posts\/4900","targetHints":{"allow":["GET"]}}],"collection":[{"href":"https:\/\/marekkuchcinski.pl\/hu\/wp-json\/wp\/v2\/posts"}],"about":[{"href":"https:\/\/marekkuchcinski.pl\/hu\/wp-json\/wp\/v2\/types\/post"}],"author":[{"embeddable":true,"href":"https:\/\/marekkuchcinski.pl\/hu\/wp-json\/wp\/v2\/users\/6"}],"replies":[{"embeddable":true,"href":"https:\/\/marekkuchcinski.pl\/hu\/wp-json\/wp\/v2\/comments?post=4900"}],"version-history":[{"count":1,"href":"https:\/\/marekkuchcinski.pl\/hu\/wp-json\/wp\/v2\/posts\/4900\/revisions"}],"predecessor-version":[{"id":4902,"href":"https:\/\/marekkuchcinski.pl\/hu\/wp-json\/wp\/v2\/posts\/4900\/revisions\/4902"}],"wp:featuredmedia":[{"embeddable":true,"href":"https:\/\/marekkuchcinski.pl\/hu\/wp-json\/wp\/v2\/media\/4901"}],"wp:attachment":[{"href":"https:\/\/marekkuchcinski.pl\/hu\/wp-json\/wp\/v2\/media?parent=4900"}],"wp:term":[{"taxonomy":"category","embeddable":true,"href":"https:\/\/marekkuchcinski.pl\/hu\/wp-json\/wp\/v2\/categories?post=4900"},{"taxonomy":"post_tag","embeddable":true,"href":"https:\/\/marekkuchcinski.pl\/hu\/wp-json\/wp\/v2\/tags?post=4900"}],"curies":[{"name":"wp","href":"https:\/\/api.w.org\/{rel}","templated":true}]}}