{"id":4888,"date":"2016-12-16T16:24:50","date_gmt":"2016-12-16T15:24:50","guid":{"rendered":"https:\/\/marekkuchcinski.pl\/?p=4888"},"modified":"2016-12-16T16:31:57","modified_gmt":"2016-12-16T15:31:57","slug":"sejm-podjal-uchwale-ws-pacyfikacji-kopalni-wujek","status":"publish","type":"post","link":"https:\/\/marekkuchcinski.pl\/hu\/wydarzenia\/sejm-podjal-uchwale-ws-pacyfikacji-kopalni-wujek\/","title":{"rendered":"A Szejm hat\u00e1rozatot fogadott el a wujeki b\u00e1nya pacifik\u00e1l\u00e1s\u00e1r\u00f3l."},"content":{"rendered":"<p><b>W<span class=\"m_-6398031786522648878gmail-apple-converted-space\">\u00a0<\/span>Katowice<span class=\"m_-6398031786522648878gmail-apple-converted-space\">\u00a0<\/span>\u00e1gak<span class=\"m_-6398031786522648878gmail-apple-converted-space\">\u00a0<\/span>ZOMO<span class=\"m_-6398031786522648878gmail-apple-converted-space\">\u00a0<\/span>\u00e9s a csapatok<span class=\"m_-6398031786522648878gmail-apple-converted-space\">\u00a0<\/span>a wujeki sz\u00e9nb\u00e1nya pacifik\u00e1l\u00e1sa, amelynek k\u00f6vetkezt\u00e9ben 9 b\u00e1ny\u00e1sz meghalt \u00e9s 21 megs\u00e9r\u00fclt.<\/b>.<\/p>\n<p>A lengyel parlament hat\u00e1rozatot fogadott el, amelyben tiszteleg az esem\u00e9nyek \u00e1ldozatai el\u0151tt.<\/p>\n<div style=\"width: 640px;\" class=\"wp-video\"><video class=\"wp-video-shortcode\" id=\"video-4888-1\" width=\"640\" height=\"480\" preload=\"metadata\" controls=\"controls\"><source type=\"video\/mp4\" src=\"https:\/\/marekkuchcinski.pl\/wp-content\/uploads\/2016\/12\/144110-144435-Segment-2-1.mp4?_=1\" \/><a href=\"https:\/\/marekkuchcinski.pl\/wp-content\/uploads\/2016\/12\/144110-144435-Segment-2-1.mp4\">https:\/\/marekkuchcinski.pl\/wp-content\/uploads\/2016\/12\/144110-144435-Segment-2-1.mp4<\/a><\/video><\/div>","protected":false},"excerpt":{"rendered":"<p>Katowic\u00e9ben a ZOMO (Munk\u00e1sv\u00e9delmi Er\u0151k) \u00e9s a hadsereg egys\u00e9gei b\u00e9k\u00e9t teremtettek a wujeki b\u00e1ny\u00e1ban, kilenc b\u00e1ny\u00e1szt meg\u00f6ltek \u00e9s 21 m\u00e1sikat megsebes\u00edtettek. A lengyel szejm hat\u00e1rozatot fogadott el, amelyben tiszteleg az esem\u00e9nyek \u00e1ldozatai el\u0151tt.<\/p>","protected":false},"author":6,"featured_media":4892,"comment_status":"open","ping_status":"open","sticky":false,"template":"","format":"standard","meta":{"ngg_post_thumbnail":0,"footnotes":""},"categories":[77,81,3],"tags":[],"class_list":["post-4888","post","type-post","status-publish","format-standard","has-post-thumbnail","hentry","category-wazne-daty","category-wiesci-z-sejmu","category-wydarzenia"],"_links":{"self":[{"href":"https:\/\/marekkuchcinski.pl\/hu\/wp-json\/wp\/v2\/posts\/4888","targetHints":{"allow":["GET"]}}],"collection":[{"href":"https:\/\/marekkuchcinski.pl\/hu\/wp-json\/wp\/v2\/posts"}],"about":[{"href":"https:\/\/marekkuchcinski.pl\/hu\/wp-json\/wp\/v2\/types\/post"}],"author":[{"embeddable":true,"href":"https:\/\/marekkuchcinski.pl\/hu\/wp-json\/wp\/v2\/users\/6"}],"replies":[{"embeddable":true,"href":"https:\/\/marekkuchcinski.pl\/hu\/wp-json\/wp\/v2\/comments?post=4888"}],"version-history":[{"count":1,"href":"https:\/\/marekkuchcinski.pl\/hu\/wp-json\/wp\/v2\/posts\/4888\/revisions"}],"predecessor-version":[{"id":4891,"href":"https:\/\/marekkuchcinski.pl\/hu\/wp-json\/wp\/v2\/posts\/4888\/revisions\/4891"}],"wp:featuredmedia":[{"embeddable":true,"href":"https:\/\/marekkuchcinski.pl\/hu\/wp-json\/wp\/v2\/media\/4892"}],"wp:attachment":[{"href":"https:\/\/marekkuchcinski.pl\/hu\/wp-json\/wp\/v2\/media?parent=4888"}],"wp:term":[{"taxonomy":"category","embeddable":true,"href":"https:\/\/marekkuchcinski.pl\/hu\/wp-json\/wp\/v2\/categories?post=4888"},{"taxonomy":"post_tag","embeddable":true,"href":"https:\/\/marekkuchcinski.pl\/hu\/wp-json\/wp\/v2\/tags?post=4888"}],"curies":[{"name":"wp","href":"https:\/\/api.w.org\/{rel}","templated":true}]}}