{"id":4829,"date":"2016-12-15T20:56:28","date_gmt":"2016-12-15T19:56:28","guid":{"rendered":"https:\/\/marekkuchcinski.pl\/?p=4829"},"modified":"2017-01-19T16:32:47","modified_gmt":"2017-01-19T15:32:47","slug":"spotkania-oplatkowe-sejmie","status":"publish","type":"post","link":"https:\/\/marekkuchcinski.pl\/hu\/wydarzenia\/spotkania-oplatkowe-sejmie\/","title":{"rendered":"A Jog \u00e9s Igazs\u00e1goss\u00e1g p\u00e1rt parlamenti k\u00e9pvisel\u0151inek \u00e9s KP-k\u00e9pvisel\u0151inek kar\u00e1csonyi osty\u00e1s tal\u00e1lkoz\u00f3ja a Szejmben"},"content":{"rendered":"<p><strong>A Szejmben megtartott\u00e1k a k\u00e9pvisel\u0151k hagyom\u00e1nyos kar\u00e1csonyi ostyatal\u00e1lkoz\u00f3j\u00e1t. Marek Kuchci\u0144ski marsall a 2016-os \u00e9vet \u00f6sszefoglalva hangs\u00falyozta Lengyelorsz\u00e1g megkeresztelked\u00e9s\u00e9nek 1050. \u00e9vfordul\u00f3ja alkalm\u00e1b\u00f3l rendezett \u00fcnneps\u00e9gek fontoss\u00e1g\u00e1t.<\/strong><\/p>\n<p>- Lengyelorsz\u00e1g megkeresztelked\u00e9se megmutatta nek\u00fcnk a m\u00falt nagys\u00e1g\u00e1t, \u00e9s a kereszt\u00e9ny \u00f6r\u00f6ks\u00e9g mind a mai napig meghat\u00e1rozza az orsz\u00e1g \u00e9s nemzet\u00fcnk sors\u00e1t\" - mondta a h\u00e1zeln\u00f6k. - Az\u00e9rt vagyunk a Szejmben \u00e9s a Szen\u00e1tusban, hogy a nemzetet szolg\u00e1ljuk. Kar\u00e1csony er\u0151s\u00edtse benn\u00fcnk ezt a tudatoss\u00e1got\" - k\u00edv\u00e1nta.<\/p>\n<p>Kazimierz Nycz b\u00edboros, vars\u00f3i metropolita \u00e9rsek megk\u00f6sz\u00f6nte a parlamenti k\u00e9pvisel\u0151knek a Lengyelorsz\u00e1g megkeresztelked\u00e9s\u00e9nek 1050. \u00e9vfordul\u00f3j\u00e1val kapcsolatos t\u00f6rv\u00e9nyhoz\u00f3i munk\u00e1jukat, valamint elk\u00f6telezetts\u00e9g\u00fcket \u00e9s jelenl\u00e9t\u00fcket a Ferenc p\u00e1p\u00e1val val\u00f3 tal\u00e1lkoz\u00e1s sor\u00e1n az ifj\u00fas\u00e1gi vil\u00e1gnapon.<\/p>\n<p>- Szeretn\u00e9k olyan csendet k\u00edv\u00e1nni, amelyben meghallgathatjuk a hozz\u00e1nk legk\u00f6zelebb \u00e1ll\u00f3 embert, akire a nagy ny\u00fczsg\u00e9sben sokszor nincs id\u0151nk...\" - mondta Nycz b\u00edboros.<\/p>\n<p>Az \u00fcl\u00e9sen r\u00e9szt vettek a Szejm \u00e9s a Szen\u00e1tus eln\u00f6ke, parlamenti k\u00e9pvisel\u0151k, szen\u00e1torok \u00e9s a Szejm eln\u00f6ks\u00e9ge. Jelen volt Piotr Burgo\u0144ski atya, a parlamenti k\u00e9pvisel\u0151k lelk\u00e9sze, aki felolvasott egy szent\u00edr\u00e1si r\u00e9szt.<\/p>\n<p><a href=\"https:\/\/marekkuchcinski.pl\/wp-content\/uploads\/2016\/12\/KU093806.jpg\"><img fetchpriority=\"high\" decoding=\"async\" class=\"alignnone size-full wp-image-4832\" src=\"https:\/\/marekkuchcinski.pl\/wp-content\/uploads\/2016\/12\/KU093806.jpg\" alt=\"ku093806\" width=\"1800\" height=\"1200\" srcset=\"https:\/\/marekkuchcinski.pl\/wp-content\/uploads\/2016\/12\/KU093806.jpg 1800w, https:\/\/marekkuchcinski.pl\/wp-content\/uploads\/2016\/12\/KU093806-300x200.jpg 300w, https:\/\/marekkuchcinski.pl\/wp-content\/uploads\/2016\/12\/KU093806-768x512.jpg 768w, https:\/\/marekkuchcinski.pl\/wp-content\/uploads\/2016\/12\/KU093806-1024x683.jpg 1024w\" sizes=\"(max-width: 1800px) 100vw, 1800px\" \/><\/a> <a href=\"https:\/\/marekkuchcinski.pl\/wp-content\/uploads\/2016\/12\/IMG_0586.jpg\"><img decoding=\"async\" class=\"alignnone size-full wp-image-4833\" src=\"https:\/\/marekkuchcinski.pl\/wp-content\/uploads\/2016\/12\/IMG_0586.jpg\" alt=\"img_0586\" width=\"1500\" height=\"1000\" srcset=\"https:\/\/marekkuchcinski.pl\/wp-content\/uploads\/2016\/12\/IMG_0586.jpg 1500w, https:\/\/marekkuchcinski.pl\/wp-content\/uploads\/2016\/12\/IMG_0586-300x200.jpg 300w, https:\/\/marekkuchcinski.pl\/wp-content\/uploads\/2016\/12\/IMG_0586-768x512.jpg 768w, https:\/\/marekkuchcinski.pl\/wp-content\/uploads\/2016\/12\/IMG_0586-1024x683.jpg 1024w\" sizes=\"(max-width: 1500px) 100vw, 1500px\" \/><\/a> <a href=\"https:\/\/marekkuchcinski.pl\/wp-content\/uploads\/2016\/12\/KU093647.jpg\"><img decoding=\"async\" class=\"alignnone size-full wp-image-4834\" src=\"https:\/\/marekkuchcinski.pl\/wp-content\/uploads\/2016\/12\/KU093647.jpg\" alt=\"ku093647\" width=\"1800\" height=\"1200\" srcset=\"https:\/\/marekkuchcinski.pl\/wp-content\/uploads\/2016\/12\/KU093647.jpg 1800w, https:\/\/marekkuchcinski.pl\/wp-content\/uploads\/2016\/12\/KU093647-300x200.jpg 300w, https:\/\/marekkuchcinski.pl\/wp-content\/uploads\/2016\/12\/KU093647-768x512.jpg 768w, https:\/\/marekkuchcinski.pl\/wp-content\/uploads\/2016\/12\/KU093647-1024x683.jpg 1024w\" sizes=\"(max-width: 1800px) 100vw, 1800px\" \/><\/a>Stanis\u0142aw Karczewski szen\u00e1tusi marsall, Ma\u0142gorzata Kidawa-B\u0142o\u0144ska, a szejm aleln\u00f6ke, Kazimierz Nycz b\u00edboros, Vars\u00f3 \u00e9rseke, Barbara Dolniak, a szejm aleln\u00f6ke, Marek Kuchci\u0144ski, a szejm eln\u00f6ke.<a href=\"https:\/\/marekkuchcinski.pl\/wp-content\/uploads\/2016\/12\/KU093726.jpg\"><img loading=\"lazy\" decoding=\"async\" class=\"alignnone size-full wp-image-4835\" src=\"https:\/\/marekkuchcinski.pl\/wp-content\/uploads\/2016\/12\/KU093726.jpg\" alt=\"ku093726\" width=\"1800\" height=\"1200\" srcset=\"https:\/\/marekkuchcinski.pl\/wp-content\/uploads\/2016\/12\/KU093726.jpg 1800w, https:\/\/marekkuchcinski.pl\/wp-content\/uploads\/2016\/12\/KU093726-300x200.jpg 300w, https:\/\/marekkuchcinski.pl\/wp-content\/uploads\/2016\/12\/KU093726-768x512.jpg 768w, https:\/\/marekkuchcinski.pl\/wp-content\/uploads\/2016\/12\/KU093726-1024x683.jpg 1024w\" sizes=\"(max-width: 1800px) 100vw, 1800px\" \/><\/a>A Mazowsze egy\u00fcttes \u00e1ltal \u00e9nekelt \u00e9nekek<a href=\"https:\/\/marekkuchcinski.pl\/wp-content\/uploads\/2016\/12\/KU094516.jpg\"><img loading=\"lazy\" decoding=\"async\" class=\"alignnone size-full wp-image-4836\" src=\"https:\/\/marekkuchcinski.pl\/wp-content\/uploads\/2016\/12\/KU094516.jpg\" alt=\"ku094516\" width=\"1580\" height=\"1053\" srcset=\"https:\/\/marekkuchcinski.pl\/wp-content\/uploads\/2016\/12\/KU094516.jpg 1580w, https:\/\/marekkuchcinski.pl\/wp-content\/uploads\/2016\/12\/KU094516-300x200.jpg 300w, https:\/\/marekkuchcinski.pl\/wp-content\/uploads\/2016\/12\/KU094516-768x512.jpg 768w, https:\/\/marekkuchcinski.pl\/wp-content\/uploads\/2016\/12\/KU094516-1024x682.jpg 1024w\" sizes=\"(max-width: 1580px) 100vw, 1580px\" \/><\/a><\/p>\n<p>Az esti ostyapartin a Jog \u00e9s Igazs\u00e1goss\u00e1g tagjai \u00e9s t\u00e1mogat\u00f3i, k\u00f6zt\u00fck parlamenti k\u00e9pvisel\u0151k, miniszterek, a Szejm eln\u00f6ke \u00e9s aleln\u00f6kei vettek r\u00e9szt.<\/p>\n<p>- V\u00e9grehajtjuk a programunkat, egy emp\u00e1ti\u00e1val teli programot. Azoknak sz\u00f3l, akiket teljesen elfelejtettek\" - mondta Jaros\u0142aw Kaczy\u0144ski, a Jog \u00e9s Igazs\u00e1g\u00fcgy eln\u00f6ke. Tele vagyok rem\u00e9nnyel, hogy Lengyelorsz\u00e1g igazs\u00e1gosabb lesz, hogy a j\u00f3l\u00e9t, az er\u0151 \u00e9s a boldogs\u00e1g fel\u00e9 fog fejl\u0151dni\" - mondta.<\/p>\n<p>Jaros\u0142aw Kaczy\u0144ski felid\u00e9zte azokat a programokat, amelyek el\u00e9gedetts\u00e9gre adnak okot, azokat a programokat, amelyek a lengyelek \u00e9letsz\u00ednvonal\u00e1t emelik, azaz a Mieszkanie pl us vagy az 500 pl us.<\/p>\n<p>Utalt a Stanislaw Piotrowicz k\u00e9pvisel\u0151t \u00e9rt t\u00e1mad\u00e1sokra is. - Ritk\u00e1n fordul el\u0151, hogy valakit ilyen m\u00f3don t\u00e1madnak meg. K\u00fcl\u00f6nleges \u00e1rat fizet, ha tehetn\u00e9m, kit\u00fcntet\u00e9st adn\u00e9k neki\" - \u00e9rvelt.<\/p>\n<p><a href=\"https:\/\/marekkuchcinski.pl\/wp-content\/uploads\/2016\/12\/DSCF0055.jpg\"><img loading=\"lazy\" decoding=\"async\" class=\"alignnone size-full wp-image-4838\" src=\"https:\/\/marekkuchcinski.pl\/wp-content\/uploads\/2016\/12\/DSCF0055.jpg\" alt=\"dscf0055\" width=\"2247\" height=\"1500\" srcset=\"https:\/\/marekkuchcinski.pl\/wp-content\/uploads\/2016\/12\/DSCF0055.jpg 2048w, https:\/\/marekkuchcinski.pl\/wp-content\/uploads\/2016\/12\/DSCF0055-300x200.jpg 300w, https:\/\/marekkuchcinski.pl\/wp-content\/uploads\/2016\/12\/DSCF0055-768x513.jpg 768w, https:\/\/marekkuchcinski.pl\/wp-content\/uploads\/2016\/12\/DSCF0055-1024x684.jpg 1024w\" sizes=\"(max-width: 2247px) 100vw, 2247px\" \/><\/a>Jaros\u0142aw Kaczy\u0144ski, a Jog \u00e9s Igazs\u00e1goss\u00e1g p\u00e1rt eln\u00f6ke<a href=\"https:\/\/marekkuchcinski.pl\/wp-content\/uploads\/2016\/12\/DSCF0046-1.jpg\"><img loading=\"lazy\" decoding=\"async\" class=\"alignnone size-full wp-image-4868\" src=\"https:\/\/marekkuchcinski.pl\/wp-content\/uploads\/2016\/12\/DSCF0046-1.jpg\" alt=\"dscf0046\" width=\"2909\" height=\"1944\" srcset=\"https:\/\/marekkuchcinski.pl\/wp-content\/uploads\/2016\/12\/DSCF0046-1.jpg 2048w, https:\/\/marekkuchcinski.pl\/wp-content\/uploads\/2016\/12\/DSCF0046-1-300x200.jpg 300w, https:\/\/marekkuchcinski.pl\/wp-content\/uploads\/2016\/12\/DSCF0046-1-768x513.jpg 768w, https:\/\/marekkuchcinski.pl\/wp-content\/uploads\/2016\/12\/DSCF0046-1-1024x684.jpg 1024w\" sizes=\"(max-width: 2909px) 100vw, 2909px\" \/><\/a>Ryszard Terlecki, a Szejm aleln\u00f6ke, a Jog \u00e9s Igazs\u00e1goss\u00e1g p\u00e1rt vezet\u0151je<a href=\"https:\/\/marekkuchcinski.pl\/wp-content\/uploads\/2016\/12\/DSCF0103.jpg\"><img loading=\"lazy\" decoding=\"async\" class=\"alignnone size-full wp-image-4856\" src=\"https:\/\/marekkuchcinski.pl\/wp-content\/uploads\/2016\/12\/DSCF0103.jpg\" alt=\"dscf0103\" width=\"3867\" height=\"2581\" srcset=\"https:\/\/marekkuchcinski.pl\/wp-content\/uploads\/2016\/12\/DSCF0103.jpg 2048w, https:\/\/marekkuchcinski.pl\/wp-content\/uploads\/2016\/12\/DSCF0103-300x200.jpg 300w, https:\/\/marekkuchcinski.pl\/wp-content\/uploads\/2016\/12\/DSCF0103-768x513.jpg 768w, https:\/\/marekkuchcinski.pl\/wp-content\/uploads\/2016\/12\/DSCF0103-1024x683.jpg 1024w\" sizes=\"(max-width: 3867px) 100vw, 3867px\" \/><\/a> Antoni Macierewicz nemzetv\u00e9delmi miniszter<a href=\"https:\/\/marekkuchcinski.pl\/wp-content\/uploads\/2016\/12\/DSCF0191.jpg\"><img loading=\"lazy\" decoding=\"async\" class=\"alignnone size-full wp-image-4843\" src=\"https:\/\/marekkuchcinski.pl\/wp-content\/uploads\/2016\/12\/DSCF0191.jpg\" alt=\"dscf0191\" width=\"3511\" height=\"2341\" srcset=\"https:\/\/marekkuchcinski.pl\/wp-content\/uploads\/2016\/12\/DSCF0191.jpg 2048w, https:\/\/marekkuchcinski.pl\/wp-content\/uploads\/2016\/12\/DSCF0191-300x200.jpg 300w, https:\/\/marekkuchcinski.pl\/wp-content\/uploads\/2016\/12\/DSCF0191-768x512.jpg 768w, https:\/\/marekkuchcinski.pl\/wp-content\/uploads\/2016\/12\/DSCF0191-1024x683.jpg 1024w\" sizes=\"(max-width: 3511px) 100vw, 3511px\" \/><\/a> Jerzy Kwieci\u0144ski, a Fejleszt\u00e9si Miniszt\u00e9rium \u00e1llamtitk\u00e1ra<a href=\"https:\/\/marekkuchcinski.pl\/wp-content\/uploads\/2016\/12\/DSCF0184.jpg\"><img loading=\"lazy\" decoding=\"async\" class=\"alignnone size-full wp-image-4844\" src=\"https:\/\/marekkuchcinski.pl\/wp-content\/uploads\/2016\/12\/DSCF0184.jpg\" alt=\"dscf0184\" width=\"3021\" height=\"2020\" srcset=\"https:\/\/marekkuchcinski.pl\/wp-content\/uploads\/2016\/12\/DSCF0184.jpg 2048w, https:\/\/marekkuchcinski.pl\/wp-content\/uploads\/2016\/12\/DSCF0184-300x201.jpg 300w, https:\/\/marekkuchcinski.pl\/wp-content\/uploads\/2016\/12\/DSCF0184-768x514.jpg 768w, https:\/\/marekkuchcinski.pl\/wp-content\/uploads\/2016\/12\/DSCF0184-1024x685.jpg 1024w\" sizes=\"(max-width: 3021px) 100vw, 3021px\" \/><\/a> Andrzej Matusiewicz, a Jog \u00e9s Igazs\u00e1goss\u00e1g parlamenti k\u00e9pvisel\u0151je\u00a0<a href=\"https:\/\/marekkuchcinski.pl\/wp-content\/uploads\/2016\/12\/DSCF0181.jpg\"><img loading=\"lazy\" decoding=\"async\" class=\"alignnone size-full wp-image-4845\" src=\"https:\/\/marekkuchcinski.pl\/wp-content\/uploads\/2016\/12\/DSCF0181.jpg\" alt=\"dscf0181\" width=\"3184\" height=\"2132\" srcset=\"https:\/\/marekkuchcinski.pl\/wp-content\/uploads\/2016\/12\/DSCF0181.jpg 2048w, https:\/\/marekkuchcinski.pl\/wp-content\/uploads\/2016\/12\/DSCF0181-300x201.jpg 300w, https:\/\/marekkuchcinski.pl\/wp-content\/uploads\/2016\/12\/DSCF0181-768x514.jpg 768w, https:\/\/marekkuchcinski.pl\/wp-content\/uploads\/2016\/12\/DSCF0181-1024x686.jpg 1024w\" sizes=\"(max-width: 3184px) 100vw, 3184px\" \/><\/a> Witold Ba\u0144ka sportminiszter\u00a0<a href=\"https:\/\/marekkuchcinski.pl\/wp-content\/uploads\/2016\/12\/DSCF0175.jpg\"><img loading=\"lazy\" decoding=\"async\" class=\"alignnone size-full wp-image-4846\" src=\"https:\/\/marekkuchcinski.pl\/wp-content\/uploads\/2016\/12\/DSCF0175.jpg\" alt=\"dscf0175\" width=\"3439\" height=\"2296\" srcset=\"https:\/\/marekkuchcinski.pl\/wp-content\/uploads\/2016\/12\/DSCF0175.jpg 2048w, https:\/\/marekkuchcinski.pl\/wp-content\/uploads\/2016\/12\/DSCF0175-300x200.jpg 300w, https:\/\/marekkuchcinski.pl\/wp-content\/uploads\/2016\/12\/DSCF0175-768x513.jpg 768w, https:\/\/marekkuchcinski.pl\/wp-content\/uploads\/2016\/12\/DSCF0175-1024x684.jpg 1024w\" sizes=\"(max-width: 3439px) 100vw, 3439px\" \/><\/a> Waldemar Paruch professzor, a Szejm eln\u00f6k\u00e9nek tan\u00e1csad\u00f3ja, Mateusz Morawiecki minisztereln\u00f6k-helyettes,\u00a0<a href=\"https:\/\/marekkuchcinski.pl\/wp-content\/uploads\/2016\/12\/DSCF0152.jpg\"><img loading=\"lazy\" decoding=\"async\" class=\"alignnone size-full wp-image-4848\" src=\"https:\/\/marekkuchcinski.pl\/wp-content\/uploads\/2016\/12\/DSCF0152.jpg\" alt=\"dscf0152\" width=\"3892\" height=\"2602\" srcset=\"https:\/\/marekkuchcinski.pl\/wp-content\/uploads\/2016\/12\/DSCF0152.jpg 2048w, https:\/\/marekkuchcinski.pl\/wp-content\/uploads\/2016\/12\/DSCF0152-300x201.jpg 300w, https:\/\/marekkuchcinski.pl\/wp-content\/uploads\/2016\/12\/DSCF0152-768x513.jpg 768w, https:\/\/marekkuchcinski.pl\/wp-content\/uploads\/2016\/12\/DSCF0152-1024x685.jpg 1024w\" sizes=\"(max-width: 3892px) 100vw, 3892px\" \/><\/a>Grzegorz Matusiak, a Jog \u00e9s Igazs\u00e1goss\u00e1g p\u00e1rt parlamenti k\u00e9pvisel\u0151je \u00e9s Jan Majchrowski professzor. <a href=\"https:\/\/marekkuchcinski.pl\/wp-content\/uploads\/2016\/12\/DSCF0139.jpg\"><img loading=\"lazy\" decoding=\"async\" class=\"alignnone size-full wp-image-4849\" src=\"https:\/\/marekkuchcinski.pl\/wp-content\/uploads\/2016\/12\/DSCF0139.jpg\" alt=\"dscf0139\" width=\"4132\" height=\"2760\" srcset=\"https:\/\/marekkuchcinski.pl\/wp-content\/uploads\/2016\/12\/DSCF0139.jpg 2048w, https:\/\/marekkuchcinski.pl\/wp-content\/uploads\/2016\/12\/DSCF0139-300x200.jpg 300w, https:\/\/marekkuchcinski.pl\/wp-content\/uploads\/2016\/12\/DSCF0139-768x513.jpg 768w, https:\/\/marekkuchcinski.pl\/wp-content\/uploads\/2016\/12\/DSCF0139-1024x684.jpg 1024w\" sizes=\"(max-width: 4132px) 100vw, 4132px\" \/><\/a>\u00a0K\u00f6z\u00e9pen: Anna Schmidt-Rodziewicz, a Jog \u00e9s Igazs\u00e1goss\u00e1g parlamenti k\u00e9pvisel\u0151je<a href=\"https:\/\/marekkuchcinski.pl\/wp-content\/uploads\/2016\/12\/DSCF0125.jpg\"><img loading=\"lazy\" decoding=\"async\" class=\"alignnone size-full wp-image-4851\" src=\"https:\/\/marekkuchcinski.pl\/wp-content\/uploads\/2016\/12\/DSCF0125.jpg\" alt=\"dscf0125\" width=\"3469\" height=\"2316\" srcset=\"https:\/\/marekkuchcinski.pl\/wp-content\/uploads\/2016\/12\/DSCF0125.jpg 2048w, https:\/\/marekkuchcinski.pl\/wp-content\/uploads\/2016\/12\/DSCF0125-300x200.jpg 300w, https:\/\/marekkuchcinski.pl\/wp-content\/uploads\/2016\/12\/DSCF0125-768x513.jpg 768w, https:\/\/marekkuchcinski.pl\/wp-content\/uploads\/2016\/12\/DSCF0125-1024x684.jpg 1024w\" sizes=\"(max-width: 3469px) 100vw, 3469px\" \/><\/a> Patryk Jaki igazs\u00e1g\u00fcgyi miniszterhelyettes<a href=\"https:\/\/marekkuchcinski.pl\/wp-content\/uploads\/2016\/12\/DSCF0124.jpg\"><img loading=\"lazy\" decoding=\"async\" class=\"alignnone size-full wp-image-4852\" src=\"https:\/\/marekkuchcinski.pl\/wp-content\/uploads\/2016\/12\/DSCF0124.jpg\" alt=\"dscf0124\" width=\"3882\" height=\"2592\" srcset=\"https:\/\/marekkuchcinski.pl\/wp-content\/uploads\/2016\/12\/DSCF0124.jpg 2048w, https:\/\/marekkuchcinski.pl\/wp-content\/uploads\/2016\/12\/DSCF0124-300x200.jpg 300w, https:\/\/marekkuchcinski.pl\/wp-content\/uploads\/2016\/12\/DSCF0124-768x513.jpg 768w, https:\/\/marekkuchcinski.pl\/wp-content\/uploads\/2016\/12\/DSCF0124-1024x684.jpg 1024w\" sizes=\"(max-width: 3882px) 100vw, 3882px\" \/><\/a> Grzegorz Janik, a Jog \u00e9s Igazs\u00e1g\u00fcgy k\u00e9pvisel\u0151je<a href=\"https:\/\/marekkuchcinski.pl\/wp-content\/uploads\/2016\/12\/DSCF0118.jpg\"><img loading=\"lazy\" decoding=\"async\" class=\"alignnone size-full wp-image-4853\" src=\"https:\/\/marekkuchcinski.pl\/wp-content\/uploads\/2016\/12\/DSCF0118.jpg\" alt=\"dscf0118\" width=\"3851\" height=\"2576\" srcset=\"https:\/\/marekkuchcinski.pl\/wp-content\/uploads\/2016\/12\/DSCF0118.jpg 2048w, https:\/\/marekkuchcinski.pl\/wp-content\/uploads\/2016\/12\/DSCF0118-300x201.jpg 300w, https:\/\/marekkuchcinski.pl\/wp-content\/uploads\/2016\/12\/DSCF0118-768x514.jpg 768w, https:\/\/marekkuchcinski.pl\/wp-content\/uploads\/2016\/12\/DSCF0118-1024x685.jpg 1024w\" sizes=\"(max-width: 3851px) 100vw, 3851px\" \/><\/a> Anna Zalewska nemzeti oktat\u00e1si miniszter<a href=\"https:\/\/marekkuchcinski.pl\/wp-content\/uploads\/2016\/12\/DSCF0115.jpg\"><img loading=\"lazy\" decoding=\"async\" class=\"alignnone size-full wp-image-4854\" src=\"https:\/\/marekkuchcinski.pl\/wp-content\/uploads\/2016\/12\/DSCF0115.jpg\" alt=\"dscf0115\" width=\"3256\" height=\"2173\" srcset=\"https:\/\/marekkuchcinski.pl\/wp-content\/uploads\/2016\/12\/DSCF0115.jpg 2048w, https:\/\/marekkuchcinski.pl\/wp-content\/uploads\/2016\/12\/DSCF0115-300x200.jpg 300w, https:\/\/marekkuchcinski.pl\/wp-content\/uploads\/2016\/12\/DSCF0115-768x513.jpg 768w, https:\/\/marekkuchcinski.pl\/wp-content\/uploads\/2016\/12\/DSCF0115-1024x683.jpg 1024w\" sizes=\"(max-width: 3256px) 100vw, 3256px\" \/><\/a>\u00a0Jobbr\u00f3l: Stanislaw Piotrowicz, a Jog \u00e9s Igazs\u00e1goss\u00e1g parlamenti k\u00e9pvisel\u0151je<a href=\"https:\/\/marekkuchcinski.pl\/wp-content\/uploads\/2016\/12\/DSCF0111.jpg\"><img loading=\"lazy\" decoding=\"async\" class=\"alignnone size-full wp-image-4855\" src=\"https:\/\/marekkuchcinski.pl\/wp-content\/uploads\/2016\/12\/DSCF0111.jpg\" alt=\"dscf0111\" width=\"3414\" height=\"2280\" srcset=\"https:\/\/marekkuchcinski.pl\/wp-content\/uploads\/2016\/12\/DSCF0111.jpg 2048w, https:\/\/marekkuchcinski.pl\/wp-content\/uploads\/2016\/12\/DSCF0111-300x200.jpg 300w, https:\/\/marekkuchcinski.pl\/wp-content\/uploads\/2016\/12\/DSCF0111-768x513.jpg 768w, https:\/\/marekkuchcinski.pl\/wp-content\/uploads\/2016\/12\/DSCF0111-1024x684.jpg 1024w\" sizes=\"(max-width: 3414px) 100vw, 3414px\" \/><\/a> Malgorzata Wassermann jogi \u00e9s igazs\u00e1g\u00fcgyi k\u00e9pvisel\u0151<a href=\"https:\/\/marekkuchcinski.pl\/wp-content\/uploads\/2016\/12\/DSCF0094.jpg\"><img loading=\"lazy\" decoding=\"async\" class=\"alignnone size-full wp-image-4858\" src=\"https:\/\/marekkuchcinski.pl\/wp-content\/uploads\/2016\/12\/DSCF0094.jpg\" alt=\"dscf0094\" width=\"4896\" height=\"2760\" srcset=\"https:\/\/marekkuchcinski.pl\/wp-content\/uploads\/2016\/12\/DSCF0094.jpg 2048w, https:\/\/marekkuchcinski.pl\/wp-content\/uploads\/2016\/12\/DSCF0094-300x169.jpg 300w, https:\/\/marekkuchcinski.pl\/wp-content\/uploads\/2016\/12\/DSCF0094-768x433.jpg 768w, https:\/\/marekkuchcinski.pl\/wp-content\/uploads\/2016\/12\/DSCF0094-1024x577.jpg 1024w\" sizes=\"(max-width: 4896px) 100vw, 4896px\" \/><\/a> Jan Dziedziczak k\u00fcl\u00fcgyminiszter-helyettes \u00e9s Ma\u0142gorzata Sadurska, a Lengyel K\u00f6zt\u00e1rsas\u00e1g eln\u00f6k\u00e9nek kancell\u00e1ri\u00e1j\u00e1nak vezet\u0151je<a href=\"https:\/\/marekkuchcinski.pl\/wp-content\/uploads\/2016\/12\/DSCF0092.jpg\"><img loading=\"lazy\" decoding=\"async\" class=\"alignnone size-full wp-image-4859\" src=\"https:\/\/marekkuchcinski.pl\/wp-content\/uploads\/2016\/12\/DSCF0092.jpg\" alt=\"dscf0092\" width=\"3444\" height=\"2301\" srcset=\"https:\/\/marekkuchcinski.pl\/wp-content\/uploads\/2016\/12\/DSCF0092.jpg 2048w, https:\/\/marekkuchcinski.pl\/wp-content\/uploads\/2016\/12\/DSCF0092-300x200.jpg 300w, https:\/\/marekkuchcinski.pl\/wp-content\/uploads\/2016\/12\/DSCF0092-768x513.jpg 768w, https:\/\/marekkuchcinski.pl\/wp-content\/uploads\/2016\/12\/DSCF0092-1024x684.jpg 1024w\" sizes=\"(max-width: 3444px) 100vw, 3444px\" \/><\/a> Prof. Piotr Gli\u0144ski kultur\u00e1lis miniszter<a href=\"https:\/\/marekkuchcinski.pl\/wp-content\/uploads\/2016\/12\/DSCF0061.jpg\"><img loading=\"lazy\" decoding=\"async\" class=\"alignnone size-full wp-image-4860\" src=\"https:\/\/marekkuchcinski.pl\/wp-content\/uploads\/2016\/12\/DSCF0061.jpg\" alt=\"dscf0061\" width=\"4896\" height=\"2760\" srcset=\"https:\/\/marekkuchcinski.pl\/wp-content\/uploads\/2016\/12\/DSCF0061.jpg 2048w, https:\/\/marekkuchcinski.pl\/wp-content\/uploads\/2016\/12\/DSCF0061-300x169.jpg 300w, https:\/\/marekkuchcinski.pl\/wp-content\/uploads\/2016\/12\/DSCF0061-768x433.jpg 768w, https:\/\/marekkuchcinski.pl\/wp-content\/uploads\/2016\/12\/DSCF0061-1024x577.jpg 1024w\" sizes=\"(max-width: 4896px) 100vw, 4896px\" \/><\/a> Maria Koc, a szen\u00e1tus aleln\u00f6ke, Maria Anders, a minisztereln\u00f6k kancell\u00e1ri\u00e1j\u00e1nak \u00e1llamtitk\u00e1ra,\u00a0<a href=\"https:\/\/marekkuchcinski.pl\/wp-content\/uploads\/2016\/12\/DSCF0058.jpg\"><img loading=\"lazy\" decoding=\"async\" class=\"alignnone size-full wp-image-4861\" src=\"https:\/\/marekkuchcinski.pl\/wp-content\/uploads\/2016\/12\/DSCF0058.jpg\" alt=\"dscf0058\" width=\"2623\" height=\"1755\" srcset=\"https:\/\/marekkuchcinski.pl\/wp-content\/uploads\/2016\/12\/DSCF0058.jpg 2048w, https:\/\/marekkuchcinski.pl\/wp-content\/uploads\/2016\/12\/DSCF0058-300x201.jpg 300w, https:\/\/marekkuchcinski.pl\/wp-content\/uploads\/2016\/12\/DSCF0058-768x514.jpg 768w, https:\/\/marekkuchcinski.pl\/wp-content\/uploads\/2016\/12\/DSCF0058-1024x685.jpg 1024w\" sizes=\"(max-width: 2623px) 100vw, 2623px\" \/><\/a>El\u017cbieta Rafalska csal\u00e1d\u00fcgyi, munka\u00fcgyi \u00e9s szoci\u00e1lpolitikai miniszter<\/p>","protected":false},"excerpt":{"rendered":"<p>W Sejmie odby\u0142o si\u0119 tradycyjne spotkanie op\u0142atkowe dla pos\u0142\u00f3w. Marsza\u0142ek Marek Kuchci\u0144ski podsumowuj\u0105c\u00a02016 rok, podkre\u015bli\u0142 wag\u0119 obchod\u00f3w 1050. rocznicy chrztu Polski. \u2013 Chrzest Polski pokaza\u0142 nam wielko\u015b\u0107 przesz\u0142o\u015bci, a chrze\u015bcija\u0144skie dziedzictwo do dzisiaj kszta\u0142tuje losy kraju i naszego narodu \u2013 m\u00f3wi\u0142 marsza\u0142ek. \u2013 Jeste\u015bmy w Sejmie i Senacie, \u017ceby s\u0142u\u017cy\u0107 narodowi. Niech \u015awi\u0119ta Bo\u017cego Narodzenia [&hellip;]<\/p>\n","protected":false},"author":6,"featured_media":4871,"comment_status":"open","ping_status":"open","sticky":false,"template":"","format":"standard","meta":{"ngg_post_thumbnail":0,"footnotes":""},"categories":[82,81,3],"tags":[],"class_list":["post-4829","post","type-post","status-publish","format-standard","has-post-thumbnail","hentry","category-prawo-i-sprawiedliwosc","category-wiesci-z-sejmu","category-wydarzenia"],"_links":{"self":[{"href":"https:\/\/marekkuchcinski.pl\/hu\/wp-json\/wp\/v2\/posts\/4829","targetHints":{"allow":["GET"]}}],"collection":[{"href":"https:\/\/marekkuchcinski.pl\/hu\/wp-json\/wp\/v2\/posts"}],"about":[{"href":"https:\/\/marekkuchcinski.pl\/hu\/wp-json\/wp\/v2\/types\/post"}],"author":[{"embeddable":true,"href":"https:\/\/marekkuchcinski.pl\/hu\/wp-json\/wp\/v2\/users\/6"}],"replies":[{"embeddable":true,"href":"https:\/\/marekkuchcinski.pl\/hu\/wp-json\/wp\/v2\/comments?post=4829"}],"version-history":[{"count":20,"href":"https:\/\/marekkuchcinski.pl\/hu\/wp-json\/wp\/v2\/posts\/4829\/revisions"}],"predecessor-version":[{"id":5048,"href":"https:\/\/marekkuchcinski.pl\/hu\/wp-json\/wp\/v2\/posts\/4829\/revisions\/5048"}],"wp:featuredmedia":[{"embeddable":true,"href":"https:\/\/marekkuchcinski.pl\/hu\/wp-json\/wp\/v2\/media\/4871"}],"wp:attachment":[{"href":"https:\/\/marekkuchcinski.pl\/hu\/wp-json\/wp\/v2\/media?parent=4829"}],"wp:term":[{"taxonomy":"category","embeddable":true,"href":"https:\/\/marekkuchcinski.pl\/hu\/wp-json\/wp\/v2\/categories?post=4829"},{"taxonomy":"post_tag","embeddable":true,"href":"https:\/\/marekkuchcinski.pl\/hu\/wp-json\/wp\/v2\/tags?post=4829"}],"curies":[{"name":"wp","href":"https:\/\/api.w.org\/{rel}","templated":true}]}}