{"id":4620,"date":"2016-11-25T22:21:32","date_gmt":"2016-11-25T21:21:32","guid":{"rendered":"https:\/\/marekkuchcinski.pl\/?p=4620"},"modified":"2016-11-25T23:30:47","modified_gmt":"2016-11-25T22:30:47","slug":"spotkanie-marszalka-sejmu-sekretarzem-generalnym-oecd","status":"publish","type":"post","link":"https:\/\/marekkuchcinski.pl\/hu\/wydarzenia\/spotkanie-marszalka-sejmu-sekretarzem-generalnym-oecd\/","title":{"rendered":"A Szejm eln\u00f6k\u00e9nek tal\u00e1lkoz\u00f3ja az OECD f\u0151titk\u00e1r\u00e1val"},"content":{"rendered":"<p dir=\"ltr\">Marek Kuchci\u0144ski, a szejm eln\u00f6ke ma a szervezet f\u0151titk\u00e1r\u00e1val, \u00c1ngel Gurr\u00ed\u00e1val t\u00e1rgyalt az egy\u00fcttm\u0171k\u00f6d\u00e9sr\u0151l, a feladatokr\u00f3l \u00e9s a Lengyelorsz\u00e1g \u00e9s a Gazdas\u00e1gi Egy\u00fcttm\u0171k\u00f6d\u00e9si \u00e9s Fejleszt\u00e9si Szervezet (OECD) k\u00f6z\u00f6tti j\u00f6v\u0151beli kapcsolatokr\u00f3l. Id\u00e9n \u00fcnnepelj\u00fck haz\u00e1nk OECD-hez val\u00f3 csatlakoz\u00e1s\u00e1nak 20. \u00e9vfordul\u00f3j\u00e1t.<\/p>\n<p dir=\"ltr\">A szejm eln\u00f6ke felh\u00edvta a figyelmet az eur\u00f3pai \u00e9s a vil\u00e1g civiliz\u00e1ci\u00f3j\u00e1nak, valamint annak a r\u00e9gi\u00f3nak a sz\u00e1mos kih\u00edv\u00e1s\u00e1ra, amelynek Lengyelorsz\u00e1g is r\u00e9sze. R\u00e1mutatott, hogy a gazdas\u00e1gi fejl\u0151d\u00e9s minden orsz\u00e1g m\u0171k\u00f6d\u00e9s\u00e9nek alapja. \u00c1ngel Gurr\u00eda r\u00e1mutatott, hogy Lengyelorsz\u00e1g \u00e9s az OECD nagyon j\u00f3 k\u00e9t \u00e9vtizedes egy\u00fcttm\u0171k\u00f6d\u00e9st folytat. Elemz\u00e9seket \u00e9s diagn\u00f3zisokat mutatott be haz\u00e1nkkal kapcsolatban. Amint a Szejm eln\u00f6ke megjegyezte, ezek a c\u00e9lok nemcsak Lengyelorsz\u00e1g, hanem m\u00e1s orsz\u00e1gok el\u0151tt is \u00e1llnak. Marek Kuchci\u0144ski hangs\u00falyozta a fenntarthat\u00f3 fejl\u0151d\u00e9s fontoss\u00e1g\u00e1t, amelyet a lengyel alkotm\u00e1ny is r\u00f6gz\u00edt, \u00e9s ezzel egyidej\u0171leg a gazdas\u00e1gi n\u00f6veked\u00e9s fokoz\u00e1s\u00e1t c\u00e9lz\u00f3 int\u00e9zked\u00e9sek fontoss\u00e1g\u00e1t.<\/p>\n<p dir=\"ltr\">Az \u00fcl\u00e9sen az OECD Glob\u00e1lis Parlamenti H\u00e1l\u00f3zat\u00e1n bel\u00fcli egy\u00fcttm\u0171k\u00f6d\u00e9s kil\u00e1t\u00e1sair\u00f3l is sz\u00f3 esett. Ahogy \u00c1ngel Gurr\u00eda mondta, a parlamenteknek egyre t\u00f6bb mondanival\u00f3juk van, \u00e9s az OECD elk\u00f6telezett a vel\u00fck folytatott p\u00e1rbesz\u00e9d mellett. A Szejm eln\u00f6ke \u00e9s a Gazdas\u00e1gi Egy\u00fcttm\u0171k\u00f6d\u00e9si \u00e9s Fejleszt\u00e9si Szervezet f\u0151titk\u00e1ra megvitatta annak lehet\u0151s\u00e9g\u00e9t is, hogy Lengyelorsz\u00e1gban tal\u00e1lkoz\u00f3t szervezzenek az OECD parlamenti k\u00e9pvisel\u0151inek r\u00e9szv\u00e9tel\u00e9vel. Marek Kuchci\u0144ski szerint fontos, hogy K\u00f6z\u00e9p- \u00e9s Kelet-Eur\u00f3pa minden r\u00e9sz\u00e9b\u0151l r\u00e9szt vegyenek benne a parlamentek k\u00e9pvisel\u0151i. A Szejm eln\u00f6ke r\u00e1mutatott, hogy a r\u00e9gi\u00f3 fenntarthat\u00f3 fejl\u0151d\u00e9s\u00e9t c\u00e9lz\u00f3 int\u00e9zked\u00e9sek t\u00f6bbek k\u00f6z\u00f6tt az ellen\u0151rizetlen migr\u00e1ci\u00f3 korl\u00e1toz\u00e1s\u00e1t is el\u0151seg\u00edten\u00e9k.<\/p>\n<p dir=\"ltr\">Az OECD egy nemzetk\u00f6zi \u00e9s korm\u00e1nyk\u00f6zi gazdas\u00e1gi szervezet, amelyet az 1960. december 14-\u00e9n al\u00e1\u00edrt p\u00e1rizsi egyezm\u00e9ny hozott l\u00e9tre. Az OECD munk\u00e1ja els\u0151sorban a tag\u00e1llamokra ir\u00e1nyul, b\u00e1r t\u00f6bbek k\u00f6z\u00f6tt a nem tagorsz\u00e1gokat is kiszolg\u00e1lja.<\/p>\n<p dir=\"ltr\">November 22-\u00e9n \u00fcnnepelt\u00fck Lengyelorsz\u00e1g OECD-hez val\u00f3 csatlakoz\u00e1s\u00e1nak 20. \u00e9vfordul\u00f3j\u00e1t.<\/p>\n<p dir=\"ltr\"><a href=\"https:\/\/marekkuchcinski.pl\/wp-content\/uploads\/2016\/11\/unspecified-28.jpeg\"><img fetchpriority=\"high\" decoding=\"async\" class=\"alignnone size-full wp-image-4621\" src=\"https:\/\/marekkuchcinski.pl\/wp-content\/uploads\/2016\/11\/unspecified-28.jpeg\" alt=\"unspecified-28\" width=\"2048\" height=\"1365\" srcset=\"https:\/\/marekkuchcinski.pl\/wp-content\/uploads\/2016\/11\/unspecified-28.jpeg 2048w, https:\/\/marekkuchcinski.pl\/wp-content\/uploads\/2016\/11\/unspecified-28-300x200.jpeg 300w, https:\/\/marekkuchcinski.pl\/wp-content\/uploads\/2016\/11\/unspecified-28-768x512.jpeg 768w, https:\/\/marekkuchcinski.pl\/wp-content\/uploads\/2016\/11\/unspecified-28-1024x683.jpeg 1024w\" sizes=\"(max-width: 2048px) 100vw, 2048px\" \/><\/a><a href=\"https:\/\/marekkuchcinski.pl\/wp-content\/uploads\/2016\/11\/unspecified-29.jpeg\"><img decoding=\"async\" class=\"alignnone size-full wp-image-4622\" src=\"https:\/\/marekkuchcinski.pl\/wp-content\/uploads\/2016\/11\/unspecified-29.jpeg\" alt=\"unspecified-29\" width=\"2048\" height=\"1365\" srcset=\"https:\/\/marekkuchcinski.pl\/wp-content\/uploads\/2016\/11\/unspecified-29.jpeg 2048w, https:\/\/marekkuchcinski.pl\/wp-content\/uploads\/2016\/11\/unspecified-29-300x200.jpeg 300w, https:\/\/marekkuchcinski.pl\/wp-content\/uploads\/2016\/11\/unspecified-29-768x512.jpeg 768w, https:\/\/marekkuchcinski.pl\/wp-content\/uploads\/2016\/11\/unspecified-29-1024x683.jpeg 1024w\" sizes=\"(max-width: 2048px) 100vw, 2048px\" \/><\/a><\/p>","protected":false},"excerpt":{"rendered":"<p>O wsp\u00f3\u0142pracy, zadaniach i przysz\u0142ych relacjach Polski z Organizacj\u0105 Wsp\u00f3\u0142pracy Gospodarczej i Rozwoju (OECD) rozmawia\u0142 dzi\u015b marsza\u0142ek Sejmu Marek Kuchci\u0144ski z sekretarzem generalnym tej organizacji \u00c1ngelem Gurr\u00ed\u0105. W tym roku przypada 20. rocznica przyst\u0105pienia naszego kraju do OECD. Marsza\u0142ek Sejmu zwr\u00f3ci\u0142 uwag\u0119 na liczne wyzwania przed cywilizacj\u0105 europejsk\u0105, \u015bwiatow\u0105 i regionem, kt\u00f3rego cz\u0119\u015bci\u0105 jest Polska. [&hellip;]<\/p>\n","protected":false},"author":6,"featured_media":4621,"comment_status":"open","ping_status":"open","sticky":false,"template":"","format":"standard","meta":{"ngg_post_thumbnail":0,"footnotes":""},"categories":[81,50,3],"tags":[],"class_list":["post-4620","post","type-post","status-publish","format-standard","has-post-thumbnail","hentry","category-wiesci-z-sejmu","category-wspolpraca-miedzynarodowa","category-wydarzenia"],"_links":{"self":[{"href":"https:\/\/marekkuchcinski.pl\/hu\/wp-json\/wp\/v2\/posts\/4620","targetHints":{"allow":["GET"]}}],"collection":[{"href":"https:\/\/marekkuchcinski.pl\/hu\/wp-json\/wp\/v2\/posts"}],"about":[{"href":"https:\/\/marekkuchcinski.pl\/hu\/wp-json\/wp\/v2\/types\/post"}],"author":[{"embeddable":true,"href":"https:\/\/marekkuchcinski.pl\/hu\/wp-json\/wp\/v2\/users\/6"}],"replies":[{"embeddable":true,"href":"https:\/\/marekkuchcinski.pl\/hu\/wp-json\/wp\/v2\/comments?post=4620"}],"version-history":[{"count":3,"href":"https:\/\/marekkuchcinski.pl\/hu\/wp-json\/wp\/v2\/posts\/4620\/revisions"}],"predecessor-version":[{"id":4635,"href":"https:\/\/marekkuchcinski.pl\/hu\/wp-json\/wp\/v2\/posts\/4620\/revisions\/4635"}],"wp:featuredmedia":[{"embeddable":true,"href":"https:\/\/marekkuchcinski.pl\/hu\/wp-json\/wp\/v2\/media\/4621"}],"wp:attachment":[{"href":"https:\/\/marekkuchcinski.pl\/hu\/wp-json\/wp\/v2\/media?parent=4620"}],"wp:term":[{"taxonomy":"category","embeddable":true,"href":"https:\/\/marekkuchcinski.pl\/hu\/wp-json\/wp\/v2\/categories?post=4620"},{"taxonomy":"post_tag","embeddable":true,"href":"https:\/\/marekkuchcinski.pl\/hu\/wp-json\/wp\/v2\/tags?post=4620"}],"curies":[{"name":"wp","href":"https:\/\/api.w.org\/{rel}","templated":true}]}}