{"id":4611,"date":"2016-11-24T11:48:48","date_gmt":"2016-11-24T10:48:48","guid":{"rendered":"https:\/\/marekkuchcinski.pl\/?p=4611"},"modified":"2016-12-16T13:53:03","modified_gmt":"2016-12-16T12:53:03","slug":"kuchcinski-budowa-rozbudowa-przejsc-granicznych-drogowych-lotniczych-kolejowych-fundament-wspolpracy-tej-czesci-europy","status":"publish","type":"post","link":"https:\/\/marekkuchcinski.pl\/hu\/wydarzenia\/kuchcinski-budowa-rozbudowa-przejsc-granicznych-drogowych-lotniczych-kolejowych-fundament-wspolpracy-tej-czesci-europy\/","title":{"rendered":"Kuchci\u0144ski: A k\u00f6z\u00fati, l\u00e9gi \u00e9s vas\u00fati hat\u00e1r\u00e1tkel\u0151k \u00e9p\u00edt\u00e9se \u00e9s b\u0151v\u00edt\u00e9se az egy\u00fcttm\u0171k\u00f6d\u00e9s alapja Eur\u00f3pa e r\u00e9sz\u00e9n."},"content":{"rendered":"<div class=\"entry\">\n<div id=\"artykul\">\n<p class=\"first\"><strong>Krasiczynban (Podkarpatszkaja r\u00e9gi\u00f3) a parlamenti infrastruktur\u00e1lis bizotts\u00e1g helysz\u00edni \u00fcl\u00e9s\u00e9re ker\u00fclt sor Lengyelorsz\u00e1g \u00e9s Ukrajna infrastruktur\u00e1lis minisztereinek \u00e9s Marek Kuchci\u0144ski szejmeln\u00f6knek a r\u00e9szv\u00e9tel\u00e9vel. A tal\u00e1lkoz\u00f3n t\u00f6bbek k\u00f6z\u00f6tt a Malhowice-Nizankowice hat\u00e1r\u00e1tkel\u0151 \u00e9p\u00edt\u00e9s\u00e9r\u0151l t\u00e1rgyaltak.<\/strong><\/p>\n<p>Marek Kuchci\u0144ski, a szejm eln\u00f6ke biztos\u00edtotta, hogy \u00f6r\u00fcl az Ukrajn\u00e1val val\u00f3 \u00faj hat\u00e1r\u00e1tkel\u0151 \u00e9p\u00edt\u00e9s\u00e9re ir\u00e1nyul\u00f3 kezdem\u00e9nyez\u00e9snek.<\/p>\n<blockquote><p><strong>- Ez egy olyan \u00fcgy, amelynek eg\u00e9sz Eur\u00f3p\u00e1t \u00f6ssze kellene fognia. J\u00f3, hogy felgyors\u00edtjuk az egy\u00fcttm\u0171k\u00f6d\u00e9s \u00e9s a kapcsolatok k\u00fcl\u00f6nb\u00f6z\u0151 form\u00e1inak ki\u00e9p\u00edt\u00e9s\u00e9t Eur\u00f3pa mi r\u00e9sz\u00e9n. A k\u00f6z\u00fati, l\u00e9gi \u00e9s vas\u00fati hat\u00e1r\u00e1tkel\u0151k ki\u00e9p\u00edt\u00e9se \u00e9s b\u0151v\u00edt\u00e9se az egy\u00fcttm\u0171k\u00f6d\u00e9s alapja. K\u00f6sz\u00f6nj\u00fck ezt a kezdem\u00e9nyez\u00e9st.<\/strong>\u00a0- mondta.<\/p><\/blockquote>\n<p>Kuchci\u0144ski szerint Lengyelorsz\u00e1gnak t\u00e1mogatnia kell \"a Kijev \u00e9s P\u00e1rizs \u00f6sszek\u00f6t\u00e9s\u00e9nek gondolat\u00e1t\". \"\u00c9n szem\u00e9lyesen is teljes sz\u00edvemb\u0151l t\u00e1mogatom ezt a transzeur\u00f3pai expresszt\" - tette hozz\u00e1.<\/p>\n<\/div>\n<p class=\"first\"><a href=\"https:\/\/marekkuchcinski.pl\/wp-content\/uploads\/2016\/11\/Zrzut-ekranu-2016-12-16-o-13.36.26.jpg\"><img fetchpriority=\"high\" decoding=\"async\" class=\"alignnone size-full wp-image-4885\" src=\"https:\/\/marekkuchcinski.pl\/wp-content\/uploads\/2016\/11\/Zrzut-ekranu-2016-12-16-o-13.36.26.jpg\" alt=\"zrzut-ekranu-2016-12-16-o-13-36-26\" width=\"1901\" height=\"1269\" srcset=\"https:\/\/marekkuchcinski.pl\/wp-content\/uploads\/2016\/11\/Zrzut-ekranu-2016-12-16-o-13.36.26.jpg 1901w, https:\/\/marekkuchcinski.pl\/wp-content\/uploads\/2016\/11\/Zrzut-ekranu-2016-12-16-o-13.36.26-300x200.jpg 300w, https:\/\/marekkuchcinski.pl\/wp-content\/uploads\/2016\/11\/Zrzut-ekranu-2016-12-16-o-13.36.26-768x513.jpg 768w, https:\/\/marekkuchcinski.pl\/wp-content\/uploads\/2016\/11\/Zrzut-ekranu-2016-12-16-o-13.36.26-1024x684.jpg 1024w\" sizes=\"(max-width: 1901px) 100vw, 1901px\" \/><\/a><\/p>\n<div id=\"artykul\">\n<p class=\"second\">Bogdan Rzonca, az infrastruktur\u00e1lis bizotts\u00e1g eln\u00f6ke hangs\u00falyozta, hogy j\u00f3 k\u00f6z\u00fati \u00e9s vas\u00fati infrastrukt\u00fara n\u00e9lk\u00fcl nincsenek j\u00f3 gazdas\u00e1gi kapcsolatok.<\/p>\n<blockquote><p>-\u00a0<strong>Lengyelorsz\u00e1g \u00e9s Ukrajna k\u00f6z\u00f6tt t\u00f6bb hat\u00e1r\u00e1tkel\u0151hely is van, de nincs el\u00e9g bel\u0151l\u00fck, \u00e9s minden bizonnyal lehets\u00e9ges lenne egy \u00fajabb hat\u00e1r\u00e1tkel\u0151hely ki\u00e9p\u00edt\u00e9se Malhowice-Nizankowic\u00e9ben. Mind a lengyel, mind az ukr\u00e1n f\u00e9l t\u00e1mogatja ezt az \u00e1tkel\u0151t. A k\u00e9t miniszter jelenl\u00e9te a bizotts\u00e1gban azt bizony\u00edtja, hogy nem hi\u00e1ba akarunk fellebbez\u00e9sekr\u0151l vagy nyilatkozatokr\u00f3l besz\u00e9lni, hanem arr\u00f3l, hogy meg kell \u00e9p\u00edteni ezt az \u00e1tkel\u0151t.<\/strong>\u00a0- tette hozz\u00e1.<\/p><\/blockquote>\n<p>R\u00e1mutatott, hogy a tervezett \u00e1tkel\u0151 egyetlen \u00e9p\u00fcletb\u0151l \u00e1llna, ahol a k\u00e9t orsz\u00e1g hat\u00e1rszolg\u00e1latai egy\u00fcttesen ellen\u0151rizn\u00e9k az utaz\u00f3kat.<\/p>\n<p>\"Ez jelent\u0151sen cs\u00f6kkenteni fogja az \u00e1tkel\u0151 \u00e9p\u00edt\u00e9s\u00e9nek k\u00f6lts\u00e9geit, \u00e9s mindk\u00e9t oldalon egyet\u00e9rt\u00e9s van\" - mondta Rzonca. K\u00e9r\u00e9s\u00e9re a bizotts\u00e1g a minisztereln\u00f6knek c\u00edmzett, a minisztereln\u00f6kh\u00f6z int\u00e9zett ellenvet\u00e9st is elfogadott, amelyben a Kijev-Wroc\u0142aw-Dresden-P\u00e1rizs k\u00f6z\u00f6tti vas\u00fati \u00f6sszek\u00f6ttet\u00e9s gazdas\u00e1gi elemz\u00e9s\u00e9t k\u00e9ri.<\/p>\n<p>Ma\u0142gorzata Waksmundzka-Szarek, a Podkarpackie vajda sz\u00f3viv\u0151je szerint jelenleg az \u00e1tkel\u0151 funkcion\u00e1lis-hasznos\u00edt\u00e1si programj\u00e1nak kidolgoz\u00e1sa folyik, a m\u0171szaki dokument\u00e1ci\u00f3t pedig 2017-ben dolgozz\u00e1k ki.<\/p>\n<p>A sz\u00f3viv\u0151 megjegyezte, hogy az \u00e1tkel\u0151 l\u00e9trehoz\u00e1s\u00e1hoz az ukr\u00e1n oldalon jav\u00edtani kell a k\u00f6z\u00fati infrastrukt\u00far\u00e1t. Ha ez megt\u00f6rt\u00e9nik, az \u00e1tkel\u0151 2019-re meg\u00e9p\u00fclhet.<\/p>\n<p>&nbsp;<\/p>\n<p>Andrzej Adamczyk infrastruktur\u00e1lis \u00e9s \u00e9p\u00edt\u00e9s\u00fcgyi miniszter, aki a bizotts\u00e1gi \u00fcl\u00e9s megkezd\u00e9se el\u0151tt besz\u00e9lt ukr\u00e1n koll\u00e9g\u00e1j\u00e1val, Volodimir Omelannal, elmondta, hogy a megbesz\u00e9l\u00e9sen t\u00f6bbek k\u00f6z\u00f6tt sz\u00f3 volt a vas\u00fati k\u00f6zleked\u00e9s fejleszt\u00e9s\u00e9nek lehet\u0151s\u00e9g\u00e9r\u0151l a Przemy\u015bl-Lviv \u00fatvonalon.<\/p>\n<blockquote><p>-\u00a0<strong>Lehet\u0151s\u00e9g van arra, hogy a kapcsolatot a vas\u00fati forg\u00f3v\u00e1zak ford\u00edt\u00e1sa n\u00e9lk\u00fcl futtassuk (a tengelyt\u00e1v miatt). Err\u0151l fogunk besz\u00e9lni. Ezt a kapcsolatot a Przemy\u015blb\u0151l belf\u00f6ldre k\u00f6zleked\u0151 vonatokkal k\u00edv\u00e1njuk \u00f6sszekapcsolni.<\/strong>\u00a0- tette hozz\u00e1.<\/p><\/blockquote>\n<p>A miniszter megjegyezte, hogy \u0151 \u00e9s Omelan meg\u00e1llapodtak abban, hogy egy lengyel-ukr\u00e1n csoport december k\u00f6zep\u00e9n megkezdi munk\u00e1j\u00e1t, hogy megold\u00e1sokat keressen a vas\u00fati k\u00f6zleked\u00e9sben.<\/p>\n<p>A Kijev-Wroc\u0142aw-Dresden-P\u00e1rizs \u00f6sszek\u00f6ttet\u00e9s elind\u00edt\u00e1s\u00e1nak \u00f6tlet\u00e9vel kapcsolatban Adamczyk hangs\u00falyozta, hogy el\u0151sz\u00f6r gazdas\u00e1gi elemz\u00e9seket kell v\u00e9gezni.<\/p>\n<blockquote><p>-\u00a0<strong>Ezt a k\u00e9rd\u00e9st a lengyel-ukr\u00e1n csoport fogja megvitatni, amelyet decemberben hozunk l\u00e9tre. Azt a lehet\u0151s\u00e9get is figyelembe vessz\u00fck, hogy a Kijev-Przemy\u015bl \u00f6sszek\u00f6ttet\u00e9s sz\u00e9les v\u00e1g\u00e1nyon fog futni, \u00e9s a k\u00e9s\u0151bbiekben Przemy\u015blb\u0151l is lesznek \u00f6sszek\u00f6ttet\u00e9sek.<\/strong>\u00a0- tette hozz\u00e1 az infrastruktur\u00e1lis miniszt\u00e9rium vezet\u0151je.<\/p><\/blockquote>\n<p>A bizotts\u00e1g \u00fcl\u00e9s\u00e9n r\u00e9szt vettek az ukr\u00e1n parlament (Verhovna Rada) infrastruktur\u00e1lis bizotts\u00e1g\u00e1nak k\u00e9pvisel\u0151i is.<\/p>\n<p><a href=\"https:\/\/marekkuchcinski.pl\/wp-content\/uploads\/2016\/11\/Zrzut-ekranu-2016-12-16-o-13.36.26.jpg\"><img fetchpriority=\"high\" decoding=\"async\" class=\"alignnone size-full wp-image-4885\" src=\"https:\/\/marekkuchcinski.pl\/wp-content\/uploads\/2016\/11\/Zrzut-ekranu-2016-12-16-o-13.36.26.jpg\" alt=\"zrzut-ekranu-2016-12-16-o-13-36-26\" width=\"1901\" height=\"1269\" srcset=\"https:\/\/marekkuchcinski.pl\/wp-content\/uploads\/2016\/11\/Zrzut-ekranu-2016-12-16-o-13.36.26.jpg 1901w, https:\/\/marekkuchcinski.pl\/wp-content\/uploads\/2016\/11\/Zrzut-ekranu-2016-12-16-o-13.36.26-300x200.jpg 300w, https:\/\/marekkuchcinski.pl\/wp-content\/uploads\/2016\/11\/Zrzut-ekranu-2016-12-16-o-13.36.26-768x513.jpg 768w, https:\/\/marekkuchcinski.pl\/wp-content\/uploads\/2016\/11\/Zrzut-ekranu-2016-12-16-o-13.36.26-1024x684.jpg 1024w\" sizes=\"(max-width: 1901px) 100vw, 1901px\" \/><\/a><\/p>\n<p><em><strong>PAP<\/strong><\/em><\/p>\n<\/div>\n<\/div>\n<div class=\"related\"><\/div>","protected":false},"excerpt":{"rendered":"<p>Z udzia\u0142em ministr\u00f3w infrastruktury Polski i Ukrainy oraz marsza\u0142ka Sejmu Marka Kuchci\u0144skiego odby\u0142o si\u0119 w Krasiczynie (Podkarpackie) wyjazdowe posiedzenie sejmowej komisji infrastruktury. Na spotkaniu rozmawiano m.in. o budowie przej\u015bcia granicznego Malhowice-Ni\u017cankowice. Marsza\u0142ek Sejmu Marek Kuchci\u0144ski zapewnia\u0142, \u017ce cieszy si\u0119 z inicjatywy wybudowania nowego przej\u015bcia granicznego z Ukrain\u0105. \u2013 Jest to sprawa, kt\u00f3ra powinna \u0142\u0105czy\u0107 ca\u0142\u0105 [&hellip;]<\/p>\n","protected":false},"author":6,"featured_media":4612,"comment_status":"open","ping_status":"open","sticky":false,"template":"","format":"standard","meta":{"ngg_post_thumbnail":0,"footnotes":""},"categories":[49,82,50,3],"tags":[],"class_list":["post-4611","post","type-post","status-publish","format-standard","has-post-thumbnail","hentry","category-podkarpacie","category-prawo-i-sprawiedliwosc","category-wspolpraca-miedzynarodowa","category-wydarzenia"],"_links":{"self":[{"href":"https:\/\/marekkuchcinski.pl\/hu\/wp-json\/wp\/v2\/posts\/4611","targetHints":{"allow":["GET"]}}],"collection":[{"href":"https:\/\/marekkuchcinski.pl\/hu\/wp-json\/wp\/v2\/posts"}],"about":[{"href":"https:\/\/marekkuchcinski.pl\/hu\/wp-json\/wp\/v2\/types\/post"}],"author":[{"embeddable":true,"href":"https:\/\/marekkuchcinski.pl\/hu\/wp-json\/wp\/v2\/users\/6"}],"replies":[{"embeddable":true,"href":"https:\/\/marekkuchcinski.pl\/hu\/wp-json\/wp\/v2\/comments?post=4611"}],"version-history":[{"count":4,"href":"https:\/\/marekkuchcinski.pl\/hu\/wp-json\/wp\/v2\/posts\/4611\/revisions"}],"predecessor-version":[{"id":4887,"href":"https:\/\/marekkuchcinski.pl\/hu\/wp-json\/wp\/v2\/posts\/4611\/revisions\/4887"}],"wp:featuredmedia":[{"embeddable":true,"href":"https:\/\/marekkuchcinski.pl\/hu\/wp-json\/wp\/v2\/media\/4612"}],"wp:attachment":[{"href":"https:\/\/marekkuchcinski.pl\/hu\/wp-json\/wp\/v2\/media?parent=4611"}],"wp:term":[{"taxonomy":"category","embeddable":true,"href":"https:\/\/marekkuchcinski.pl\/hu\/wp-json\/wp\/v2\/categories?post=4611"},{"taxonomy":"post_tag","embeddable":true,"href":"https:\/\/marekkuchcinski.pl\/hu\/wp-json\/wp\/v2\/tags?post=4611"}],"curies":[{"name":"wp","href":"https:\/\/api.w.org\/{rel}","templated":true}]}}