{"id":4559,"date":"2018-11-16T13:54:42","date_gmt":"2018-11-16T12:54:42","guid":{"rendered":"https:\/\/marekkuchcinski.pl\/?p=4559"},"modified":"2019-04-21T19:57:08","modified_gmt":"2019-04-21T17:57:08","slug":"notyfikacja-panstwa-polskiego","status":"publish","type":"post","link":"https:\/\/marekkuchcinski.pl\/hu\/wazne-daty\/notyfikacja-panstwa-polskiego\/","title":{"rendered":"A lengyel \u00e1llam \u00e9rtes\u00edt\u00e9se"},"content":{"rendered":"<p>November 16-\u00e1n J\u00f3zef Pi\u0142sudski t\u00e1viratot k\u00fcld\u00f6tt az Egyes\u00fclt \u00c1llamok eln\u00f6k\u00e9nek, Nagy-Britannia, Franciaorsz\u00e1g, Olaszorsz\u00e1g, Jap\u00e1n \u00e9s N\u00e9metorsz\u00e1g korm\u00e1ny\u00e1nak, valamint a h\u00e1bor\u00faban r\u00e9szt vev\u0151 \u00e9s semleges orsz\u00e1gok korm\u00e1nyainak, amelyben bejelentette a lengyel \u00e1llam l\u00e9tez\u00e9s\u00e9t.<\/p>\n<p><strong><a href=\"https:\/\/marekkuchcinski.pl\/wp-content\/uploads\/2016\/11\/0003NDLJDWIVTH0H-C116-F4.jpg\"><img fetchpriority=\"high\" decoding=\"async\" class=\"alignnone size-full wp-image-4561\" src=\"https:\/\/marekkuchcinski.pl\/wp-content\/uploads\/2016\/11\/0003NDLJDWIVTH0H-C116-F4.jpg\" alt=\"0003ndljdwivth0h-c116-f4\" width=\"625\" height=\"398\" srcset=\"https:\/\/marekkuchcinski.pl\/wp-content\/uploads\/2016\/11\/0003NDLJDWIVTH0H-C116-F4.jpg 625w, https:\/\/marekkuchcinski.pl\/wp-content\/uploads\/2016\/11\/0003NDLJDWIVTH0H-C116-F4-300x191.jpg 300w\" sizes=\"(max-width: 625px) 100vw, 625px\" \/><\/a>\"<\/strong>Mint a lengyel hadsereg f\u0151parancsnoka, szeretn\u00e9m \u00e9rtes\u00edteni a korm\u00e1nyokat \u00e9s nemzeteket, mind a katonai, mind a semleges \u00e1llamokat, hogy l\u00e9tezik egy f\u00fcggetlen lengyel \u00e1llam, amely mag\u00e1ban foglalja az egyes\u00fclt Lengyelorsz\u00e1g \u00f6sszes ter\u00fclet\u00e9t. A lengyelorsz\u00e1gi politikai helyzet \u00e9s a megsz\u00e1ll\u00e1s ig\u00e1ja m\u00e9g nem tette lehet\u0151v\u00e9, hogy a lengyel nemzet szabadon v\u00e9lem\u00e9nyt nyilv\u00e1n\u00edtson sors\u00e1r\u00f3l. A sz\u00f6vets\u00e9ges hadseregek nagyszer\u0171 gy\u0151zelmei nyom\u00e1n bek\u00f6vetkezett v\u00e1ltoz\u00e1soknak k\u00f6sz\u00f6nhet\u0151en Lengyelorsz\u00e1g f\u00fcggetlens\u00e9g\u00e9nek \u00e9s szuverenit\u00e1s\u00e1nak helyre\u00e1ll\u00edt\u00e1sa m\u00e1ra megval\u00f3sult t\u00e9ny.<\/p>\n<p>A lengyel \u00e1llamot az eg\u00e9sz nemzet akarat\u00e1b\u00f3l hozz\u00e1k l\u00e9tre, \u00e9s demokratikus alapokon nyugszik. A lengyel korm\u00e1ny az er\u0151szak uralm\u00e1t, amely sz\u00e1znegyven \u00e9ven \u00e1t terhelte Lengyelorsz\u00e1g sors\u00e1t, egy rendre \u00e9s igazs\u00e1goss\u00e1gra \u00e9p\u00fcl\u0151 rendszerrel fogja felv\u00e1ltani. A parancsnoks\u00e1gom alatt \u00e1ll\u00f3 lengyel hadseregre t\u00e1maszkodva rem\u00e9lem, hogy ezent\u00fal egyetlen idegen hadsereg sem l\u00e9p be Lengyelorsz\u00e1gba, miel\u0151tt hivatalosan kifejezn\u00e9nk akaratunkat ebben a k\u00e9rd\u00e9sben. Meggy\u0151z\u0151d\u00e9sem, hogy a Nyugat hatalmas demokr\u00e1ci\u00e1i seg\u00edts\u00e9get \u00e9s testv\u00e9ri t\u00e1mogat\u00e1st fognak ny\u00fajtani az \u00fajj\u00e1sz\u00fcletett \u00e9s f\u00fcggetlen Lengyel K\u00f6zt\u00e1rsas\u00e1gnak.<\/p>\n<p>&nbsp;<\/p>\n\n\n<figure class=\"wp-block-image\"><img decoding=\"async\" width=\"625\" height=\"398\" src=\"https:\/\/marekkuchcinski.pl\/wp-content\/uploads\/2019\/04\/pils.jpg\" alt=\"\" class=\"wp-image-15000\" srcset=\"https:\/\/marekkuchcinski.pl\/wp-content\/uploads\/2019\/04\/pils.jpg 625w, https:\/\/marekkuchcinski.pl\/wp-content\/uploads\/2019\/04\/pils-300x191.jpg 300w\" sizes=\"(max-width: 625px) 100vw, 625px\" \/><\/figure>","protected":false},"excerpt":{"rendered":"<p>16 listopada J\u00f3zef Pi\u0142sudski wystosowa\u0142 do prezydenta Stan\u00f3w Zjednoczonych oraz rz\u0105d\u00f3w: brytyjskiego, francuskiego, w\u0142oskiego, japo\u0144skiego i&nbsp;niemieckiego oraz do rz\u0105d\u00f3w wszystkich pa\u0144stw uczestnicz\u0105cych w&nbsp;wojnie i&nbsp;neutralnych telegram, w&nbsp;kt\u00f3rym poinformowa\u0142 o&nbsp;istnieniu Pa\u0144stwa Polskiego. \u201eJako W\u00f3dz Naczelny Armii Polskiej pragn\u0119 notyfikowa\u0107 rz\u0105dom i&nbsp;narodom wojuj\u0105cym i&nbsp;neutralnym istnienie Pa\u0144stwa Polskiego Niepodleg\u0142ego, obejmuj\u0105cego wszystkie ziemie zjednoczonej Polski. Sytuacja polityczna w&nbsp;Polsce i&nbsp;jarzmo okupacji [&hellip;]<\/p>","protected":false},"author":6,"featured_media":0,"comment_status":"open","ping_status":"open","sticky":false,"template":"","format":"standard","meta":{"ngg_post_thumbnail":0,"footnotes":""},"categories":[77,3],"tags":[],"class_list":["post-4559","post","type-post","status-publish","format-standard","hentry","category-wazne-daty","category-wydarzenia"],"yoast_head":"<!-- This site is optimized with the Yoast SEO plugin v24.7 - https:\/\/yoast.com\/wordpress\/plugins\/seo\/ -->\n<title>Notyfikacja Pa\u0144stwa Polskiego &#8211; Marek Kuchci\u0144ski<\/title>\n<meta name=\"robots\" content=\"index, follow, max-snippet:-1, max-image-preview:large, max-video-preview:-1\" \/>\n<link rel=\"canonical\" href=\"https:\/\/marekkuchcinski.pl\/hu\/wazne-daty\/notyfikacja-panstwa-polskiego\/\" \/>\n<meta property=\"og:locale\" content=\"hu_HU\" \/>\n<meta property=\"og:type\" content=\"article\" \/>\n<meta property=\"og:title\" content=\"Notyfikacja Pa\u0144stwa Polskiego &#8211; Marek Kuchci\u0144ski\" \/>\n<meta property=\"og:description\" content=\"16 listopada J\u00f3zef Pi\u0142sudski wystosowa\u0142 do prezydenta Stan\u00f3w Zjednoczonych oraz rz\u0105d\u00f3w: brytyjskiego, francuskiego, w\u0142oskiego, japo\u0144skiego i&nbsp;niemieckiego oraz do rz\u0105d\u00f3w wszystkich pa\u0144stw uczestnicz\u0105cych w&nbsp;wojnie i&nbsp;neutralnych telegram, w&nbsp;kt\u00f3rym poinformowa\u0142 o&nbsp;istnieniu Pa\u0144stwa Polskiego. \u201eJako W\u00f3dz Naczelny Armii Polskiej pragn\u0119 notyfikowa\u0107 rz\u0105dom i&nbsp;narodom wojuj\u0105cym i&nbsp;neutralnym istnienie Pa\u0144stwa Polskiego Niepodleg\u0142ego, obejmuj\u0105cego wszystkie ziemie zjednoczonej Polski. Sytuacja polityczna w&nbsp;Polsce i&nbsp;jarzmo okupacji [&hellip;]\" \/>\n<meta property=\"og:url\" content=\"https:\/\/marekkuchcinski.pl\/hu\/wazne-daty\/notyfikacja-panstwa-polskiego\/\" \/>\n<meta property=\"og:site_name\" content=\"Marek Kuchci\u0144ski\" \/>\n<meta property=\"article:published_time\" content=\"2018-11-16T12:54:42+00:00\" \/>\n<meta property=\"article:modified_time\" content=\"2019-04-21T17:57:08+00:00\" \/>\n<meta property=\"og:image\" content=\"https:\/\/marekkuchcinski.pl\/wp-content\/uploads\/2016\/11\/0003NDLJDWIVTH0H-C116-F4.jpg\" \/>\n<meta name=\"author\" content=\"admin\" \/>\n<meta name=\"twitter:card\" content=\"summary_large_image\" \/>\n<meta name=\"twitter:label1\" content=\"Szerz\u0151:\" \/>\n\t<meta name=\"twitter:data1\" content=\"admin\" \/>\n\t<meta name=\"twitter:label2\" content=\"Becs\u00fclt olvas\u00e1si id\u0151\" \/>\n\t<meta name=\"twitter:data2\" content=\"1 perc\" \/>\n<script type=\"application\/ld+json\" class=\"yoast-schema-graph\">{\"@context\":\"https:\/\/schema.org\",\"@graph\":[{\"@type\":\"Article\",\"@id\":\"https:\/\/marekkuchcinski.pl\/ro\/wazne-daty\/notyfikacja-panstwa-polskiego\/#article\",\"isPartOf\":{\"@id\":\"https:\/\/marekkuchcinski.pl\/ro\/wazne-daty\/notyfikacja-panstwa-polskiego\/\"},\"author\":{\"name\":\"admin\",\"@id\":\"https:\/\/marekkuchcinski.pl\/#\/schema\/person\/6f62700996b4d950b6ea2d1183b6c6be\"},\"headline\":\"Notyfikacja Pa\u0144stwa Polskiego\",\"datePublished\":\"2018-11-16T12:54:42+00:00\",\"dateModified\":\"2019-04-21T17:57:08+00:00\",\"mainEntityOfPage\":{\"@id\":\"https:\/\/marekkuchcinski.pl\/ro\/wazne-daty\/notyfikacja-panstwa-polskiego\/\"},\"wordCount\":242,\"commentCount\":0,\"publisher\":{\"@id\":\"https:\/\/marekkuchcinski.pl\/#organization\"},\"image\":{\"@id\":\"https:\/\/marekkuchcinski.pl\/ro\/wazne-daty\/notyfikacja-panstwa-polskiego\/#primaryimage\"},\"thumbnailUrl\":\"https:\/\/marekkuchcinski.pl\/wp-content\/uploads\/2016\/11\/0003NDLJDWIVTH0H-C116-F4.jpg\",\"articleSection\":[\"Wa\u017cne daty\",\"Wydarzenia\"],\"inLanguage\":\"hu\",\"potentialAction\":[{\"@type\":\"CommentAction\",\"name\":\"Comment\",\"target\":[\"https:\/\/marekkuchcinski.pl\/ro\/wazne-daty\/notyfikacja-panstwa-polskiego\/#respond\"]}]},{\"@type\":\"WebPage\",\"@id\":\"https:\/\/marekkuchcinski.pl\/ro\/wazne-daty\/notyfikacja-panstwa-polskiego\/\",\"url\":\"https:\/\/marekkuchcinski.pl\/ro\/wazne-daty\/notyfikacja-panstwa-polskiego\/\",\"name\":\"Notyfikacja Pa\u0144stwa Polskiego &#8211; Marek Kuchci\u0144ski\",\"isPartOf\":{\"@id\":\"https:\/\/marekkuchcinski.pl\/#website\"},\"primaryImageOfPage\":{\"@id\":\"https:\/\/marekkuchcinski.pl\/ro\/wazne-daty\/notyfikacja-panstwa-polskiego\/#primaryimage\"},\"image\":{\"@id\":\"https:\/\/marekkuchcinski.pl\/ro\/wazne-daty\/notyfikacja-panstwa-polskiego\/#primaryimage\"},\"thumbnailUrl\":\"https:\/\/marekkuchcinski.pl\/wp-content\/uploads\/2016\/11\/0003NDLJDWIVTH0H-C116-F4.jpg\",\"datePublished\":\"2018-11-16T12:54:42+00:00\",\"dateModified\":\"2019-04-21T17:57:08+00:00\",\"breadcrumb\":{\"@id\":\"https:\/\/marekkuchcinski.pl\/ro\/wazne-daty\/notyfikacja-panstwa-polskiego\/#breadcrumb\"},\"inLanguage\":\"hu\",\"potentialAction\":[{\"@type\":\"ReadAction\",\"target\":[\"https:\/\/marekkuchcinski.pl\/ro\/wazne-daty\/notyfikacja-panstwa-polskiego\/\"]}]},{\"@type\":\"ImageObject\",\"inLanguage\":\"hu\",\"@id\":\"https:\/\/marekkuchcinski.pl\/ro\/wazne-daty\/notyfikacja-panstwa-polskiego\/#primaryimage\",\"url\":\"https:\/\/marekkuchcinski.pl\/wp-content\/uploads\/2016\/11\/0003NDLJDWIVTH0H-C116-F4.jpg\",\"contentUrl\":\"https:\/\/marekkuchcinski.pl\/wp-content\/uploads\/2016\/11\/0003NDLJDWIVTH0H-C116-F4.jpg\"},{\"@type\":\"BreadcrumbList\",\"@id\":\"https:\/\/marekkuchcinski.pl\/ro\/wazne-daty\/notyfikacja-panstwa-polskiego\/#breadcrumb\",\"itemListElement\":[{\"@type\":\"ListItem\",\"position\":1,\"name\":\"Strona g\u0142\u00f3wna\",\"item\":\"https:\/\/marekkuchcinski.pl\/\"},{\"@type\":\"ListItem\",\"position\":2,\"name\":\"Notyfikacja Pa\u0144stwa Polskiego\"}]},{\"@type\":\"WebSite\",\"@id\":\"https:\/\/marekkuchcinski.pl\/#website\",\"url\":\"https:\/\/marekkuchcinski.pl\/\",\"name\":\"Marek Kuchci\u0144ski\",\"description\":\"Pose\u0142 na sejm RP &ndash; okr\u0119g nr 22\",\"publisher\":{\"@id\":\"https:\/\/marekkuchcinski.pl\/#organization\"},\"potentialAction\":[{\"@type\":\"SearchAction\",\"target\":{\"@type\":\"EntryPoint\",\"urlTemplate\":\"https:\/\/marekkuchcinski.pl\/?s={search_term_string}\"},\"query-input\":{\"@type\":\"PropertyValueSpecification\",\"valueRequired\":true,\"valueName\":\"search_term_string\"}}],\"inLanguage\":\"hu\"},{\"@type\":\"Organization\",\"@id\":\"https:\/\/marekkuchcinski.pl\/#organization\",\"name\":\"Marek Kuchci\u0144ski\",\"url\":\"https:\/\/marekkuchcinski.pl\/\",\"logo\":{\"@type\":\"ImageObject\",\"inLanguage\":\"hu\",\"@id\":\"https:\/\/marekkuchcinski.pl\/#\/schema\/logo\/image\/\",\"url\":\"https:\/\/marekkuchcinski.pl\/wp-content\/uploads\/2022\/09\/Marek.jpg\",\"contentUrl\":\"https:\/\/marekkuchcinski.pl\/wp-content\/uploads\/2022\/09\/Marek.jpg\",\"width\":1600,\"height\":971,\"caption\":\"Marek Kuchci\u0144ski\"},\"image\":{\"@id\":\"https:\/\/marekkuchcinski.pl\/#\/schema\/logo\/image\/\"}},{\"@type\":\"Person\",\"@id\":\"https:\/\/marekkuchcinski.pl\/#\/schema\/person\/6f62700996b4d950b6ea2d1183b6c6be\",\"name\":\"admin\",\"image\":{\"@type\":\"ImageObject\",\"inLanguage\":\"hu\",\"@id\":\"https:\/\/marekkuchcinski.pl\/#\/schema\/person\/image\/\",\"url\":\"https:\/\/secure.gravatar.com\/avatar\/4bab693b9d55c3d6b52c0296a8765085?s=96&d=mm&r=g\",\"contentUrl\":\"https:\/\/secure.gravatar.com\/avatar\/4bab693b9d55c3d6b52c0296a8765085?s=96&d=mm&r=g\",\"caption\":\"admin\"},\"url\":\"https:\/\/marekkuchcinski.pl\/hu\/author\/marta-olejnik\/\"}]}<\/script>\n<!-- \/ Yoast SEO plugin. -->","yoast_head_json":{"title":"Notyfikacja Pa\u0144stwa Polskiego &#8211; Marek Kuchci\u0144ski","robots":{"index":"index","follow":"follow","max-snippet":"max-snippet:-1","max-image-preview":"max-image-preview:large","max-video-preview":"max-video-preview:-1"},"canonical":"https:\/\/marekkuchcinski.pl\/hu\/wazne-daty\/notyfikacja-panstwa-polskiego\/","og_locale":"hu_HU","og_type":"article","og_title":"Notyfikacja Pa\u0144stwa Polskiego &#8211; Marek Kuchci\u0144ski","og_description":"16 listopada J\u00f3zef Pi\u0142sudski wystosowa\u0142 do prezydenta Stan\u00f3w Zjednoczonych oraz rz\u0105d\u00f3w: brytyjskiego, francuskiego, w\u0142oskiego, japo\u0144skiego i&nbsp;niemieckiego oraz do rz\u0105d\u00f3w wszystkich pa\u0144stw uczestnicz\u0105cych w&nbsp;wojnie i&nbsp;neutralnych telegram, w&nbsp;kt\u00f3rym poinformowa\u0142 o&nbsp;istnieniu Pa\u0144stwa Polskiego. \u201eJako W\u00f3dz Naczelny Armii Polskiej pragn\u0119 notyfikowa\u0107 rz\u0105dom i&nbsp;narodom wojuj\u0105cym i&nbsp;neutralnym istnienie Pa\u0144stwa Polskiego Niepodleg\u0142ego, obejmuj\u0105cego wszystkie ziemie zjednoczonej Polski. Sytuacja polityczna w&nbsp;Polsce i&nbsp;jarzmo okupacji [&hellip;]","og_url":"https:\/\/marekkuchcinski.pl\/hu\/wazne-daty\/notyfikacja-panstwa-polskiego\/","og_site_name":"Marek Kuchci\u0144ski","article_published_time":"2018-11-16T12:54:42+00:00","article_modified_time":"2019-04-21T17:57:08+00:00","og_image":[{"url":"https:\/\/marekkuchcinski.pl\/wp-content\/uploads\/2016\/11\/0003NDLJDWIVTH0H-C116-F4.jpg","type":"","width":"","height":""}],"author":"admin","twitter_card":"summary_large_image","twitter_misc":{"Szerz\u0151:":"admin","Becs\u00fclt olvas\u00e1si id\u0151":"1 perc"},"schema":{"@context":"https:\/\/schema.org","@graph":[{"@type":"Article","@id":"https:\/\/marekkuchcinski.pl\/ro\/wazne-daty\/notyfikacja-panstwa-polskiego\/#article","isPartOf":{"@id":"https:\/\/marekkuchcinski.pl\/ro\/wazne-daty\/notyfikacja-panstwa-polskiego\/"},"author":{"name":"admin","@id":"https:\/\/marekkuchcinski.pl\/#\/schema\/person\/6f62700996b4d950b6ea2d1183b6c6be"},"headline":"Notyfikacja Pa\u0144stwa Polskiego","datePublished":"2018-11-16T12:54:42+00:00","dateModified":"2019-04-21T17:57:08+00:00","mainEntityOfPage":{"@id":"https:\/\/marekkuchcinski.pl\/ro\/wazne-daty\/notyfikacja-panstwa-polskiego\/"},"wordCount":242,"commentCount":0,"publisher":{"@id":"https:\/\/marekkuchcinski.pl\/#organization"},"image":{"@id":"https:\/\/marekkuchcinski.pl\/ro\/wazne-daty\/notyfikacja-panstwa-polskiego\/#primaryimage"},"thumbnailUrl":"https:\/\/marekkuchcinski.pl\/wp-content\/uploads\/2016\/11\/0003NDLJDWIVTH0H-C116-F4.jpg","articleSection":["Wa\u017cne daty","Wydarzenia"],"inLanguage":"hu","potentialAction":[{"@type":"CommentAction","name":"Comment","target":["https:\/\/marekkuchcinski.pl\/ro\/wazne-daty\/notyfikacja-panstwa-polskiego\/#respond"]}]},{"@type":"WebPage","@id":"https:\/\/marekkuchcinski.pl\/ro\/wazne-daty\/notyfikacja-panstwa-polskiego\/","url":"https:\/\/marekkuchcinski.pl\/ro\/wazne-daty\/notyfikacja-panstwa-polskiego\/","name":"Notyfikacja Pa\u0144stwa Polskiego &#8211; Marek Kuchci\u0144ski","isPartOf":{"@id":"https:\/\/marekkuchcinski.pl\/#website"},"primaryImageOfPage":{"@id":"https:\/\/marekkuchcinski.pl\/ro\/wazne-daty\/notyfikacja-panstwa-polskiego\/#primaryimage"},"image":{"@id":"https:\/\/marekkuchcinski.pl\/ro\/wazne-daty\/notyfikacja-panstwa-polskiego\/#primaryimage"},"thumbnailUrl":"https:\/\/marekkuchcinski.pl\/wp-content\/uploads\/2016\/11\/0003NDLJDWIVTH0H-C116-F4.jpg","datePublished":"2018-11-16T12:54:42+00:00","dateModified":"2019-04-21T17:57:08+00:00","breadcrumb":{"@id":"https:\/\/marekkuchcinski.pl\/ro\/wazne-daty\/notyfikacja-panstwa-polskiego\/#breadcrumb"},"inLanguage":"hu","potentialAction":[{"@type":"ReadAction","target":["https:\/\/marekkuchcinski.pl\/ro\/wazne-daty\/notyfikacja-panstwa-polskiego\/"]}]},{"@type":"ImageObject","inLanguage":"hu","@id":"https:\/\/marekkuchcinski.pl\/ro\/wazne-daty\/notyfikacja-panstwa-polskiego\/#primaryimage","url":"https:\/\/marekkuchcinski.pl\/wp-content\/uploads\/2016\/11\/0003NDLJDWIVTH0H-C116-F4.jpg","contentUrl":"https:\/\/marekkuchcinski.pl\/wp-content\/uploads\/2016\/11\/0003NDLJDWIVTH0H-C116-F4.jpg"},{"@type":"BreadcrumbList","@id":"https:\/\/marekkuchcinski.pl\/ro\/wazne-daty\/notyfikacja-panstwa-polskiego\/#breadcrumb","itemListElement":[{"@type":"ListItem","position":1,"name":"Strona g\u0142\u00f3wna","item":"https:\/\/marekkuchcinski.pl\/"},{"@type":"ListItem","position":2,"name":"Notyfikacja Pa\u0144stwa Polskiego"}]},{"@type":"WebSite","@id":"https:\/\/marekkuchcinski.pl\/#website","url":"https:\/\/marekkuchcinski.pl\/","name":"Marek Kuchci\u0144ski","description":"Pose\u0142 na sejm RP &ndash; okr\u0119g nr 22","publisher":{"@id":"https:\/\/marekkuchcinski.pl\/#organization"},"potentialAction":[{"@type":"SearchAction","target":{"@type":"EntryPoint","urlTemplate":"https:\/\/marekkuchcinski.pl\/?s={search_term_string}"},"query-input":{"@type":"PropertyValueSpecification","valueRequired":true,"valueName":"search_term_string"}}],"inLanguage":"hu"},{"@type":"Organization","@id":"https:\/\/marekkuchcinski.pl\/#organization","name":"Marek Kuchci\u0144ski","url":"https:\/\/marekkuchcinski.pl\/","logo":{"@type":"ImageObject","inLanguage":"hu","@id":"https:\/\/marekkuchcinski.pl\/#\/schema\/logo\/image\/","url":"https:\/\/marekkuchcinski.pl\/wp-content\/uploads\/2022\/09\/Marek.jpg","contentUrl":"https:\/\/marekkuchcinski.pl\/wp-content\/uploads\/2022\/09\/Marek.jpg","width":1600,"height":971,"caption":"Marek Kuchci\u0144ski"},"image":{"@id":"https:\/\/marekkuchcinski.pl\/#\/schema\/logo\/image\/"}},{"@type":"Person","@id":"https:\/\/marekkuchcinski.pl\/#\/schema\/person\/6f62700996b4d950b6ea2d1183b6c6be","name":"admin","image":{"@type":"ImageObject","inLanguage":"hu","@id":"https:\/\/marekkuchcinski.pl\/#\/schema\/person\/image\/","url":"https:\/\/secure.gravatar.com\/avatar\/4bab693b9d55c3d6b52c0296a8765085?s=96&d=mm&r=g","contentUrl":"https:\/\/secure.gravatar.com\/avatar\/4bab693b9d55c3d6b52c0296a8765085?s=96&d=mm&r=g","caption":"admin"},"url":"https:\/\/marekkuchcinski.pl\/hu\/author\/marta-olejnik\/"}]}},"_links":{"self":[{"href":"https:\/\/marekkuchcinski.pl\/hu\/wp-json\/wp\/v2\/posts\/4559","targetHints":{"allow":["GET"]}}],"collection":[{"href":"https:\/\/marekkuchcinski.pl\/hu\/wp-json\/wp\/v2\/posts"}],"about":[{"href":"https:\/\/marekkuchcinski.pl\/hu\/wp-json\/wp\/v2\/types\/post"}],"author":[{"embeddable":true,"href":"https:\/\/marekkuchcinski.pl\/hu\/wp-json\/wp\/v2\/users\/6"}],"replies":[{"embeddable":true,"href":"https:\/\/marekkuchcinski.pl\/hu\/wp-json\/wp\/v2\/comments?post=4559"}],"version-history":[{"count":2,"href":"https:\/\/marekkuchcinski.pl\/hu\/wp-json\/wp\/v2\/posts\/4559\/revisions"}],"predecessor-version":[{"id":15001,"href":"https:\/\/marekkuchcinski.pl\/hu\/wp-json\/wp\/v2\/posts\/4559\/revisions\/15001"}],"wp:attachment":[{"href":"https:\/\/marekkuchcinski.pl\/hu\/wp-json\/wp\/v2\/media?parent=4559"}],"wp:term":[{"taxonomy":"category","embeddable":true,"href":"https:\/\/marekkuchcinski.pl\/hu\/wp-json\/wp\/v2\/categories?post=4559"},{"taxonomy":"post_tag","embeddable":true,"href":"https:\/\/marekkuchcinski.pl\/hu\/wp-json\/wp\/v2\/tags?post=4559"}],"curies":[{"name":"wp","href":"https:\/\/api.w.org\/{rel}","templated":true}]}}