{"id":4504,"date":"2016-11-12T11:21:46","date_gmt":"2016-11-12T10:21:46","guid":{"rendered":"https:\/\/marekkuchcinski.pl\/?p=4504"},"modified":"2016-11-14T11:32:43","modified_gmt":"2016-11-14T10:32:43","slug":"pierwsza-rocznica-sejmu-viii-kadencji","status":"publish","type":"post","link":"https:\/\/marekkuchcinski.pl\/hu\/wazne-daty\/pierwsza-rocznica-sejmu-viii-kadencji\/","title":{"rendered":"A 8. szejm els\u0151 \u00e9vfordul\u00f3ja"},"content":{"rendered":"<p dir=\"ltr\">A 2015. november 12-\u00e9n felavatott els\u0151 \u00e9v m\u00e1r m\u00f6g\u00f6tt\u00fcnk van. VIII. ciklusa a Szejmnek, amelynek munk\u00e1j\u00e1t Marek Kuchci\u0144ski h\u00e1zeln\u00f6k vezeti. Ebben az id\u0151szakban 29 plen\u00e1ris \u00fcl\u00e9st tartottak, amelyek \u00f6sszesen 78 napig tartottak. A H\u00e1z 189 t\u00f6rv\u00e9nyt fogadott el \u00e9s 145 hat\u00e1rozatot fogadott el. A k\u00e9pvisel\u0151k \u00f6sszesen 2099 szavaz\u00e1son vettek r\u00e9szt az \u00f6sszes \u00fcl\u00e9sen.<\/p>\n<p dir=\"ltr\">A 8. hivatali ciklusban a Szejm el\u00e9 terjesztett \u00e9s nyomtatv\u00e1nysz\u00e1mmal ell\u00e1tott t\u00f6rv\u00e9nyjavaslatok \u00e9s hat\u00e1rozatok sz\u00e1ma 338, illetve 108. 168 t\u00f6rv\u00e9nyjavaslatot k\u00e9pvisel\u0151i csoportok \u00edrtak, 129 esetben a Minisztertan\u00e1cs ny\u00fajtotta be a t\u00f6rv\u00e9nyjavaslatokat. 11 t\u00f6rv\u00e9nyjavaslatot a szen\u00e1tus, 7-et a parlamenti bizotts\u00e1gok, 16-ot a legal\u00e1bb 100 000 \u00e1llampolg\u00e1rt t\u00f6m\u00f6r\u00edt\u0151 csoportok \u00e9s 7-et az eln\u00f6k kezdem\u00e9nyezett.<\/p>\n<p dir=\"ltr\">A k\u00e9pvisel\u0151k t\u00f6bbek k\u00f6z\u00f6tt parlamenti bizotts\u00e1gokban is dolgoztak - k\u00f6zel 1 400 bizotts\u00e1gi \u00fcl\u00e9s volt (\u00e1lland\u00f3 - 1 356, rendk\u00edv\u00fcli - 29 \u00e9s vizsg\u00e1l\u00f3bizotts\u00e1gi - 7). Az albizotts\u00e1gok, amelyek \u00f6sszesen 309 \u00fcl\u00e9st tartottak, szint\u00e9n \u00fcl\u00e9seztek.<\/p>\n<p dir=\"ltr\">A szejm tagjai a szejm \u00fcl\u00e9sein k\u00f6zel 13 000 alkalommal sz\u00f3laltak fel. F\u00e9lezer parlamenti nyilatkozatot is tettek.<\/p>\n<p dir=\"ltr\">A 8. parlamenti ciklusban a k\u00e9pvisel\u0151k eddig 7 727 interpell\u00e1ci\u00f3t ny\u00fajtottak be a korm\u00e1nyhoz - a legt\u00f6bbet az eg\u00e9szs\u00e9g\u00fcgyi miniszterhez (1 047), az infrastruktur\u00e1lis \u00e9s \u00e9p\u00edt\u00e9s\u00fcgyi miniszterhez (1 109) \u00e9s a csal\u00e1d-, munka- \u00e9s szoci\u00e1lpolitikai miniszterhez (564). Emellett 1243 parlamenti k\u00e9rd\u00e9s is \u00e9rkezett. A 8. parlamenti ciklus els\u0151 \u00e9v\u00e9ben a korm\u00e1ny a klubok vagy k\u00e9pvisel\u0151i csoportok k\u00e9r\u00e9s\u00e9re 25 aktu\u00e1lis inform\u00e1ci\u00f3t terjesztett a Szejm el\u00e9. A legt\u00f6bb inform\u00e1ci\u00f3t a minisztereln\u00f6k (7), az eg\u00e9szs\u00e9g\u00fcgyi miniszter (4), a nemzeti oktat\u00e1si miniszter \u00e9s a mez\u0151gazdas\u00e1gi \u00e9s vid\u00e9kfejleszt\u00e9si miniszter (egyenk\u00e9nt 3) adta.<\/p>\n<p dir=\"ltr\">A Szejm 8. hivatali idej\u00e9nek els\u0151 \u00e9v\u00e9ben a nemzetk\u00f6zi egy\u00fcttm\u0171k\u00f6d\u00e9s p\u00e9ld\u00e1i k\u00f6z\u00f6tt eml\u00edthet\u0151 t\u00f6bbek k\u00f6z\u00f6tt Marek Kuchci\u0144ski h\u00e1zeln\u00f6k 19 tal\u00e1lkoz\u00f3ja k\u00fclf\u00f6ldi vend\u00e9gekkel (pl. Magyarorsz\u00e1g, Ukrajna, Gr\u00fazia \u00e9s T\u00f6r\u00f6korsz\u00e1g parlamenti eln\u00f6keivel, a K\u00ednai N\u00e9pk\u00f6zt\u00e1rsas\u00e1g eln\u00f6k\u00e9vel, Horv\u00e1torsz\u00e1g eln\u00f6k\u00e9vel). A szejm eln\u00f6k\u00e9nek megh\u00edv\u00e1s\u00e1ra 8 k\u00fclf\u00f6ldi parlamentek eln\u00f6keinek vagy m\u00e1s k\u00e9pvisel\u0151inek lengyelorsz\u00e1gi l\u00e1togat\u00e1s\u00e1ra is sor ker\u00fclt (pl. a k\u00f6z\u00e9p- \u00e9s kelet-eur\u00f3pai orsz\u00e1gok \"Szolidarit\u00e1s \u00e9s szuverenit\u00e1s\" parlamenti tal\u00e1lkoz\u00f3ja, a \"K\u00e1rp\u00e1ti Eur\u00f3pa\" konferenci\u00e1k Krynic\u00e1ban, Bosznia-Hercegovina k\u00e9pvisel\u0151h\u00e1za eln\u00f6k\u00e9nek hivatalos l\u00e1togat\u00e1sa). A parlamenti diplom\u00e1ci\u00e1hoz tartozik az is, hogy Marek Kuchci\u0144ski vit\u00e1t kezdem\u00e9nyezett az EU j\u00f6v\u0151j\u00e9r\u0151l a szolid\u00e1ris \u00e1llamok Eur\u00f3p\u00e1ja nyilatkozat tervezete alapj\u00e1n, valamint r\u00e9szt vett a nemzeti parlamentek szerep\u00e9nek meger\u0151s\u00edt\u00e9s\u00e9r\u0151l sz\u00f3l\u00f3 vit\u00e1ban. A szejm eln\u00f6ke 13 k\u00fclf\u00f6ldi utaz\u00e1st is tett (pl. hivatalos l\u00e1togat\u00e1s Magyarorsz\u00e1gon, a visegr\u00e1di orsz\u00e1gok parlamenti vezet\u0151inek tal\u00e1lkoz\u00f3ja a Cseh K\u00f6zt\u00e1rsas\u00e1gban, az uni\u00f3s parlamentek eln\u00f6keinek luxemburgi konferenci\u00e1ja).<\/p>\n<p dir=\"ltr\">A 8. parlamenti ciklus els\u0151 \u00e9v\u00e9nek v\u00e9g\u00e9n a klubok: A Jog \u00e9s Igazs\u00e1goss\u00e1gnak 234, a Polg\u00e1ri Platformnak 133, a Kukiz '15-nek 36, a Nowoczesn\u00e1nak 30, a Lengyel N\u00e9pp\u00e1rtnak 16 k\u00e9pvisel\u0151je van, m\u00edg a klubokhoz: Eur\u00f3pai Demokrat\u00e1k \u00e9s Wolni i Solidarni 4, illetve 3 k\u00e9pvisel\u0151 tartozik, 4 k\u00e9pvisel\u0151 pedig f\u00fcggetlen.<\/p>\n<p dir=\"ltr\">T\u00edz esetben fordult el\u0151, hogy egy eur\u00f3pai parlamenti k\u00e9pvisel\u0151 mand\u00e1tuma lej\u00e1rt, \u00e9s azt m\u00e1s szem\u00e9ly vette \u00e1t, p\u00e9ld\u00e1ul egy eur\u00f3pai parlamenti k\u00e9pvisel\u0151, aki eur\u00f3pai parlamenti k\u00e9pvisel\u0151 lett (2), a Monet\u00e1ris Politikai Tan\u00e1cs tagja (1) \u00e9s az Alkotm\u00e1nyb\u00edr\u00f3s\u00e1g b\u00edr\u00e1ja (1). A 8. parlamenti ciklus k\u00e9t k\u00e9pvisel\u0151je - Artur G\u00f3rski \u00e9s Tomasz Tomczykiewicz - meghalt.<\/p>\n<p dir=\"ltr\">A 8. t\u00f6rv\u00e9nyhoz\u00e1s els\u0151 \u00e9v\u00e9nek v\u00e9g\u00e9n 331 f\u00e9rfi \u00e9s 129 n\u0151 van a 460 tag\u00fa \u00fcl\u00e9steremben.<\/p>\n<p dir=\"ltr\">A nyolcadik ciklusban mand\u00e1tumot szerzett k\u00e9pvisel\u0151k \u00e1tlag\u00e9letkora 51 \u00e9v. A legid\u0151sebb k\u00e9pvisel\u0151 Andrzej Smirnow (78 \u00e9ves), a legfiatalabb \u0141ukasz Rzepecki (24 \u00e9ves).<\/p>\n<p dir=\"ltr\">A 8. parlamenti ciklus els\u0151 \u00e9v\u00e9ben a Szejm t\u00f6bb mint 121 000 l\u00e1togat\u00f3t vonzott - szervezett csoportokban, valamint olyanokat, akik egyed\u00fcl l\u00e1togattak el a Szejmbe. A parlamenti oktat\u00e1sra ir\u00e1nyul\u00f3 kezdem\u00e9nyez\u00e9sek r\u00e9szek\u00e9nt a Wiejska utcai \u00e9p\u00fcletet a M\u00fazeumok \u00c9jszak\u00e1j\u00e1n t\u00f6bb mint 6 000 ember, a Nemzeti F\u00fcggetlens\u00e9g Napja alkalm\u00e1b\u00f3l rendezett ny\u00edlt napon pedig t\u00f6bb mint 3 000 ember l\u00e1togatta meg.<\/p>","protected":false},"excerpt":{"rendered":"<p>Za nami pierwszy rok zainaugurowanej 12 listopada 2015 r. VIII kadencji Sejmu, kt\u00f3rego pracami kieruje marsza\u0142ek Marek Kuchci\u0144ski. W tym okresie odby\u0142o si\u0119 29 posiedze\u0144 plenarnych, trwaj\u0105cych \u0142\u0105cznie 78 dni. Izba uchwali\u0142a 189 ustaw i podj\u0119\u0142a 145 uchwa\u0142. W sumie podczas wszystkich posiedze\u0144 pos\u0142owie wzi\u0119li udzia\u0142 w 2 099 g\u0142osowaniach. Liczba projekt\u00f3w ustaw oraz uchwa\u0142 [&hellip;]<\/p>\n","protected":false},"author":6,"featured_media":4505,"comment_status":"open","ping_status":"open","sticky":false,"template":"","format":"standard","meta":{"ngg_post_thumbnail":0,"footnotes":""},"categories":[77,81],"tags":[],"class_list":["post-4504","post","type-post","status-publish","format-standard","has-post-thumbnail","hentry","category-wazne-daty","category-wiesci-z-sejmu"],"_links":{"self":[{"href":"https:\/\/marekkuchcinski.pl\/hu\/wp-json\/wp\/v2\/posts\/4504","targetHints":{"allow":["GET"]}}],"collection":[{"href":"https:\/\/marekkuchcinski.pl\/hu\/wp-json\/wp\/v2\/posts"}],"about":[{"href":"https:\/\/marekkuchcinski.pl\/hu\/wp-json\/wp\/v2\/types\/post"}],"author":[{"embeddable":true,"href":"https:\/\/marekkuchcinski.pl\/hu\/wp-json\/wp\/v2\/users\/6"}],"replies":[{"embeddable":true,"href":"https:\/\/marekkuchcinski.pl\/hu\/wp-json\/wp\/v2\/comments?post=4504"}],"version-history":[{"count":1,"href":"https:\/\/marekkuchcinski.pl\/hu\/wp-json\/wp\/v2\/posts\/4504\/revisions"}],"predecessor-version":[{"id":4506,"href":"https:\/\/marekkuchcinski.pl\/hu\/wp-json\/wp\/v2\/posts\/4504\/revisions\/4506"}],"wp:featuredmedia":[{"embeddable":true,"href":"https:\/\/marekkuchcinski.pl\/hu\/wp-json\/wp\/v2\/media\/4505"}],"wp:attachment":[{"href":"https:\/\/marekkuchcinski.pl\/hu\/wp-json\/wp\/v2\/media?parent=4504"}],"wp:term":[{"taxonomy":"category","embeddable":true,"href":"https:\/\/marekkuchcinski.pl\/hu\/wp-json\/wp\/v2\/categories?post=4504"},{"taxonomy":"post_tag","embeddable":true,"href":"https:\/\/marekkuchcinski.pl\/hu\/wp-json\/wp\/v2\/tags?post=4504"}],"curies":[{"name":"wp","href":"https:\/\/api.w.org\/{rel}","templated":true}]}}