{"id":4499,"date":"2016-11-14T11:03:07","date_gmt":"2016-11-14T10:03:07","guid":{"rendered":"https:\/\/marekkuchcinski.pl\/?p=4499"},"modified":"2016-11-14T12:46:58","modified_gmt":"2016-11-14T11:46:58","slug":"spotkanie-ks-stanislawem-bartminskim-opozycyjnym-specjalista-spraw-niemozliwych","status":"publish","type":"post","link":"https:\/\/marekkuchcinski.pl\/hu\/wydarzenia\/spotkanie-ks-stanislawem-bartminskim-opozycyjnym-specjalista-spraw-niemozliwych\/","title":{"rendered":"Tal\u00e1lkoz\u00f3 Stanislaw Bartminski aty\u00e1val, a lehetetlen \u00fcgyek ellenz\u00e9ki szak\u00e9rt\u0151j\u00e9vel"},"content":{"rendered":"<p>- Kedvess\u00e9ge \u00e9s nyitotts\u00e1ga, elsz\u00e1nts\u00e1ga \u00e9s b\u00e1tors\u00e1ga, szem\u00e9lyes elk\u00f6telezetts\u00e9ge \u00e9s sz\u00e1mtalan kezdem\u00e9nyez\u00e9se, mindenekel\u0151tt pedig j\u00f3 sz\u00edve tette kev\u00e9sb\u00e9 komorr\u00e1 a Lengyel N\u00e9pk\u00f6zt\u00e1rsas\u00e1g idej\u00e9t a gazd\u00e1k \u00e9s a demokratikus ellenz\u00e9k sz\u00e1m\u00e1ra. Szem\u00e9lyesen tan\u00fas\u00edthatom, hogy Krasiczynban, a presbit\u00e9riumban kiv\u00e1l\u00f3an fejl\u0151d\u00f6tt ez az ellent\u00e9t - eml\u00e9kezik vissza Marek Kuchci\u0144ski tiszteletes.<\/p>\n<p>A 80. sz\u00fclet\u00e9snapj\u00e1t \u00fcnnepl\u0151 lelk\u00e9sz szombaton tal\u00e1lkozott a szejm eln\u00f6k\u00e9vel. Ahogy megh\u00edv\u00f3j\u00e1ban \u00edrta: \"A Szent\u00edr\u00e1s azt mondja, hogy az emberi \u00e9let m\u00e9rt\u00e9ke hetven \u00e9v. \u00c9s ha er\u0151sek vagyunk, ak\u00e1r nyolcvan\u00e9vesek is. Mivel m\u00e1r el\u00e9rtem a Szent\u00edr\u00e1s \u00e1ltal sz\u00e1momra biztos\u00edtott hat\u00e1rt, \u00fagy d\u00f6nt\u00f6ttem, hogy tal\u00e1lkozom azokkal az emberekkel, akiknek - sokak szerint - hossz\u00fa \u00e9letem sor\u00e1n oly sokat k\u00f6sz\u00f6nhetek, akiknek k\u00f6sz\u00f6nhet\u0151en - szint\u00e9n sokak szerint - megval\u00f3sulhatott n\u00e9h\u00e1ny lelkip\u00e1sztori \u00e9s szoci\u00e1lis sz\u00e1nd\u00e9kom.<\/p>\n<p>- Nem k\u00f6nny\u0171 megtal\u00e1lni a megfelel\u0151 szavakat a jubil\u00e1ns tisztelet\u00e9re, aki oly sok j\u00f3t tett m\u00e1sok\u00e9rt \u00e9s a Podkarpatszkaja r\u00e9gi\u00f3\u00e9rt - v\u00e9li Marek Kuchci\u0144ski, a szejm eln\u00f6ke. - Lehetetlen megeml\u00edteni a tiszteletrem\u00e9lt\u00f3 pap \u00f6sszes \u00e9rdem\u00e9t. Szeretn\u00e9m azonban felid\u00e9zni a hadi\u00e1llapot s\u00f6t\u00e9t id\u0151szak\u00e1t \u00e9s a pap rendk\u00edv\u00fcli tev\u00e9kenys\u00e9g\u00e9t, amellyel seg\u00edts\u00e9get szervezett a szil\u00e9ziai \u00e9s Nowa Huta-i b\u00e1ny\u00e1szoknak \u00e9s munk\u00e1soknak, a wujeki b\u00e1ny\u00e1ban a pacifik\u00e1ci\u00f3 \u00e1ldozatainak, az intern\u00e1ltaknak \u00e9s azoknak, akiket a rendszerrel val\u00f3 szembeszeg\u00fcl\u00e9s miatt elnyomtak. Ma, sok \u00e9v t\u00e1vlat\u00e1b\u00f3l ez a seg\u00edts\u00e9g term\u00e9szetesnek t\u0171nik, de nem szabad elfelejten\u00fcnk, hogy december 13-a ut\u00e1n hi\u00e1ny volt gy\u00f3gyszerekb\u0151l, \u00e9lelmiszerekb\u0151l \u00e9s alapvet\u0151 sz\u00fcks\u00e9gleti cikkekb\u0151l, \u00e9s az \u00e1tlagp\u00f3lus nagyon szer\u00e9nyen \u00e9lt a havi fizet\u00e9s\u00e9b\u0151l. A pl\u00e9b\u00e1nos nagyszer\u0171 dolgokat tett - sikeresen szervezett p\u00e9nzgy\u0171jt\u00e9st a b\u00e1ny\u00e1szcsal\u00e1doknak \u00e9s \u00e9lelmiszergy\u0171jt\u00e9st a szil\u00e9ziai lakosoknak. Ezzel bebizony\u00edtotta, hogy minden helyzetben, m\u00e9g a rem\u00e9nytelenben is, valamit meg kell v\u00e1ltoztatni, \u00e9s hogy nem lehet passz\u00edvnak maradni az emberi szerencs\u00e9tlens\u00e9ggel \u00e9s a totalit\u00e1rius hatalommal szemben. A kommunizmus elleni harc nemcsak a sztr\u00e1jkokr\u00f3l \u00e9s a k\u00f6nyvkiad\u00e1sr\u00f3l sz\u00f3lt, hanem az emberek tisztelet\u00e9nek \u00e9s m\u00e9lt\u00f3s\u00e1gteljes \u00e9let\u00e9nek k\u00f6vetel\u00e9s\u00e9r\u0151l is. A biztons\u00e1gi szolg\u00e1latnak nem tetszett a sz\u00e9lesk\u00f6r\u0171 seg\u00edts\u00e9gny\u00fajt\u00e1s, azonban az \u00e1lland\u00f3 megrov\u00e1sok \u00e9s a magas koll\u00e9giumok nem t\u00e1ntor\u00edtott\u00e1k el Stanislaw aty\u00e1t. \u00c9ppen ellenkez\u0151leg - m\u00e9g energikusabban dolgozott az elnyomottak \u00e9rdek\u00e9ben. A munk\u00e1b\u00f3l elbocs\u00e1tottaknak munk\u00e1t adott, a rendszer szolg\u00e1latai \u00e1ltal keresett szem\u00e9lyek pedig a par\u00f3ki\u00e1n tal\u00e1ltak mened\u00e9ket. Azt hiszem, akkoriban sokunkn\u00e1l jobban meg\u00e9rtette, hogy a kommunizmus elleni k\u00fczdelem legjobb m\u00f3dja a t\u00e1rsadalmi megosztotts\u00e1gon t\u00fali szolidarit\u00e1s \u00e9s a m\u00e1sok jav\u00e1ra v\u00e9gzett akt\u00edv munka\" - teszi hozz\u00e1 a marsall.<\/p>\n<p>Az er\u0151szak, a polg\u00e1rok megf\u00e9leml\u00edt\u00e9se \u00e9s a szolg\u00e1latok \u00e1ltal folyamatosan t\u00e1pl\u00e1lt bizonytalans\u00e1g l\u00e9gk\u00f6re egyr\u00e9szt bizalmatlans\u00e1got keltett, m\u00e1sr\u00e9szt pedig a k\u00f6z\u00f6ss\u00e9g ir\u00e1nti ig\u00e9nyt. A pap rendk\u00edv\u00fcli k\u00e9pess\u00e9g\u00e9vel, hogy figyelmesen meghallgatta az embereket, megl\u00e1tta a lelki egys\u00e9g megteremt\u00e9s\u00e9nek sz\u00fcks\u00e9gess\u00e9g\u00e9t. Nem kellett sok\u00e1ig v\u00e1rni Stanislaw atya tev\u00e9kenys\u00e9g\u00e9nek eredm\u00e9nyeire, \u00e9s a Lengyelorsz\u00e1g minden t\u00e1j\u00e1r\u00f3l \u00e9rkez\u0151 gazd\u00e1k sz\u00e1m\u00e1ra szervezett lelkigyakorlatok hozz\u00e1j\u00e1rultak a Szent M\u00e1rton pl\u00e9b\u00e1ni\u00e1n m\u0171k\u00f6d\u0151 orsz\u00e1gos gazdapasztor\u00e1ci\u00f3s szolg\u00e1lat l\u00e9trej\u00f6tt\u00e9hez. Ezek az elvonul\u00e1sok kiv\u00e9teles jelleg\u0171ek voltak - k\u00f6zvet\u00edtett\u00e9k Lengyelorsz\u00e1g kend\u0151zetlen t\u00f6rt\u00e9nelm\u00e9t \u00e9s gazdag kult\u00far\u00e1j\u00e1t, visszaadt\u00e1k a f\u00f6ld\u00f6n v\u00e9gzett kem\u00e9ny munka m\u00e9lt\u00f3s\u00e1g\u00e1t \u00e9s tisztelet\u00e9t, \u00e9s megtan\u00edtott\u00e1k a megfelel\u0151 jogokat. Lehet\u0151v\u00e9 tett\u00e9k az \u00d6sszlengyelorsz\u00e1gi F\u00f6ldm\u0171vesek Ellen\u00e1ll\u00e1si Bizotts\u00e1g\u00e1nak strukt\u00far\u00e1inak l\u00e9trehoz\u00e1s\u00e1t is.<\/p>\n<p><em>Fot\u00f3: krasiczynskaplebania.parafia.info.pl<\/em><\/p>\n<p><a href=\"https:\/\/marekkuchcinski.pl\/wp-content\/uploads\/2016\/11\/1-img154.jpg\"><img fetchpriority=\"high\" decoding=\"async\" class=\"alignnone wp-image-4500\" src=\"https:\/\/marekkuchcinski.pl\/wp-content\/uploads\/2016\/11\/1-img154.jpg\" alt=\"1-img154\" width=\"731\" height=\"488\" srcset=\"https:\/\/marekkuchcinski.pl\/wp-content\/uploads\/2016\/11\/1-img154.jpg 590w, https:\/\/marekkuchcinski.pl\/wp-content\/uploads\/2016\/11\/1-img154-300x200.jpg 300w\" sizes=\"(max-width: 731px) 100vw, 731px\" \/><\/a><\/p>\n<p><a href=\"https:\/\/marekkuchcinski.pl\/wp-content\/uploads\/2016\/11\/1-ded-001.jpg\"><img decoding=\"async\" class=\"alignnone wp-image-4501\" src=\"https:\/\/marekkuchcinski.pl\/wp-content\/uploads\/2016\/11\/1-ded-001.jpg\" alt=\"1-ded-001\" width=\"719\" height=\"661\" srcset=\"https:\/\/marekkuchcinski.pl\/wp-content\/uploads\/2016\/11\/1-ded-001.jpg 372w, https:\/\/marekkuchcinski.pl\/wp-content\/uploads\/2016\/11\/1-ded-001-300x276.jpg 300w\" sizes=\"(max-width: 719px) 100vw, 719px\" \/><\/a><\/p>","protected":false},"excerpt":{"rendered":"<p>\u2013 \u017byczliwo\u015b\u0107 i otwarto\u015b\u0107, determinacja i odwaga, osobiste zaanga\u017cowanie i niezliczane inicjatywy Ksi\u0119dza Proboszcza, a przede wszystkim dobre serce sprawi\u0142y. \u017ce czasy PRL-u dla rolnik\u00f3w oraz opozycji demokratycznej by\u0142y mniej mroczne. Osobi\u015bcie mog\u0119 za\u015bwiadczy\u0107, \u017ce w Krasiczynie na plebanii ta opozycja rozwija\u0142a si\u0119 znakomicie \u2013 wspomina Ksi\u0119dza pra\u0142ata marsza\u0142ek Marek Kuchci\u0144ski. Obchodz\u0105cy 80. urodziny duszpasterz\u00a0spotka\u0142 [&hellip;]<\/p>\n","protected":false},"author":6,"featured_media":4500,"comment_status":"open","ping_status":"open","sticky":false,"template":"","format":"standard","meta":{"ngg_post_thumbnail":0,"footnotes":""},"categories":[49,3],"tags":[],"class_list":["post-4499","post","type-post","status-publish","format-standard","has-post-thumbnail","hentry","category-podkarpacie","category-wydarzenia"],"_links":{"self":[{"href":"https:\/\/marekkuchcinski.pl\/hu\/wp-json\/wp\/v2\/posts\/4499","targetHints":{"allow":["GET"]}}],"collection":[{"href":"https:\/\/marekkuchcinski.pl\/hu\/wp-json\/wp\/v2\/posts"}],"about":[{"href":"https:\/\/marekkuchcinski.pl\/hu\/wp-json\/wp\/v2\/types\/post"}],"author":[{"embeddable":true,"href":"https:\/\/marekkuchcinski.pl\/hu\/wp-json\/wp\/v2\/users\/6"}],"replies":[{"embeddable":true,"href":"https:\/\/marekkuchcinski.pl\/hu\/wp-json\/wp\/v2\/comments?post=4499"}],"version-history":[{"count":3,"href":"https:\/\/marekkuchcinski.pl\/hu\/wp-json\/wp\/v2\/posts\/4499\/revisions"}],"predecessor-version":[{"id":4508,"href":"https:\/\/marekkuchcinski.pl\/hu\/wp-json\/wp\/v2\/posts\/4499\/revisions\/4508"}],"wp:featuredmedia":[{"embeddable":true,"href":"https:\/\/marekkuchcinski.pl\/hu\/wp-json\/wp\/v2\/media\/4500"}],"wp:attachment":[{"href":"https:\/\/marekkuchcinski.pl\/hu\/wp-json\/wp\/v2\/media?parent=4499"}],"wp:term":[{"taxonomy":"category","embeddable":true,"href":"https:\/\/marekkuchcinski.pl\/hu\/wp-json\/wp\/v2\/categories?post=4499"},{"taxonomy":"post_tag","embeddable":true,"href":"https:\/\/marekkuchcinski.pl\/hu\/wp-json\/wp\/v2\/tags?post=4499"}],"curies":[{"name":"wp","href":"https:\/\/api.w.org\/{rel}","templated":true}]}}