{"id":4405,"date":"2016-11-08T11:57:51","date_gmt":"2016-11-08T10:57:51","guid":{"rendered":"https:\/\/marekkuchcinski.pl\/?p=4405"},"modified":"2016-11-08T12:32:18","modified_gmt":"2016-11-08T11:32:18","slug":"via-carpatia-wielka-szansa-dla-polski-europy","status":"publish","type":"post","link":"https:\/\/marekkuchcinski.pl\/hu\/wydarzenia\/via-carpatia-wielka-szansa-dla-polski-europy\/","title":{"rendered":"Via Carpatia - nagyszer\u0171 lehet\u0151s\u00e9g Lengyelorsz\u00e1g \u00e9s Eur\u00f3pa sz\u00e1m\u00e1ra"},"content":{"rendered":"<p>A Via Carpatia lehet\u0151s\u00e9g a Podkarpatszkaja r\u00e9gi\u00f3, de eg\u00e9sz Lengyelorsz\u00e1g, valamint K\u00f6z\u00e9p- \u00e9s Kelet-Eur\u00f3pa sz\u00e1m\u00e1ra is - mondta Beata Szyd\u0142o minisztereln\u00f6k a \"10 \u00e9ves a \u0141a\u0144cut-i Nyilatkozat - Via Carpatia ma, kih\u00edv\u00e1sok a j\u00f6v\u0151re n\u00e9zve\" c\u00edm\u0171 konferenci\u00e1n \u0141a\u0144cutban. - Ez az \u00fatvonal rendk\u00edv\u00fcl fontos \u00e9s strat\u00e9giai jelent\u0151s\u00e9ggel b\u00edr - tette hozz\u00e1.<\/p>\n<p>- Azt akarjuk, hogy K\u00f6z\u00e9p- \u00e9s Kelet-Eur\u00f3pa megny\u00edljon a vil\u00e1g fel\u00e9 \u00e9s fejl\u0151dj\u00f6n, mert egy j\u00f3l fejlett K\u00f6z\u00e9p- \u00e9s Kelet-Eur\u00f3pa a r\u00e9gi\u00f3 nagyobb biztons\u00e1g\u00e1t is garant\u00e1lja. (...) Meggy\u0151z\u0151d\u00e9sem, hogy a Via Carpatia strat\u00e9giai jelent\u0151s\u00e9g\u0171 lesz az eur\u00f3pai politika szempontj\u00e1b\u00f3l - mondta Szyd\u0142o minisztereln\u00f6k.<\/p>\n<p>Andrzej Adamczyk infrastruktur\u00e1lis \u00e9s \u00e9p\u00edt\u00e9s\u00fcgyi miniszter megjegyezte, hogy a Via Carpatia projekt az egyik legfontosabb Eur\u00f3p\u00e1ban.<\/p>\n<p>- Szeretn\u00e9nk, ha a Via Carpatia \u00fcgye \u00e9l\u0151 t\u00e9ma lenne a nemzeti \u00e9s eur\u00f3pai f\u00f3rumokon. Ez az egyik legfontosabb k\u00f6zleked\u00e9si projekt Lengyelorsz\u00e1g \u00e9s Eur\u00f3pa sz\u00e1m\u00e1ra - mondta.<\/p>\n<p>Tomasz Por\u0119ba eur\u00f3pai parlamenti k\u00e9pvisel\u0151 is jelen volt a konferenci\u00e1n.<\/p>\n<p>- A Via Carpatia utat strat\u00e9giai jelent\u0151s\u00e9g\u0171k\u00e9nt kell felvenni az Eur\u00f3pai Uni\u00f3 \u00fath\u00e1l\u00f3zat\u00e1ba. (...) A projekt finansz\u00edroz\u00e1sa biztos\u00edtott. T\u00e1mogatnak minket a Via Carpatia k\u00f6r\u00fcli orsz\u00e1gok korm\u00e1nyai, az Eur\u00f3pai Tan\u00e1cs \u00e9s az Eur\u00f3pai Parlament. (...) Meggy\u0151z\u0151d\u00e9sem, hogy a Via Carpatia \u00fat meg fog \u00e9p\u00fclni. Szeretn\u00e9k k\u00f6sz\u00f6netet mondani mindenkinek, aki hozz\u00e1j\u00e1rul hozz\u00e1 - hangs\u00falyozta.<\/p>\n<p>- A Via Carpatia projekt v\u00e9gre a lengyel korm\u00e1ny z\u00e1szl\u00f3shaj\u00f3j\u00e1v\u00e1 v\u00e1lt. Ez hatalmas kih\u00edv\u00e1s Lengyelorsz\u00e1g sz\u00e1m\u00e1ra, de egyben es\u00e9lyt is jelent a fejl\u0151d\u00e9si es\u00e9lyek kiegyenl\u00edt\u00e9s\u00e9re - mondta Por\u0119ba EP-k\u00e9pvisel\u0151.<\/p>\n<p><em>sz\u00f6veg: pis.org<\/em><\/p>\n<p><a href=\"https:\/\/marekkuchcinski.pl\/wp-content\/uploads\/2016\/11\/30207163464_7ac8973707_o-1.jpg\"><img fetchpriority=\"high\" decoding=\"async\" class=\"alignnone size-full wp-image-4409\" src=\"https:\/\/marekkuchcinski.pl\/wp-content\/uploads\/2016\/11\/30207163464_7ac8973707_o-1.jpg\" alt=\"30207163464_7ac8973707_o\" width=\"996\" height=\"664\" srcset=\"https:\/\/marekkuchcinski.pl\/wp-content\/uploads\/2016\/11\/30207163464_7ac8973707_o-1.jpg 996w, https:\/\/marekkuchcinski.pl\/wp-content\/uploads\/2016\/11\/30207163464_7ac8973707_o-1-300x200.jpg 300w, https:\/\/marekkuchcinski.pl\/wp-content\/uploads\/2016\/11\/30207163464_7ac8973707_o-1-768x512.jpg 768w\" sizes=\"(max-width: 996px) 100vw, 996px\" \/><\/a><\/p>\n<p>M\u00e1rcius 3-\u00e1n az Infrastruktur\u00e1lis \u00e9s \u00c9p\u00edt\u00e9s\u00fcgyi Miniszt\u00e9riumban nemzetk\u00f6zi konferenci\u00e1t tartottak a Via Carpatia \u00fatvonal fejleszt\u00e9s\u00e9nek megval\u00f3s\u00edt\u00e1s\u00e1r\u00f3l. A Cseh K\u00f6zt\u00e1rsas\u00e1g, G\u00f6r\u00f6gorsz\u00e1g, Magyarorsz\u00e1g, Litv\u00e1nia, Lengyelorsz\u00e1g, Lengyelorsz\u00e1g, Szlov\u00e1kia, T\u00f6r\u00f6korsz\u00e1g \u00e9s Ukrajna k\u00e9pvisel\u0151i nyilatkozatot \u00edrtak al\u00e1 a K\u00e1rp\u00e1tok t\u00e9rs\u00e9g\u00e9ben val\u00f3 egy\u00fcttm\u0171k\u00f6d\u00e9s meger\u0151s\u00edt\u00e9s\u00e9r\u0151l \u00e9s a Via Carpatia megval\u00f3s\u00edt\u00e1s\u00e1r\u00f3l.<br \/>\n- Elj\u00f6tt az id\u0151, amikor az \u00e1lmokb\u00f3l v\u00e9gre tettek lesznek\" - mondta Marek Kuchci\u0144ski, a szejm akkori eln\u00f6ke.<\/p>\n<p><a href=\"https:\/\/marekkuchcinski.pl\/wp-content\/uploads\/2016\/11\/via-Mk.jpg\"><img decoding=\"async\" class=\"alignnone size-full wp-image-4412\" src=\"https:\/\/marekkuchcinski.pl\/wp-content\/uploads\/2016\/11\/via-Mk.jpg\" alt=\"via-mk\" width=\"800\" height=\"450\" srcset=\"https:\/\/marekkuchcinski.pl\/wp-content\/uploads\/2016\/11\/via-Mk.jpg 800w, https:\/\/marekkuchcinski.pl\/wp-content\/uploads\/2016\/11\/via-Mk-300x169.jpg 300w, https:\/\/marekkuchcinski.pl\/wp-content\/uploads\/2016\/11\/via-Mk-768x432.jpg 768w\" sizes=\"(max-width: 800px) 100vw, 800px\" \/><\/a><\/p>\n<p>&nbsp;<\/p>","protected":false},"excerpt":{"rendered":"<p>Via Carpatia jest szans\u0105 dla regionu podkarpackiego, ale tak\u017ce dla ca\u0142ej Polski i Europy \u015arodkowo-Wschodniej &#8211; powiedzia\u0142a Premier Beata Szyd\u0142o podczas konferencji \u201e10 lat Deklaracji \u0141a\u0144cuckiej &#8211; Via Carpatia dzi\u015b, wyzwania na przysz\u0142o\u015b\u0107\u201d w \u0141a\u0144cucie. &#8211; Jest szlakiem, kt\u00f3ry ma niezwykle wa\u017cne i strategiczne znaczenie &#8211; doda\u0142a. &#8211; Chcemy, by Europa \u015arodkowo-Wschodnia otworzy\u0142a si\u0119 na [&hellip;]<\/p>\n","protected":false},"author":6,"featured_media":4406,"comment_status":"open","ping_status":"open","sticky":false,"template":"","format":"standard","meta":{"ngg_post_thumbnail":0,"footnotes":""},"categories":[49,82,50,3],"tags":[],"class_list":["post-4405","post","type-post","status-publish","format-standard","has-post-thumbnail","hentry","category-podkarpacie","category-prawo-i-sprawiedliwosc","category-wspolpraca-miedzynarodowa","category-wydarzenia"],"_links":{"self":[{"href":"https:\/\/marekkuchcinski.pl\/hu\/wp-json\/wp\/v2\/posts\/4405","targetHints":{"allow":["GET"]}}],"collection":[{"href":"https:\/\/marekkuchcinski.pl\/hu\/wp-json\/wp\/v2\/posts"}],"about":[{"href":"https:\/\/marekkuchcinski.pl\/hu\/wp-json\/wp\/v2\/types\/post"}],"author":[{"embeddable":true,"href":"https:\/\/marekkuchcinski.pl\/hu\/wp-json\/wp\/v2\/users\/6"}],"replies":[{"embeddable":true,"href":"https:\/\/marekkuchcinski.pl\/hu\/wp-json\/wp\/v2\/comments?post=4405"}],"version-history":[{"count":3,"href":"https:\/\/marekkuchcinski.pl\/hu\/wp-json\/wp\/v2\/posts\/4405\/revisions"}],"predecessor-version":[{"id":4413,"href":"https:\/\/marekkuchcinski.pl\/hu\/wp-json\/wp\/v2\/posts\/4405\/revisions\/4413"}],"wp:featuredmedia":[{"embeddable":true,"href":"https:\/\/marekkuchcinski.pl\/hu\/wp-json\/wp\/v2\/media\/4406"}],"wp:attachment":[{"href":"https:\/\/marekkuchcinski.pl\/hu\/wp-json\/wp\/v2\/media?parent=4405"}],"wp:term":[{"taxonomy":"category","embeddable":true,"href":"https:\/\/marekkuchcinski.pl\/hu\/wp-json\/wp\/v2\/categories?post=4405"},{"taxonomy":"post_tag","embeddable":true,"href":"https:\/\/marekkuchcinski.pl\/hu\/wp-json\/wp\/v2\/tags?post=4405"}],"curies":[{"name":"wp","href":"https:\/\/api.w.org\/{rel}","templated":true}]}}