{"id":4373,"date":"2016-11-06T08:49:32","date_gmt":"2016-11-06T07:49:32","guid":{"rendered":"https:\/\/marekkuchcinski.pl\/?p=4373"},"modified":"2016-11-06T08:49:32","modified_gmt":"2016-11-06T07:49:32","slug":"krzyz-wschodni-dla-niosacych-pomoc-polakom-wschodzie","status":"publish","type":"post","link":"https:\/\/marekkuchcinski.pl\/hu\/wydarzenia\/krzyz-wschodni-dla-niosacych-pomoc-polakom-wschodzie\/","title":{"rendered":"Keleti Kereszt a keleti lengyeleket seg\u00edt\u0151 szem\u00e9lyek sz\u00e1m\u00e1ra"},"content":{"rendered":"<header class=\"article-header\">\n<p class=\"lead\"><strong>A szejm p\u00e9nteken egyhang\u00falag elfogadta a Keleti Keresztet l\u00e9trehoz\u00f3 t\u00f6rv\u00e9nyt, amely az 1937 \u00e9s 1959 k\u00f6z\u00f6tt nemzetis\u00e9g\u00fck miatt \u00fcld\u00f6z\u00f6tt lengyeleket seg\u00edt\u0151 k\u00fclf\u00f6ldiek kit\u00fcntet\u00e9se.<\/strong><\/p>\n<\/header>\n<div class=\"article-content\">\n<div class=\"article-content-text\">\n<p>A Keleti Keresztet a k\u00fcl\u00fcgyminiszter javaslat\u00e1ra az eln\u00f6k adja \u00e1t. A K\u00fcl\u00fcgyminiszt\u00e9rium vezet\u0151je a Nemzeti Eml\u00e9kezet Int\u00e9zet\u00e9nek eln\u00f6k\u00e9vel folytatott konzult\u00e1ci\u00f3t k\u00f6vet\u0151en saj\u00e1t kezdem\u00e9nyez\u00e9s\u00e9re vagy a veter\u00e1n egyes\u00fcletek \u00e9s t\u00e1rsas\u00e1gok, t\u00e1rsadalmi szervezetek, a Veter\u00e1n\u00fcgyi Hivatal vezet\u0151je \u00e9s mag\u00e1nszem\u00e9lyek kezdem\u00e9nyez\u00e9s\u00e9re ny\u00fajt be p\u00e1ly\u00e1zatokat. A kit\u00fcntetett szem\u00e9ly ingyenesen megkapja a neki oda\u00edt\u00e9lt kereszt jelv\u00e9ny\u00e9t \u00e9s egy k\u00e1rty\u00e1t. A kereszt posztumusz is adom\u00e1nyozhat\u00f3.<\/p>\n<p>A szejm p\u00e9nteken t\u00f6bbek k\u00f6z\u00f6tt elfogadott egy m\u00f3dos\u00edt\u00e1st, amely szerint a Keleti Kereszt l\u00e9trehoz\u00e1s\u00e1r\u00f3l sz\u00f3l\u00f3 t\u00f6rv\u00e9ny hat h\u00f3nappal azut\u00e1n l\u00e9p hat\u00e1lyba, hogy a T\u00f6rv\u00e9nyek Lapj\u00e1ban megjelent. Az eredeti tervezet \u00fagy rendelkezett, hogy a t\u00f6rv\u00e9ny a kihirdet\u00e9s napj\u00e1n l\u00e9p hat\u00e1lyba.<\/p>\n<p>Micha\u0142 Dworczyk (Jog \u00e9s Igazs\u00e1g\u00fcgy), a Szejm K\u00fclf\u00f6ldi lengyelekkel val\u00f3 kapcsolattart\u00e1ssal foglalkoz\u00f3 bizotts\u00e1g\u00e1nak vezet\u0151je elmondta, hogy a Keleti Kereszt az 1937 \u00e9s 1959 k\u00f6z\u00f6tt lengyeleket ment\u0151 k\u00fclf\u00f6ldiek kit\u00fcntet\u00e9se.<\/p>\n<p>Mint r\u00e1mutatott, 1937 volt az NKVD lengyelorsz\u00e1gi hadm\u0171velet\u00e9nek \u00e9ve, a t\u00f6meges elnyom\u00e1s kezdete, amely el\u0151sz\u00f6r a Szovjetuni\u00f3ban \u00e9l\u0151 lengyeleket, majd 1939. szeptember 17. ut\u00e1n a keleti hat\u00e1rvid\u00e9ken \u00e9l\u0151 lengyeleket is s\u00fajtotta. 1959-ben befejez\u0151d\u00f6tt a lengyelek m\u00e1sodik hazatelep\u00edt\u00e9se a keleti hat\u00e1rvid\u00e9kr\u0151l.<\/p>\n<p>\"Megeml\u00e9kezni azokr\u00f3l az emberekr\u0151l, akik gyakran saj\u00e1t \u00e9let\u00fcket kock\u00e1ztatt\u00e1k honfit\u00e1rsaink megment\u00e9s\u00e9\u00e9rt, erk\u00f6lcsi k\u00f6teless\u00e9g\u00fcnk; ez a lengyel \u00e1llam k\u00f6teless\u00e9ge. Tett\u00fck b\u00e1tor tett volt, a kereszt\u00e9ny irgalom, az embers\u00e9g p\u00e9ld\u00e1ja azokban az embertelen id\u0151kben\" - hangs\u00falyozta Dworczyk.<\/p>\n<p>Mint r\u00e1mutatott, a kit\u00fcntet\u00e9s megalap\u00edt\u00e1s\u00e1val a lengyel \u00e1llam azokat az embereket tiszteli meg, akik h\u0151sies er\u0151fesz\u00edt\u00e9st tettek \u00e9s seg\u00edtettek honfit\u00e1rsainknak azokban a tragikus pillanatokban. \"Ez a kit\u00fcntet\u00e9s nemcsak a lengyeleket, hanem a keleti nemzeteket is eml\u00e9keztetni fogja arra, hogy mi, lengyelek eml\u00e9ksz\u00fcnk, hogy h\u00e1l\u00e1sak vagyunk az egyes honfit\u00e1rsainknak ny\u00fajtott seg\u00edts\u00e9g\u00e9rt\" - mondta a Jog \u00e9s Igazs\u00e1goss\u00e1g parlamenti k\u00e9pvisel\u0151je.<\/p>\n<p>Hangs\u00falyozta, hogy a d\u00edj azt is bizony\u00edtja, hogy \"a lengyelek k\u00e9pesek gy\u0171l\u00f6let n\u00e9lk\u00fcl eml\u00e9kezni dr\u00e1mai t\u00f6rt\u00e9nelm\u00fckre, an\u00e9lk\u00fcl, hogy kollekt\u00edv felel\u0151ss\u00e9get v\u00e1llaln\u00e1nak, \u00e9s eg\u00e9sz nemzeteket \u00e9s k\u00f6z\u00f6ss\u00e9geket hib\u00e1ztatn\u00e1nak a b\u0171n\u00f6k\u00e9rt\".<\/p>\n<p>\"A Keleti Kereszt l\u00e9trehoz\u00e1s\u00e1val nemcsak ezekre a dr\u00e1mai esem\u00e9nyekre eml\u00e9kez\u00fcnk, hanem az Els\u0151 \u00e9s a M\u00e1sodik K\u00f6zt\u00e1rsas\u00e1g hat\u00e1rvid\u00e9k\u00e9nek t\u00f6rt\u00e9nelm\u00e9re \u00e9s \u00f6r\u00f6ks\u00e9g\u00e9re is. Ez nagyon fontos, ez a lengyel identit\u00e1sunk r\u00e9sze\" - mondta Dworczyk. Mint hozz\u00e1tette, a Keleti Kereszt l\u00e9trehoz\u00e1sa \"fontos eszk\u00f6ze lesz a t\u00f6rt\u00e9nelmi politika folytat\u00e1s\u00e1nak\".<\/p>\n<p><em>sz\u00f6veg: rp.pl<\/em><\/p>\n<p><a href=\"https:\/\/marekkuchcinski.pl\/wp-content\/uploads\/2016\/11\/AR-161109607.jpgMaxW980imageversionMainTopic1.jpeg\"><img fetchpriority=\"high\" decoding=\"async\" class=\"alignnone size-full wp-image-4374\" src=\"https:\/\/marekkuchcinski.pl\/wp-content\/uploads\/2016\/11\/AR-161109607.jpgMaxW980imageversionMainTopic1.jpeg\" alt=\"ar-161109607-jpgmaxw980imageversionmaintopic1\" width=\"766\" height=\"438\" srcset=\"https:\/\/marekkuchcinski.pl\/wp-content\/uploads\/2016\/11\/AR-161109607.jpgMaxW980imageversionMainTopic1.jpeg 766w, https:\/\/marekkuchcinski.pl\/wp-content\/uploads\/2016\/11\/AR-161109607.jpgMaxW980imageversionMainTopic1-300x172.jpeg 300w\" sizes=\"(max-width: 766px) 100vw, 766px\" \/><\/a><\/p>\n<\/div>\n<\/div>","protected":false},"excerpt":{"rendered":"<p>Sejm jednog\u0142o\u015bnie uchwali\u0142 w pi\u0105tek ustaw\u0119 ustanawiaj\u0105c\u0105 Krzy\u017c Wschodni \u2013 odznaczenie dla obcokrajowc\u00f3w, kt\u00f3rzy nie\u015bli pomoc Polakom na Wschodzie prze\u015bladowanym w latach 1937-1959 ze wzgl\u0119du na ich narodowo\u015b\u0107. Krzy\u017c Wschodni ma nadawa\u0107 prezydent na wniosek ministra spraw zagranicznych. Szef MSZ ma przedstawia\u0107 wnioski z w\u0142asnej inicjatywy lub z inicjatywy zwi\u0105zk\u00f3w i stowarzysze\u0144 kombatanckich, organizacji spo\u0142ecznych, [&hellip;]<\/p>\n","protected":false},"author":6,"featured_media":4374,"comment_status":"open","ping_status":"open","sticky":false,"template":"","format":"standard","meta":{"ngg_post_thumbnail":0,"footnotes":""},"categories":[81,3],"tags":[],"class_list":["post-4373","post","type-post","status-publish","format-standard","has-post-thumbnail","hentry","category-wiesci-z-sejmu","category-wydarzenia"],"_links":{"self":[{"href":"https:\/\/marekkuchcinski.pl\/hu\/wp-json\/wp\/v2\/posts\/4373","targetHints":{"allow":["GET"]}}],"collection":[{"href":"https:\/\/marekkuchcinski.pl\/hu\/wp-json\/wp\/v2\/posts"}],"about":[{"href":"https:\/\/marekkuchcinski.pl\/hu\/wp-json\/wp\/v2\/types\/post"}],"author":[{"embeddable":true,"href":"https:\/\/marekkuchcinski.pl\/hu\/wp-json\/wp\/v2\/users\/6"}],"replies":[{"embeddable":true,"href":"https:\/\/marekkuchcinski.pl\/hu\/wp-json\/wp\/v2\/comments?post=4373"}],"version-history":[{"count":1,"href":"https:\/\/marekkuchcinski.pl\/hu\/wp-json\/wp\/v2\/posts\/4373\/revisions"}],"predecessor-version":[{"id":4375,"href":"https:\/\/marekkuchcinski.pl\/hu\/wp-json\/wp\/v2\/posts\/4373\/revisions\/4375"}],"wp:featuredmedia":[{"embeddable":true,"href":"https:\/\/marekkuchcinski.pl\/hu\/wp-json\/wp\/v2\/media\/4374"}],"wp:attachment":[{"href":"https:\/\/marekkuchcinski.pl\/hu\/wp-json\/wp\/v2\/media?parent=4373"}],"wp:term":[{"taxonomy":"category","embeddable":true,"href":"https:\/\/marekkuchcinski.pl\/hu\/wp-json\/wp\/v2\/categories?post=4373"},{"taxonomy":"post_tag","embeddable":true,"href":"https:\/\/marekkuchcinski.pl\/hu\/wp-json\/wp\/v2\/tags?post=4373"}],"curies":[{"name":"wp","href":"https:\/\/api.w.org\/{rel}","templated":true}]}}