{"id":4362,"date":"2016-11-03T22:26:34","date_gmt":"2016-11-03T21:26:34","guid":{"rendered":"https:\/\/marekkuchcinski.pl\/?p=4362"},"modified":"2016-11-05T16:37:27","modified_gmt":"2016-11-05T15:37:27","slug":"inauguracja-akcji-niepodlegla","status":"publish","type":"post","link":"https:\/\/marekkuchcinski.pl\/hu\/wydarzenia\/inauguracja-akcji-niepodlegla\/","title":{"rendered":"A F\u00fcggetlens\u00e9g\u00fcnk van!"},"content":{"rendered":"<p>A J\u00f3zef Pi\u0142sudski M\u00fazeum negyedik alkalommal szervezi meg a F\u00fcggetlens\u00e9g\u00fcnk van! c\u00edm\u0171 akci\u00f3t, amely Lengyelorsz\u00e1g f\u00fcggetlens\u00e9g\u00e9nek visszanyer\u00e9se egym\u00e1st k\u00f6vet\u0151 \u00e9vfordul\u00f3inak \u00f6r\u00f6mteli meg\u00fcnnepl\u00e9s\u00e9t jelenti. Minden \u00e9vben felk\u00e9rik a lengyeleket, hogy a nemzeti f\u00fcggetlens\u00e9g napja alkalm\u00e1b\u00f3l k\u00fcldjenek ingyenes k\u00e9peslapokat \u00e9s e-k\u00e1rty\u00e1kat j\u00f3k\u00edv\u00e1ns\u00e1gokkal. A kamp\u00e1ny a Szejm eln\u00f6k\u00e9nek tiszteletbeli v\u00e9dn\u00f6ks\u00e9ge alatt zajlik.<\/p>\n<p><iframe title=\"A F\u00fcggetlens\u00e9g\u00fcnk van! kamp\u00e1ny megnyit\u00f3ja Marek Kuchci\u0144ski, a szejm eln\u00f6ke\" width=\"800\" height=\"450\" src=\"https:\/\/www.youtube.com\/embed\/nW5D0FVrTWA?feature=oembed\" frameborder=\"0\" allow=\"accelerometer; autoplay; clipboard-write; encrypted-media; gyroscope; picture-in-picture\" allowfullscreen><\/iframe><\/p>\n<p><a href=\"https:\/\/marekkuchcinski.pl\/wp-content\/uploads\/2016\/11\/KU068925.jpg\"><img fetchpriority=\"high\" decoding=\"async\" class=\"alignnone size-full wp-image-4363\" src=\"https:\/\/marekkuchcinski.pl\/wp-content\/uploads\/2016\/11\/KU068925.jpg\" alt=\"ku068925\" width=\"1800\" height=\"1348\" srcset=\"https:\/\/marekkuchcinski.pl\/wp-content\/uploads\/2016\/11\/KU068925.jpg 1800w, https:\/\/marekkuchcinski.pl\/wp-content\/uploads\/2016\/11\/KU068925-300x225.jpg 300w, https:\/\/marekkuchcinski.pl\/wp-content\/uploads\/2016\/11\/KU068925-768x575.jpg 768w, https:\/\/marekkuchcinski.pl\/wp-content\/uploads\/2016\/11\/KU068925-1024x767.jpg 1024w\" sizes=\"(max-width: 1800px) 100vw, 1800px\" \/><\/a> <a href=\"https:\/\/marekkuchcinski.pl\/wp-content\/uploads\/2016\/11\/KU068881.jpg\"><img decoding=\"async\" class=\"alignnone size-full wp-image-4364\" src=\"https:\/\/marekkuchcinski.pl\/wp-content\/uploads\/2016\/11\/KU068881.jpg\" alt=\"ku068881\" width=\"1800\" height=\"1200\" srcset=\"https:\/\/marekkuchcinski.pl\/wp-content\/uploads\/2016\/11\/KU068881.jpg 1800w, https:\/\/marekkuchcinski.pl\/wp-content\/uploads\/2016\/11\/KU068881-300x200.jpg 300w, https:\/\/marekkuchcinski.pl\/wp-content\/uploads\/2016\/11\/KU068881-768x512.jpg 768w, https:\/\/marekkuchcinski.pl\/wp-content\/uploads\/2016\/11\/KU068881-1024x683.jpg 1024w\" sizes=\"(max-width: 1800px) 100vw, 1800px\" \/><\/a><\/p>","protected":false},"excerpt":{"rendered":"<p>A J\u00f3zef Pi\u0142sudski M\u00fazeum negyedik alkalommal szervezi meg a F\u00fcggetlens\u00e9g\u00fcnk van! c\u00edm\u0171 akci\u00f3t, amely Lengyelorsz\u00e1g f\u00fcggetlens\u00e9g\u00e9nek visszanyer\u00e9se egym\u00e1st k\u00f6vet\u0151 \u00e9vfordul\u00f3inak \u00f6r\u00f6mteli meg\u00fcnnepl\u00e9s\u00e9t jelenti. Minden \u00e9vben felk\u00e9rik a lengyeleket, hogy a nemzeti f\u00fcggetlens\u00e9g napja alkalm\u00e1b\u00f3l k\u00fcldjenek ingyenes k\u00e9peslapokat \u00e9s e-k\u00e1rty\u00e1kat j\u00f3k\u00edv\u00e1ns\u00e1gokkal. A kamp\u00e1ny a Szejm eln\u00f6k\u00e9nek tiszteletbeli v\u00e9dn\u00f6ks\u00e9ge alatt zajlik.<\/p>","protected":false},"author":6,"featured_media":0,"comment_status":"open","ping_status":"open","sticky":false,"template":"","format":"video","meta":{"ngg_post_thumbnail":0,"footnotes":""},"categories":[81,3],"tags":[],"class_list":["post-4362","post","type-post","status-publish","format-video","hentry","category-wiesci-z-sejmu","category-wydarzenia","post_format-post-format-video"],"_links":{"self":[{"href":"https:\/\/marekkuchcinski.pl\/hu\/wp-json\/wp\/v2\/posts\/4362","targetHints":{"allow":["GET"]}}],"collection":[{"href":"https:\/\/marekkuchcinski.pl\/hu\/wp-json\/wp\/v2\/posts"}],"about":[{"href":"https:\/\/marekkuchcinski.pl\/hu\/wp-json\/wp\/v2\/types\/post"}],"author":[{"embeddable":true,"href":"https:\/\/marekkuchcinski.pl\/hu\/wp-json\/wp\/v2\/users\/6"}],"replies":[{"embeddable":true,"href":"https:\/\/marekkuchcinski.pl\/hu\/wp-json\/wp\/v2\/comments?post=4362"}],"version-history":[{"count":4,"href":"https:\/\/marekkuchcinski.pl\/hu\/wp-json\/wp\/v2\/posts\/4362\/revisions"}],"predecessor-version":[{"id":4369,"href":"https:\/\/marekkuchcinski.pl\/hu\/wp-json\/wp\/v2\/posts\/4362\/revisions\/4369"}],"wp:attachment":[{"href":"https:\/\/marekkuchcinski.pl\/hu\/wp-json\/wp\/v2\/media?parent=4362"}],"wp:term":[{"taxonomy":"category","embeddable":true,"href":"https:\/\/marekkuchcinski.pl\/hu\/wp-json\/wp\/v2\/categories?post=4362"},{"taxonomy":"post_tag","embeddable":true,"href":"https:\/\/marekkuchcinski.pl\/hu\/wp-json\/wp\/v2\/tags?post=4362"}],"curies":[{"name":"wp","href":"https:\/\/api.w.org\/{rel}","templated":true}]}}