{"id":4105,"date":"2016-10-15T16:10:35","date_gmt":"2016-10-15T14:10:35","guid":{"rendered":"https:\/\/marekkuchcinski.pl\/?p=4105"},"modified":"2016-10-18T12:18:06","modified_gmt":"2016-10-18T10:18:06","slug":"sejm-konferencja-o-zrownowazonym-rozwoju-swietle-rozwoju-duchowego","status":"publish","type":"post","link":"https:\/\/marekkuchcinski.pl\/hu\/wiesci-z-sejmu\/sejm-konferencja-o-zrownowazonym-rozwoju-swietle-rozwoju-duchowego\/","title":{"rendered":"Szejm: konferencia a fenntarthat\u00f3 fejl\u0151d\u00e9sr\u0151l a spiritu\u00e1lis fejl\u0151d\u00e9s f\u00e9ny\u00e9ben"},"content":{"rendered":"<p><strong>Gerhard M\u00fcller b\u00edboros, a Szentsz\u00e9k prefektusa kezdem\u00e9nyez\u00e9s\u00e9re nemzetk\u00f6zi konferenci\u00e1t tartottak \"A fenntarthat\u00f3 fejl\u0151d\u00e9s a Laudato Si enciklika f\u00e9ny\u00e9ben\" c\u00edmmel. A konferencia a vil\u00e1g legfontosabb probl\u00e9m\u00e1ival foglalkozott, mint p\u00e9ld\u00e1ul a j\u00f3 v\u00edz \u00e9s a tiszta leveg\u0151 hi\u00e1nya, a talajroml\u00e1s, az elsivatagosod\u00e1s folyamata, az \u00e9hez\u00e9s, a migr\u00e1ci\u00f3, a kirekeszt\u00e9s, a biol\u00f3giai sokf\u00e9les\u00e9g \u00e9s az \u00e9ghajlatv\u00e1ltoz\u00e1s.<\/strong><\/p>\n<p>A konferenci\u00e1ra a Szejm term\u00e9ben ker\u00fclt sor, amelynek h\u00e1zigazd\u00e1ja Marek Kuchci\u0144ski, a Szejm eln\u00f6ke volt. Besz\u00e9d\u00e9t Ferenc p\u00e1pa szavait id\u00e9zve kezdte. - A k\u00f6rnyezetv\u00e9delemnek \u00e9s a teremt\u00e9sv\u00e9delemnek van egy t\u00e1rsadalmi dimenzi\u00f3ja, amelyr\u0151l gyakran hajlamosak vagyunk megfeledkezni. Ez felh\u00edvja a figyelmet arra, hogy az ember k\u00f6rnyezet\u00e9nek pusztul\u00e1sa \u00e9s roml\u00e1sa mennyire kihat mag\u00e1ra az emberre\" - mondta a h\u00e1zeln\u00f6k.  A fejl\u0151d\u00e9s, amely az embernek k\u00f6sz\u00f6nhet\u0151en zajlik a vil\u00e1gban - annak k\u00fcl\u00f6nb\u00f6z\u0151 dimenzi\u00f3iban: a technikai, gazdas\u00e1gi \u00e9s kultur\u00e1lis fejl\u0151d\u00e9sben - a maga teljess\u00e9g\u00e9ben mindig szellemi fejl\u0151d\u00e9st ig\u00e9nyel, amelynek k\u00f6sz\u00f6nhet\u0151en az \u00e9rtelmes ember k\u00e9pes megfelel\u0151en rendelkezni a r\u00e1b\u00edzott k\u00f6rnyezettel, \u00e9s felel\u0151ss\u00e9gteljesen korl\u00e1tozni saj\u00e1t lehet\u0151s\u00e9geit\" - \u00e9rvelt Marek Kuchci\u0144ski.<\/p>\n<p><a href=\"https:\/\/marekkuchcinski.pl\/wp-content\/uploads\/2016\/10\/na-wyr.jpg\"><img fetchpriority=\"high\" decoding=\"async\" class=\"alignnone size-full wp-image-4107\" src=\"https:\/\/marekkuchcinski.pl\/wp-content\/uploads\/2016\/10\/na-wyr.jpg\" alt=\"na-wyr\" width=\"1800\" height=\"1200\" srcset=\"https:\/\/marekkuchcinski.pl\/wp-content\/uploads\/2016\/10\/na-wyr.jpg 1800w, https:\/\/marekkuchcinski.pl\/wp-content\/uploads\/2016\/10\/na-wyr-300x200.jpg 300w, https:\/\/marekkuchcinski.pl\/wp-content\/uploads\/2016\/10\/na-wyr-768x512.jpg 768w, https:\/\/marekkuchcinski.pl\/wp-content\/uploads\/2016\/10\/na-wyr-1024x683.jpg 1024w\" sizes=\"(max-width: 1800px) 100vw, 1800px\" \/><\/a><\/p>\n<p>A b\u00edboros felh\u00edvta a figyelmet az enciklika egy szakasz\u00e1ra, amelyben a Szentatya az \u00f6kol\u00f3giai megt\u00e9r\u00e9sr\u0151l \u00edr, \u00e9s az eg\u00e9sz emberis\u00e9get \u00e9rint\u0151 \u00f6kol\u00f3giai v\u00e1ls\u00e1g komoly megfontol\u00e1s\u00e1ra buzd\u00edt. - A t\u00e9t teh\u00e1t a Krisztussal val\u00f3 tal\u00e1lkoz\u00e1st el\u0151seg\u00edt\u0151 magatart\u00e1s. Ezzel le kell vonni minden olyan k\u00f6vetkezm\u00e9nyt, ami a j\u00f3 kapcsolatokhoz, a t\u00f6bbi emberrel, a k\u00f6rnyez\u0151 k\u00f6rnyezettel val\u00f3 kapcsolatokhoz sz\u00fcks\u00e9ges - mondta a prefektus.<\/p>\n<p><a href=\"https:\/\/marekkuchcinski.pl\/wp-content\/uploads\/2016\/10\/do-t.jpg\"><img decoding=\"async\" class=\"alignnone size-full wp-image-4109\" src=\"https:\/\/marekkuchcinski.pl\/wp-content\/uploads\/2016\/10\/do-t.jpg\" alt=\"do-t\" width=\"1800\" height=\"1200\" srcset=\"https:\/\/marekkuchcinski.pl\/wp-content\/uploads\/2016\/10\/do-t.jpg 1800w, https:\/\/marekkuchcinski.pl\/wp-content\/uploads\/2016\/10\/do-t-300x200.jpg 300w, https:\/\/marekkuchcinski.pl\/wp-content\/uploads\/2016\/10\/do-t-768x512.jpg 768w, https:\/\/marekkuchcinski.pl\/wp-content\/uploads\/2016\/10\/do-t-1024x683.jpg 1024w\" sizes=\"(max-width: 1800px) 100vw, 1800px\" \/><\/a><\/p>\n<p>Ma\u0142gorzata Sadurska, a Lengyel K\u00f6zt\u00e1rsas\u00e1g eln\u00f6k\u00e9nek k\u00e9pviselet\u00e9ben elmondta, hogy a \"Laudato Si\" enciklika nem korl\u00e1toz\u00f3dik arra a nyilv\u00e1nval\u00f3 t\u00e9nyre val\u00f3 eml\u00e9keztet\u00e9sre, hogy mindannyiunk biol\u00f3giai l\u00e9t\u00e9nek alapja a k\u00f6rnyezet \u00e1llapot\u00e1t\u00f3l f\u00fcgg. Emellett az emberi \u00e9let t\u00e1gabb k\u00f6rnyezet\u00e9re vonatkoz\u00f3 d\u00f6nt\u00e9seink spiritu\u00e1lis, erk\u00f6lcsi \u00e9s t\u00e1rsadalmi k\u00f6vetkezm\u00e9nyeit is t\u00e1rgyalja.<\/p>\n<p><a href=\"https:\/\/marekkuchcinski.pl\/wp-content\/uploads\/2016\/10\/sa.jpg\"><img decoding=\"async\" class=\"alignnone size-full wp-image-4111\" src=\"https:\/\/marekkuchcinski.pl\/wp-content\/uploads\/2016\/10\/sa.jpg\" alt=\"sa\" width=\"1800\" height=\"1200\" srcset=\"https:\/\/marekkuchcinski.pl\/wp-content\/uploads\/2016\/10\/sa.jpg 1800w, https:\/\/marekkuchcinski.pl\/wp-content\/uploads\/2016\/10\/sa-300x200.jpg 300w, https:\/\/marekkuchcinski.pl\/wp-content\/uploads\/2016\/10\/sa-768x512.jpg 768w, https:\/\/marekkuchcinski.pl\/wp-content\/uploads\/2016\/10\/sa-1024x683.jpg 1024w\" sizes=\"(max-width: 1800px) 100vw, 1800px\" \/><\/a><\/p>\n<p>Jan Szyszko professzor, k\u00f6rnyezetv\u00e9delmi miniszter, aki a konferencia t\u00e1rsszponzora volt, arr\u00f3l besz\u00e9lt, hogy a P\u00e1rizsi Meg\u00e1llapod\u00e1s nagy lehet\u0151s\u00e9get k\u00edn\u00e1l Lengyelorsz\u00e1g sz\u00e1m\u00e1ra. Lengyelorsz\u00e1gnak meg kell ragadnia ezt a lehet\u0151s\u00e9get.<\/p>\n<p><a href=\"https:\/\/marekkuchcinski.pl\/wp-content\/uploads\/2016\/10\/KU045991.jpg\"><img loading=\"lazy\" decoding=\"async\" class=\"alignnone size-full wp-image-4110\" src=\"https:\/\/marekkuchcinski.pl\/wp-content\/uploads\/2016\/10\/KU045991.jpg\" alt=\"ku045991\" width=\"1800\" height=\"1200\" srcset=\"https:\/\/marekkuchcinski.pl\/wp-content\/uploads\/2016\/10\/KU045991.jpg 1800w, https:\/\/marekkuchcinski.pl\/wp-content\/uploads\/2016\/10\/KU045991-300x200.jpg 300w, https:\/\/marekkuchcinski.pl\/wp-content\/uploads\/2016\/10\/KU045991-768x512.jpg 768w, https:\/\/marekkuchcinski.pl\/wp-content\/uploads\/2016\/10\/KU045991-1024x683.jpg 1024w\" sizes=\"(max-width: 1800px) 100vw, 1800px\" \/><\/a><\/p>\n<p>A levelet Beata Szyd\u0142o minisztereln\u00f6k nev\u00e9ben Mateusz Morawiecki minisztereln\u00f6k-helyettes olvasta fel. Felh\u00edvta a figyelmet arra, hogy a k\u00f6rnyezeti v\u00e1ls\u00e1ggal szemben \u00faj szolidarit\u00e1st kell kialak\u00edtani.<\/p>\n<p>- A Szentatya hangs\u00falyozza, hogy mindannyiunknak egy\u00fctt kell v\u00e1laszolnunk a f\u00f6ld \u00e9s a szeg\u00e9nyek ki\u00e1lt\u00e1s\u00e1ra. A mai konferencia m\u00e9lt\u00f3 v\u00e1lasz a p\u00e1pa felh\u00edv\u00e1s\u00e1ra, hogy \u00faj\u00edtsuk meg a p\u00e1rbesz\u00e9det arr\u00f3l, hogyan \u00e9p\u00edts\u00fck bolyg\u00f3nk j\u00f6v\u0151j\u00e9t\" - mondta Morawiecki.<\/p>\n<p><a href=\"https:\/\/marekkuchcinski.pl\/wp-content\/uploads\/2016\/10\/KU045891.jpg\"><img loading=\"lazy\" decoding=\"async\" class=\"alignnone size-full wp-image-4112\" src=\"https:\/\/marekkuchcinski.pl\/wp-content\/uploads\/2016\/10\/KU045891.jpg\" alt=\"ku045891\" width=\"1800\" height=\"1200\" srcset=\"https:\/\/marekkuchcinski.pl\/wp-content\/uploads\/2016\/10\/KU045891.jpg 1800w, https:\/\/marekkuchcinski.pl\/wp-content\/uploads\/2016\/10\/KU045891-300x200.jpg 300w, https:\/\/marekkuchcinski.pl\/wp-content\/uploads\/2016\/10\/KU045891-768x512.jpg 768w, https:\/\/marekkuchcinski.pl\/wp-content\/uploads\/2016\/10\/KU045891-1024x683.jpg 1024w\" sizes=\"(max-width: 1800px) 100vw, 1800px\" \/><\/a><\/p>\n<p>&nbsp;<\/p>","protected":false},"excerpt":{"rendered":"<p>Z inicjatywy prefekta Stolicy Apostolskiej ks. kard. Gerharda M\u00fcllera odby\u0142a si\u0119 mi\u0119dzynarodowa konferencja \u201eZr\u00f3wnowa\u017cony rozw\u00f3j w \u015bwietle encykliki Laudato Si\u201d. Konferencja dotyczy\u0142a najwa\u017cniejszych problem\u00f3w \u015bwiata, takich jak: brak dobrej wody, czystego powietrza, degradacja gleb, proces pustynnienia, g\u0142\u00f3d, migracje, wykluczenie, bior\u00f3\u017cnorodno\u015b\u0107 i zmiany klimatyczne. Konferencja mia\u0142a miejsce w sali obrad Sejmu, gospodarzem by\u0142 marsza\u0142ek Sejmu Marek [&hellip;]<\/p>","protected":false},"author":6,"featured_media":4107,"comment_status":"open","ping_status":"open","sticky":false,"template":"","format":"standard","meta":{"ngg_post_thumbnail":0,"footnotes":""},"categories":[81,50,3],"tags":[],"class_list":["post-4105","post","type-post","status-publish","format-standard","has-post-thumbnail","hentry","category-wiesci-z-sejmu","category-wspolpraca-miedzynarodowa","category-wydarzenia"],"yoast_head":"<!-- This site is optimized with the Yoast SEO plugin v24.7 - https:\/\/yoast.com\/wordpress\/plugins\/seo\/ -->\n<title>Sejm: konferencja o zr\u00f3wnowa\u017conym rozwoju w \u015bwietle rozwoju duchowego &#8211; Marek Kuchci\u0144ski<\/title>\n<meta name=\"robots\" content=\"index, follow, max-snippet:-1, max-image-preview:large, max-video-preview:-1\" \/>\n<link rel=\"canonical\" href=\"https:\/\/marekkuchcinski.pl\/hu\/wiesci-z-sejmu\/sejm-konferencja-o-zrownowazonym-rozwoju-swietle-rozwoju-duchowego\/\" \/>\n<meta property=\"og:locale\" content=\"hu_HU\" \/>\n<meta property=\"og:type\" content=\"article\" \/>\n<meta property=\"og:title\" content=\"Sejm: konferencja o zr\u00f3wnowa\u017conym rozwoju w \u015bwietle rozwoju duchowego &#8211; Marek Kuchci\u0144ski\" \/>\n<meta property=\"og:description\" content=\"Z inicjatywy prefekta Stolicy Apostolskiej ks. kard. Gerharda M\u00fcllera odby\u0142a si\u0119 mi\u0119dzynarodowa konferencja \u201eZr\u00f3wnowa\u017cony rozw\u00f3j w \u015bwietle encykliki Laudato Si\u201d. Konferencja dotyczy\u0142a najwa\u017cniejszych problem\u00f3w \u015bwiata, takich jak: brak dobrej wody, czystego powietrza, degradacja gleb, proces pustynnienia, g\u0142\u00f3d, migracje, wykluczenie, bior\u00f3\u017cnorodno\u015b\u0107 i zmiany klimatyczne. Konferencja mia\u0142a miejsce w sali obrad Sejmu, gospodarzem by\u0142 marsza\u0142ek Sejmu Marek [&hellip;]\" \/>\n<meta property=\"og:url\" content=\"https:\/\/marekkuchcinski.pl\/hu\/wiesci-z-sejmu\/sejm-konferencja-o-zrownowazonym-rozwoju-swietle-rozwoju-duchowego\/\" \/>\n<meta property=\"og:site_name\" content=\"Marek Kuchci\u0144ski\" \/>\n<meta property=\"article:published_time\" content=\"2016-10-15T14:10:35+00:00\" \/>\n<meta property=\"article:modified_time\" content=\"2016-10-18T10:18:06+00:00\" \/>\n<meta property=\"og:image\" content=\"https:\/\/marekkuchcinski.pl\/wp-content\/uploads\/2016\/10\/na-wyr.jpg\" \/>\n\t<meta property=\"og:image:width\" content=\"1800\" \/>\n\t<meta property=\"og:image:height\" content=\"1200\" \/>\n\t<meta property=\"og:image:type\" content=\"image\/jpeg\" \/>\n<meta name=\"author\" content=\"admin\" \/>\n<meta name=\"twitter:card\" content=\"summary_large_image\" \/>\n<meta name=\"twitter:label1\" content=\"Szerz\u0151:\" \/>\n\t<meta name=\"twitter:data1\" content=\"admin\" \/>\n\t<meta name=\"twitter:label2\" content=\"Becs\u00fclt olvas\u00e1si id\u0151\" \/>\n\t<meta name=\"twitter:data2\" content=\"2 perc\" \/>\n<script type=\"application\/ld+json\" class=\"yoast-schema-graph\">{\"@context\":\"https:\/\/schema.org\",\"@graph\":[{\"@type\":\"Article\",\"@id\":\"https:\/\/marekkuchcinski.pl\/wiesci-z-sejmu\/sejm-konferencja-o-zrownowazonym-rozwoju-swietle-rozwoju-duchowego\/#article\",\"isPartOf\":{\"@id\":\"https:\/\/marekkuchcinski.pl\/wiesci-z-sejmu\/sejm-konferencja-o-zrownowazonym-rozwoju-swietle-rozwoju-duchowego\/\"},\"author\":{\"name\":\"admin\",\"@id\":\"https:\/\/marekkuchcinski.pl\/#\/schema\/person\/6f62700996b4d950b6ea2d1183b6c6be\"},\"headline\":\"Sejm: konferencja o zr\u00f3wnowa\u017conym rozwoju w \u015bwietle rozwoju duchowego\",\"datePublished\":\"2016-10-15T14:10:35+00:00\",\"dateModified\":\"2016-10-18T10:18:06+00:00\",\"mainEntityOfPage\":{\"@id\":\"https:\/\/marekkuchcinski.pl\/wiesci-z-sejmu\/sejm-konferencja-o-zrownowazonym-rozwoju-swietle-rozwoju-duchowego\/\"},\"wordCount\":410,\"commentCount\":0,\"publisher\":{\"@id\":\"https:\/\/marekkuchcinski.pl\/#organization\"},\"image\":{\"@id\":\"https:\/\/marekkuchcinski.pl\/wiesci-z-sejmu\/sejm-konferencja-o-zrownowazonym-rozwoju-swietle-rozwoju-duchowego\/#primaryimage\"},\"thumbnailUrl\":\"https:\/\/marekkuchcinski.pl\/wp-content\/uploads\/2016\/10\/na-wyr.jpg\",\"articleSection\":[\"Wie\u015bci z Sejmu\",\"Wsp\u00f3\u0142praca mi\u0119dzynarodowa\",\"Wydarzenia\"],\"inLanguage\":\"hu\",\"potentialAction\":[{\"@type\":\"CommentAction\",\"name\":\"Comment\",\"target\":[\"https:\/\/marekkuchcinski.pl\/wiesci-z-sejmu\/sejm-konferencja-o-zrownowazonym-rozwoju-swietle-rozwoju-duchowego\/#respond\"]}]},{\"@type\":\"WebPage\",\"@id\":\"https:\/\/marekkuchcinski.pl\/wiesci-z-sejmu\/sejm-konferencja-o-zrownowazonym-rozwoju-swietle-rozwoju-duchowego\/\",\"url\":\"https:\/\/marekkuchcinski.pl\/wiesci-z-sejmu\/sejm-konferencja-o-zrownowazonym-rozwoju-swietle-rozwoju-duchowego\/\",\"name\":\"Sejm: konferencja o zr\u00f3wnowa\u017conym rozwoju w \u015bwietle rozwoju duchowego &#8211; Marek Kuchci\u0144ski\",\"isPartOf\":{\"@id\":\"https:\/\/marekkuchcinski.pl\/#website\"},\"primaryImageOfPage\":{\"@id\":\"https:\/\/marekkuchcinski.pl\/wiesci-z-sejmu\/sejm-konferencja-o-zrownowazonym-rozwoju-swietle-rozwoju-duchowego\/#primaryimage\"},\"image\":{\"@id\":\"https:\/\/marekkuchcinski.pl\/wiesci-z-sejmu\/sejm-konferencja-o-zrownowazonym-rozwoju-swietle-rozwoju-duchowego\/#primaryimage\"},\"thumbnailUrl\":\"https:\/\/marekkuchcinski.pl\/wp-content\/uploads\/2016\/10\/na-wyr.jpg\",\"datePublished\":\"2016-10-15T14:10:35+00:00\",\"dateModified\":\"2016-10-18T10:18:06+00:00\",\"breadcrumb\":{\"@id\":\"https:\/\/marekkuchcinski.pl\/wiesci-z-sejmu\/sejm-konferencja-o-zrownowazonym-rozwoju-swietle-rozwoju-duchowego\/#breadcrumb\"},\"inLanguage\":\"hu\",\"potentialAction\":[{\"@type\":\"ReadAction\",\"target\":[\"https:\/\/marekkuchcinski.pl\/wiesci-z-sejmu\/sejm-konferencja-o-zrownowazonym-rozwoju-swietle-rozwoju-duchowego\/\"]}]},{\"@type\":\"ImageObject\",\"inLanguage\":\"hu\",\"@id\":\"https:\/\/marekkuchcinski.pl\/wiesci-z-sejmu\/sejm-konferencja-o-zrownowazonym-rozwoju-swietle-rozwoju-duchowego\/#primaryimage\",\"url\":\"https:\/\/marekkuchcinski.pl\/wp-content\/uploads\/2016\/10\/na-wyr.jpg\",\"contentUrl\":\"https:\/\/marekkuchcinski.pl\/wp-content\/uploads\/2016\/10\/na-wyr.jpg\",\"width\":1800,\"height\":1200},{\"@type\":\"BreadcrumbList\",\"@id\":\"https:\/\/marekkuchcinski.pl\/wiesci-z-sejmu\/sejm-konferencja-o-zrownowazonym-rozwoju-swietle-rozwoju-duchowego\/#breadcrumb\",\"itemListElement\":[{\"@type\":\"ListItem\",\"position\":1,\"name\":\"Strona g\u0142\u00f3wna\",\"item\":\"https:\/\/marekkuchcinski.pl\/\"},{\"@type\":\"ListItem\",\"position\":2,\"name\":\"Sejm: konferencja o zr\u00f3wnowa\u017conym rozwoju w \u015bwietle rozwoju duchowego\"}]},{\"@type\":\"WebSite\",\"@id\":\"https:\/\/marekkuchcinski.pl\/#website\",\"url\":\"https:\/\/marekkuchcinski.pl\/\",\"name\":\"Marek Kuchci\u0144ski\",\"description\":\"Pose\u0142 na sejm RP &ndash; okr\u0119g nr 22\",\"publisher\":{\"@id\":\"https:\/\/marekkuchcinski.pl\/#organization\"},\"potentialAction\":[{\"@type\":\"SearchAction\",\"target\":{\"@type\":\"EntryPoint\",\"urlTemplate\":\"https:\/\/marekkuchcinski.pl\/?s={search_term_string}\"},\"query-input\":{\"@type\":\"PropertyValueSpecification\",\"valueRequired\":true,\"valueName\":\"search_term_string\"}}],\"inLanguage\":\"hu\"},{\"@type\":\"Organization\",\"@id\":\"https:\/\/marekkuchcinski.pl\/#organization\",\"name\":\"Marek Kuchci\u0144ski\",\"url\":\"https:\/\/marekkuchcinski.pl\/\",\"logo\":{\"@type\":\"ImageObject\",\"inLanguage\":\"hu\",\"@id\":\"https:\/\/marekkuchcinski.pl\/#\/schema\/logo\/image\/\",\"url\":\"https:\/\/marekkuchcinski.pl\/wp-content\/uploads\/2022\/09\/Marek.jpg\",\"contentUrl\":\"https:\/\/marekkuchcinski.pl\/wp-content\/uploads\/2022\/09\/Marek.jpg\",\"width\":1600,\"height\":971,\"caption\":\"Marek Kuchci\u0144ski\"},\"image\":{\"@id\":\"https:\/\/marekkuchcinski.pl\/#\/schema\/logo\/image\/\"}},{\"@type\":\"Person\",\"@id\":\"https:\/\/marekkuchcinski.pl\/#\/schema\/person\/6f62700996b4d950b6ea2d1183b6c6be\",\"name\":\"admin\",\"image\":{\"@type\":\"ImageObject\",\"inLanguage\":\"hu\",\"@id\":\"https:\/\/marekkuchcinski.pl\/#\/schema\/person\/image\/\",\"url\":\"https:\/\/secure.gravatar.com\/avatar\/4bab693b9d55c3d6b52c0296a8765085?s=96&d=mm&r=g\",\"contentUrl\":\"https:\/\/secure.gravatar.com\/avatar\/4bab693b9d55c3d6b52c0296a8765085?s=96&d=mm&r=g\",\"caption\":\"admin\"},\"url\":\"https:\/\/marekkuchcinski.pl\/hu\/author\/marta-olejnik\/\"}]}<\/script>\n<!-- \/ Yoast SEO plugin. -->","yoast_head_json":{"title":"Sejm: konferencja o zr\u00f3wnowa\u017conym rozwoju w \u015bwietle rozwoju duchowego &#8211; Marek Kuchci\u0144ski","robots":{"index":"index","follow":"follow","max-snippet":"max-snippet:-1","max-image-preview":"max-image-preview:large","max-video-preview":"max-video-preview:-1"},"canonical":"https:\/\/marekkuchcinski.pl\/hu\/wiesci-z-sejmu\/sejm-konferencja-o-zrownowazonym-rozwoju-swietle-rozwoju-duchowego\/","og_locale":"hu_HU","og_type":"article","og_title":"Sejm: konferencja o zr\u00f3wnowa\u017conym rozwoju w \u015bwietle rozwoju duchowego &#8211; Marek Kuchci\u0144ski","og_description":"Z inicjatywy prefekta Stolicy Apostolskiej ks. kard. Gerharda M\u00fcllera odby\u0142a si\u0119 mi\u0119dzynarodowa konferencja \u201eZr\u00f3wnowa\u017cony rozw\u00f3j w \u015bwietle encykliki Laudato Si\u201d. Konferencja dotyczy\u0142a najwa\u017cniejszych problem\u00f3w \u015bwiata, takich jak: brak dobrej wody, czystego powietrza, degradacja gleb, proces pustynnienia, g\u0142\u00f3d, migracje, wykluczenie, bior\u00f3\u017cnorodno\u015b\u0107 i zmiany klimatyczne. Konferencja mia\u0142a miejsce w sali obrad Sejmu, gospodarzem by\u0142 marsza\u0142ek Sejmu Marek [&hellip;]","og_url":"https:\/\/marekkuchcinski.pl\/hu\/wiesci-z-sejmu\/sejm-konferencja-o-zrownowazonym-rozwoju-swietle-rozwoju-duchowego\/","og_site_name":"Marek Kuchci\u0144ski","article_published_time":"2016-10-15T14:10:35+00:00","article_modified_time":"2016-10-18T10:18:06+00:00","og_image":[{"width":1800,"height":1200,"url":"https:\/\/marekkuchcinski.pl\/wp-content\/uploads\/2016\/10\/na-wyr.jpg","type":"image\/jpeg"}],"author":"admin","twitter_card":"summary_large_image","twitter_misc":{"Szerz\u0151:":"admin","Becs\u00fclt olvas\u00e1si id\u0151":"2 perc"},"schema":{"@context":"https:\/\/schema.org","@graph":[{"@type":"Article","@id":"https:\/\/marekkuchcinski.pl\/wiesci-z-sejmu\/sejm-konferencja-o-zrownowazonym-rozwoju-swietle-rozwoju-duchowego\/#article","isPartOf":{"@id":"https:\/\/marekkuchcinski.pl\/wiesci-z-sejmu\/sejm-konferencja-o-zrownowazonym-rozwoju-swietle-rozwoju-duchowego\/"},"author":{"name":"admin","@id":"https:\/\/marekkuchcinski.pl\/#\/schema\/person\/6f62700996b4d950b6ea2d1183b6c6be"},"headline":"Sejm: konferencja o zr\u00f3wnowa\u017conym rozwoju w \u015bwietle rozwoju duchowego","datePublished":"2016-10-15T14:10:35+00:00","dateModified":"2016-10-18T10:18:06+00:00","mainEntityOfPage":{"@id":"https:\/\/marekkuchcinski.pl\/wiesci-z-sejmu\/sejm-konferencja-o-zrownowazonym-rozwoju-swietle-rozwoju-duchowego\/"},"wordCount":410,"commentCount":0,"publisher":{"@id":"https:\/\/marekkuchcinski.pl\/#organization"},"image":{"@id":"https:\/\/marekkuchcinski.pl\/wiesci-z-sejmu\/sejm-konferencja-o-zrownowazonym-rozwoju-swietle-rozwoju-duchowego\/#primaryimage"},"thumbnailUrl":"https:\/\/marekkuchcinski.pl\/wp-content\/uploads\/2016\/10\/na-wyr.jpg","articleSection":["Wie\u015bci z Sejmu","Wsp\u00f3\u0142praca mi\u0119dzynarodowa","Wydarzenia"],"inLanguage":"hu","potentialAction":[{"@type":"CommentAction","name":"Comment","target":["https:\/\/marekkuchcinski.pl\/wiesci-z-sejmu\/sejm-konferencja-o-zrownowazonym-rozwoju-swietle-rozwoju-duchowego\/#respond"]}]},{"@type":"WebPage","@id":"https:\/\/marekkuchcinski.pl\/wiesci-z-sejmu\/sejm-konferencja-o-zrownowazonym-rozwoju-swietle-rozwoju-duchowego\/","url":"https:\/\/marekkuchcinski.pl\/wiesci-z-sejmu\/sejm-konferencja-o-zrownowazonym-rozwoju-swietle-rozwoju-duchowego\/","name":"Sejm: konferencja o zr\u00f3wnowa\u017conym rozwoju w \u015bwietle rozwoju duchowego &#8211; Marek Kuchci\u0144ski","isPartOf":{"@id":"https:\/\/marekkuchcinski.pl\/#website"},"primaryImageOfPage":{"@id":"https:\/\/marekkuchcinski.pl\/wiesci-z-sejmu\/sejm-konferencja-o-zrownowazonym-rozwoju-swietle-rozwoju-duchowego\/#primaryimage"},"image":{"@id":"https:\/\/marekkuchcinski.pl\/wiesci-z-sejmu\/sejm-konferencja-o-zrownowazonym-rozwoju-swietle-rozwoju-duchowego\/#primaryimage"},"thumbnailUrl":"https:\/\/marekkuchcinski.pl\/wp-content\/uploads\/2016\/10\/na-wyr.jpg","datePublished":"2016-10-15T14:10:35+00:00","dateModified":"2016-10-18T10:18:06+00:00","breadcrumb":{"@id":"https:\/\/marekkuchcinski.pl\/wiesci-z-sejmu\/sejm-konferencja-o-zrownowazonym-rozwoju-swietle-rozwoju-duchowego\/#breadcrumb"},"inLanguage":"hu","potentialAction":[{"@type":"ReadAction","target":["https:\/\/marekkuchcinski.pl\/wiesci-z-sejmu\/sejm-konferencja-o-zrownowazonym-rozwoju-swietle-rozwoju-duchowego\/"]}]},{"@type":"ImageObject","inLanguage":"hu","@id":"https:\/\/marekkuchcinski.pl\/wiesci-z-sejmu\/sejm-konferencja-o-zrownowazonym-rozwoju-swietle-rozwoju-duchowego\/#primaryimage","url":"https:\/\/marekkuchcinski.pl\/wp-content\/uploads\/2016\/10\/na-wyr.jpg","contentUrl":"https:\/\/marekkuchcinski.pl\/wp-content\/uploads\/2016\/10\/na-wyr.jpg","width":1800,"height":1200},{"@type":"BreadcrumbList","@id":"https:\/\/marekkuchcinski.pl\/wiesci-z-sejmu\/sejm-konferencja-o-zrownowazonym-rozwoju-swietle-rozwoju-duchowego\/#breadcrumb","itemListElement":[{"@type":"ListItem","position":1,"name":"Strona g\u0142\u00f3wna","item":"https:\/\/marekkuchcinski.pl\/"},{"@type":"ListItem","position":2,"name":"Sejm: konferencja o zr\u00f3wnowa\u017conym rozwoju w \u015bwietle rozwoju duchowego"}]},{"@type":"WebSite","@id":"https:\/\/marekkuchcinski.pl\/#website","url":"https:\/\/marekkuchcinski.pl\/","name":"Marek Kuchci\u0144ski","description":"Pose\u0142 na sejm RP &ndash; okr\u0119g nr 22","publisher":{"@id":"https:\/\/marekkuchcinski.pl\/#organization"},"potentialAction":[{"@type":"SearchAction","target":{"@type":"EntryPoint","urlTemplate":"https:\/\/marekkuchcinski.pl\/?s={search_term_string}"},"query-input":{"@type":"PropertyValueSpecification","valueRequired":true,"valueName":"search_term_string"}}],"inLanguage":"hu"},{"@type":"Organization","@id":"https:\/\/marekkuchcinski.pl\/#organization","name":"Marek Kuchci\u0144ski","url":"https:\/\/marekkuchcinski.pl\/","logo":{"@type":"ImageObject","inLanguage":"hu","@id":"https:\/\/marekkuchcinski.pl\/#\/schema\/logo\/image\/","url":"https:\/\/marekkuchcinski.pl\/wp-content\/uploads\/2022\/09\/Marek.jpg","contentUrl":"https:\/\/marekkuchcinski.pl\/wp-content\/uploads\/2022\/09\/Marek.jpg","width":1600,"height":971,"caption":"Marek Kuchci\u0144ski"},"image":{"@id":"https:\/\/marekkuchcinski.pl\/#\/schema\/logo\/image\/"}},{"@type":"Person","@id":"https:\/\/marekkuchcinski.pl\/#\/schema\/person\/6f62700996b4d950b6ea2d1183b6c6be","name":"admin","image":{"@type":"ImageObject","inLanguage":"hu","@id":"https:\/\/marekkuchcinski.pl\/#\/schema\/person\/image\/","url":"https:\/\/secure.gravatar.com\/avatar\/4bab693b9d55c3d6b52c0296a8765085?s=96&d=mm&r=g","contentUrl":"https:\/\/secure.gravatar.com\/avatar\/4bab693b9d55c3d6b52c0296a8765085?s=96&d=mm&r=g","caption":"admin"},"url":"https:\/\/marekkuchcinski.pl\/hu\/author\/marta-olejnik\/"}]}},"_links":{"self":[{"href":"https:\/\/marekkuchcinski.pl\/hu\/wp-json\/wp\/v2\/posts\/4105","targetHints":{"allow":["GET"]}}],"collection":[{"href":"https:\/\/marekkuchcinski.pl\/hu\/wp-json\/wp\/v2\/posts"}],"about":[{"href":"https:\/\/marekkuchcinski.pl\/hu\/wp-json\/wp\/v2\/types\/post"}],"author":[{"embeddable":true,"href":"https:\/\/marekkuchcinski.pl\/hu\/wp-json\/wp\/v2\/users\/6"}],"replies":[{"embeddable":true,"href":"https:\/\/marekkuchcinski.pl\/hu\/wp-json\/wp\/v2\/comments?post=4105"}],"version-history":[{"count":2,"href":"https:\/\/marekkuchcinski.pl\/hu\/wp-json\/wp\/v2\/posts\/4105\/revisions"}],"predecessor-version":[{"id":4114,"href":"https:\/\/marekkuchcinski.pl\/hu\/wp-json\/wp\/v2\/posts\/4105\/revisions\/4114"}],"wp:featuredmedia":[{"embeddable":true,"href":"https:\/\/marekkuchcinski.pl\/hu\/wp-json\/wp\/v2\/media\/4107"}],"wp:attachment":[{"href":"https:\/\/marekkuchcinski.pl\/hu\/wp-json\/wp\/v2\/media?parent=4105"}],"wp:term":[{"taxonomy":"category","embeddable":true,"href":"https:\/\/marekkuchcinski.pl\/hu\/wp-json\/wp\/v2\/categories?post=4105"},{"taxonomy":"post_tag","embeddable":true,"href":"https:\/\/marekkuchcinski.pl\/hu\/wp-json\/wp\/v2\/tags?post=4105"}],"curies":[{"name":"wp","href":"https:\/\/api.w.org\/{rel}","templated":true}]}}