{"id":4090,"date":"2016-10-12T14:16:57","date_gmt":"2016-10-12T12:16:57","guid":{"rendered":"https:\/\/marekkuchcinski.pl\/?p=4090"},"modified":"2016-10-14T14:19:31","modified_gmt":"2016-10-14T12:19:31","slug":"12-pazdziernika-1938-r-zalozono-stalowa-wole","status":"publish","type":"post","link":"https:\/\/marekkuchcinski.pl\/hu\/wazne-daty\/12-pazdziernika-1938-r-zalozono-stalowa-wole\/","title":{"rendered":"1938. okt\u00f3ber 12. Stalowa Wola megalakul\u00e1sa"},"content":{"rendered":"<p><strong>Az 1937-1939-ben a semmib\u0151l tervezett \u00e9s \u00e9p\u00edtett Stalowa Wola a m\u00e1sodik k\u00f6zt\u00e1rsas\u00e1g egyik legjelent\u0151sebb ipari beruh\u00e1z\u00e1sa volt.<\/strong><\/p>\n<p>1937. febru\u00e1r 5-\u00e9n a Szejm k\u00f6lts\u00e9gvet\u00e9si bizotts\u00e1g\u00e1nak \u00fcl\u00e9s\u00e9n az akkori minisztereln\u00f6k-helyettes \u00e9s p\u00e9nz\u00fcgyminiszter, Eugeniusz Kwiatkowski bemutatta a K\u00f6zponti Ipari K\u00f6rzet \u00e9p\u00edt\u00e9s\u00e9nek terv\u00e9t, amely a m\u00e1sodik k\u00f6zt\u00e1rsas\u00e1g legnagyobb ipari v\u00e1llalkoz\u00e1sa volt.<\/p>\n<p><em>forr\u00e1s: nowahistoria.interia.pl<\/em><\/p>\n<p><a href=\"https:\/\/marekkuchcinski.pl\/wp-content\/uploads\/2016\/10\/000606UJ89K5YF91-C116-F4.png\"><img fetchpriority=\"high\" decoding=\"async\" class=\"alignnone size-full wp-image-4091\" src=\"https:\/\/marekkuchcinski.pl\/wp-content\/uploads\/2016\/10\/000606UJ89K5YF91-C116-F4.png\" alt=\"000606uj89k5yf91-c116-f4\" width=\"625\" height=\"398\" srcset=\"https:\/\/marekkuchcinski.pl\/wp-content\/uploads\/2016\/10\/000606UJ89K5YF91-C116-F4.png 625w, https:\/\/marekkuchcinski.pl\/wp-content\/uploads\/2016\/10\/000606UJ89K5YF91-C116-F4-300x191.png 300w\" sizes=\"(max-width: 625px) 100vw, 625px\" \/><\/a><\/p>","protected":false},"excerpt":{"rendered":"<p>Zaprojektowane i zbudowane od podstaw w latach 1937-1939 miasto Stalowa Wola by\u0142o jedn\u0105 ze sztandarowych inwestycji flagowego przedsi\u0119wzi\u0119cia przemys\u0142owego II Rzeczpospolitej. 5 lutego 1937 roku \u00f3wczesny wicepremier i minister skarbu Eugeniusz Kwiatkowski na posiedzeniu Komisji Bud\u017cetowej Sejmu przedstawi\u0142 plan budowy Centralnego Okr\u0119gu Przemys\u0142owego, kt\u00f3ry by\u0142 najwi\u0119kszym przedsi\u0119wzi\u0119ciem przemys\u0142owym II Rzeczpospolitej. \u017ar\u00f3d\u0142o:\u00a0nowahistoria.interia.pl<\/p>","protected":false},"author":6,"featured_media":4091,"comment_status":"open","ping_status":"open","sticky":false,"template":"","format":"standard","meta":{"ngg_post_thumbnail":0,"footnotes":""},"categories":[77],"tags":[],"class_list":["post-4090","post","type-post","status-publish","format-standard","has-post-thumbnail","hentry","category-wazne-daty"],"_links":{"self":[{"href":"https:\/\/marekkuchcinski.pl\/hu\/wp-json\/wp\/v2\/posts\/4090","targetHints":{"allow":["GET"]}}],"collection":[{"href":"https:\/\/marekkuchcinski.pl\/hu\/wp-json\/wp\/v2\/posts"}],"about":[{"href":"https:\/\/marekkuchcinski.pl\/hu\/wp-json\/wp\/v2\/types\/post"}],"author":[{"embeddable":true,"href":"https:\/\/marekkuchcinski.pl\/hu\/wp-json\/wp\/v2\/users\/6"}],"replies":[{"embeddable":true,"href":"https:\/\/marekkuchcinski.pl\/hu\/wp-json\/wp\/v2\/comments?post=4090"}],"version-history":[{"count":1,"href":"https:\/\/marekkuchcinski.pl\/hu\/wp-json\/wp\/v2\/posts\/4090\/revisions"}],"predecessor-version":[{"id":4092,"href":"https:\/\/marekkuchcinski.pl\/hu\/wp-json\/wp\/v2\/posts\/4090\/revisions\/4092"}],"wp:featuredmedia":[{"embeddable":true,"href":"https:\/\/marekkuchcinski.pl\/hu\/wp-json\/wp\/v2\/media\/4091"}],"wp:attachment":[{"href":"https:\/\/marekkuchcinski.pl\/hu\/wp-json\/wp\/v2\/media?parent=4090"}],"wp:term":[{"taxonomy":"category","embeddable":true,"href":"https:\/\/marekkuchcinski.pl\/hu\/wp-json\/wp\/v2\/categories?post=4090"},{"taxonomy":"post_tag","embeddable":true,"href":"https:\/\/marekkuchcinski.pl\/hu\/wp-json\/wp\/v2\/tags?post=4090"}],"curies":[{"name":"wp","href":"https:\/\/api.w.org\/{rel}","templated":true}]}}