{"id":4071,"date":"2016-10-13T18:00:07","date_gmt":"2016-10-13T16:00:07","guid":{"rendered":"https:\/\/marekkuchcinski.pl\/?p=4071"},"modified":"2016-10-13T18:04:07","modified_gmt":"2016-10-13T16:04:07","slug":"wiceprzewodniczacy-parlamentu-wegier-polegajac-wzajemnie-mozemy-liczyc-sukces","status":"publish","type":"post","link":"https:\/\/marekkuchcinski.pl\/hu\/bez-kategorii\/wiceprzewodniczacy-parlamentu-wegier-polegajac-wzajemnie-mozemy-liczyc-sukces\/","title":{"rendered":"Latorcai: egym\u00e1sra t\u00e1maszkodva sz\u00e1m\u00edthat sikerre Lengyelorsz\u00e1g \u00e9s Magyarorsz\u00e1g"},"content":{"rendered":"<p><strong>A szejm felid\u00e9zte a lengyelek \u00e9s a magyarok k\u00f6z\u00f6tti nagy szolidarit\u00e1s idej\u00e9t. Azokat az id\u0151ket, amikor egy testv\u00e9ri nemzet \u00e9rdekeit magasabbra helyezt\u00e9k, mint a saj\u00e1t \u00e9rdekeit.<\/strong><\/p>\n<p>- A magyar forradalom, vagy ahogy Lengyelorsz\u00e1gban mondjuk, az 1956-os felkel\u00e9s egy\u00fattal alkalmat adott egy n\u00e9pi b\u00f6lcsess\u00e9g igazs\u00e1g\u00e1nak \u00fajabb igazol\u00e1s\u00e1ra: az igaz bar\u00e1tok a szeg\u00e9nys\u00e9gben k\u00f6t\u0151dnek - kezdte besz\u00e9d\u00e9t Marek Kuchci\u0144ski, a Szejm eln\u00f6ke. Felid\u00e9zte 1956. okt\u00f3ber 23-\u00e1t, amikor magyar di\u00e1kok ezrei vonultak Budapest utc\u00e1ira, hogy t\u00e1mogass\u00e1k a szovjet ig\u00e1t laz\u00edtani akar\u00f3 lengyelek er\u0151fesz\u00edt\u00e9seit, valamint a lengyelek \u00e1ltal a szovjet inv\u00e1zi\u00f3nak ellen\u00e1ll\u00f3 magyaroknak szervezett t\u00e1mogat\u00f3 gy\u0171l\u00e9seket. Ezeken a gy\u0171l\u00e9seken gy\u00f3gyszereket \u00e9s \u00e9lelmiszert gy\u0171jt\u00f6ttek. V\u00e9rt adtak, \u00e9s d\u00edsz\u0151rs\u00e9g \u00e1llt a magyar nagyk\u00f6vets\u00e9g \u00e9s a M\u0171vel\u0151d\u00e9si Int\u00e9zet el\u0151tt.  - Nem v\u00e9letlen - mondta a marsall -, hogy a magyar f\u00fcggetlens\u00e9gi felkel\u00e9s 25. \u00e9vfordul\u00f3j\u00e1n avatt\u00e1k fel a Vars\u00f3 melletti Podkowa Le\u015bn\u00e1ban az els\u0151 gr\u00e1nitt\u00e1bl\u00e1t az eg\u00e9sz keleti blokkban, a k\u00f6vetkez\u0151 felirattal: \"Az elesettek \u00e9s meggyilkoltak eml\u00e9k\u00e9re a magyar felkel\u00e9s \u00e9vfordul\u00f3j\u00e1n\". Ez volt az a Podkowa Le\u015bna, ahol n\u00e9h\u00e1ny \u00e9vvel k\u00e9s\u0151bb megalakult a Lengyel-Magyar Szolidarit\u00e1s, amely sok m\u00e1s hasonl\u00f3 kezdem\u00e9nyez\u00e9ssel egy\u00fctt hamarosan elhozta orsz\u00e1gainknak a szabads\u00e1got, a demokr\u00e1ci\u00e1t, a visegr\u00e1di egy\u00fcttm\u0171k\u00f6d\u00e9st, a NATO- \u00e9s az Eur\u00f3pai Uni\u00f3s tags\u00e1got.<\/p>\n<p>- Azok voltak azok az id\u0151k, amikor egy testv\u00e9ri nemzet \u00e9rdekeit a saj\u00e1tunk el\u00e9 helyezt\u00fck\" - eml\u00e9kezett vissza Latorcai J\u00e1nos, az Orsz\u00e1ggy\u0171l\u00e9s aleln\u00f6ke. - Orsz\u00e1gaink nem v\u00e1rt\u00e1k meg, hogy m\u00e1sok seg\u00edtsenek nek\u00fcnk. A Lengyelorsz\u00e1g ir\u00e1nti szimp\u00e1tia volt a forradalom kezdete, \u00e9s a forradalom alatt a lengyelek szellemi mun\u00edci\u00f3t adtak Magyarorsz\u00e1gnak\" - mondta Latorcai. Hangs\u00falyozta az eml\u00e9kez\u00e9s fontoss\u00e1g\u00e1t - az orsz\u00e1gaink szabads\u00e1g\u00e1\u00e9rt val\u00f3 felkel\u00e9sr\u0151l, a szolidarit\u00e1sr\u00f3l \u00e9s a h\u0151s\u00f6kr\u0151l, az eml\u00e9kez\u00e9sr\u0151l, amely utat mutat \u00e9s er\u0151t ad a j\u00f6v\u0151h\u00f6z, hogy egym\u00e1st t\u00e1mogatva k\u00f6z\u00f6s sikereket \u00e9rj\u00fcnk el.<\/p>\n<p>A \"Lengyelorsz\u00e1g-Magyarorsz\u00e1g 1956: \u00f6sszef\u00fcgg\u00e9sek \u00e9s eml\u00e9kez\u00e9s\" c\u00edm\u0171 konferenci\u00e1t az Eur\u00f3pai H\u00e1l\u00f3zat Eml\u00e9kezet \u00e9s Szolidarit\u00e1s Int\u00e9zete szervezte a T\u00f6rt\u00e9nelmi Tal\u00e1lkoz\u00f3 H\u00e1zban \u00e9s a Magyar Int\u00e9zetben, hogy felid\u00e9zze az 1956-os lengyelorsz\u00e1gi \u00e9s magyarorsz\u00e1gi dr\u00e1mai esem\u00e9nyeket, \u00e9s r\u00e1vil\u00e1g\u00edtson orsz\u00e1gaink k\u00f6z\u00f6ss\u00e9g\u00e9re.<\/p>\n<p>&nbsp;<\/p>\n<p><a href=\"https:\/\/marekkuchcinski.pl\/wp-content\/uploads\/2016\/10\/DSCF5046-001.jpg\"><img fetchpriority=\"high\" decoding=\"async\" class=\"alignnone size-full wp-image-4073\" src=\"https:\/\/marekkuchcinski.pl\/wp-content\/uploads\/2016\/10\/DSCF5046-001.jpg\" alt=\"dscf5046-001\" width=\"1944\" height=\"1296\" srcset=\"https:\/\/marekkuchcinski.pl\/wp-content\/uploads\/2016\/10\/DSCF5046-001.jpg 1944w, https:\/\/marekkuchcinski.pl\/wp-content\/uploads\/2016\/10\/DSCF5046-001-300x200.jpg 300w, https:\/\/marekkuchcinski.pl\/wp-content\/uploads\/2016\/10\/DSCF5046-001-768x512.jpg 768w, https:\/\/marekkuchcinski.pl\/wp-content\/uploads\/2016\/10\/DSCF5046-001-1024x683.jpg 1024w\" sizes=\"(max-width: 1944px) 100vw, 1944px\" \/><\/a><a href=\"https:\/\/marekkuchcinski.pl\/wp-content\/uploads\/2016\/10\/DSCF4999-001.jpg\"><img decoding=\"async\" class=\"alignnone size-full wp-image-4074\" src=\"https:\/\/marekkuchcinski.pl\/wp-content\/uploads\/2016\/10\/DSCF4999-001.jpg\" alt=\"dscf4999-001\" width=\"2076\" height=\"1380\" srcset=\"https:\/\/marekkuchcinski.pl\/wp-content\/uploads\/2016\/10\/DSCF4999-001.jpg 2048w, https:\/\/marekkuchcinski.pl\/wp-content\/uploads\/2016\/10\/DSCF4999-001-300x199.jpg 300w, https:\/\/marekkuchcinski.pl\/wp-content\/uploads\/2016\/10\/DSCF4999-001-768x511.jpg 768w, https:\/\/marekkuchcinski.pl\/wp-content\/uploads\/2016\/10\/DSCF4999-001-1024x681.jpg 1024w\" sizes=\"(max-width: 2076px) 100vw, 2076px\" \/><\/a> <a href=\"https:\/\/marekkuchcinski.pl\/wp-content\/uploads\/2016\/10\/DSCF5004.jpg\"><img decoding=\"async\" class=\"alignnone size-full wp-image-4075\" src=\"https:\/\/marekkuchcinski.pl\/wp-content\/uploads\/2016\/10\/DSCF5004.jpg\" alt=\"dscf5004\" width=\"3040\" height=\"2027\" srcset=\"https:\/\/marekkuchcinski.pl\/wp-content\/uploads\/2016\/10\/DSCF5004.jpg 2048w, https:\/\/marekkuchcinski.pl\/wp-content\/uploads\/2016\/10\/DSCF5004-300x200.jpg 300w, https:\/\/marekkuchcinski.pl\/wp-content\/uploads\/2016\/10\/DSCF5004-768x512.jpg 768w, https:\/\/marekkuchcinski.pl\/wp-content\/uploads\/2016\/10\/DSCF5004-1024x683.jpg 1024w\" sizes=\"(max-width: 3040px) 100vw, 3040px\" \/><\/a> <a href=\"https:\/\/marekkuchcinski.pl\/wp-content\/uploads\/2016\/10\/DSCF5021.jpg\"><img loading=\"lazy\" decoding=\"async\" class=\"alignnone size-full wp-image-4077\" src=\"https:\/\/marekkuchcinski.pl\/wp-content\/uploads\/2016\/10\/DSCF5021.jpg\" alt=\"dscf5021\" width=\"3697\" height=\"2466\" srcset=\"https:\/\/marekkuchcinski.pl\/wp-content\/uploads\/2016\/10\/DSCF5021.jpg 2048w, https:\/\/marekkuchcinski.pl\/wp-content\/uploads\/2016\/10\/DSCF5021-300x200.jpg 300w, https:\/\/marekkuchcinski.pl\/wp-content\/uploads\/2016\/10\/DSCF5021-768x512.jpg 768w, https:\/\/marekkuchcinski.pl\/wp-content\/uploads\/2016\/10\/DSCF5021-1024x683.jpg 1024w\" sizes=\"(max-width: 3697px) 100vw, 3697px\" \/><\/a> <a href=\"https:\/\/marekkuchcinski.pl\/wp-content\/uploads\/2016\/10\/DSCF5029.jpg\"><img loading=\"lazy\" decoding=\"async\" class=\"alignnone size-full wp-image-4078\" src=\"https:\/\/marekkuchcinski.pl\/wp-content\/uploads\/2016\/10\/DSCF5029.jpg\" alt=\"dscf5029\" width=\"4896\" height=\"2760\" srcset=\"https:\/\/marekkuchcinski.pl\/wp-content\/uploads\/2016\/10\/DSCF5029.jpg 2048w, https:\/\/marekkuchcinski.pl\/wp-content\/uploads\/2016\/10\/DSCF5029-300x169.jpg 300w, https:\/\/marekkuchcinski.pl\/wp-content\/uploads\/2016\/10\/DSCF5029-768x433.jpg 768w, https:\/\/marekkuchcinski.pl\/wp-content\/uploads\/2016\/10\/DSCF5029-1024x577.jpg 1024w\" sizes=\"(max-width: 4896px) 100vw, 4896px\" \/><\/a> <a href=\"https:\/\/marekkuchcinski.pl\/wp-content\/uploads\/2016\/10\/DSCF5054.jpg\"><img loading=\"lazy\" decoding=\"async\" class=\"alignnone size-full wp-image-4079\" src=\"https:\/\/marekkuchcinski.pl\/wp-content\/uploads\/2016\/10\/DSCF5054.jpg\" alt=\"dscf5054\" width=\"4896\" height=\"2760\" srcset=\"https:\/\/marekkuchcinski.pl\/wp-content\/uploads\/2016\/10\/DSCF5054.jpg 2048w, https:\/\/marekkuchcinski.pl\/wp-content\/uploads\/2016\/10\/DSCF5054-300x169.jpg 300w, https:\/\/marekkuchcinski.pl\/wp-content\/uploads\/2016\/10\/DSCF5054-768x433.jpg 768w, https:\/\/marekkuchcinski.pl\/wp-content\/uploads\/2016\/10\/DSCF5054-1024x577.jpg 1024w\" sizes=\"(max-width: 4896px) 100vw, 4896px\" \/><\/a><\/p>\n<p>&nbsp;<\/p>\n<p>&nbsp;<\/p>\n<p>&nbsp;<\/p>\n<p>&nbsp;<\/p>\n<p>&nbsp;<\/p>","protected":false},"excerpt":{"rendered":"<p>W\u00a0Sejmie wspominano czasy wielkiej solidarno\u015bci mi\u0119dzy Polakami a W\u0119grami. Czasy, w kt\u00f3rych \u00a0interesy bratniego narodu stawiano wy\u017cej ni\u017c w\u0142asne. \u2013 W\u0119gierska rewolucja, czyli jak m\u00f3wimy w Polsce powstanie 1956 roku, sta\u0142o si\u0119 zarazem okazj\u0105 do kolejnego potwierdzenia prawdziwo\u015bci ludowej m\u0105dro\u015bci: prawdziwych przyjaci\u00f3\u0142 poznaje si\u0119 w\u00a0biedzie \u2013 rozpocz\u0105\u0142 swoje przem\u00f3wienie marsza\u0142ek Sejmu Marek Kuchci\u0144ski. Przypomina\u0142 23 [&hellip;]<\/p>\n","protected":false},"author":6,"featured_media":4074,"comment_status":"open","ping_status":"open","sticky":false,"template":"","format":"standard","meta":{"ngg_post_thumbnail":0,"footnotes":""},"categories":[1,81,50,3],"tags":[],"class_list":["post-4071","post","type-post","status-publish","format-standard","has-post-thumbnail","hentry","category-bez-kategorii","category-wiesci-z-sejmu","category-wspolpraca-miedzynarodowa","category-wydarzenia"],"_links":{"self":[{"href":"https:\/\/marekkuchcinski.pl\/hu\/wp-json\/wp\/v2\/posts\/4071","targetHints":{"allow":["GET"]}}],"collection":[{"href":"https:\/\/marekkuchcinski.pl\/hu\/wp-json\/wp\/v2\/posts"}],"about":[{"href":"https:\/\/marekkuchcinski.pl\/hu\/wp-json\/wp\/v2\/types\/post"}],"author":[{"embeddable":true,"href":"https:\/\/marekkuchcinski.pl\/hu\/wp-json\/wp\/v2\/users\/6"}],"replies":[{"embeddable":true,"href":"https:\/\/marekkuchcinski.pl\/hu\/wp-json\/wp\/v2\/comments?post=4071"}],"version-history":[{"count":4,"href":"https:\/\/marekkuchcinski.pl\/hu\/wp-json\/wp\/v2\/posts\/4071\/revisions"}],"predecessor-version":[{"id":4083,"href":"https:\/\/marekkuchcinski.pl\/hu\/wp-json\/wp\/v2\/posts\/4071\/revisions\/4083"}],"wp:featuredmedia":[{"embeddable":true,"href":"https:\/\/marekkuchcinski.pl\/hu\/wp-json\/wp\/v2\/media\/4074"}],"wp:attachment":[{"href":"https:\/\/marekkuchcinski.pl\/hu\/wp-json\/wp\/v2\/media?parent=4071"}],"wp:term":[{"taxonomy":"category","embeddable":true,"href":"https:\/\/marekkuchcinski.pl\/hu\/wp-json\/wp\/v2\/categories?post=4071"},{"taxonomy":"post_tag","embeddable":true,"href":"https:\/\/marekkuchcinski.pl\/hu\/wp-json\/wp\/v2\/tags?post=4071"}],"curies":[{"name":"wp","href":"https:\/\/api.w.org\/{rel}","templated":true}]}}