{"id":4056,"date":"2016-10-12T15:13:03","date_gmt":"2016-10-12T13:13:03","guid":{"rendered":"https:\/\/marekkuchcinski.pl\/?p=4056"},"modified":"2016-10-14T07:58:24","modified_gmt":"2016-10-14T05:58:24","slug":"bratyslawa-zegna-dzis-michala-kovaca-pierwszego-prezydenta-slowacji","status":"publish","type":"post","link":"https:\/\/marekkuchcinski.pl\/hu\/wydarzenia\/bratyslawa-zegna-dzis-michala-kovaca-pierwszego-prezydenta-slowacji\/","title":{"rendered":"Pozsony b\u00facs\u00fazik Michal Kov\u00e1\u010dt\u00f3l, Szlov\u00e1kia els\u0151 eln\u00f6k\u00e9t\u0151l"},"content":{"rendered":"<p><strong>Okt\u00f3ber 5-\u00e9n elhunyt Michal Kov\u00e1\u010d szlov\u00e1k politikus \u00e9s k\u00f6zgazd\u00e1sz, parlamenti k\u00e9pvisel\u0151, miniszter, a Sz\u00f6vets\u00e9gi Gy\u0171l\u00e9s eln\u00f6ke, 1993 \u00e9s 1998 k\u00f6z\u00f6tt Szlov\u00e1kia eln\u00f6ke. Az eln\u00f6k \u00e1llami temet\u00e9s\u00e9re ma ker\u00fclt sor Pozsonyban, katonai tiszteletad\u00e1s mellett.<\/strong><\/p>\n<p>Michal Kov\u00e1\u010d ellenz\u00e9ki aktivista volt, t\u00f6bbek k\u00f6z\u00f6tt a Demokratikus Szlov\u00e1ki\u00e1\u00e9rt Mozgalomban tev\u00e9kenykedett, Szlov\u00e1kia Eur\u00f3pa-p\u00e1rti ir\u00e1nyvonal\u00e1nak t\u00e1mogat\u00f3ja \u00e9s \u00e1llamf\u00e9rfi. A szlov\u00e1k nagyk\u00f6vets\u00e9gen megjelent r\u00e9szv\u00e9tnyilv\u00e1n\u00edt\u00f3 lev\u00e9lben a szejm eln\u00f6ke korunk h\u0151s\u00e9nek nevezte \u0151t. Hangs\u00falyozta, hogy a mai eur\u00f3pai demokratikus rendet olyan embereknek k\u00f6sz\u00f6nhetj\u00fck, mint Kov\u00e1\u010d.<\/p>\n<p>1994-ben Michal Kov\u00e1\u010d megkapta a Lengyel K\u00f6zt\u00e1rsas\u00e1gi \u00c9rdemrend Nagykeresztj\u00e9t, h\u00e1rom \u00e9vvel k\u00e9s\u0151bb pedig a Feh\u00e9r Sas \u00e9rdemrendet.<\/p>\n<p>&nbsp;<\/p>\n<p><a href=\"https:\/\/marekkuchcinski.pl\/wp-content\/uploads\/2016\/10\/k3.jpg\"><img fetchpriority=\"high\" decoding=\"async\" class=\"alignnone wp-image-4057\" src=\"https:\/\/marekkuchcinski.pl\/wp-content\/uploads\/2016\/10\/k3.jpg\" alt=\"k3\" width=\"998\" height=\"793\" srcset=\"https:\/\/marekkuchcinski.pl\/wp-content\/uploads\/2016\/10\/k3.jpg 963w, https:\/\/marekkuchcinski.pl\/wp-content\/uploads\/2016\/10\/k3-300x238.jpg 300w, https:\/\/marekkuchcinski.pl\/wp-content\/uploads\/2016\/10\/k3-768x610.jpg 768w\" sizes=\"(max-width: 998px) 100vw, 998px\" \/><\/a><\/p>\n<p>Fot\u00f3: http:\/\/spectator.sme.sk\/<\/p>","protected":false},"excerpt":{"rendered":"<p>5 pa\u017adziernika zmar\u0142 \u00a0Michal Kov\u00e1\u010d, s\u0142owacki polityk i ekonomista, parlamentarzysta, minister, przewodnicz\u0105cy Zgromadzenia Federalnego, w latach 1993\u20131998 prezydent S\u0142owacji. Dzi\u015b w Bratys\u0142awie, w\u015br\u00f3d wojskowych honor\u00f3w, odby\u0142 si\u0119 pa\u0144stwowy pogrzeb prezydenta. Michal Kov\u00e1\u010d by\u0142 opozycjonist\u0105, dzia\u0142a\u0142 m.in. w\u00a0Ruchu na rzecz Demokratycznej S\u0142owacji, by\u0142 zwolennikiem proeuropejskiego kursu S\u0142owacji, m\u0119\u017cem stanu. W li\u015bcie kondolencyjnym w ambasadzie S\u0142owacji marsza\u0142ek [&hellip;]<\/p>\n","protected":false},"author":6,"featured_media":4062,"comment_status":"open","ping_status":"open","sticky":false,"template":"","format":"standard","meta":{"ngg_post_thumbnail":0,"footnotes":""},"categories":[77,3],"tags":[],"class_list":["post-4056","post","type-post","status-publish","format-standard","has-post-thumbnail","hentry","category-wazne-daty","category-wydarzenia"],"_links":{"self":[{"href":"https:\/\/marekkuchcinski.pl\/hu\/wp-json\/wp\/v2\/posts\/4056","targetHints":{"allow":["GET"]}}],"collection":[{"href":"https:\/\/marekkuchcinski.pl\/hu\/wp-json\/wp\/v2\/posts"}],"about":[{"href":"https:\/\/marekkuchcinski.pl\/hu\/wp-json\/wp\/v2\/types\/post"}],"author":[{"embeddable":true,"href":"https:\/\/marekkuchcinski.pl\/hu\/wp-json\/wp\/v2\/users\/6"}],"replies":[{"embeddable":true,"href":"https:\/\/marekkuchcinski.pl\/hu\/wp-json\/wp\/v2\/comments?post=4056"}],"version-history":[{"count":8,"href":"https:\/\/marekkuchcinski.pl\/hu\/wp-json\/wp\/v2\/posts\/4056\/revisions"}],"predecessor-version":[{"id":4084,"href":"https:\/\/marekkuchcinski.pl\/hu\/wp-json\/wp\/v2\/posts\/4056\/revisions\/4084"}],"wp:featuredmedia":[{"embeddable":true,"href":"https:\/\/marekkuchcinski.pl\/hu\/wp-json\/wp\/v2\/media\/4062"}],"wp:attachment":[{"href":"https:\/\/marekkuchcinski.pl\/hu\/wp-json\/wp\/v2\/media?parent=4056"}],"wp:term":[{"taxonomy":"category","embeddable":true,"href":"https:\/\/marekkuchcinski.pl\/hu\/wp-json\/wp\/v2\/categories?post=4056"},{"taxonomy":"post_tag","embeddable":true,"href":"https:\/\/marekkuchcinski.pl\/hu\/wp-json\/wp\/v2\/tags?post=4056"}],"curies":[{"name":"wp","href":"https:\/\/api.w.org\/{rel}","templated":true}]}}