{"id":3996,"date":"2016-10-10T13:01:34","date_gmt":"2016-10-10T11:01:34","guid":{"rendered":"https:\/\/marekkuchcinski.pl\/?p=3996"},"modified":"2016-10-10T16:48:44","modified_gmt":"2016-10-10T14:48:44","slug":"marszalek-sejmu-marek-kuchcinski-nagrodzony-dzialalnosc-antykomunistyczna","status":"publish","type":"post","link":"https:\/\/marekkuchcinski.pl\/hu\/wydarzenia\/marszalek-sejmu-marek-kuchcinski-nagrodzony-dzialalnosc-antykomunistyczna\/","title":{"rendered":"Marek Kuchci\u0144ski, a szejm eln\u00f6ke, kit\u00fcntet\u00e9s antikommunista tev\u00e9kenys\u00e9g\u00e9\u00e9rt"},"content":{"rendered":"<p><strong>Dr. Jaros\u0142aw Szarek, a Nemzeti Eml\u00e9kezet Int\u00e9zete eln\u00f6k\u00e9nek ind\u00edtv\u00e1ny\u00e1ra Marek Kuchci\u0144ski szejm marsallt a Szabads\u00e1g \u00e9s Szolidarit\u00e1s Keresztj\u00e9vel t\u00fcntett\u00e9k ki. A k\u00e9relem indokl\u00e1s\u00e1ban Szarek kiemelte Marek Kuchci\u0144ski nagy elk\u00f6telezetts\u00e9g\u00e9t az ellenz\u00e9ki tev\u00e9kenys\u00e9g ir\u00e1nt.<\/strong><\/p>\n<p><a href=\"https:\/\/marekkuchcinski.pl\/wp-content\/uploads\/2016\/10\/rzeszow.jpg\"><img fetchpriority=\"high\" decoding=\"async\" class=\"wp-image-3997 alignleft\" src=\"https:\/\/marekkuchcinski.pl\/wp-content\/uploads\/2016\/10\/rzeszow.jpg\" alt=\"rzeszow\" width=\"393\" height=\"264\" srcset=\"https:\/\/marekkuchcinski.pl\/wp-content\/uploads\/2016\/10\/rzeszow.jpg 1058w, https:\/\/marekkuchcinski.pl\/wp-content\/uploads\/2016\/10\/rzeszow-300x202.jpg 300w, https:\/\/marekkuchcinski.pl\/wp-content\/uploads\/2016\/10\/rzeszow-768x516.jpg 768w, https:\/\/marekkuchcinski.pl\/wp-content\/uploads\/2016\/10\/rzeszow-1024x688.jpg 1024w\" sizes=\"(max-width: 393px) 100vw, 393px\" \/><\/a><\/p>\n<p>A Lengyel K\u00f6zt\u00e1rsas\u00e1g eln\u00f6k\u00e9nek hat\u00e1rozat\u00e1val oda\u00edt\u00e9lt keresztet a kommunista diktat\u00fara ellenz\u00e9k\u00e9nek azon aktivist\u00e1i kapj\u00e1k, akik az 1956. janu\u00e1r 1. \u00e9s 1989. j\u00fanius 4. k\u00f6z\u00f6tti id\u0151szakban - kiv\u00e9ve az 1980. augusztus 31. \u00e9s 1981. december 12. k\u00f6z\u00f6tti id\u0151szakot - legal\u00e1bb 12 h\u00f3napig tart\u00f3zkodtak Lengyelorsz\u00e1g ter\u00fclet\u00e9n:<\/p>\n<ul>\n<li>akt\u00edv tagjai voltak olyan illeg\u00e1lis szervezeteknek, amelyek c\u00e9lja Lengyelorsz\u00e1g f\u00fcggetlens\u00e9g\u00e9nek \u00e9s szuverenit\u00e1s\u00e1nak helyre\u00e1ll\u00edt\u00e1sa vagy az emberi jogok tiszteletben tart\u00e1sa volt a Lengyel N\u00e9pk\u00f6zt\u00e1rsas\u00e1gban, vagy<\/li>\n<li>b\u00fcntet\u0151jogi felel\u0151ss\u00e9gre von\u00e1ssal vagy elnyom\u00e1ssal fenyegetett tev\u00e9kenys\u00e9get folytattak Lengyelorsz\u00e1g f\u00fcggetlens\u00e9g\u00e9nek \u00e9s szuverenit\u00e1s\u00e1nak helyre\u00e1ll\u00edt\u00e1sa vagy az emberi jogok tiszteletben tart\u00e1sa \u00e9rdek\u00e9ben a Lengyel N\u00e9pk\u00f6zt\u00e1rsas\u00e1gban.<\/li>\n<\/ul>\n<p>&nbsp;<\/p>\n<blockquote><p>&nbsp;<\/p>\n<p><a href=\"https:\/\/marekkuchcinski.pl\/wp-content\/uploads\/2016\/10\/uzas-001.jpg\"><img decoding=\"async\" class=\"alignnone size-full wp-image-4001\" src=\"https:\/\/marekkuchcinski.pl\/wp-content\/uploads\/2016\/10\/uzas-001.jpg\" alt=\"uzas-001\" width=\"978\" height=\"676\" srcset=\"https:\/\/marekkuchcinski.pl\/wp-content\/uploads\/2016\/10\/uzas-001.jpg 978w, https:\/\/marekkuchcinski.pl\/wp-content\/uploads\/2016\/10\/uzas-001-300x207.jpg 300w, https:\/\/marekkuchcinski.pl\/wp-content\/uploads\/2016\/10\/uzas-001-768x531.jpg 768w\" sizes=\"(max-width: 978px) 100vw, 978px\" \/><\/a><\/p><\/blockquote>\n<p>A Szabads\u00e1g \u00e9s Szolidarit\u00e1s Keresztj\u00e9nek az IPN eln\u00f6ke \u00e1ltal t\u00f6rt\u00e9n\u0151 \u00e1tad\u00e1s\u00e1ra 2016. okt\u00f3ber 11-\u00e9n 16.00 \u00f3rakor ker\u00fcl sor az Artur Malawski Podkarpacka Filharm\u00f3ni\u00e1ban (Rzesz\u00f3w, Fryderyka Szopena utca 30.).<\/p>\n<p>&nbsp;<\/p>","protected":false},"excerpt":{"rendered":"<p>Na wniosek Prezesa Instytutu Pami\u0119ci Narodowej dra Jaros\u0142awa Szarka Marsza\u0142ek Sejmu Marek Kuchci\u0144ski zosta\u0142 odznaczony Krzy\u017cem\u00a0Wolno\u015bci i Solidarno\u015bci.\u00a0W uzasadnieniu wniosku Szarek podkre\u015bli\u0142 wielkie zaanga\u017cowanie Marka Kuchci\u0144skiego w dzia\u0142alno\u015b\u0107 opozycyjn\u0105. Krzy\u017c, przyznawany postanowieniem Prezydenta RP, jest nagrod\u0105 dla\u00a0dzia\u0142aczy opozycji wobec dyktatury komunistycznej, kt\u00f3rzy w okresie od 1 stycznia 1956 r. do 4 czerwca 1989 r., z [&hellip;]<\/p>\n","protected":false},"author":6,"featured_media":3997,"comment_status":"open","ping_status":"open","sticky":false,"template":"","format":"standard","meta":{"ngg_post_thumbnail":0,"footnotes":""},"categories":[49,3],"tags":[],"class_list":["post-3996","post","type-post","status-publish","format-standard","has-post-thumbnail","hentry","category-podkarpacie","category-wydarzenia"],"_links":{"self":[{"href":"https:\/\/marekkuchcinski.pl\/hu\/wp-json\/wp\/v2\/posts\/3996","targetHints":{"allow":["GET"]}}],"collection":[{"href":"https:\/\/marekkuchcinski.pl\/hu\/wp-json\/wp\/v2\/posts"}],"about":[{"href":"https:\/\/marekkuchcinski.pl\/hu\/wp-json\/wp\/v2\/types\/post"}],"author":[{"embeddable":true,"href":"https:\/\/marekkuchcinski.pl\/hu\/wp-json\/wp\/v2\/users\/6"}],"replies":[{"embeddable":true,"href":"https:\/\/marekkuchcinski.pl\/hu\/wp-json\/wp\/v2\/comments?post=3996"}],"version-history":[{"count":13,"href":"https:\/\/marekkuchcinski.pl\/hu\/wp-json\/wp\/v2\/posts\/3996\/revisions"}],"predecessor-version":[{"id":4014,"href":"https:\/\/marekkuchcinski.pl\/hu\/wp-json\/wp\/v2\/posts\/3996\/revisions\/4014"}],"wp:featuredmedia":[{"embeddable":true,"href":"https:\/\/marekkuchcinski.pl\/hu\/wp-json\/wp\/v2\/media\/3997"}],"wp:attachment":[{"href":"https:\/\/marekkuchcinski.pl\/hu\/wp-json\/wp\/v2\/media?parent=3996"}],"wp:term":[{"taxonomy":"category","embeddable":true,"href":"https:\/\/marekkuchcinski.pl\/hu\/wp-json\/wp\/v2\/categories?post=3996"},{"taxonomy":"post_tag","embeddable":true,"href":"https:\/\/marekkuchcinski.pl\/hu\/wp-json\/wp\/v2\/tags?post=3996"}],"curies":[{"name":"wp","href":"https:\/\/api.w.org\/{rel}","templated":true}]}}