{"id":3989,"date":"2016-10-10T10:51:43","date_gmt":"2016-10-10T08:51:43","guid":{"rendered":"https:\/\/marekkuchcinski.pl\/?p=3989"},"modified":"2016-10-10T13:16:20","modified_gmt":"2016-10-10T11:16:20","slug":"10-pazdziernika-1914-r-polacy-odzyskali-twierdze-przemysl","status":"publish","type":"post","link":"https:\/\/marekkuchcinski.pl\/hu\/wazne-daty\/10-pazdziernika-1914-r-polacy-odzyskali-twierdze-przemysl\/","title":{"rendered":"1914. okt\u00f3ber 10. Az oroszok visszavonulnak a Przemy\u015bl er\u0151d ostrom\u00e1b\u00f3l"},"content":{"rendered":"<p>A przemy\u015bli er\u0151d az Osztr\u00e1k-Magyar Monarchia legnagyobb er\u0151d\u00edtm\u00e9nykomplexuma volt, \u00e9s egyike volt Eur\u00f3pa h\u00e1rom leger\u0151sebb er\u0151d\u00edtm\u00e9ny\u00e9nek. <span class=\"cyt\">Az els\u0151 ostrom<\/span>\u00a0A hadm\u0171velet 1914. szeptember 17-t\u0151l okt\u00f3ber 10-ig tartott, \u00e9s az orosz er\u0151k sz\u00e1m\u00e1ra teljes kudarccal v\u00e9gz\u0151d\u00f6tt. Vesztes\u00e9geiket mintegy 10 000 halottra, sebes\u00fcltre \u00e9s elt\u0171ntre, az er\u0151d\u00edtm\u00e9ny hely\u0151rs\u00e9g\u00e9nek vesztes\u00e9geit pedig 3-4 000 katon\u00e1ra becs\u00fclt\u00e9k.<\/p>\n<p><a href=\"https:\/\/marekkuchcinski.pl\/wp-content\/uploads\/2016\/10\/Tp.jpg\"><img fetchpriority=\"high\" decoding=\"async\" class=\"alignnone wp-image-3990\" src=\"https:\/\/marekkuchcinski.pl\/wp-content\/uploads\/2016\/10\/Tp.jpg\" alt=\"tp\" width=\"1067\" height=\"711\" srcset=\"https:\/\/marekkuchcinski.pl\/wp-content\/uploads\/2016\/10\/Tp.jpg 572w, https:\/\/marekkuchcinski.pl\/wp-content\/uploads\/2016\/10\/Tp-300x200.jpg 300w\" sizes=\"(max-width: 1067px) 100vw, 1067px\" \/><\/a><\/p>\n<p>&nbsp;<\/p>","protected":false},"excerpt":{"rendered":"<p>Twierdza Przemy\u015bl by\u0142a najwi\u0119kszym zespo\u0142em fortyfikacji w\u00a0monarchii austro-w\u0119gierskiej i\u00a0jednym z\u00a0trzech najpot\u0119\u017cniejszych w\u00a0Europie. Pierwsze jej obl\u0119\u017cenie\u00a0trwa\u0142o od 17 wrze\u015bnia do 10 pa\u017adziernika 1914 r. i zako\u0144czy\u0142o si\u0119 ca\u0142kowitym niepowodzeniem dla wojsk rosyjskich. Ich straty oceniono na ok. 10 tys. zabitych, rannych i zaginionych, a straty za\u0142ogi Twierdzy na 3-4 tys. \u017co\u0142nierzy. &nbsp;<\/p>","protected":false},"author":6,"featured_media":3990,"comment_status":"open","ping_status":"open","sticky":false,"template":"","format":"standard","meta":{"ngg_post_thumbnail":0,"footnotes":""},"categories":[77],"tags":[],"class_list":["post-3989","post","type-post","status-publish","format-standard","has-post-thumbnail","hentry","category-wazne-daty"],"_links":{"self":[{"href":"https:\/\/marekkuchcinski.pl\/hu\/wp-json\/wp\/v2\/posts\/3989","targetHints":{"allow":["GET"]}}],"collection":[{"href":"https:\/\/marekkuchcinski.pl\/hu\/wp-json\/wp\/v2\/posts"}],"about":[{"href":"https:\/\/marekkuchcinski.pl\/hu\/wp-json\/wp\/v2\/types\/post"}],"author":[{"embeddable":true,"href":"https:\/\/marekkuchcinski.pl\/hu\/wp-json\/wp\/v2\/users\/6"}],"replies":[{"embeddable":true,"href":"https:\/\/marekkuchcinski.pl\/hu\/wp-json\/wp\/v2\/comments?post=3989"}],"version-history":[{"count":3,"href":"https:\/\/marekkuchcinski.pl\/hu\/wp-json\/wp\/v2\/posts\/3989\/revisions"}],"predecessor-version":[{"id":4005,"href":"https:\/\/marekkuchcinski.pl\/hu\/wp-json\/wp\/v2\/posts\/3989\/revisions\/4005"}],"wp:featuredmedia":[{"embeddable":true,"href":"https:\/\/marekkuchcinski.pl\/hu\/wp-json\/wp\/v2\/media\/3990"}],"wp:attachment":[{"href":"https:\/\/marekkuchcinski.pl\/hu\/wp-json\/wp\/v2\/media?parent=3989"}],"wp:term":[{"taxonomy":"category","embeddable":true,"href":"https:\/\/marekkuchcinski.pl\/hu\/wp-json\/wp\/v2\/categories?post=3989"},{"taxonomy":"post_tag","embeddable":true,"href":"https:\/\/marekkuchcinski.pl\/hu\/wp-json\/wp\/v2\/tags?post=3989"}],"curies":[{"name":"wp","href":"https:\/\/api.w.org\/{rel}","templated":true}]}}