{"id":3983,"date":"2016-10-08T10:06:05","date_gmt":"2016-10-08T08:06:05","guid":{"rendered":"https:\/\/marekkuchcinski.pl\/?p=3983"},"modified":"2016-10-08T10:09:04","modified_gmt":"2016-10-08T08:09:04","slug":"premier-beata-szydlo-prezes-pis-jaroslaw-kaczynski-ochrona-zycia","status":"publish","type":"post","link":"https:\/\/marekkuchcinski.pl\/hu\/wiesci-z-sejmu\/premier-beata-szydlo-prezes-pis-jaroslaw-kaczynski-ochrona-zycia\/","title":{"rendered":"Beata Szyd\u0142o minisztereln\u00f6k \u00e9s Jaros\u0142aw Kaczy\u0144ski, a Jog \u00e9s Igazs\u00e1goss\u00e1g eln\u00f6ke az \u00e9let v\u00e9delme mellett"},"content":{"rendered":"<p>- Lengyelorsz\u00e1g minisztereln\u00f6kek\u00e9nt felel\u0151ss\u00e9get \u00e9rzek az \u00e9let v\u00e9delm\u00e9\u00e9rt, az\u00e9rt, hogy az emberi \u00e9letet tisztelj\u00e9k \u00e9s m\u00e9lt\u00f3s\u00e1ggal kezelj\u00e9k, \u00e9s hogy az \u00e9let v\u00e9delm\u00e9r\u0151l sz\u00f3l\u00f3 vita tele legyen tisztelettel \u00e9s m\u00e9lt\u00f3s\u00e1ggal\" - mondta Beata Szyd\u0142o minisztereln\u00f6k a Szejm 27. \u00fcl\u00e9s\u00e9n a\u00a0<span class=\"_5afx\"><span class=\"_58cm\">Sejm<\/span><\/span>. A szavaz\u00e1s el\u0151tt felsz\u00f3lal m\u00e9g: az eln\u00f6k <span class=\"_5afx\"><span class=\"_58cm\">Jog \u00e9s igazs\u00e1gszolg\u00e1ltat\u00e1s<\/span><\/span> Jaroslaw<span class=\"_5afx\"><span class=\"_58cl _5afz\">#<\/span><span class=\"_58cm\">Kaczy\u0144ski<\/span><\/span>. - A Jog \u00e9s Igazs\u00e1goss\u00e1g P\u00e1rt tov\u00e1bbra is az \u00e9let v\u00e9delme mellett fog \u00e1llni<br \/>\n\u00e9s megfelel\u0151 int\u00e9zked\u00e9seket fogunk tenni ebben az ir\u00e1nyban, de ezek megfontolt int\u00e9zked\u00e9sek lesznek\" - hangs\u00falyozta.<\/p>\n<p>A 27. \u00fcl\u00e9sszak harmadik napj\u00e1n a szejm elutas\u00edtotta azt a polg\u00e1ri projektet, amely az abortuszt\u00f6rv\u00e9nyt szigor\u00edtotta volna. A korm\u00e1ny a neh\u00e9z helyzetben l\u00e9v\u0151 csal\u00e1dok, k\u00f6zt\u00fck a fogyat\u00e9kkal \u00e9l\u0151 gyermekeket nevel\u0151 csal\u00e1dok t\u00e1mogat\u00e1s\u00e1n fog dolgozni.<\/p>\n<p><a href=\"https:\/\/marekkuchcinski.pl\/wp-content\/uploads\/2016\/10\/14462775_10153691044667132_1118989882067013767_n.jpg\"><img fetchpriority=\"high\" decoding=\"async\" class=\"alignnone size-full wp-image-3984\" src=\"https:\/\/marekkuchcinski.pl\/wp-content\/uploads\/2016\/10\/14462775_10153691044667132_1118989882067013767_n.jpg\" alt=\"14462775_10153691044667132_1118989882067013767_n\" width=\"960\" height=\"639\" srcset=\"https:\/\/marekkuchcinski.pl\/wp-content\/uploads\/2016\/10\/14462775_10153691044667132_1118989882067013767_n.jpg 960w, https:\/\/marekkuchcinski.pl\/wp-content\/uploads\/2016\/10\/14462775_10153691044667132_1118989882067013767_n-300x200.jpg 300w, https:\/\/marekkuchcinski.pl\/wp-content\/uploads\/2016\/10\/14462775_10153691044667132_1118989882067013767_n-768x511.jpg 768w\" sizes=\"(max-width: 960px) 100vw, 960px\" \/><\/a><\/p>\n<p><a href=\"https:\/\/marekkuchcinski.pl\/wp-content\/uploads\/2016\/10\/14563471_10153691044942132_1389628114798711169_n.jpg\"><img decoding=\"async\" class=\"alignnone size-full wp-image-3985\" src=\"https:\/\/marekkuchcinski.pl\/wp-content\/uploads\/2016\/10\/14563471_10153691044942132_1389628114798711169_n.jpg\" alt=\"14563471_10153691044942132_1389628114798711169_n\" width=\"960\" height=\"639\" srcset=\"https:\/\/marekkuchcinski.pl\/wp-content\/uploads\/2016\/10\/14563471_10153691044942132_1389628114798711169_n.jpg 960w, https:\/\/marekkuchcinski.pl\/wp-content\/uploads\/2016\/10\/14563471_10153691044942132_1389628114798711169_n-300x200.jpg 300w, https:\/\/marekkuchcinski.pl\/wp-content\/uploads\/2016\/10\/14563471_10153691044942132_1389628114798711169_n-768x511.jpg 768w\" sizes=\"(max-width: 960px) 100vw, 960px\" \/><\/a><\/p>","protected":false},"excerpt":{"rendered":"<p>\u2013 Jako Premier RP czuj\u0119 si\u0119 odpowiedzialna za ochron\u0119 \u017cycia, za to, \u017ceby \u017cycie ludzkie by\u0142o szanowane i godnie traktowane, i aby dyskusja o ochronie \u017cycia by\u0142a pe\u0142na szacunku i godno\u015bci\u00a0\u2013 powiedzia\u0142a podczas 27. posiedzenia Sejmu Premier Beata Szyd\u0142o w\u00a0Sejmie. Przed g\u0142osowaniem g\u0142os zabra\u0142 r\u00f3wnie\u017c Prezes PiS Jaros\u0142aw#Kaczy\u0144ski.\u00a0\u2013 Prawo i Sprawiedliwo\u015b\u0107 b\u0119dzie w dalszym ci\u0105gu [&hellip;]<\/p>","protected":false},"author":6,"featured_media":3984,"comment_status":"open","ping_status":"open","sticky":false,"template":"","format":"standard","meta":{"ngg_post_thumbnail":0,"footnotes":""},"categories":[82,81],"tags":[],"class_list":["post-3983","post","type-post","status-publish","format-standard","has-post-thumbnail","hentry","category-prawo-i-sprawiedliwosc","category-wiesci-z-sejmu"],"yoast_head":"<!-- This site is optimized with the Yoast SEO plugin v24.7 - https:\/\/yoast.com\/wordpress\/plugins\/seo\/ -->\n<title>Premier Beata Szyd\u0142o i prezes PiS Jaros\u0142aw Kaczy\u0144ski za ochron\u0105 \u017cycia &#8211; Marek Kuchci\u0144ski<\/title>\n<meta name=\"robots\" content=\"index, follow, max-snippet:-1, max-image-preview:large, max-video-preview:-1\" \/>\n<link rel=\"canonical\" href=\"https:\/\/marekkuchcinski.pl\/hu\/wiesci-z-sejmu\/premier-beata-szydlo-prezes-pis-jaroslaw-kaczynski-ochrona-zycia\/\" \/>\n<meta property=\"og:locale\" content=\"hu_HU\" \/>\n<meta property=\"og:type\" content=\"article\" \/>\n<meta property=\"og:title\" content=\"Premier Beata Szyd\u0142o i prezes PiS Jaros\u0142aw Kaczy\u0144ski za ochron\u0105 \u017cycia &#8211; Marek Kuchci\u0144ski\" \/>\n<meta property=\"og:description\" content=\"\u2013 Jako Premier RP czuj\u0119 si\u0119 odpowiedzialna za ochron\u0119 \u017cycia, za to, \u017ceby \u017cycie ludzkie by\u0142o szanowane i godnie traktowane, i aby dyskusja o ochronie \u017cycia by\u0142a pe\u0142na szacunku i godno\u015bci\u00a0\u2013 powiedzia\u0142a podczas 27. posiedzenia Sejmu Premier Beata Szyd\u0142o w\u00a0Sejmie. Przed g\u0142osowaniem g\u0142os zabra\u0142 r\u00f3wnie\u017c Prezes PiS Jaros\u0142aw#Kaczy\u0144ski.\u00a0\u2013 Prawo i Sprawiedliwo\u015b\u0107 b\u0119dzie w dalszym ci\u0105gu [&hellip;]\" \/>\n<meta property=\"og:url\" content=\"https:\/\/marekkuchcinski.pl\/hu\/wiesci-z-sejmu\/premier-beata-szydlo-prezes-pis-jaroslaw-kaczynski-ochrona-zycia\/\" \/>\n<meta property=\"og:site_name\" content=\"Marek Kuchci\u0144ski\" \/>\n<meta property=\"article:published_time\" content=\"2016-10-08T08:06:05+00:00\" \/>\n<meta property=\"article:modified_time\" content=\"2016-10-08T08:09:04+00:00\" \/>\n<meta property=\"og:image\" content=\"https:\/\/marekkuchcinski.pl\/wp-content\/uploads\/2016\/10\/14462775_10153691044667132_1118989882067013767_n.jpg\" \/>\n\t<meta property=\"og:image:width\" content=\"960\" \/>\n\t<meta property=\"og:image:height\" content=\"639\" \/>\n\t<meta property=\"og:image:type\" content=\"image\/jpeg\" \/>\n<meta name=\"author\" content=\"admin\" \/>\n<meta name=\"twitter:card\" content=\"summary_large_image\" \/>\n<meta name=\"twitter:label1\" content=\"Szerz\u0151:\" \/>\n\t<meta name=\"twitter:data1\" content=\"admin\" \/>\n\t<meta name=\"twitter:label2\" content=\"Becs\u00fclt olvas\u00e1si id\u0151\" \/>\n\t<meta name=\"twitter:data2\" content=\"1 perc\" \/>\n<script type=\"application\/ld+json\" class=\"yoast-schema-graph\">{\"@context\":\"https:\/\/schema.org\",\"@graph\":[{\"@type\":\"Article\",\"@id\":\"https:\/\/marekkuchcinski.pl\/ro\/wiesci-z-sejmu\/premier-beata-szydlo-prezes-pis-jaroslaw-kaczynski-ochrona-zycia\/#article\",\"isPartOf\":{\"@id\":\"https:\/\/marekkuchcinski.pl\/ro\/wiesci-z-sejmu\/premier-beata-szydlo-prezes-pis-jaroslaw-kaczynski-ochrona-zycia\/\"},\"author\":{\"name\":\"admin\",\"@id\":\"https:\/\/marekkuchcinski.pl\/#\/schema\/person\/6f62700996b4d950b6ea2d1183b6c6be\"},\"headline\":\"Premier Beata Szyd\u0142o i prezes PiS Jaros\u0142aw Kaczy\u0144ski za ochron\u0105 \u017cycia\",\"datePublished\":\"2016-10-08T08:06:05+00:00\",\"dateModified\":\"2016-10-08T08:09:04+00:00\",\"mainEntityOfPage\":{\"@id\":\"https:\/\/marekkuchcinski.pl\/ro\/wiesci-z-sejmu\/premier-beata-szydlo-prezes-pis-jaroslaw-kaczynski-ochrona-zycia\/\"},\"wordCount\":139,\"commentCount\":0,\"publisher\":{\"@id\":\"https:\/\/marekkuchcinski.pl\/#organization\"},\"image\":{\"@id\":\"https:\/\/marekkuchcinski.pl\/ro\/wiesci-z-sejmu\/premier-beata-szydlo-prezes-pis-jaroslaw-kaczynski-ochrona-zycia\/#primaryimage\"},\"thumbnailUrl\":\"https:\/\/marekkuchcinski.pl\/wp-content\/uploads\/2016\/10\/14462775_10153691044667132_1118989882067013767_n.jpg\",\"articleSection\":[\"Prawo i Sprawiedliwo\u015b\u0107\",\"Wie\u015bci z Sejmu\"],\"inLanguage\":\"hu\",\"potentialAction\":[{\"@type\":\"CommentAction\",\"name\":\"Comment\",\"target\":[\"https:\/\/marekkuchcinski.pl\/ro\/wiesci-z-sejmu\/premier-beata-szydlo-prezes-pis-jaroslaw-kaczynski-ochrona-zycia\/#respond\"]}]},{\"@type\":\"WebPage\",\"@id\":\"https:\/\/marekkuchcinski.pl\/ro\/wiesci-z-sejmu\/premier-beata-szydlo-prezes-pis-jaroslaw-kaczynski-ochrona-zycia\/\",\"url\":\"https:\/\/marekkuchcinski.pl\/ro\/wiesci-z-sejmu\/premier-beata-szydlo-prezes-pis-jaroslaw-kaczynski-ochrona-zycia\/\",\"name\":\"Premier Beata Szyd\u0142o i prezes PiS Jaros\u0142aw Kaczy\u0144ski za ochron\u0105 \u017cycia &#8211; Marek Kuchci\u0144ski\",\"isPartOf\":{\"@id\":\"https:\/\/marekkuchcinski.pl\/#website\"},\"primaryImageOfPage\":{\"@id\":\"https:\/\/marekkuchcinski.pl\/ro\/wiesci-z-sejmu\/premier-beata-szydlo-prezes-pis-jaroslaw-kaczynski-ochrona-zycia\/#primaryimage\"},\"image\":{\"@id\":\"https:\/\/marekkuchcinski.pl\/ro\/wiesci-z-sejmu\/premier-beata-szydlo-prezes-pis-jaroslaw-kaczynski-ochrona-zycia\/#primaryimage\"},\"thumbnailUrl\":\"https:\/\/marekkuchcinski.pl\/wp-content\/uploads\/2016\/10\/14462775_10153691044667132_1118989882067013767_n.jpg\",\"datePublished\":\"2016-10-08T08:06:05+00:00\",\"dateModified\":\"2016-10-08T08:09:04+00:00\",\"breadcrumb\":{\"@id\":\"https:\/\/marekkuchcinski.pl\/ro\/wiesci-z-sejmu\/premier-beata-szydlo-prezes-pis-jaroslaw-kaczynski-ochrona-zycia\/#breadcrumb\"},\"inLanguage\":\"hu\",\"potentialAction\":[{\"@type\":\"ReadAction\",\"target\":[\"https:\/\/marekkuchcinski.pl\/ro\/wiesci-z-sejmu\/premier-beata-szydlo-prezes-pis-jaroslaw-kaczynski-ochrona-zycia\/\"]}]},{\"@type\":\"ImageObject\",\"inLanguage\":\"hu\",\"@id\":\"https:\/\/marekkuchcinski.pl\/ro\/wiesci-z-sejmu\/premier-beata-szydlo-prezes-pis-jaroslaw-kaczynski-ochrona-zycia\/#primaryimage\",\"url\":\"https:\/\/marekkuchcinski.pl\/wp-content\/uploads\/2016\/10\/14462775_10153691044667132_1118989882067013767_n.jpg\",\"contentUrl\":\"https:\/\/marekkuchcinski.pl\/wp-content\/uploads\/2016\/10\/14462775_10153691044667132_1118989882067013767_n.jpg\",\"width\":960,\"height\":639},{\"@type\":\"BreadcrumbList\",\"@id\":\"https:\/\/marekkuchcinski.pl\/ro\/wiesci-z-sejmu\/premier-beata-szydlo-prezes-pis-jaroslaw-kaczynski-ochrona-zycia\/#breadcrumb\",\"itemListElement\":[{\"@type\":\"ListItem\",\"position\":1,\"name\":\"Strona g\u0142\u00f3wna\",\"item\":\"https:\/\/marekkuchcinski.pl\/\"},{\"@type\":\"ListItem\",\"position\":2,\"name\":\"Premier Beata Szyd\u0142o i prezes PiS Jaros\u0142aw Kaczy\u0144ski za ochron\u0105 \u017cycia\"}]},{\"@type\":\"WebSite\",\"@id\":\"https:\/\/marekkuchcinski.pl\/#website\",\"url\":\"https:\/\/marekkuchcinski.pl\/\",\"name\":\"Marek Kuchci\u0144ski\",\"description\":\"Pose\u0142 na sejm RP &ndash; okr\u0119g nr 22\",\"publisher\":{\"@id\":\"https:\/\/marekkuchcinski.pl\/#organization\"},\"potentialAction\":[{\"@type\":\"SearchAction\",\"target\":{\"@type\":\"EntryPoint\",\"urlTemplate\":\"https:\/\/marekkuchcinski.pl\/?s={search_term_string}\"},\"query-input\":{\"@type\":\"PropertyValueSpecification\",\"valueRequired\":true,\"valueName\":\"search_term_string\"}}],\"inLanguage\":\"hu\"},{\"@type\":\"Organization\",\"@id\":\"https:\/\/marekkuchcinski.pl\/#organization\",\"name\":\"Marek Kuchci\u0144ski\",\"url\":\"https:\/\/marekkuchcinski.pl\/\",\"logo\":{\"@type\":\"ImageObject\",\"inLanguage\":\"hu\",\"@id\":\"https:\/\/marekkuchcinski.pl\/#\/schema\/logo\/image\/\",\"url\":\"https:\/\/marekkuchcinski.pl\/wp-content\/uploads\/2022\/09\/Marek.jpg\",\"contentUrl\":\"https:\/\/marekkuchcinski.pl\/wp-content\/uploads\/2022\/09\/Marek.jpg\",\"width\":1600,\"height\":971,\"caption\":\"Marek Kuchci\u0144ski\"},\"image\":{\"@id\":\"https:\/\/marekkuchcinski.pl\/#\/schema\/logo\/image\/\"}},{\"@type\":\"Person\",\"@id\":\"https:\/\/marekkuchcinski.pl\/#\/schema\/person\/6f62700996b4d950b6ea2d1183b6c6be\",\"name\":\"admin\",\"image\":{\"@type\":\"ImageObject\",\"inLanguage\":\"hu\",\"@id\":\"https:\/\/marekkuchcinski.pl\/#\/schema\/person\/image\/\",\"url\":\"https:\/\/secure.gravatar.com\/avatar\/4bab693b9d55c3d6b52c0296a8765085?s=96&d=mm&r=g\",\"contentUrl\":\"https:\/\/secure.gravatar.com\/avatar\/4bab693b9d55c3d6b52c0296a8765085?s=96&d=mm&r=g\",\"caption\":\"admin\"},\"url\":\"https:\/\/marekkuchcinski.pl\/hu\/author\/marta-olejnik\/\"}]}<\/script>\n<!-- \/ Yoast SEO plugin. -->","yoast_head_json":{"title":"Premier Beata Szyd\u0142o i prezes PiS Jaros\u0142aw Kaczy\u0144ski za ochron\u0105 \u017cycia &#8211; Marek Kuchci\u0144ski","robots":{"index":"index","follow":"follow","max-snippet":"max-snippet:-1","max-image-preview":"max-image-preview:large","max-video-preview":"max-video-preview:-1"},"canonical":"https:\/\/marekkuchcinski.pl\/hu\/wiesci-z-sejmu\/premier-beata-szydlo-prezes-pis-jaroslaw-kaczynski-ochrona-zycia\/","og_locale":"hu_HU","og_type":"article","og_title":"Premier Beata Szyd\u0142o i prezes PiS Jaros\u0142aw Kaczy\u0144ski za ochron\u0105 \u017cycia &#8211; Marek Kuchci\u0144ski","og_description":"\u2013 Jako Premier RP czuj\u0119 si\u0119 odpowiedzialna za ochron\u0119 \u017cycia, za to, \u017ceby \u017cycie ludzkie by\u0142o szanowane i godnie traktowane, i aby dyskusja o ochronie \u017cycia by\u0142a pe\u0142na szacunku i godno\u015bci\u00a0\u2013 powiedzia\u0142a podczas 27. posiedzenia Sejmu Premier Beata Szyd\u0142o w\u00a0Sejmie. Przed g\u0142osowaniem g\u0142os zabra\u0142 r\u00f3wnie\u017c Prezes PiS Jaros\u0142aw#Kaczy\u0144ski.\u00a0\u2013 Prawo i Sprawiedliwo\u015b\u0107 b\u0119dzie w dalszym ci\u0105gu [&hellip;]","og_url":"https:\/\/marekkuchcinski.pl\/hu\/wiesci-z-sejmu\/premier-beata-szydlo-prezes-pis-jaroslaw-kaczynski-ochrona-zycia\/","og_site_name":"Marek Kuchci\u0144ski","article_published_time":"2016-10-08T08:06:05+00:00","article_modified_time":"2016-10-08T08:09:04+00:00","og_image":[{"width":960,"height":639,"url":"https:\/\/marekkuchcinski.pl\/wp-content\/uploads\/2016\/10\/14462775_10153691044667132_1118989882067013767_n.jpg","type":"image\/jpeg"}],"author":"admin","twitter_card":"summary_large_image","twitter_misc":{"Szerz\u0151:":"admin","Becs\u00fclt olvas\u00e1si id\u0151":"1 perc"},"schema":{"@context":"https:\/\/schema.org","@graph":[{"@type":"Article","@id":"https:\/\/marekkuchcinski.pl\/ro\/wiesci-z-sejmu\/premier-beata-szydlo-prezes-pis-jaroslaw-kaczynski-ochrona-zycia\/#article","isPartOf":{"@id":"https:\/\/marekkuchcinski.pl\/ro\/wiesci-z-sejmu\/premier-beata-szydlo-prezes-pis-jaroslaw-kaczynski-ochrona-zycia\/"},"author":{"name":"admin","@id":"https:\/\/marekkuchcinski.pl\/#\/schema\/person\/6f62700996b4d950b6ea2d1183b6c6be"},"headline":"Premier Beata Szyd\u0142o i prezes PiS Jaros\u0142aw Kaczy\u0144ski za ochron\u0105 \u017cycia","datePublished":"2016-10-08T08:06:05+00:00","dateModified":"2016-10-08T08:09:04+00:00","mainEntityOfPage":{"@id":"https:\/\/marekkuchcinski.pl\/ro\/wiesci-z-sejmu\/premier-beata-szydlo-prezes-pis-jaroslaw-kaczynski-ochrona-zycia\/"},"wordCount":139,"commentCount":0,"publisher":{"@id":"https:\/\/marekkuchcinski.pl\/#organization"},"image":{"@id":"https:\/\/marekkuchcinski.pl\/ro\/wiesci-z-sejmu\/premier-beata-szydlo-prezes-pis-jaroslaw-kaczynski-ochrona-zycia\/#primaryimage"},"thumbnailUrl":"https:\/\/marekkuchcinski.pl\/wp-content\/uploads\/2016\/10\/14462775_10153691044667132_1118989882067013767_n.jpg","articleSection":["Prawo i Sprawiedliwo\u015b\u0107","Wie\u015bci z Sejmu"],"inLanguage":"hu","potentialAction":[{"@type":"CommentAction","name":"Comment","target":["https:\/\/marekkuchcinski.pl\/ro\/wiesci-z-sejmu\/premier-beata-szydlo-prezes-pis-jaroslaw-kaczynski-ochrona-zycia\/#respond"]}]},{"@type":"WebPage","@id":"https:\/\/marekkuchcinski.pl\/ro\/wiesci-z-sejmu\/premier-beata-szydlo-prezes-pis-jaroslaw-kaczynski-ochrona-zycia\/","url":"https:\/\/marekkuchcinski.pl\/ro\/wiesci-z-sejmu\/premier-beata-szydlo-prezes-pis-jaroslaw-kaczynski-ochrona-zycia\/","name":"Premier Beata Szyd\u0142o i prezes PiS Jaros\u0142aw Kaczy\u0144ski za ochron\u0105 \u017cycia &#8211; Marek Kuchci\u0144ski","isPartOf":{"@id":"https:\/\/marekkuchcinski.pl\/#website"},"primaryImageOfPage":{"@id":"https:\/\/marekkuchcinski.pl\/ro\/wiesci-z-sejmu\/premier-beata-szydlo-prezes-pis-jaroslaw-kaczynski-ochrona-zycia\/#primaryimage"},"image":{"@id":"https:\/\/marekkuchcinski.pl\/ro\/wiesci-z-sejmu\/premier-beata-szydlo-prezes-pis-jaroslaw-kaczynski-ochrona-zycia\/#primaryimage"},"thumbnailUrl":"https:\/\/marekkuchcinski.pl\/wp-content\/uploads\/2016\/10\/14462775_10153691044667132_1118989882067013767_n.jpg","datePublished":"2016-10-08T08:06:05+00:00","dateModified":"2016-10-08T08:09:04+00:00","breadcrumb":{"@id":"https:\/\/marekkuchcinski.pl\/ro\/wiesci-z-sejmu\/premier-beata-szydlo-prezes-pis-jaroslaw-kaczynski-ochrona-zycia\/#breadcrumb"},"inLanguage":"hu","potentialAction":[{"@type":"ReadAction","target":["https:\/\/marekkuchcinski.pl\/ro\/wiesci-z-sejmu\/premier-beata-szydlo-prezes-pis-jaroslaw-kaczynski-ochrona-zycia\/"]}]},{"@type":"ImageObject","inLanguage":"hu","@id":"https:\/\/marekkuchcinski.pl\/ro\/wiesci-z-sejmu\/premier-beata-szydlo-prezes-pis-jaroslaw-kaczynski-ochrona-zycia\/#primaryimage","url":"https:\/\/marekkuchcinski.pl\/wp-content\/uploads\/2016\/10\/14462775_10153691044667132_1118989882067013767_n.jpg","contentUrl":"https:\/\/marekkuchcinski.pl\/wp-content\/uploads\/2016\/10\/14462775_10153691044667132_1118989882067013767_n.jpg","width":960,"height":639},{"@type":"BreadcrumbList","@id":"https:\/\/marekkuchcinski.pl\/ro\/wiesci-z-sejmu\/premier-beata-szydlo-prezes-pis-jaroslaw-kaczynski-ochrona-zycia\/#breadcrumb","itemListElement":[{"@type":"ListItem","position":1,"name":"Strona g\u0142\u00f3wna","item":"https:\/\/marekkuchcinski.pl\/"},{"@type":"ListItem","position":2,"name":"Premier Beata Szyd\u0142o i prezes PiS Jaros\u0142aw Kaczy\u0144ski za ochron\u0105 \u017cycia"}]},{"@type":"WebSite","@id":"https:\/\/marekkuchcinski.pl\/#website","url":"https:\/\/marekkuchcinski.pl\/","name":"Marek Kuchci\u0144ski","description":"Pose\u0142 na sejm RP &ndash; okr\u0119g nr 22","publisher":{"@id":"https:\/\/marekkuchcinski.pl\/#organization"},"potentialAction":[{"@type":"SearchAction","target":{"@type":"EntryPoint","urlTemplate":"https:\/\/marekkuchcinski.pl\/?s={search_term_string}"},"query-input":{"@type":"PropertyValueSpecification","valueRequired":true,"valueName":"search_term_string"}}],"inLanguage":"hu"},{"@type":"Organization","@id":"https:\/\/marekkuchcinski.pl\/#organization","name":"Marek Kuchci\u0144ski","url":"https:\/\/marekkuchcinski.pl\/","logo":{"@type":"ImageObject","inLanguage":"hu","@id":"https:\/\/marekkuchcinski.pl\/#\/schema\/logo\/image\/","url":"https:\/\/marekkuchcinski.pl\/wp-content\/uploads\/2022\/09\/Marek.jpg","contentUrl":"https:\/\/marekkuchcinski.pl\/wp-content\/uploads\/2022\/09\/Marek.jpg","width":1600,"height":971,"caption":"Marek Kuchci\u0144ski"},"image":{"@id":"https:\/\/marekkuchcinski.pl\/#\/schema\/logo\/image\/"}},{"@type":"Person","@id":"https:\/\/marekkuchcinski.pl\/#\/schema\/person\/6f62700996b4d950b6ea2d1183b6c6be","name":"admin","image":{"@type":"ImageObject","inLanguage":"hu","@id":"https:\/\/marekkuchcinski.pl\/#\/schema\/person\/image\/","url":"https:\/\/secure.gravatar.com\/avatar\/4bab693b9d55c3d6b52c0296a8765085?s=96&d=mm&r=g","contentUrl":"https:\/\/secure.gravatar.com\/avatar\/4bab693b9d55c3d6b52c0296a8765085?s=96&d=mm&r=g","caption":"admin"},"url":"https:\/\/marekkuchcinski.pl\/hu\/author\/marta-olejnik\/"}]}},"_links":{"self":[{"href":"https:\/\/marekkuchcinski.pl\/hu\/wp-json\/wp\/v2\/posts\/3983","targetHints":{"allow":["GET"]}}],"collection":[{"href":"https:\/\/marekkuchcinski.pl\/hu\/wp-json\/wp\/v2\/posts"}],"about":[{"href":"https:\/\/marekkuchcinski.pl\/hu\/wp-json\/wp\/v2\/types\/post"}],"author":[{"embeddable":true,"href":"https:\/\/marekkuchcinski.pl\/hu\/wp-json\/wp\/v2\/users\/6"}],"replies":[{"embeddable":true,"href":"https:\/\/marekkuchcinski.pl\/hu\/wp-json\/wp\/v2\/comments?post=3983"}],"version-history":[{"count":3,"href":"https:\/\/marekkuchcinski.pl\/hu\/wp-json\/wp\/v2\/posts\/3983\/revisions"}],"predecessor-version":[{"id":3988,"href":"https:\/\/marekkuchcinski.pl\/hu\/wp-json\/wp\/v2\/posts\/3983\/revisions\/3988"}],"wp:featuredmedia":[{"embeddable":true,"href":"https:\/\/marekkuchcinski.pl\/hu\/wp-json\/wp\/v2\/media\/3984"}],"wp:attachment":[{"href":"https:\/\/marekkuchcinski.pl\/hu\/wp-json\/wp\/v2\/media?parent=3983"}],"wp:term":[{"taxonomy":"category","embeddable":true,"href":"https:\/\/marekkuchcinski.pl\/hu\/wp-json\/wp\/v2\/categories?post=3983"},{"taxonomy":"post_tag","embeddable":true,"href":"https:\/\/marekkuchcinski.pl\/hu\/wp-json\/wp\/v2\/tags?post=3983"}],"curies":[{"name":"wp","href":"https:\/\/api.w.org\/{rel}","templated":true}]}}