{"id":3920,"date":"2016-10-03T17:09:07","date_gmt":"2016-10-03T15:09:07","guid":{"rendered":"https:\/\/marekkuchcinski.pl\/?p=3920"},"modified":"2016-10-03T17:17:32","modified_gmt":"2016-10-03T15:17:32","slug":"sprawozdanie-udzielania-porad-prawnych-okresie-01-09-2016-30-09-2016","status":"publish","type":"post","link":"https:\/\/marekkuchcinski.pl\/hu\/bez-kategorii\/sprawozdanie-udzielania-porad-prawnych-okresie-01-09-2016-30-09-2016\/","title":{"rendered":"Jelent\u00e9s a 2016.09.01. - 2016.09.30. k\u00f6z\u00f6tti id\u0151szakban ny\u00fajtott jogi tan\u00e1csad\u00e1sr\u00f3l"},"content":{"rendered":"<p>PIS Intervenci\u00f3s \u00e9s Tan\u00e1csad\u00f3 Iroda Przemy\u015blben, Marek Kuchci\u0144ski, a szejm eln\u00f6k\u00e9nek parlamenti irod\u00e1j\u00e1ban <strong>01.09.2016-t\u00f3l 30.09.2016-ig.<\/strong> jogi tan\u00e1csad\u00e1st ny\u00fajtott a k\u00f6vetkez\u0151 t\u00e9m\u00e1kkal kapcsolatos \u00fcgyekben:<\/p>\n<ol>\n<li>b\u00fcntet\u0151- \u00e9s szab\u00e1lys\u00e9rt\u00e9si jog;<\/li>\n<li>a polg\u00e1ri jog \u00e1ltal\u00e1nos hat\u00e1lya;<\/li>\n<li>csal\u00e1djog;<\/li>\n<li>k\u00f6zigazgat\u00e1si jog;<\/li>\n<li>munka\u00fcgyi \u00e9s t\u00e1rsadalombiztos\u00edt\u00e1si jog;<\/li>\n<li>gazdas\u00e1gi \u00e9s kereskedelmi jog.<\/li>\n<\/ol>\n<p>A fenti pontokat szem el\u0151tt tartva az \u00e9rintett tan\u00e1csok:<\/p>\n<p><strong>T\u00e1rgy 1. A b\u00fcntet\u0151- \u00e9s szab\u00e1lys\u00e9rt\u00e9si jog ter\u00fclet\u00e9r\u0151l:<\/strong><\/p>\n<ul>\n<li>az ombudsmannak egy szab\u00e1lys\u00e9rt\u00e9si \u00fcgyben beny\u00fajtott kassz\u00e1ci\u00f3s \u00e9rtes\u00edt\u00e9s ir\u00e1nti k\u00e9relme megfogalmaz\u00e1sa;<\/li>\n<li>a rossz b\u00e1n\u00e1sm\u00f3d b\u0171ncselekm\u00e9nye miatt kirendelt v\u00e9d\u0151 kijel\u00f6l\u00e9s\u00e9nek k\u00e9rd\u00e9se;<\/li>\n<li>illeg\u00e1lis fakiv\u00e1g\u00e1s;<\/li>\n<li>a szab\u00e1lys\u00e9rt\u00e9si \u00fcgyben a kiszabott megrov\u00e1ssal kapcsolatban fellebbez\u00e9s megfogalmaz\u00e1sa;<\/li>\n<li>a becs\u00fclets\u00e9rt\u00e9s \u00e9s a r\u00e1galmaz\u00e1s b\u0171ncselekm\u00e9nyei;<\/li>\n<\/ul>\n<p><strong>\u00a0<\/strong><strong>A 2. t\u00e1rgyhoz Az \u00e1ltal\u00e1nos polg\u00e1ri jogr\u00f3l:<\/strong><\/p>\n<ul>\n<li>az akaratnyilatkozat hib\u00e1i - t\u00e9ved\u00e9s hat\u00e1sa alatt cselekedve<\/li>\n<li>a tulajdonhoz val\u00f3 jog megs\u00e9rt\u00e9se<\/li>\n<li>a t\u00e1vk\u00f6zl\u00e9si szolg\u00e1ltat\u00e1sokra vonatkoz\u00f3 szerz\u0151d\u00e9s felmond\u00e1s\u00e1nak lehet\u0151s\u00e9ge<\/li>\n<li>\u00f6r\u00f6kl\u00e9si nyilatkozatok \u00e9s \u00f6r\u00f6kl\u00e9si sorrend<\/li>\n<li>a tan\u00fa vallom\u00e1s\u00e1nak elfogad\u00e1sa - a tan\u00favallom\u00e1s visszavon\u00e1s\u00e1nak lehet\u0151s\u00e9ge;<\/li>\n<li>a v\u00e9grehajt\u00e1si elj\u00e1r\u00e1s egyidej\u0171s\u00e9ge, a b\u00edr\u00f3s\u00e1gi v\u00e9grehajt\u00f3 joghat\u00f3s\u00e1ga;<\/li>\n<li>betekint\u00e9s az \u00fcgyiratba;<\/li>\n<li>a hivatalban l\u00e9v\u0151;<\/li>\n<li>ad\u00f3ss\u00e1gt\u00f6rl\u00e9s - a hitelez\u0151vel val\u00f3 meg\u00e1llapod\u00e1s k\u00e9rd\u00e9se a t\u00f6rleszt\u00e9si tervr\u0151l;<\/li>\n<li>akt\u00edv \u00e9s passz\u00edv jogk\u00e9pess\u00e9g a b\u00edr\u00f3s\u00e1gi elj\u00e1r\u00e1sokban;<\/li>\n<li>a mag\u00e1nszak\u00e9rt\u0151i v\u00e9lem\u00e9ny bizony\u00edt\u00e9k\u00e1nak elfogad\u00e1s\u00e1ra;<\/li>\n<li>a fizet\u00e9si felsz\u00f3l\u00edt\u00e1s, az ad\u00f3s szem\u00e9lyes adatainak azonos\u00edt\u00e1sa n\u00e9lk\u00fcl nem lehet keresetet ind\u00edtani;<\/li>\n<li>a gy\u00e1ms\u00e1g megalapozotts\u00e1ga;<\/li>\n<li>a hagyat\u00e9k megszerz\u00e9s\u00e9t meg\u00e1llap\u00edt\u00f3 v\u00e9gz\u00e9s m\u00f3dos\u00edt\u00e1sa a v\u00e9grendelet megtal\u00e1l\u00e1s\u00e1t k\u00f6vet\u0151en;<\/li>\n<li>enged\u00e9lyt az \u00fcgyiratba val\u00f3 betekint\u00e9sre;<\/li>\n<li>az \u00e9letj\u00e1rad\u00e9k t\u00f6rl\u00e9se, az \u00e9letj\u00e1rad\u00e9k \u00e9letj\u00e1rad\u00e9kk\u00e1 t\u00f6rt\u00e9n\u0151 \u00e1talak\u00edt\u00e1sa;<\/li>\n<li>a k\u00f6vetel\u00e9s biztons\u00e1ga;<\/li>\n<li>v\u00e9grendeleti \u00f6r\u00f6kl\u00e9s, fenntartott r\u00e9szv\u00e9nyek<\/li>\n<li>fizet\u00e9si felsz\u00f3l\u00edt\u00e1s elk\u00e9sz\u00edt\u00e9se;<\/li>\n<\/ul>\n<p><strong>Ad 3. A csal\u00e1djogr\u00f3l:<\/strong><\/p>\n<ul>\n<li>a kiskor\u00fa gyermekek nev\u00e9re sz\u00f3l\u00f3 \u00f6r\u00f6kl\u00e9s visszautas\u00edt\u00e1s\u00e1ra ir\u00e1nyul\u00f3 k\u00e9relem - a csal\u00e1djogi b\u00edr\u00f3s\u00e1g enged\u00e9ly\u00e9nek megszerz\u00e9se e cselekm\u00e9ny v\u00e9grehajt\u00e1s\u00e1ra;<\/li>\n<li>az apas\u00e1g elismer\u00e9se a tart\u00e1s meg\u00e1llap\u00edt\u00e1s\u00e1val egy\u00fctt;<\/li>\n<li>a V\u00e1rosi Szoci\u00e1lis Seg\u00edt\u0151 K\u00f6zpont alkalmazottj\u00e1nak a kiskor\u00fa gyermekek gondoz\u00e1sa feletti ellen\u0151rz\u00e9s\u00e9vel kapcsolatos k\u00e9rd\u00e9sek;<\/li>\n<\/ul>\n<p><strong>Ad 4. A k\u00f6zigazgat\u00e1si jog ter\u00fclet\u00e9n:<\/strong><\/p>\n<ul>\n<li>a nyilv\u00e1ntart\u00e1sb\u00f3l val\u00f3 t\u00f6rl\u00e9s k\u00f6zigazgat\u00e1si hat\u00e1rozattal;<\/li>\n<li>a hat\u00f3s\u00e1g mulaszt\u00e1s\u00e1ra vonatkoz\u00f3 felsz\u00f3l\u00edt\u00f3 lev\u00e9l<\/li>\n<li>a hat\u00f3s\u00e1ghoz int\u00e9zett k\u00e9relem a szomsz\u00e9dos ingatlant vesz\u00e9lyeztet\u0151 f\u00e1k kiv\u00e1g\u00e1s\u00e1ra;<\/li>\n<li>a szomsz\u00e9dos h\u00e1z b\u0151v\u00edt\u00e9s\u00e9re vonatkoz\u00f3 \u00e9p\u00edt\u00e9si enged\u00e9lyt tartalmaz\u00f3 lev\u00e9l elk\u00e9sz\u00edt\u00e9se;<\/li>\n<\/ul>\n<p><strong>Ad. 5 A munkajogr\u00f3l \u00e9s a szoci\u00e1lis biztons\u00e1gr\u00f3l: <\/strong><\/p>\n<ul>\n<li>a nyugd\u00edj fel\u00e9nek k\u00e9rd\u00e9se katonai nyugd\u00edj ig\u00e9nybev\u00e9telekor;<\/li>\n<li>az orvosszak\u00e9rt\u0151 nyugd\u00edj\u00fcgyben hozott hat\u00e1rozata elleni kifog\u00e1s beny\u00fajt\u00e1s\u00e1ra nyitva \u00e1ll\u00f3 hat\u00e1rid\u0151 vissza\u00e1ll\u00edt\u00e1sa;<\/li>\n<li>a nyugd\u00edjhat\u00e1rozat elleni fellebbez\u00e9s;<\/li>\n<li>az elhunyt h\u00e1zast\u00e1rs ut\u00e1n j\u00e1r\u00f3 t\u00fal\u00e9l\u0151 hozz\u00e1tartoz\u00f3i nyugd\u00edj k\u00e9rd\u00e9se;<\/li>\n<\/ul>\n<p><strong>6. t\u00e1rgy Az \u00fczleti \u00e9s kereskedelmi jogr\u00f3l:<\/strong><\/p>\n<ul>\n<li>az Orsz\u00e1gos B\u00edr\u00f3s\u00e1gi Nyilv\u00e1ntart\u00e1sba helytelen\u00fcl beny\u00fajtott k\u00e9relem \u00e9s annak visszak\u00fcld\u00e9s\u00e9nek k\u00f6vetkezm\u00e9nyei<\/li>\n<\/ul>\n<p>Az Intervenci\u00f3s \u00e9s Tan\u00e1csad\u00f3 Irod\u00e1n\u00e1l felvetett k\u00e9rd\u00e9sek k\u00f6z\u00fcl el\u0151sz\u00f6r kereskedelmi jogi \u00fcgyben jelentkezett egy f\u00e9l. Az \u00fcgy egy t\u00e9ves, a nemzeti b\u00edr\u00f3s\u00e1gi nyilv\u00e1ntart\u00e1sba val\u00f3 bejegyz\u00e9s ir\u00e1nti k\u00e9relemre vonatkozott.<\/p>\n<p>A c\u00e9gb\u00edr\u00f3s\u00e1gnak k\u00e9t lehet\u0151s\u00e9ge van:<\/p>\n<ul>\n<li>az alaki hi\u00e1nyoss\u00e1gok megsz\u00fcntet\u00e9s\u00e9re felsz\u00f3l\u00edt\u00f3 v\u00e9gz\u00e9st adhat ki, ha azok elt\u00e1vol\u00edthat\u00f3k, pl. a KRS-nyomtatv\u00e1nyokt\u00f3l elt\u00e9r\u0151 dokumentum beny\u00fajt\u00e1s\u00e1nak elmulaszt\u00e1sa;<\/li>\n<li>elrendelheti a p\u00e1ly\u00e1zat visszak\u00fcld\u00e9s\u00e9t, ha a formanyomtatv\u00e1nyokat helytelen\u00fcl t\u00f6lt\u00f6tt\u00e9k ki, vagy a nevez\u00e9si d\u00edjat nem fizett\u00e9k be;<\/li>\n<\/ul>\n<p>A sz\u00f3ban forg\u00f3 \u00fcgyben mindk\u00e9t fenti eset bek\u00f6vetkezett, ez\u00e9rt a b\u00edr\u00f3s\u00e1g elrendelte a k\u00e9relem visszak\u00fcld\u00e9s\u00e9t. Ha a f\u00e9l a k\u00e9relem k\u00e9zhezv\u00e9tel\u00e9t\u0151l sz\u00e1m\u00edtott egy h\u00e9ten bel\u00fcl jelentkezett volna, a hi\u00e1nyoss\u00e1gok orvosolhat\u00f3k lettek volna, de m\u00e9g az eml\u00edtett hat\u00e1rid\u0151n bel\u00fcli orvosl\u00e1s elmulaszt\u00e1sa sem z\u00e1rja el a nyilv\u00e1ntart\u00e1sba v\u00e9tel \u00fatj\u00e1t. Ha a T\u00f6rv\u00e9nysz\u00e9k m\u00e9g nem k\u00fcldte vissza az iratokat (mivel a keresetlev\u00e9l visszak\u00fcld\u00e9s\u00e9re vonatkoz\u00f3 v\u00e9gz\u00e9s nem egyenl\u0151 az iratok visszak\u00fcld\u00e9s\u00e9vel), \u00d6n \u00fajra beny\u00fajthatja a vonatkoz\u00f3 formanyomtatv\u00e1nyokat, p\u00f3tolhatja a hi\u00e1nyoss\u00e1gokat, majd az \u00fcgyiratsz\u00e1mra, valamint az iratok \u00e9s az illet\u00e9k hi\u00e1ny\u00e1ra hivatkozva \u00fajra beny\u00fajthatja a k\u00e9relmet.<\/p>\n<p>Az Intervenci\u00f3s \u00e9s Tan\u00e1csad\u00f3 Szolg\u00e1lathoz gyakran a viselked\u00e9s\u00fckkel kapcsolatos seg\u00edts\u00e9g\u00e9rt fordulnak az emberek.<\/p>\n<p>A fenntartott \u00f6r\u00f6kr\u00e9sz a legk\u00f6zelebbi t\u00f6rv\u00e9nyes \u00f6r\u00f6k\u00f6s\u00f6k \u00e9rdekeinek t\u00f6rv\u00e9nyes v\u00e9delmi form\u00e1ja az \u00f6r\u00f6khagy\u00f3 hal\u00e1la eset\u00e9n t\u00f6rt\u00e9n\u0151 tisztess\u00e9gtelen rendelkez\u00e9ssel szemben. Az \u00f6r\u00f6khagy\u00f3 legk\u00f6zelebbi, a hagyat\u00e9kb\u00f3l fenntartott r\u00e9szre jogosult szem\u00e9lyei az \u00f6r\u00f6khagy\u00f3 lesz\u00e1rmazottai, h\u00e1zast\u00e1rsa \u00e9s sz\u00fclei. F\u0151szab\u00e1ly szerint egy szem\u00e9lyt a t\u00f6rv\u00e9nyes \u00f6r\u00f6kl\u00e9s eset\u00e9n \u0151t megillet\u0151 hagyat\u00e9ki h\u00e1nyad fel\u00e9nek megfelel\u0151 \u00f6sszeg\u0171 tartal\u00e9k illeti meg. Ha azonban a kedvezm\u00e9nyezett tart\u00f3san cselekv\u0151k\u00e9ptelen, vagy ha a kedvezm\u00e9nyezett lesz\u00e1rmazottai kiskor\u00faak, a fenntartott r\u00e9szesed\u00e9s \u00f6sszege a r\u00e9szesed\u00e9s \u00e9rt\u00e9k\u00e9nek k\u00e9tharmada.<\/p>\n<p>Szeptemberben a tan\u00e1csad\u00e1sok sz\u00e1ma ism\u00e9t meghaladta az 50-et. Az Irod\u00e1ban megvitatott probl\u00e9m\u00e1k v\u00e1ltozatosak, k\u00f6zt\u00fck els\u0151 alkalommal a kereskedelmi jog k\u00e9rd\u00e9se, ami azt mutatja, hogy egyre t\u00f6bb emberhez jut el az inform\u00e1ci\u00f3 az Iroda tev\u00e9kenys\u00e9g\u00e9r\u0151l.<\/p>\n<p>&nbsp;<\/p>","protected":false},"excerpt":{"rendered":"<p>Biuro Interwencji i Porad PIS w Przemy\u015blu przy Biurze Poselskim Marsza\u0142ka Sejmu Marka Kuchci\u0144skiego od\u00a001.09.2016 r. do 30.09.2016 r. udziela\u0142o porad prawnych dotycz\u0105cych spraw zwi\u0105zanych z poni\u017csz\u0105 tematyk\u0105: prawa karnego i wykroczeniowego; og\u00f3lnego zakresu prawa cywilnego; prawa rodzinnego; prawa administracyjnego; prawa pracy i ubezpiecze\u0144 spo\u0142ecznych; prawa gospodarczego i handlowego. Z uwzgl\u0119dnieniem powy\u017cszych punkt\u00f3w porady dotyczy\u0142y: [&hellip;]<\/p>\n","protected":false},"author":6,"featured_media":0,"comment_status":"open","ping_status":"open","sticky":false,"template":"","format":"standard","meta":{"ngg_post_thumbnail":0,"footnotes":""},"categories":[1,79],"tags":[],"class_list":["post-3920","post","type-post","status-publish","format-standard","hentry","category-bez-kategorii","category-biuro-interwencji-i-porad-pis"],"_links":{"self":[{"href":"https:\/\/marekkuchcinski.pl\/hu\/wp-json\/wp\/v2\/posts\/3920","targetHints":{"allow":["GET"]}}],"collection":[{"href":"https:\/\/marekkuchcinski.pl\/hu\/wp-json\/wp\/v2\/posts"}],"about":[{"href":"https:\/\/marekkuchcinski.pl\/hu\/wp-json\/wp\/v2\/types\/post"}],"author":[{"embeddable":true,"href":"https:\/\/marekkuchcinski.pl\/hu\/wp-json\/wp\/v2\/users\/6"}],"replies":[{"embeddable":true,"href":"https:\/\/marekkuchcinski.pl\/hu\/wp-json\/wp\/v2\/comments?post=3920"}],"version-history":[{"count":3,"href":"https:\/\/marekkuchcinski.pl\/hu\/wp-json\/wp\/v2\/posts\/3920\/revisions"}],"predecessor-version":[{"id":3923,"href":"https:\/\/marekkuchcinski.pl\/hu\/wp-json\/wp\/v2\/posts\/3920\/revisions\/3923"}],"wp:attachment":[{"href":"https:\/\/marekkuchcinski.pl\/hu\/wp-json\/wp\/v2\/media?parent=3920"}],"wp:term":[{"taxonomy":"category","embeddable":true,"href":"https:\/\/marekkuchcinski.pl\/hu\/wp-json\/wp\/v2\/categories?post=3920"},{"taxonomy":"post_tag","embeddable":true,"href":"https:\/\/marekkuchcinski.pl\/hu\/wp-json\/wp\/v2\/tags?post=3920"}],"curies":[{"name":"wp","href":"https:\/\/api.w.org\/{rel}","templated":true}]}}