{"id":3908,"date":"2016-10-03T16:01:29","date_gmt":"2016-10-03T14:01:29","guid":{"rendered":"https:\/\/marekkuchcinski.pl\/?p=3908"},"modified":"2016-10-03T16:01:29","modified_gmt":"2016-10-03T14:01:29","slug":"list-marszalka-sejmu-uczestnikow-konferencji-rady-seniorow-partnerstwo-samorzadami","status":"publish","type":"post","link":"https:\/\/marekkuchcinski.pl\/hu\/wiesci-z-sejmu\/list-marszalka-sejmu-uczestnikow-konferencji-rady-seniorow-partnerstwo-samorzadami\/","title":{"rendered":"A Szejm eln\u00f6k\u00e9nek levele az \"Id\u0151sek tan\u00e1csai - Partners\u00e9g a helyi \u00f6nkorm\u00e1nyzatokkal\" c\u00edm\u0171 konferencia r\u00e9sztvev\u0151inek"},"content":{"rendered":"<p><em>H\u00f6lgyeim \u00e9s uraim! <\/em><\/p>\n<p><em>Szeretn\u00e9m szeretettel \u00fcdv\u00f6z\u00f6lni mindazokat, akik a mai \"Id\u0151s\u00fcgyi tan\u00e1csok - partners\u00e9g a helyi \u00f6nkorm\u00e1nyzatokkal\" c\u00edm\u0171 konferenci\u00e1n \u00f6sszegy\u0171ltek. Sajn\u00e1lom, hogy nem tudok eleget tenni k\u00f6teless\u00e9gemnek, \u00e9s szem\u00e9lyesen k\u00f6sz\u00f6n\u00f6m a szervez\u0151knek \u00e9s a megh\u00edvott vend\u00e9geknek, hogy felkarolt\u00e1k a t\u00e1rsadalmunkban v\u00e9gbemen\u0151 v\u00e1ltoz\u00e1sok fontos t\u00e9m\u00e1j\u00e1t. \u00c9vek \u00f3ta szemtan\u00fai vagyunk az orsz\u00e1gunkban tapasztalhat\u00f3 demogr\u00e1fiai cs\u00f6kken\u00e9snek, \u00e9s ezzel egyidej\u0171leg az id\u0151sek egyre n\u00f6vekv\u0151 csoportj\u00e1nak. Olyan emberek csoportja - \u00e9s ezt hangs\u00falyozni szeretn\u00e9m -, akik l\u00e9lekben fiatalok \u00e9s m\u00e9g mindig akt\u00edvak, \u00e9s akikt\u0151l a fiatalabb gener\u00e1ci\u00f3k m\u00e9g sokat tanulhatnak. <\/em><\/p>\n<p><em>Nemcsak az id\u0151sek meg\u00edt\u00e9l\u00e9s\u00e9ben kell v\u00e1ltoz\u00e1sokat el\u00e9rni, hanem els\u0151sorban az olyan ter\u00fcleteken, mint az eg\u00e9szs\u00e9g\u00fcgyi ell\u00e1t\u00e1s, a megel\u0151z\u00e9s, a szoci\u00e1lis ell\u00e1t\u00e1s, a kult\u00far\u00e1hoz \u00e9s az oktat\u00e1shoz val\u00f3 hozz\u00e1f\u00e9r\u00e9s. A kih\u00edv\u00e1soknak val\u00f3 megfelel\u00e9shez azonban sz\u00e1mos szerepl\u0151 - \u00e1llami \u00e9s helyi korm\u00e1nyzati int\u00e9zm\u00e9nyek, kultur\u00e1lis \u00e9s tudom\u00e1nyos k\u00f6r\u00f6k k\u00e9pvisel\u0151i, egyes\u00fcletek \u00e9s civil szervezetek - integr\u00e1lt egy\u00fcttm\u0171k\u00f6d\u00e9s\u00e9re van sz\u00fcks\u00e9g. Minden helyi szinten hozott int\u00e9zked\u00e9s nagyon fontos, mivel a lakosok aktu\u00e1lis probl\u00e9m\u00e1ira \u00e9s a r\u00e9gi\u00f3 saj\u00e1toss\u00e1gaira reag\u00e1lnak. Ebb\u0151l ad\u00f3dik az id\u0151sek tan\u00e1csainak jelent\u0151s \u00e9s nagyon fontos szerepe, amelyek egyr\u00e9szt k\u00e9pesek azonos\u00edtani az id\u0151sek ig\u00e9nyeit, m\u00e1sr\u00e9szt pedig a helyi hat\u00f3s\u00e1gok lehet\u0151s\u00e9geit.<\/em><\/p>\n<p><em>\u00c9rdekes tan\u00e1cskoz\u00e1st k\u00edv\u00e1nok. B\u00edzom benne, hogy a mai vita sz\u00e1mos megold\u00e1si javaslatot eredm\u00e9nyez majd az emberek \u00e9let\u00e9nek \u0151szi id\u0151szak\u00e1ban, \u00e9s alapot teremt tov\u00e1bbi fontos t\u00e1rsadalmi feladatok elv\u00e9gz\u00e9s\u00e9hez is. <\/em><\/p>\n<p><em>\u0150szinte \u00fcdv\u00f6zletem \u00e9s legjobb k\u00edv\u00e1ns\u00e1gaim. <\/em><\/p>\n<p><em>\u00a0<\/em><\/p>\n<p>&nbsp;<\/p>\n<p><em>\u00a0<\/em><em>\u00a0<\/em><em>\u00a0<\/em><em>Marek Kuchci\u0144ski<\/em><\/p>","protected":false},"excerpt":{"rendered":"<p>Szanowni Pa\u0144stwo, pragn\u0119 serdecznie powita\u0107 wszystkich zgromadzonych na dzisiejszej konferencji \u201eRady senior\u00f3w \u2013 partnerstwo z samorz\u0105dami\u201d. \u017ba\u0142uj\u0119, \u017ce nie mog\u0119 wype\u0142ni\u0107 mi\u0142ej powinno\u015bci i osobi\u015bcie przekaza\u0107 organizatorom, a tak\u017ce zaproszonym go\u015bciom s\u0142\u00f3w podzi\u0119kowania za podj\u0119cie wa\u017cnego tematu, jakim s\u0105 zmiany zachodz\u0105ce w naszym spo\u0142ecze\u0144stwie. Od wielu lat odnotowujemy w\u00a0\u00a0kraju ni\u017c demograficzny, a zarazem rosn\u0105c\u0105 grup\u0119 [&hellip;]<\/p>\n","protected":false},"author":6,"featured_media":0,"comment_status":"open","ping_status":"open","sticky":false,"template":"","format":"standard","meta":{"ngg_post_thumbnail":0,"footnotes":""},"categories":[81],"tags":[],"class_list":["post-3908","post","type-post","status-publish","format-standard","hentry","category-wiesci-z-sejmu"],"_links":{"self":[{"href":"https:\/\/marekkuchcinski.pl\/hu\/wp-json\/wp\/v2\/posts\/3908","targetHints":{"allow":["GET"]}}],"collection":[{"href":"https:\/\/marekkuchcinski.pl\/hu\/wp-json\/wp\/v2\/posts"}],"about":[{"href":"https:\/\/marekkuchcinski.pl\/hu\/wp-json\/wp\/v2\/types\/post"}],"author":[{"embeddable":true,"href":"https:\/\/marekkuchcinski.pl\/hu\/wp-json\/wp\/v2\/users\/6"}],"replies":[{"embeddable":true,"href":"https:\/\/marekkuchcinski.pl\/hu\/wp-json\/wp\/v2\/comments?post=3908"}],"version-history":[{"count":1,"href":"https:\/\/marekkuchcinski.pl\/hu\/wp-json\/wp\/v2\/posts\/3908\/revisions"}],"predecessor-version":[{"id":3909,"href":"https:\/\/marekkuchcinski.pl\/hu\/wp-json\/wp\/v2\/posts\/3908\/revisions\/3909"}],"wp:attachment":[{"href":"https:\/\/marekkuchcinski.pl\/hu\/wp-json\/wp\/v2\/media?parent=3908"}],"wp:term":[{"taxonomy":"category","embeddable":true,"href":"https:\/\/marekkuchcinski.pl\/hu\/wp-json\/wp\/v2\/categories?post=3908"},{"taxonomy":"post_tag","embeddable":true,"href":"https:\/\/marekkuchcinski.pl\/hu\/wp-json\/wp\/v2\/tags?post=3908"}],"curies":[{"name":"wp","href":"https:\/\/api.w.org\/{rel}","templated":true}]}}