{"id":3898,"date":"2016-10-03T15:31:19","date_gmt":"2016-10-03T13:31:19","guid":{"rendered":"https:\/\/marekkuchcinski.pl\/?p=3898"},"modified":"2016-10-03T16:22:20","modified_gmt":"2016-10-03T14:22:20","slug":"dzien-jednosci-niemiec","status":"publish","type":"post","link":"https:\/\/marekkuchcinski.pl\/hu\/wydarzenia\/dzien-jednosci-niemiec\/","title":{"rendered":"A n\u00e9met egys\u00e9g napja"},"content":{"rendered":"<p><strong>Okt\u00f3ber harmadika k\u00fcl\u00f6nleges d\u00e1tum a n\u00e9met t\u00f6rt\u00e9nelemben. Ez a legfontosabb nemzeti \u00fcnnep, amely 1990-ben annak a napnak \u00e1ll\u00edt eml\u00e9ket, amikor 45 \u00e9vnyi megosztotts\u00e1g ut\u00e1n a N\u00e9met Demokratikus K\u00f6zt\u00e1rsas\u00e1g \u00fajra egyes\u00fclt a N\u00e9met Sz\u00f6vets\u00e9gi K\u00f6zt\u00e1rsas\u00e1ggal. <\/strong><\/p>\n<p>Kelet-N\u00e9metorsz\u00e1g k\u00e9s\u0151bb szabadult ki a kommunizmus karmai k\u00f6z\u00fcl, mint Lengyelorsz\u00e1g. K\u00e9ts\u00e9gtelen, hogy szabads\u00e1guk nagy r\u00e9sz\u00e9t a lengyeleknek k\u00f6sz\u00f6nhetik, akik b\u00e1tors\u00e1gra \u00f6szt\u00f6n\u00f6zt\u00e9k \u0151ket. Angela Merkel n\u00e9met kancell\u00e1r maga is elismerte, hogy a fal leoml\u00e1sa nem lett volna lehets\u00e9ges a lengyelorsz\u00e1gi esem\u00e9nyek n\u00e9lk\u00fcl.<\/p>\n<p>Az al\u00e1bbi k\u00e9pen Helmut Kohl akkori n\u00e9met kancell\u00e1r l\u00e1that\u00f3 a Brandenburgi kapun\u00e1l, a b\u00e9ke \u00e9s a szabads\u00e1g jelk\u00e9p\u00e9n\u00e9l, amelyet Hans Modrow keletn\u00e9met minisztereln\u00f6kkel egy\u00fctt l\u00e9pett \u00e1t 1989. december 22-\u00e9n, nem sokkal azut\u00e1n, hogy a Bundestagnak bemutatta a n\u00e9met \u00fajraegyes\u00edt\u00e9s terv\u00e9t.<\/p>\n<p>forr\u00e1s:\u00a0<a class=\"ProfileHeaderCard-screennameLink u-linkComplex js-nav\" href=\"https:\/\/twitter.com\/carlbildt\">@<span class=\"u-linkComplex-target\">carlbildt<\/span><\/a>\/tt<\/p>\n<p><a href=\"https:\/\/marekkuchcinski.pl\/wp-content\/uploads\/2016\/10\/hk.jpg\"><img fetchpriority=\"high\" decoding=\"async\" class=\"alignnone wp-image-3899\" src=\"https:\/\/marekkuchcinski.pl\/wp-content\/uploads\/2016\/10\/hk.jpg\" alt=\"hk\" width=\"1003\" height=\"1003\" srcset=\"https:\/\/marekkuchcinski.pl\/wp-content\/uploads\/2016\/10\/hk.jpg 600w, https:\/\/marekkuchcinski.pl\/wp-content\/uploads\/2016\/10\/hk-150x150.jpg 150w, https:\/\/marekkuchcinski.pl\/wp-content\/uploads\/2016\/10\/hk-300x300.jpg 300w\" sizes=\"(max-width: 1003px) 100vw, 1003px\" \/><\/a><\/p>","protected":false},"excerpt":{"rendered":"<p>Trzeci\u00a0pa\u017adziernika w niemieckiej historii jest dat\u0105 szczeg\u00f3ln\u0105.\u00a0To najwa\u017cniejsze \u015bwi\u0119to narodowe, upami\u0119tniaj\u0105ce dzie\u0144 1990 r., w kt\u00f3rym to po 45 latach podzia\u0142u Niemiecka Republika Demokratyczna zjednoczy\u0142a si\u0119 z Republik\u0105 Federaln\u0105 Niemiec. Wschodnie Niemcy wyzwoli\u0142y si\u0119 ze szpon komunizmu p\u00f3\u017aniej ni\u017c Polska. Bez w\u0105tpienia to Polakom, kt\u00f3rzy natchn\u0119li ich do odwagi, w du\u017cej mierze zawdzi\u0119czaj\u0105 swoj\u0105 wolno\u015b\u0107. [&hellip;]<\/p>\n","protected":false},"author":6,"featured_media":3899,"comment_status":"open","ping_status":"open","sticky":false,"template":"","format":"standard","meta":{"ngg_post_thumbnail":0,"footnotes":""},"categories":[77,3],"tags":[],"class_list":["post-3898","post","type-post","status-publish","format-standard","has-post-thumbnail","hentry","category-wazne-daty","category-wydarzenia"],"_links":{"self":[{"href":"https:\/\/marekkuchcinski.pl\/hu\/wp-json\/wp\/v2\/posts\/3898","targetHints":{"allow":["GET"]}}],"collection":[{"href":"https:\/\/marekkuchcinski.pl\/hu\/wp-json\/wp\/v2\/posts"}],"about":[{"href":"https:\/\/marekkuchcinski.pl\/hu\/wp-json\/wp\/v2\/types\/post"}],"author":[{"embeddable":true,"href":"https:\/\/marekkuchcinski.pl\/hu\/wp-json\/wp\/v2\/users\/6"}],"replies":[{"embeddable":true,"href":"https:\/\/marekkuchcinski.pl\/hu\/wp-json\/wp\/v2\/comments?post=3898"}],"version-history":[{"count":9,"href":"https:\/\/marekkuchcinski.pl\/hu\/wp-json\/wp\/v2\/posts\/3898\/revisions"}],"predecessor-version":[{"id":3910,"href":"https:\/\/marekkuchcinski.pl\/hu\/wp-json\/wp\/v2\/posts\/3898\/revisions\/3910"}],"wp:featuredmedia":[{"embeddable":true,"href":"https:\/\/marekkuchcinski.pl\/hu\/wp-json\/wp\/v2\/media\/3899"}],"wp:attachment":[{"href":"https:\/\/marekkuchcinski.pl\/hu\/wp-json\/wp\/v2\/media?parent=3898"}],"wp:term":[{"taxonomy":"category","embeddable":true,"href":"https:\/\/marekkuchcinski.pl\/hu\/wp-json\/wp\/v2\/categories?post=3898"},{"taxonomy":"post_tag","embeddable":true,"href":"https:\/\/marekkuchcinski.pl\/hu\/wp-json\/wp\/v2\/tags?post=3898"}],"curies":[{"name":"wp","href":"https:\/\/api.w.org\/{rel}","templated":true}]}}