{"id":3875,"date":"2016-09-28T10:58:39","date_gmt":"2016-09-28T08:58:39","guid":{"rendered":"https:\/\/marekkuchcinski.pl\/?p=3875"},"modified":"2016-10-14T14:37:10","modified_gmt":"2016-10-14T12:37:10","slug":"dzien-swietego-waclawa","status":"publish","type":"post","link":"https:\/\/marekkuchcinski.pl\/hu\/wazne-daty\/dzien-swietego-waclawa\/","title":{"rendered":"Szent Vencel napja"},"content":{"rendered":"<p><strong><a href=\"https:\/\/marekkuchcinski.pl\/wp-content\/uploads\/2016\/09\/w-1.jpg\"><img fetchpriority=\"high\" decoding=\"async\" class=\"wp-image-4095 alignleft\" src=\"https:\/\/marekkuchcinski.pl\/wp-content\/uploads\/2016\/09\/w-1.jpg\" alt=\"w\" width=\"377\" height=\"656\" srcset=\"https:\/\/marekkuchcinski.pl\/wp-content\/uploads\/2016\/09\/w-1.jpg 462w, https:\/\/marekkuchcinski.pl\/wp-content\/uploads\/2016\/09\/w-1-172x300.jpg 172w\" sizes=\"(max-width: 377px) 100vw, 377px\" \/><\/a>Szeptember 28-a a cseh szent, Csehorsz\u00e1g \u00e9s Pr\u00e1ga v\u00e9d\u0151szentj\u00e9nek, Vencelnek a napja.<\/strong><\/p>\n<p>A rendk\u00edv\u00fcl j\u00e1mbor fejedelem 925 k\u00f6r\u00fcl kezdte meg uralkod\u00e1s\u00e1t \u00e9s Csehorsz\u00e1g kereszt\u00e9nyes\u00edt\u00e9s\u00e9t. A benc\u00e9s szab\u00e1ly szerint<em> ora et labora<\/em> \u0150 maga gabonaf\u00e9l\u00e9ket \u00e9s sz\u0151l\u0151t termesztett. Az \u0151 \u00e9lete nem csak im\u00e1kb\u00f3l \u00e9s munk\u00e1b\u00f3l \u00e1llt. Nagy harcos volt. Kir\u00e1lys\u00e1g\u00e1nak v\u00e9delm\u00e9ben nagy b\u00e1tors\u00e1gr\u00f3l tett tan\u00fabizonys\u00e1got, \u00e9s harcai olyan l\u00e1tv\u00e1nyosak voltak, hogy angyalokat l\u00e1ttak r\u00e9szt venni benn\u00fck.<\/p>\n<p>Waclaw hal\u00e1l\u00e1t pog\u00e1ny anyja \u00f6sszeesk\u00fcv\u00e9se okozta. A star\u00e9 boleslavi v\u00e1r k\u00e1poln\u00e1j\u00e1ban tartott szertart\u00e1sra cs\u00e1b\u00edtott\u00e1k, de ott testv\u00e9re, Boleslav katon\u00e1inak keze \u00e1ltal halt meg. Csod\u00e1kat l\u00e1ttak a s\u00edrj\u00e1n\u00e1l. M\u00e1rt\u00edrr\u00e1, szentt\u00e9 nyilv\u00e1n\u00edtott\u00e1k.<\/p>\n<p>1436-ban Zbigniew Ole\u015bnicki lengyel p\u00fcsp\u00f6k Vencel a Lengyel Kir\u00e1lys\u00e1g n\u00e9gy f\u0151 v\u00e9d\u0151szentj\u00e9nek egyik\u00e9v\u00e9 nyilv\u00e1n\u00edtotta.<\/p>\n<p>Alul a Szent Vencel korona, a cseh uralkod\u00f3k koron\u00e1z\u00e1si jelv\u00e9nye 1347-t\u0151l 1836-ig. Nemzeti ereklye, a cseh \u00e1llamis\u00e1g \u00e9s szuverenit\u00e1s jelk\u00e9pe. A pr\u00e1gai Szent Vitus, Vencel \u00e9s Adalbert sz\u00e9kesegyh\u00e1zban \u0151rzik.<\/p>\n<p>&nbsp;<\/p>","protected":false},"excerpt":{"rendered":"<p>28 wrze\u015bnia to dzie\u0144 czeskiego \u015bwi\u0119tego, patrona Czech i Pragi \u2013 Wac\u0142awa Niezwykle pobo\u017cny ksi\u0105\u017c\u0119 ok. 925 r. rozpocz\u0105\u0142 swoje rz\u0105dy oraz chrystianizacj\u0119 Czech. W my\u015bl benedykty\u0144skiej regu\u0142y ora et labora sam uprawia\u0142 zbo\u017ca i winoro\u015ble. Jego \u017cycie to nie tylko modlitwy i praca. By\u0142 \u015bwietnym wojownikiem. Broni\u0105c kr\u00f3lestwa, wykazywa\u0142 si\u0119 wielkim m\u0119stwem, a jego [&hellip;]<\/p>","protected":false},"author":6,"featured_media":4093,"comment_status":"open","ping_status":"open","sticky":false,"template":"","format":"standard","meta":{"ngg_post_thumbnail":0,"footnotes":""},"categories":[77],"tags":[],"class_list":["post-3875","post","type-post","status-publish","format-standard","has-post-thumbnail","hentry","category-wazne-daty"],"yoast_head":"<!-- This site is optimized with the Yoast SEO plugin v24.7 - https:\/\/yoast.com\/wordpress\/plugins\/seo\/ -->\n<title>Dzie\u0144 \u015awi\u0119tego Wac\u0142awa &#8211; Marek Kuchci\u0144ski<\/title>\n<meta name=\"robots\" content=\"index, follow, max-snippet:-1, max-image-preview:large, max-video-preview:-1\" \/>\n<link rel=\"canonical\" href=\"https:\/\/marekkuchcinski.pl\/hu\/wazne-daty\/dzien-swietego-waclawa\/\" \/>\n<meta property=\"og:locale\" content=\"hu_HU\" \/>\n<meta property=\"og:type\" content=\"article\" \/>\n<meta property=\"og:title\" content=\"Dzie\u0144 \u015awi\u0119tego Wac\u0142awa &#8211; Marek Kuchci\u0144ski\" \/>\n<meta property=\"og:description\" content=\"28 wrze\u015bnia to dzie\u0144 czeskiego \u015bwi\u0119tego, patrona Czech i Pragi \u2013 Wac\u0142awa Niezwykle pobo\u017cny ksi\u0105\u017c\u0119 ok. 925 r. rozpocz\u0105\u0142 swoje rz\u0105dy oraz chrystianizacj\u0119 Czech. W my\u015bl benedykty\u0144skiej regu\u0142y ora et labora sam uprawia\u0142 zbo\u017ca i winoro\u015ble. Jego \u017cycie to nie tylko modlitwy i praca. By\u0142 \u015bwietnym wojownikiem. Broni\u0105c kr\u00f3lestwa, wykazywa\u0142 si\u0119 wielkim m\u0119stwem, a jego [&hellip;]\" \/>\n<meta property=\"og:url\" content=\"https:\/\/marekkuchcinski.pl\/hu\/wazne-daty\/dzien-swietego-waclawa\/\" \/>\n<meta property=\"og:site_name\" content=\"Marek Kuchci\u0144ski\" \/>\n<meta property=\"article:published_time\" content=\"2016-09-28T08:58:39+00:00\" \/>\n<meta property=\"article:modified_time\" content=\"2016-10-14T12:37:10+00:00\" \/>\n<meta property=\"og:image\" content=\"https:\/\/marekkuchcinski.pl\/wp-content\/uploads\/2016\/09\/w.jpg\" \/>\n\t<meta property=\"og:image:width\" content=\"462\" \/>\n\t<meta property=\"og:image:height\" content=\"804\" \/>\n\t<meta property=\"og:image:type\" content=\"image\/jpeg\" \/>\n<meta name=\"author\" content=\"admin\" \/>\n<meta name=\"twitter:card\" content=\"summary_large_image\" \/>\n<meta name=\"twitter:label1\" content=\"Szerz\u0151:\" \/>\n\t<meta name=\"twitter:data1\" content=\"admin\" \/>\n\t<meta name=\"twitter:label2\" content=\"Becs\u00fclt olvas\u00e1si id\u0151\" \/>\n\t<meta name=\"twitter:data2\" content=\"1 perc\" \/>\n<script type=\"application\/ld+json\" class=\"yoast-schema-graph\">{\"@context\":\"https:\/\/schema.org\",\"@graph\":[{\"@type\":\"Article\",\"@id\":\"https:\/\/marekkuchcinski.pl\/en\/wazne-daty\/dzien-swietego-waclawa\/#article\",\"isPartOf\":{\"@id\":\"https:\/\/marekkuchcinski.pl\/en\/wazne-daty\/dzien-swietego-waclawa\/\"},\"author\":{\"name\":\"admin\",\"@id\":\"https:\/\/marekkuchcinski.pl\/#\/schema\/person\/6f62700996b4d950b6ea2d1183b6c6be\"},\"headline\":\"Dzie\u0144 \u015awi\u0119tego Wac\u0142awa\",\"datePublished\":\"2016-09-28T08:58:39+00:00\",\"dateModified\":\"2016-10-14T12:37:10+00:00\",\"mainEntityOfPage\":{\"@id\":\"https:\/\/marekkuchcinski.pl\/en\/wazne-daty\/dzien-swietego-waclawa\/\"},\"wordCount\":184,\"commentCount\":0,\"publisher\":{\"@id\":\"https:\/\/marekkuchcinski.pl\/#organization\"},\"image\":{\"@id\":\"https:\/\/marekkuchcinski.pl\/en\/wazne-daty\/dzien-swietego-waclawa\/#primaryimage\"},\"thumbnailUrl\":\"https:\/\/marekkuchcinski.pl\/wp-content\/uploads\/2016\/09\/w.jpg\",\"articleSection\":[\"Wa\u017cne daty\"],\"inLanguage\":\"hu\",\"potentialAction\":[{\"@type\":\"CommentAction\",\"name\":\"Comment\",\"target\":[\"https:\/\/marekkuchcinski.pl\/en\/wazne-daty\/dzien-swietego-waclawa\/#respond\"]}]},{\"@type\":\"WebPage\",\"@id\":\"https:\/\/marekkuchcinski.pl\/en\/wazne-daty\/dzien-swietego-waclawa\/\",\"url\":\"https:\/\/marekkuchcinski.pl\/en\/wazne-daty\/dzien-swietego-waclawa\/\",\"name\":\"Dzie\u0144 \u015awi\u0119tego Wac\u0142awa &#8211; Marek Kuchci\u0144ski\",\"isPartOf\":{\"@id\":\"https:\/\/marekkuchcinski.pl\/#website\"},\"primaryImageOfPage\":{\"@id\":\"https:\/\/marekkuchcinski.pl\/en\/wazne-daty\/dzien-swietego-waclawa\/#primaryimage\"},\"image\":{\"@id\":\"https:\/\/marekkuchcinski.pl\/en\/wazne-daty\/dzien-swietego-waclawa\/#primaryimage\"},\"thumbnailUrl\":\"https:\/\/marekkuchcinski.pl\/wp-content\/uploads\/2016\/09\/w.jpg\",\"datePublished\":\"2016-09-28T08:58:39+00:00\",\"dateModified\":\"2016-10-14T12:37:10+00:00\",\"breadcrumb\":{\"@id\":\"https:\/\/marekkuchcinski.pl\/en\/wazne-daty\/dzien-swietego-waclawa\/#breadcrumb\"},\"inLanguage\":\"hu\",\"potentialAction\":[{\"@type\":\"ReadAction\",\"target\":[\"https:\/\/marekkuchcinski.pl\/en\/wazne-daty\/dzien-swietego-waclawa\/\"]}]},{\"@type\":\"ImageObject\",\"inLanguage\":\"hu\",\"@id\":\"https:\/\/marekkuchcinski.pl\/en\/wazne-daty\/dzien-swietego-waclawa\/#primaryimage\",\"url\":\"https:\/\/marekkuchcinski.pl\/wp-content\/uploads\/2016\/09\/w.jpg\",\"contentUrl\":\"https:\/\/marekkuchcinski.pl\/wp-content\/uploads\/2016\/09\/w.jpg\",\"width\":462,\"height\":804},{\"@type\":\"BreadcrumbList\",\"@id\":\"https:\/\/marekkuchcinski.pl\/en\/wazne-daty\/dzien-swietego-waclawa\/#breadcrumb\",\"itemListElement\":[{\"@type\":\"ListItem\",\"position\":1,\"name\":\"Strona g\u0142\u00f3wna\",\"item\":\"https:\/\/marekkuchcinski.pl\/\"},{\"@type\":\"ListItem\",\"position\":2,\"name\":\"Dzie\u0144 \u015awi\u0119tego Wac\u0142awa\"}]},{\"@type\":\"WebSite\",\"@id\":\"https:\/\/marekkuchcinski.pl\/#website\",\"url\":\"https:\/\/marekkuchcinski.pl\/\",\"name\":\"Marek Kuchci\u0144ski\",\"description\":\"Pose\u0142 na sejm RP &ndash; okr\u0119g nr 22\",\"publisher\":{\"@id\":\"https:\/\/marekkuchcinski.pl\/#organization\"},\"potentialAction\":[{\"@type\":\"SearchAction\",\"target\":{\"@type\":\"EntryPoint\",\"urlTemplate\":\"https:\/\/marekkuchcinski.pl\/?s={search_term_string}\"},\"query-input\":{\"@type\":\"PropertyValueSpecification\",\"valueRequired\":true,\"valueName\":\"search_term_string\"}}],\"inLanguage\":\"hu\"},{\"@type\":\"Organization\",\"@id\":\"https:\/\/marekkuchcinski.pl\/#organization\",\"name\":\"Marek Kuchci\u0144ski\",\"url\":\"https:\/\/marekkuchcinski.pl\/\",\"logo\":{\"@type\":\"ImageObject\",\"inLanguage\":\"hu\",\"@id\":\"https:\/\/marekkuchcinski.pl\/#\/schema\/logo\/image\/\",\"url\":\"https:\/\/marekkuchcinski.pl\/wp-content\/uploads\/2022\/09\/Marek.jpg\",\"contentUrl\":\"https:\/\/marekkuchcinski.pl\/wp-content\/uploads\/2022\/09\/Marek.jpg\",\"width\":1600,\"height\":971,\"caption\":\"Marek Kuchci\u0144ski\"},\"image\":{\"@id\":\"https:\/\/marekkuchcinski.pl\/#\/schema\/logo\/image\/\"}},{\"@type\":\"Person\",\"@id\":\"https:\/\/marekkuchcinski.pl\/#\/schema\/person\/6f62700996b4d950b6ea2d1183b6c6be\",\"name\":\"admin\",\"image\":{\"@type\":\"ImageObject\",\"inLanguage\":\"hu\",\"@id\":\"https:\/\/marekkuchcinski.pl\/#\/schema\/person\/image\/\",\"url\":\"https:\/\/secure.gravatar.com\/avatar\/4bab693b9d55c3d6b52c0296a8765085?s=96&d=mm&r=g\",\"contentUrl\":\"https:\/\/secure.gravatar.com\/avatar\/4bab693b9d55c3d6b52c0296a8765085?s=96&d=mm&r=g\",\"caption\":\"admin\"},\"url\":\"https:\/\/marekkuchcinski.pl\/hu\/author\/marta-olejnik\/\"}]}<\/script>\n<!-- \/ Yoast SEO plugin. -->","yoast_head_json":{"title":"Dzie\u0144 \u015awi\u0119tego Wac\u0142awa &#8211; Marek Kuchci\u0144ski","robots":{"index":"index","follow":"follow","max-snippet":"max-snippet:-1","max-image-preview":"max-image-preview:large","max-video-preview":"max-video-preview:-1"},"canonical":"https:\/\/marekkuchcinski.pl\/hu\/wazne-daty\/dzien-swietego-waclawa\/","og_locale":"hu_HU","og_type":"article","og_title":"Dzie\u0144 \u015awi\u0119tego Wac\u0142awa &#8211; Marek Kuchci\u0144ski","og_description":"28 wrze\u015bnia to dzie\u0144 czeskiego \u015bwi\u0119tego, patrona Czech i Pragi \u2013 Wac\u0142awa Niezwykle pobo\u017cny ksi\u0105\u017c\u0119 ok. 925 r. rozpocz\u0105\u0142 swoje rz\u0105dy oraz chrystianizacj\u0119 Czech. W my\u015bl benedykty\u0144skiej regu\u0142y ora et labora sam uprawia\u0142 zbo\u017ca i winoro\u015ble. Jego \u017cycie to nie tylko modlitwy i praca. By\u0142 \u015bwietnym wojownikiem. Broni\u0105c kr\u00f3lestwa, wykazywa\u0142 si\u0119 wielkim m\u0119stwem, a jego [&hellip;]","og_url":"https:\/\/marekkuchcinski.pl\/hu\/wazne-daty\/dzien-swietego-waclawa\/","og_site_name":"Marek Kuchci\u0144ski","article_published_time":"2016-09-28T08:58:39+00:00","article_modified_time":"2016-10-14T12:37:10+00:00","og_image":[{"width":462,"height":804,"url":"https:\/\/marekkuchcinski.pl\/wp-content\/uploads\/2016\/09\/w.jpg","type":"image\/jpeg"}],"author":"admin","twitter_card":"summary_large_image","twitter_misc":{"Szerz\u0151:":"admin","Becs\u00fclt olvas\u00e1si id\u0151":"1 perc"},"schema":{"@context":"https:\/\/schema.org","@graph":[{"@type":"Article","@id":"https:\/\/marekkuchcinski.pl\/en\/wazne-daty\/dzien-swietego-waclawa\/#article","isPartOf":{"@id":"https:\/\/marekkuchcinski.pl\/en\/wazne-daty\/dzien-swietego-waclawa\/"},"author":{"name":"admin","@id":"https:\/\/marekkuchcinski.pl\/#\/schema\/person\/6f62700996b4d950b6ea2d1183b6c6be"},"headline":"Dzie\u0144 \u015awi\u0119tego Wac\u0142awa","datePublished":"2016-09-28T08:58:39+00:00","dateModified":"2016-10-14T12:37:10+00:00","mainEntityOfPage":{"@id":"https:\/\/marekkuchcinski.pl\/en\/wazne-daty\/dzien-swietego-waclawa\/"},"wordCount":184,"commentCount":0,"publisher":{"@id":"https:\/\/marekkuchcinski.pl\/#organization"},"image":{"@id":"https:\/\/marekkuchcinski.pl\/en\/wazne-daty\/dzien-swietego-waclawa\/#primaryimage"},"thumbnailUrl":"https:\/\/marekkuchcinski.pl\/wp-content\/uploads\/2016\/09\/w.jpg","articleSection":["Wa\u017cne daty"],"inLanguage":"hu","potentialAction":[{"@type":"CommentAction","name":"Comment","target":["https:\/\/marekkuchcinski.pl\/en\/wazne-daty\/dzien-swietego-waclawa\/#respond"]}]},{"@type":"WebPage","@id":"https:\/\/marekkuchcinski.pl\/en\/wazne-daty\/dzien-swietego-waclawa\/","url":"https:\/\/marekkuchcinski.pl\/en\/wazne-daty\/dzien-swietego-waclawa\/","name":"Dzie\u0144 \u015awi\u0119tego Wac\u0142awa &#8211; Marek Kuchci\u0144ski","isPartOf":{"@id":"https:\/\/marekkuchcinski.pl\/#website"},"primaryImageOfPage":{"@id":"https:\/\/marekkuchcinski.pl\/en\/wazne-daty\/dzien-swietego-waclawa\/#primaryimage"},"image":{"@id":"https:\/\/marekkuchcinski.pl\/en\/wazne-daty\/dzien-swietego-waclawa\/#primaryimage"},"thumbnailUrl":"https:\/\/marekkuchcinski.pl\/wp-content\/uploads\/2016\/09\/w.jpg","datePublished":"2016-09-28T08:58:39+00:00","dateModified":"2016-10-14T12:37:10+00:00","breadcrumb":{"@id":"https:\/\/marekkuchcinski.pl\/en\/wazne-daty\/dzien-swietego-waclawa\/#breadcrumb"},"inLanguage":"hu","potentialAction":[{"@type":"ReadAction","target":["https:\/\/marekkuchcinski.pl\/en\/wazne-daty\/dzien-swietego-waclawa\/"]}]},{"@type":"ImageObject","inLanguage":"hu","@id":"https:\/\/marekkuchcinski.pl\/en\/wazne-daty\/dzien-swietego-waclawa\/#primaryimage","url":"https:\/\/marekkuchcinski.pl\/wp-content\/uploads\/2016\/09\/w.jpg","contentUrl":"https:\/\/marekkuchcinski.pl\/wp-content\/uploads\/2016\/09\/w.jpg","width":462,"height":804},{"@type":"BreadcrumbList","@id":"https:\/\/marekkuchcinski.pl\/en\/wazne-daty\/dzien-swietego-waclawa\/#breadcrumb","itemListElement":[{"@type":"ListItem","position":1,"name":"Strona g\u0142\u00f3wna","item":"https:\/\/marekkuchcinski.pl\/"},{"@type":"ListItem","position":2,"name":"Dzie\u0144 \u015awi\u0119tego Wac\u0142awa"}]},{"@type":"WebSite","@id":"https:\/\/marekkuchcinski.pl\/#website","url":"https:\/\/marekkuchcinski.pl\/","name":"Marek Kuchci\u0144ski","description":"Pose\u0142 na sejm RP &ndash; okr\u0119g nr 22","publisher":{"@id":"https:\/\/marekkuchcinski.pl\/#organization"},"potentialAction":[{"@type":"SearchAction","target":{"@type":"EntryPoint","urlTemplate":"https:\/\/marekkuchcinski.pl\/?s={search_term_string}"},"query-input":{"@type":"PropertyValueSpecification","valueRequired":true,"valueName":"search_term_string"}}],"inLanguage":"hu"},{"@type":"Organization","@id":"https:\/\/marekkuchcinski.pl\/#organization","name":"Marek Kuchci\u0144ski","url":"https:\/\/marekkuchcinski.pl\/","logo":{"@type":"ImageObject","inLanguage":"hu","@id":"https:\/\/marekkuchcinski.pl\/#\/schema\/logo\/image\/","url":"https:\/\/marekkuchcinski.pl\/wp-content\/uploads\/2022\/09\/Marek.jpg","contentUrl":"https:\/\/marekkuchcinski.pl\/wp-content\/uploads\/2022\/09\/Marek.jpg","width":1600,"height":971,"caption":"Marek Kuchci\u0144ski"},"image":{"@id":"https:\/\/marekkuchcinski.pl\/#\/schema\/logo\/image\/"}},{"@type":"Person","@id":"https:\/\/marekkuchcinski.pl\/#\/schema\/person\/6f62700996b4d950b6ea2d1183b6c6be","name":"admin","image":{"@type":"ImageObject","inLanguage":"hu","@id":"https:\/\/marekkuchcinski.pl\/#\/schema\/person\/image\/","url":"https:\/\/secure.gravatar.com\/avatar\/4bab693b9d55c3d6b52c0296a8765085?s=96&d=mm&r=g","contentUrl":"https:\/\/secure.gravatar.com\/avatar\/4bab693b9d55c3d6b52c0296a8765085?s=96&d=mm&r=g","caption":"admin"},"url":"https:\/\/marekkuchcinski.pl\/hu\/author\/marta-olejnik\/"}]}},"_links":{"self":[{"href":"https:\/\/marekkuchcinski.pl\/hu\/wp-json\/wp\/v2\/posts\/3875","targetHints":{"allow":["GET"]}}],"collection":[{"href":"https:\/\/marekkuchcinski.pl\/hu\/wp-json\/wp\/v2\/posts"}],"about":[{"href":"https:\/\/marekkuchcinski.pl\/hu\/wp-json\/wp\/v2\/types\/post"}],"author":[{"embeddable":true,"href":"https:\/\/marekkuchcinski.pl\/hu\/wp-json\/wp\/v2\/users\/6"}],"replies":[{"embeddable":true,"href":"https:\/\/marekkuchcinski.pl\/hu\/wp-json\/wp\/v2\/comments?post=3875"}],"version-history":[{"count":3,"href":"https:\/\/marekkuchcinski.pl\/hu\/wp-json\/wp\/v2\/posts\/3875\/revisions"}],"predecessor-version":[{"id":4096,"href":"https:\/\/marekkuchcinski.pl\/hu\/wp-json\/wp\/v2\/posts\/3875\/revisions\/4096"}],"wp:featuredmedia":[{"embeddable":true,"href":"https:\/\/marekkuchcinski.pl\/hu\/wp-json\/wp\/v2\/media\/4093"}],"wp:attachment":[{"href":"https:\/\/marekkuchcinski.pl\/hu\/wp-json\/wp\/v2\/media?parent=3875"}],"wp:term":[{"taxonomy":"category","embeddable":true,"href":"https:\/\/marekkuchcinski.pl\/hu\/wp-json\/wp\/v2\/categories?post=3875"},{"taxonomy":"post_tag","embeddable":true,"href":"https:\/\/marekkuchcinski.pl\/hu\/wp-json\/wp\/v2\/tags?post=3875"}],"curies":[{"name":"wp","href":"https:\/\/api.w.org\/{rel}","templated":true}]}}