{"id":3839,"date":"2016-09-23T14:10:55","date_gmt":"2016-09-23T12:10:55","guid":{"rendered":"https:\/\/marekkuchcinski.pl\/?p=3839"},"modified":"2016-09-23T14:10:55","modified_gmt":"2016-09-23T12:10:55","slug":"94-rocznica-przyjecia-ustawy-o-budowie-portu-gdyni","status":"publish","type":"post","link":"https:\/\/marekkuchcinski.pl\/hu\/wazne-daty\/94-rocznica-przyjecia-ustawy-o-budowie-portu-gdyni\/","title":{"rendered":"A gdyniai kik\u00f6t\u0151 \u00e9p\u00edt\u00e9s\u00e9r\u0151l sz\u00f3l\u00f3 t\u00f6rv\u00e9ny 94. \u00e9vfordul\u00f3ja"},"content":{"rendered":"<p>1922. szeptember 23. A t\u00f6rv\u00e9ny 1. cikke \u00e9rtelm\u00e9ben a szejm felhatalmazta a korm\u00e1nyt, hogy \"tegyen meg minden sz\u00fcks\u00e9ges int\u00e9zked\u00e9st a gdyniai tengeri kik\u00f6t\u0151 meg\u00e9p\u00edt\u00e9s\u00e9hez\". Mintegy tucatnyi \u00e9v alatt a kik\u00f6t\u0151 Eur\u00f3pa egyik legnagyobb \u00e9s legmodernebb kik\u00f6t\u0151j\u00e9v\u00e9 v\u00e1lt. A k\u00f6r\u00fcl\u00f6tte kialakult v\u00e1ros lakoss\u00e1ga meghaladta a 120 000 f\u0151t.<\/p>\n<p>Amikor a h\u00e1bor\u00fa ut\u00e1ni b\u00e9keszerz\u0151d\u00e9s \u00e9rtelm\u00e9ben Lengyelorsz\u00e1g 147 km hossz\u00fa hozz\u00e1f\u00e9r\u00e9st kapott a Balti-tengerhez, nem rendelkezett nagyobb kik\u00f6t\u0151vel, mivel Gda\u0144sk a N\u00e9psz\u00f6vets\u00e9g protektor\u00e1tusa alatt \u00e1ll\u00f3 szabad v\u00e1ros volt. T\u00fal nagy sz\u00fcks\u00e9g volt azonban egy kik\u00f6t\u0151 \u00e9p\u00edt\u00e9s\u00e9re.<\/p>\n<p>Az akkori Gdynia falu ma Lengyelorsz\u00e1g ablaka a vil\u00e1gra<\/p>\n<p><b>\u00a0<\/b><\/p>\n<p>&nbsp;<\/p>","protected":false},"excerpt":{"rendered":"<p>23 wrze\u015bnia 1922 r. Sejm na mocy artyku\u0142u\u00a01. ustawy upowa\u017cni\u0142 rz\u0105d do \u201epoczynienia wszelkich niezb\u0119dnych zarz\u0105dze\u0144 celem wykonania budowy portu morskiego w\u00a0Gdyni\u201d. Port, w ci\u0105gu kilkunastu lat, sta\u0142 si\u0119 jednym z najwi\u0119kszych i najnowocze\u015bniejszych w Europie. Miasto, kt\u00f3re powsta\u0142o wok\u00f3\u0142 niego, liczy\u0142o\u00a0ponad 120 tys. mieszka\u0144c\u00f3w. Gdy\u00a0na mocy powojennego pokojowego traktatu\u00a0Polska uzyska\u0142a dost\u0119p do Morza Ba\u0142tyckiego [&hellip;]<\/p>\n","protected":false},"author":6,"featured_media":3840,"comment_status":"open","ping_status":"open","sticky":false,"template":"","format":"standard","meta":{"ngg_post_thumbnail":0,"footnotes":""},"categories":[77],"tags":[],"class_list":["post-3839","post","type-post","status-publish","format-standard","has-post-thumbnail","hentry","category-wazne-daty"],"_links":{"self":[{"href":"https:\/\/marekkuchcinski.pl\/hu\/wp-json\/wp\/v2\/posts\/3839","targetHints":{"allow":["GET"]}}],"collection":[{"href":"https:\/\/marekkuchcinski.pl\/hu\/wp-json\/wp\/v2\/posts"}],"about":[{"href":"https:\/\/marekkuchcinski.pl\/hu\/wp-json\/wp\/v2\/types\/post"}],"author":[{"embeddable":true,"href":"https:\/\/marekkuchcinski.pl\/hu\/wp-json\/wp\/v2\/users\/6"}],"replies":[{"embeddable":true,"href":"https:\/\/marekkuchcinski.pl\/hu\/wp-json\/wp\/v2\/comments?post=3839"}],"version-history":[{"count":1,"href":"https:\/\/marekkuchcinski.pl\/hu\/wp-json\/wp\/v2\/posts\/3839\/revisions"}],"predecessor-version":[{"id":3841,"href":"https:\/\/marekkuchcinski.pl\/hu\/wp-json\/wp\/v2\/posts\/3839\/revisions\/3841"}],"wp:featuredmedia":[{"embeddable":true,"href":"https:\/\/marekkuchcinski.pl\/hu\/wp-json\/wp\/v2\/media\/3840"}],"wp:attachment":[{"href":"https:\/\/marekkuchcinski.pl\/hu\/wp-json\/wp\/v2\/media?parent=3839"}],"wp:term":[{"taxonomy":"category","embeddable":true,"href":"https:\/\/marekkuchcinski.pl\/hu\/wp-json\/wp\/v2\/categories?post=3839"},{"taxonomy":"post_tag","embeddable":true,"href":"https:\/\/marekkuchcinski.pl\/hu\/wp-json\/wp\/v2\/tags?post=3839"}],"curies":[{"name":"wp","href":"https:\/\/api.w.org\/{rel}","templated":true}]}}