{"id":3723,"date":"2016-09-14T16:05:47","date_gmt":"2016-09-14T14:05:47","guid":{"rendered":"https:\/\/marekkuchcinski.pl\/?p=3723"},"modified":"2016-09-14T16:07:16","modified_gmt":"2016-09-14T14:07:16","slug":"25-posiedzenie-sejmu-dzien-drugi","status":"publish","type":"post","link":"https:\/\/marekkuchcinski.pl\/hu\/wiesci-z-sejmu\/25-posiedzenie-sejmu-dzien-drugi\/","title":{"rendered":"A Szejm 25. \u00fcl\u00e9se, m\u00e1sodik nap"},"content":{"rendered":"<p>A Szejm 25. \u00fcl\u00e9s\u00e9nek m\u00e1sodik napj\u00e1n a k\u00e9pvisel\u0151k hat\u00e1rozata alapj\u00e1n:<\/p>\n<ul>\n<li>A Nemzeti K\u00f6zigazgat\u00e1si Iskola Lech Kaczy\u0144ski eln\u00f6k nev\u00e9t fogja viselni,<\/li>\n<\/ul>\n<ul>\n<li>Az \u00fagynevezett janosikowego, azaz a gazdagabb vajdas\u00e1gok \u00e1ltal a szeg\u00e9nyebb vajdas\u00e1goknak a vajdas\u00e1gok jav\u00e1ra \u00e1tutalt p\u00e9nzeszk\u00f6z\u00f6kre vonatkoz\u00f3 jelenlegi szab\u00e1lyok m\u00e9g 3 \u00e9vig hat\u00e1lyban maradnak,<\/li>\n<\/ul>\n<ul>\n<li>elfogadt\u00e1k a k\u0151sz\u00e9nb\u00e1ny\u00e1szat m\u0171k\u00f6d\u00e9s\u00e9r\u0151l sz\u00f3l\u00f3 t\u00f6rv\u00e9ny \u00e9s egyes m\u00e1s t\u00f6rv\u00e9nyek m\u00f3dos\u00edt\u00e1s\u00e1t,<\/li>\n<\/ul>\n<ul>\n<li>m\u00f3dos\u00edt\u00e1sokat hajtottak v\u00e9gre a sz\u00e9nb\u00e1ny\u00e1szat m\u0171k\u00f6d\u00e9s\u00e9r\u0151l sz\u00f3l\u00f3 t\u00f6rv\u00e9nyben,<\/li>\n<\/ul>\n<ul>\n<li>az Elektronikus H\u00edrk\u00f6zl\u00e9si Hivatal eln\u00f6ke Marcin Cichy<\/li>\n<\/ul>\n<ul>\n<li>Elfogadt\u00e1k az \u00e9lelmiszer- \u00e9s t\u00e1pl\u00e1lkoz\u00e1sbiztons\u00e1gi t\u00f6rv\u00e9ny m\u00f3dos\u00edt\u00e1s\u00e1t is. A v\u00e1ltoz\u00e1sok technikai \u00e9s szervezeti jelleg\u0171ek. A javasolt rendelkez\u00e9sek c\u00e9lja az agr\u00e1r-\u00e9lelmiszeripari term\u00e9kek v\u00e1s\u00e1rl\u00f3i \u00e9s termel\u0151i k\u00f6z\u00f6tti tisztess\u00e9gtelen kereskedelmi gyakorlatok megsz\u00fcntet\u00e9se az ell\u00e1t\u00e1si l\u00e1nc minden egyes szakasz\u00e1ban.<\/li>\n<\/ul>","protected":false},"excerpt":{"rendered":"<p>Drugiego dnia 25. posiedzenia Sejmu decyzj\u0105 pos\u0142\u00f3w: Krajowa Szko\u0142a Administracji Publicznej b\u0119dzie nosi\u0107 imi\u0119 Prezydenta RP Lecha Kaczy\u0144skiego, dotychczasowe zasady dotycz\u0105ce tzw. janosikowego, czyli \u015brodk\u00f3w przekazywanych przez bogatsze wojew\u00f3dztwa na rzecz ubo\u017cszych dla wojew\u00f3dztw b\u0119d\u0105 obowi\u0105zywa\u0107 przez kolejne 3 lata, uchwalono nowelizacj\u0119 ustawy o funkcjonowaniu g\u00f3rnictwa w\u0119gla kamiennego oraz niekt\u00f3rych innych ustaw, wprowadzono zmiany w [&hellip;]<\/p>\n","protected":false},"author":6,"featured_media":0,"comment_status":"open","ping_status":"open","sticky":false,"template":"","format":"standard","meta":{"ngg_post_thumbnail":0,"footnotes":""},"categories":[81],"tags":[],"class_list":["post-3723","post","type-post","status-publish","format-standard","hentry","category-wiesci-z-sejmu"],"_links":{"self":[{"href":"https:\/\/marekkuchcinski.pl\/hu\/wp-json\/wp\/v2\/posts\/3723","targetHints":{"allow":["GET"]}}],"collection":[{"href":"https:\/\/marekkuchcinski.pl\/hu\/wp-json\/wp\/v2\/posts"}],"about":[{"href":"https:\/\/marekkuchcinski.pl\/hu\/wp-json\/wp\/v2\/types\/post"}],"author":[{"embeddable":true,"href":"https:\/\/marekkuchcinski.pl\/hu\/wp-json\/wp\/v2\/users\/6"}],"replies":[{"embeddable":true,"href":"https:\/\/marekkuchcinski.pl\/hu\/wp-json\/wp\/v2\/comments?post=3723"}],"version-history":[{"count":2,"href":"https:\/\/marekkuchcinski.pl\/hu\/wp-json\/wp\/v2\/posts\/3723\/revisions"}],"predecessor-version":[{"id":3725,"href":"https:\/\/marekkuchcinski.pl\/hu\/wp-json\/wp\/v2\/posts\/3723\/revisions\/3725"}],"wp:attachment":[{"href":"https:\/\/marekkuchcinski.pl\/hu\/wp-json\/wp\/v2\/media?parent=3723"}],"wp:term":[{"taxonomy":"category","embeddable":true,"href":"https:\/\/marekkuchcinski.pl\/hu\/wp-json\/wp\/v2\/categories?post=3723"},{"taxonomy":"post_tag","embeddable":true,"href":"https:\/\/marekkuchcinski.pl\/hu\/wp-json\/wp\/v2\/tags?post=3723"}],"curies":[{"name":"wp","href":"https:\/\/api.w.org\/{rel}","templated":true}]}}