{"id":3550,"date":"2016-09-01T13:09:01","date_gmt":"2016-09-01T11:09:01","guid":{"rendered":"https:\/\/marekkuchcinski.pl\/?p=3550"},"modified":"2016-09-01T13:11:02","modified_gmt":"2016-09-01T11:11:02","slug":"od-1-wrzesnia-wchodza-zmiany-w-kodeksie-pracy-utrudniajace-nielegalne-zatrudnianie-pracowniko","status":"publish","type":"post","link":"https:\/\/marekkuchcinski.pl\/hu\/wydarzenia\/od-1-wrzesnia-wchodza-zmiany-w-kodeksie-pracy-utrudniajace-nielegalne-zatrudnianie-pracowniko\/","title":{"rendered":"Szeptember 1-j\u00e9t\u0151l a munka t\u00f6rv\u00e9nyk\u00f6nyv\u00e9nek m\u00f3dos\u00edt\u00e1sai megnehez\u00edtik a munkav\u00e1llal\u00f3k illeg\u00e1lis foglalkoztat\u00e1s\u00e1t"},"content":{"rendered":"<p><strong>Szeptember 1-j\u00e9t\u0151l hat\u00e1lyba l\u00e9pnek a Munka T\u00f6rv\u00e9nyk\u00f6nyv\u00e9nek m\u00f3dos\u00edt\u00e1sai, amelyek megnehez\u00edtik a munkav\u00e1llal\u00f3k illeg\u00e1lis foglalkoztat\u00e1s\u00e1t.<\/strong><\/p>\n<p><strong>Pr<\/strong><strong>A munk\u00e1ltat\u00f3nak \u00e9s minden munkav\u00e1llal\u00f3nak \u00edr\u00e1sos szerz\u0151d\u00e9ssel vagy \u00edr\u00e1sos meger\u0151s\u00edt\u00e9ssel kell rendelkeznie a munkafelt\u00e9telekr\u0151l, amely a munka\u00fcgyi ellen\u0151rz\u0151 szolg\u00e1latok sz\u00e1m\u00e1ra egy\u00e9rtelm\u0171 lesz. Minden \u00faj munkav\u00e1llal\u00f3t a munkav\u00e9gz\u00e9s megkezd\u00e9se el\u0151tt t\u00e1j\u00e9koztatni kell a munkav\u00e9gz\u00e9sre vonatkoz\u00f3 szab\u00e1lyokr\u00f3l.\u00a0<\/strong><\/p>\n<p><strong>Az illeg\u00e1lis foglalkoztat\u00e1s elj\u00e1r\u00e1sa s\u00e9rti a munkav\u00e1llal\u00f3k jogait, cs\u00f6kkenti a munkav\u00e1llal\u00f3k b\u00e9r\u00e9t \u00e9s k\u00e1ros\u00edtja az \u00e1llamh\u00e1ztart\u00e1st. Az \u00faj jogszab\u00e1ly cs\u00f6kkenteni fogja a sz\u00fcrke munkaer\u0151piacot.<\/strong><\/p>\n<p><strong>A PIP inform\u00e1ci\u00f3i szerint 2014-ben az ellen\u0151rz\u00f6tt szervezetek 18 sz\u00e1zal\u00e9k\u00e1n\u00e1l tal\u00e1ltak \"illeg\u00e1lis foglalkoztat\u00e1st, amely a szerz\u0151d\u00e9s t\u00edpus\u00e1nak \u00e9s felt\u00e9teleinek \u00edr\u00e1sbeli meger\u0151s\u00edt\u00e9se n\u00e9lk\u00fcl t\u00f6rt\u00e9n\u0151 munkak\u00f6zvet\u00edt\u00e9sb\u0151l, valamint a foglalkoztatott szem\u00e9ly t\u00e1rsadalombiztos\u00edt\u00e1si bejelent\u00e9s\u00e9nek elmulaszt\u00e1s\u00e1b\u00f3l \u00e1llt\".<\/strong><\/p>","protected":false},"excerpt":{"rendered":"<p>Od 1 wrze\u015bnia wchodz\u0105 zmiany w Kodeksie Pracy utrudniaj\u0105ce\u00a0 nielegalne zatrudnianie pracownik\u00f3w. Pracodawca i ka\u017cdy pracuj\u0105cy b\u0119dzie musia\u0142 mie\u0107 umow\u0119 na pi\u015bmie albo na pi\u015bmie potwierdzone jej warunki, co b\u0119dzie jednoznaczne dla s\u0142u\u017cb kontroluj\u0105cych zatrudnienie. Ka\u017cdy nowy pracownik musi by\u0107 zapoznany z regulaminem pracy przed dopuszczeniem go do niej.\u00a0 Proceder\u00a0 nielegalnego zatrudnienia \u0142amie prawa pracownicze, [&hellip;]<\/p>\n","protected":false},"author":6,"featured_media":3551,"comment_status":"open","ping_status":"open","sticky":false,"template":"","format":"standard","meta":{"ngg_post_thumbnail":0,"footnotes":""},"categories":[81,3],"tags":[],"class_list":["post-3550","post","type-post","status-publish","format-standard","has-post-thumbnail","hentry","category-wiesci-z-sejmu","category-wydarzenia"],"_links":{"self":[{"href":"https:\/\/marekkuchcinski.pl\/hu\/wp-json\/wp\/v2\/posts\/3550","targetHints":{"allow":["GET"]}}],"collection":[{"href":"https:\/\/marekkuchcinski.pl\/hu\/wp-json\/wp\/v2\/posts"}],"about":[{"href":"https:\/\/marekkuchcinski.pl\/hu\/wp-json\/wp\/v2\/types\/post"}],"author":[{"embeddable":true,"href":"https:\/\/marekkuchcinski.pl\/hu\/wp-json\/wp\/v2\/users\/6"}],"replies":[{"embeddable":true,"href":"https:\/\/marekkuchcinski.pl\/hu\/wp-json\/wp\/v2\/comments?post=3550"}],"version-history":[{"count":2,"href":"https:\/\/marekkuchcinski.pl\/hu\/wp-json\/wp\/v2\/posts\/3550\/revisions"}],"predecessor-version":[{"id":3553,"href":"https:\/\/marekkuchcinski.pl\/hu\/wp-json\/wp\/v2\/posts\/3550\/revisions\/3553"}],"wp:featuredmedia":[{"embeddable":true,"href":"https:\/\/marekkuchcinski.pl\/hu\/wp-json\/wp\/v2\/media\/3551"}],"wp:attachment":[{"href":"https:\/\/marekkuchcinski.pl\/hu\/wp-json\/wp\/v2\/media?parent=3550"}],"wp:term":[{"taxonomy":"category","embeddable":true,"href":"https:\/\/marekkuchcinski.pl\/hu\/wp-json\/wp\/v2\/categories?post=3550"},{"taxonomy":"post_tag","embeddable":true,"href":"https:\/\/marekkuchcinski.pl\/hu\/wp-json\/wp\/v2\/tags?post=3550"}],"curies":[{"name":"wp","href":"https:\/\/api.w.org\/{rel}","templated":true}]}}