{"id":3526,"date":"2016-08-31T15:06:45","date_gmt":"2016-08-31T13:06:45","guid":{"rendered":"https:\/\/marekkuchcinski.pl\/?p=3526"},"modified":"2016-09-07T08:50:16","modified_gmt":"2016-09-07T06:50:16","slug":"podsumowanie-konferencji-przewodniczacych-parlamentow-panstw-europy-srodkowo-wschodniej","status":"publish","type":"post","link":"https:\/\/marekkuchcinski.pl\/hu\/wydarzenia\/podsumowanie-konferencji-przewodniczacych-parlamentow-panstw-europy-srodkowo-wschodniej\/","title":{"rendered":"A k\u00f6z\u00e9p- \u00e9s kelet-eur\u00f3pai parlamenti eln\u00f6k\u00f6k konferenci\u00e1j\u00e1nak \u00f6sszefoglal\u00f3ja. FILM"},"content":{"rendered":"<p>&nbsp;<\/p>\n<p><iframe title=\"Marek Kuchci\u0144ski, a lengyel szejm eln\u00f6ke\" width=\"800\" height=\"450\" src=\"https:\/\/www.youtube.com\/embed\/sNOtLEzu6Jo?feature=oembed\" frameborder=\"0\" allow=\"accelerometer; autoplay; clipboard-write; encrypted-media; gyroscope; picture-in-picture\" allowfullscreen><\/iframe><\/p>","protected":false},"excerpt":{"rendered":"<p>&nbsp;<\/p>","protected":false},"author":6,"featured_media":3533,"comment_status":"open","ping_status":"open","sticky":false,"template":"","format":"video","meta":{"ngg_post_thumbnail":0,"footnotes":""},"categories":[50,3],"tags":[],"class_list":["post-3526","post","type-post","status-publish","format-video","has-post-thumbnail","hentry","category-wspolpraca-miedzynarodowa","category-wydarzenia","post_format-post-format-video"],"_links":{"self":[{"href":"https:\/\/marekkuchcinski.pl\/hu\/wp-json\/wp\/v2\/posts\/3526","targetHints":{"allow":["GET"]}}],"collection":[{"href":"https:\/\/marekkuchcinski.pl\/hu\/wp-json\/wp\/v2\/posts"}],"about":[{"href":"https:\/\/marekkuchcinski.pl\/hu\/wp-json\/wp\/v2\/types\/post"}],"author":[{"embeddable":true,"href":"https:\/\/marekkuchcinski.pl\/hu\/wp-json\/wp\/v2\/users\/6"}],"replies":[{"embeddable":true,"href":"https:\/\/marekkuchcinski.pl\/hu\/wp-json\/wp\/v2\/comments?post=3526"}],"version-history":[{"count":6,"href":"https:\/\/marekkuchcinski.pl\/hu\/wp-json\/wp\/v2\/posts\/3526\/revisions"}],"predecessor-version":[{"id":3617,"href":"https:\/\/marekkuchcinski.pl\/hu\/wp-json\/wp\/v2\/posts\/3526\/revisions\/3617"}],"wp:featuredmedia":[{"embeddable":true,"href":"https:\/\/marekkuchcinski.pl\/hu\/wp-json\/wp\/v2\/media\/3533"}],"wp:attachment":[{"href":"https:\/\/marekkuchcinski.pl\/hu\/wp-json\/wp\/v2\/media?parent=3526"}],"wp:term":[{"taxonomy":"category","embeddable":true,"href":"https:\/\/marekkuchcinski.pl\/hu\/wp-json\/wp\/v2\/categories?post=3526"},{"taxonomy":"post_tag","embeddable":true,"href":"https:\/\/marekkuchcinski.pl\/hu\/wp-json\/wp\/v2\/tags?post=3526"}],"curies":[{"name":"wp","href":"https:\/\/api.w.org\/{rel}","templated":true}]}}