{"id":29670,"date":"2023-11-01T11:18:46","date_gmt":"2023-11-01T10:18:46","guid":{"rendered":"https:\/\/marekkuchcinski.pl\/?p=29670"},"modified":"2023-11-01T11:18:48","modified_gmt":"2023-11-01T10:18:48","slug":"odznaczenia-dla-ludzi-kultury","status":"publish","type":"post","link":"https:\/\/marekkuchcinski.pl\/hu\/wydarzenia\/odznaczenia-dla-ludzi-kultury\/","title":{"rendered":"Odznaczenia dla ludzi kultury"},"content":{"rendered":"<p><strong>Z perspektywy ostatnich kilku lat mo\u017cemy \u015bmia\u0142o powiedzie\u0107, \u017ce w naszym kraju nast\u0105pi\u0142y ogromne zmiany, tak\u017ce w rozwoju instytucji kultury. By\u0142o to mo\u017cliwe dzi\u0119ki zwi\u0119kszeniu bud\u017cetu na kultur\u0119 o ponad 100%, w por\u00f3wnaniu z rokiem 2015. Fakt ten przek\u0142ada si\u0119 r\u00f3wnie\u017c na funkcjonowanie instytucji kultury na Podkarpaciu i na Ziemi Przemyskiej. Np. Muzeum Narodowe Ziemi Przemyskiej tworzy kolejne trzy oddzia\u0142y: Krasiczyn, kamienica Osi\u0144skich i most kolejowy na Sanie. Jednak same instytucje bez ludzi, by\u0142yby martwe. Dlatego te\u017c Prezydent RP Andrzej Duda i Minister Kultury Piotr Gli\u0144ski przyznali odznaczenia tw\u00f3rcom i ludziom kultury za ich dorobek i wk\u0142ad w rozwijanie kultury polskiej. Dzi\u0119kujemy za Pa\u0144stwa pasje i zaanga\u017cowanie.<\/strong><\/p>\n\n\n\n<p>Wykaz pracownik\u00f3w Muzeum Narodowego Ziemi Przemyskiej w Przemy\u015blu, uhonorowanych przez Pana Prezydenta Andrzeja Dud\u0119 odznaczeniami Pa\u0144stwowymi.<\/p>\n\n\n\n<p><strong>Srebrny Krzy\u017c Zas\u0142ugi:<\/strong><\/p>\n\n\n\n<ol class=\"wp-block-list\">\n<li>Adamczyk Zofia Maria<\/li>\n\n\n\n<li>Mikrut Marek Waldemar<\/li>\n<\/ol>\n\n\n\n<p><strong>Br\u0105zowy Krzy\u017c Zas\u0142ugi:<\/strong><\/p>\n\n\n\n<ol class=\"wp-block-list\">\n<li>Krzeszowski Piotr Adam<\/li>\n\n\n\n<li>\u0141ady\u017cy\u0144ski Bohdan Anatol<\/li>\n\n\n\n<li>Trojanowska Marta Elzbieta<\/li>\n<\/ol>\n\n\n\n<p><strong>Medal Z\u0142oty Za D\u0142ugoletni\u0105 S\u0142u\u017cb\u0119:<\/strong><\/p>\n\n\n\n<ol class=\"wp-block-list\">\n<li>Jarosz Jan Franciszek<\/li>\n\n\n\n<li>Kostek Adam J\u00f3zef<\/li>\n\n\n\n<li>Majewska Katarzyna Ewa<\/li>\n\n\n\n<li>Matuszczak Ma\u0142gorzata<\/li>\n\n\n\n<li>Paw\u0142owski Stanis\u0142aw Jacek<\/li>\n\n\n\n<li>Polny Dariusz<\/li>\n\n\n\n<li>So\u0142ka Leszek<\/li>\n\n\n\n<li>Sztaba Joanna Ma\u0142gorzata<\/li>\n\n\n\n<li>Tomaszewska Maria J\u00f3zefa<\/li>\n<\/ol>\n\n\n\n<p><strong>Medal Srebrny Za D\u0142ugoletni\u0105 S\u0142u\u017cb\u0119:<\/strong><\/p>\n\n\n\n<ol class=\"wp-block-list\">\n<li>Figiela Bo\u017cena<\/li>\n\n\n\n<li>Krzemi\u0144ska Magdalena Ewa<\/li>\n\n\n\n<li>Rygiel Dorota Barbara<\/li>\n<\/ol>\n\n\n\n<p><strong>Medal Br\u0105zowy Za D\u0142ugoletni\u0105 S\u0142u\u017cb\u0119:<\/strong><\/p>\n\n\n\n<ol class=\"wp-block-list\">\n<li>Durkacz-Foremska Anna Maria<\/li>\n\n\n\n<li>Dziura Ma\u0142gorzata<\/li>\n\n\n\n<li>Fac Stanis\u0142aw Zenon<\/li>\n\n\n\n<li>Jod\u0142owska Anna Maria<\/li>\n\n\n\n<li>Kaczmarz Edyta Marta<\/li>\n\n\n\n<li>Kalinowska Danuta Anna<\/li>\n\n\n\n<li>Koniewicka Ewa Maria<\/li>\n\n\n\n<li>Kondro Dariusz<\/li>\n\n\n\n<li>Kostecka Katarzyna<br>1O. Krzemi\u0144ski Micha\u0142<\/li>\n\n\n\n<li>Mikuliszak Ewa<\/li>\n\n\n\n<li>Pilecka Halina Maria<\/li>\n\n\n\n<li>Rybienik Jadwiga El\u017cbieta<\/li>\n\n\n\n<li>Stonawska Dorota<\/li>\n\n\n\n<li>Tenus Smotrycka Danuta Zdzis\u0142awa<\/li>\n\n\n\n<li>Winiarska Katarzyna Karolina<\/li>\n<\/ol>\n\n\n\n<p><strong>Odznak\u0119 Honorow\u0105 &#8222;Zas\u0142u\u017cony Dla Kultury Polskiej&#8221;<br><\/strong>Maria Wo\u0142k<\/p>\n\n\n\n<p>Minister Kultury i Dziedzictwa Narodowego na podstawie ustawy o organizowaniu i prowadzeniu dzia\u0142alno\u015bci kulturalne dnia 6 pa\u017adziernika 2023 roku nada\u0142:<\/p>\n\n\n\n<p><strong>Br\u0105zowy Medal \u201eZas\u0142u\u017cony Kulturze Gloria Artis\u201d<br><\/strong>Panu:<br>Maciejowi Filipowi<br>Pani Lucynie Czarskiej<br>Panu:<br>Piotrowi Haszczynowi<br>Ojcu gwardianowi Krzysztofowie Hurze<br>Panom<br>Jerzemu Jankowskiemu<br>Henrykowi Rudawskiemu<\/p>\n\n\n\n<p><strong>Srebrny Medal \u201eZas\u0142u\u017cony Kulturze Gloria Artis\u201d<br><\/strong>Jackowi Marcinczakowi<br>Lucynie Rudawskiej<\/p>\n\n\n\n<figure class=\"wp-block-gallery has-nested-images columns-default is-cropped wp-block-gallery-1 is-layout-flex wp-block-gallery-is-layout-flex\">\n<figure class=\"wp-block-image size-large\"><a href=\"https:\/\/marekkuchcinski.pl\/wp-content\/uploads\/2023\/11\/DSC2621.jpg\"><img fetchpriority=\"high\" decoding=\"async\" width=\"1024\" height=\"684\" data-id=\"29679\" src=\"https:\/\/marekkuchcinski.pl\/wp-content\/uploads\/2023\/11\/DSC2621-1024x684.jpg\" alt=\"\" class=\"wp-image-29679\" srcset=\"https:\/\/marekkuchcinski.pl\/wp-content\/uploads\/2023\/11\/DSC2621-1024x684.jpg 1024w, https:\/\/marekkuchcinski.pl\/wp-content\/uploads\/2023\/11\/DSC2621-300x200.jpg 300w, https:\/\/marekkuchcinski.pl\/wp-content\/uploads\/2023\/11\/DSC2621-768x513.jpg 768w, https:\/\/marekkuchcinski.pl\/wp-content\/uploads\/2023\/11\/DSC2621-18x12.jpg 18w, https:\/\/marekkuchcinski.pl\/wp-content\/uploads\/2023\/11\/DSC2621.jpg 1181w\" sizes=\"(max-width: 1024px) 100vw, 1024px\" \/><\/a><\/figure>\n\n\n\n<figure class=\"wp-block-image size-large\"><a href=\"https:\/\/marekkuchcinski.pl\/wp-content\/uploads\/2023\/11\/DSC2622.jpg\"><img decoding=\"async\" width=\"683\" height=\"1024\" data-id=\"29672\" src=\"https:\/\/marekkuchcinski.pl\/wp-content\/uploads\/2023\/11\/DSC2622-683x1024.jpg\" alt=\"\" class=\"wp-image-29672\" srcset=\"https:\/\/marekkuchcinski.pl\/wp-content\/uploads\/2023\/11\/DSC2622-683x1024.jpg 683w, https:\/\/marekkuchcinski.pl\/wp-content\/uploads\/2023\/11\/DSC2622-200x300.jpg 200w, https:\/\/marekkuchcinski.pl\/wp-content\/uploads\/2023\/11\/DSC2622-768x1151.jpg 768w, https:\/\/marekkuchcinski.pl\/wp-content\/uploads\/2023\/11\/DSC2622-8x12.jpg 8w, https:\/\/marekkuchcinski.pl\/wp-content\/uploads\/2023\/11\/DSC2622.jpg 788w\" sizes=\"(max-width: 683px) 100vw, 683px\" \/><\/a><\/figure>\n\n\n\n<figure class=\"wp-block-image size-large\"><a href=\"https:\/\/marekkuchcinski.pl\/wp-content\/uploads\/2023\/11\/DSC2634.jpg\"><img decoding=\"async\" width=\"1024\" height=\"683\" data-id=\"29686\" src=\"https:\/\/marekkuchcinski.pl\/wp-content\/uploads\/2023\/11\/DSC2634-1024x683.jpg\" alt=\"\" class=\"wp-image-29686\" srcset=\"https:\/\/marekkuchcinski.pl\/wp-content\/uploads\/2023\/11\/DSC2634-1024x683.jpg 1024w, https:\/\/marekkuchcinski.pl\/wp-content\/uploads\/2023\/11\/DSC2634-300x200.jpg 300w, https:\/\/marekkuchcinski.pl\/wp-content\/uploads\/2023\/11\/DSC2634-768x512.jpg 768w, https:\/\/marekkuchcinski.pl\/wp-content\/uploads\/2023\/11\/DSC2634-18x12.jpg 18w, https:\/\/marekkuchcinski.pl\/wp-content\/uploads\/2023\/11\/DSC2634.jpg 1181w\" sizes=\"(max-width: 1024px) 100vw, 1024px\" \/><\/a><\/figure>\n\n\n\n<figure class=\"wp-block-image size-large\"><a href=\"https:\/\/marekkuchcinski.pl\/wp-content\/uploads\/2023\/11\/DSC2752.jpg\"><img loading=\"lazy\" decoding=\"async\" width=\"1024\" height=\"683\" data-id=\"29673\" src=\"https:\/\/marekkuchcinski.pl\/wp-content\/uploads\/2023\/11\/DSC2752-1024x683.jpg\" alt=\"\" class=\"wp-image-29673\" srcset=\"https:\/\/marekkuchcinski.pl\/wp-content\/uploads\/2023\/11\/DSC2752-1024x683.jpg 1024w, https:\/\/marekkuchcinski.pl\/wp-content\/uploads\/2023\/11\/DSC2752-300x200.jpg 300w, https:\/\/marekkuchcinski.pl\/wp-content\/uploads\/2023\/11\/DSC2752-768x512.jpg 768w, https:\/\/marekkuchcinski.pl\/wp-content\/uploads\/2023\/11\/DSC2752-18x12.jpg 18w, https:\/\/marekkuchcinski.pl\/wp-content\/uploads\/2023\/11\/DSC2752.jpg 1181w\" sizes=\"(max-width: 1024px) 100vw, 1024px\" \/><\/a><\/figure>\n\n\n\n<figure class=\"wp-block-image size-large\"><a href=\"https:\/\/marekkuchcinski.pl\/wp-content\/uploads\/2023\/11\/DSC2756.jpg\"><img loading=\"lazy\" decoding=\"async\" width=\"1024\" height=\"683\" data-id=\"29680\" src=\"https:\/\/marekkuchcinski.pl\/wp-content\/uploads\/2023\/11\/DSC2756-1024x683.jpg\" alt=\"\" class=\"wp-image-29680\" srcset=\"https:\/\/marekkuchcinski.pl\/wp-content\/uploads\/2023\/11\/DSC2756-1024x683.jpg 1024w, https:\/\/marekkuchcinski.pl\/wp-content\/uploads\/2023\/11\/DSC2756-300x200.jpg 300w, https:\/\/marekkuchcinski.pl\/wp-content\/uploads\/2023\/11\/DSC2756-768x512.jpg 768w, https:\/\/marekkuchcinski.pl\/wp-content\/uploads\/2023\/11\/DSC2756-18x12.jpg 18w, https:\/\/marekkuchcinski.pl\/wp-content\/uploads\/2023\/11\/DSC2756.jpg 1181w\" sizes=\"(max-width: 1024px) 100vw, 1024px\" \/><\/a><\/figure>\n\n\n\n<figure class=\"wp-block-image size-large\"><a href=\"https:\/\/marekkuchcinski.pl\/wp-content\/uploads\/2023\/11\/DSC2776.jpg\"><img loading=\"lazy\" decoding=\"async\" width=\"1024\" height=\"683\" data-id=\"29675\" src=\"https:\/\/marekkuchcinski.pl\/wp-content\/uploads\/2023\/11\/DSC2776-1024x683.jpg\" alt=\"\" class=\"wp-image-29675\" srcset=\"https:\/\/marekkuchcinski.pl\/wp-content\/uploads\/2023\/11\/DSC2776-1024x683.jpg 1024w, https:\/\/marekkuchcinski.pl\/wp-content\/uploads\/2023\/11\/DSC2776-300x200.jpg 300w, https:\/\/marekkuchcinski.pl\/wp-content\/uploads\/2023\/11\/DSC2776-768x512.jpg 768w, https:\/\/marekkuchcinski.pl\/wp-content\/uploads\/2023\/11\/DSC2776-18x12.jpg 18w, https:\/\/marekkuchcinski.pl\/wp-content\/uploads\/2023\/11\/DSC2776.jpg 1181w\" sizes=\"(max-width: 1024px) 100vw, 1024px\" \/><\/a><\/figure>\n\n\n\n<figure class=\"wp-block-image size-large\"><a href=\"https:\/\/marekkuchcinski.pl\/wp-content\/uploads\/2023\/11\/DSC2854.jpg\"><img loading=\"lazy\" decoding=\"async\" width=\"683\" height=\"1024\" data-id=\"29677\" src=\"https:\/\/marekkuchcinski.pl\/wp-content\/uploads\/2023\/11\/DSC2854-683x1024.jpg\" alt=\"\" class=\"wp-image-29677\" srcset=\"https:\/\/marekkuchcinski.pl\/wp-content\/uploads\/2023\/11\/DSC2854-683x1024.jpg 683w, https:\/\/marekkuchcinski.pl\/wp-content\/uploads\/2023\/11\/DSC2854-200x300.jpg 200w, https:\/\/marekkuchcinski.pl\/wp-content\/uploads\/2023\/11\/DSC2854-768x1151.jpg 768w, https:\/\/marekkuchcinski.pl\/wp-content\/uploads\/2023\/11\/DSC2854-8x12.jpg 8w, https:\/\/marekkuchcinski.pl\/wp-content\/uploads\/2023\/11\/DSC2854.jpg 788w\" sizes=\"(max-width: 683px) 100vw, 683px\" \/><\/a><\/figure>\n\n\n\n<figure class=\"wp-block-image size-large\"><a href=\"https:\/\/marekkuchcinski.pl\/wp-content\/uploads\/2023\/11\/DSC2872.jpg\"><img loading=\"lazy\" decoding=\"async\" width=\"1024\" height=\"683\" data-id=\"29678\" src=\"https:\/\/marekkuchcinski.pl\/wp-content\/uploads\/2023\/11\/DSC2872-1024x683.jpg\" alt=\"\" class=\"wp-image-29678\" srcset=\"https:\/\/marekkuchcinski.pl\/wp-content\/uploads\/2023\/11\/DSC2872-1024x683.jpg 1024w, https:\/\/marekkuchcinski.pl\/wp-content\/uploads\/2023\/11\/DSC2872-300x200.jpg 300w, https:\/\/marekkuchcinski.pl\/wp-content\/uploads\/2023\/11\/DSC2872-768x512.jpg 768w, https:\/\/marekkuchcinski.pl\/wp-content\/uploads\/2023\/11\/DSC2872-18x12.jpg 18w, https:\/\/marekkuchcinski.pl\/wp-content\/uploads\/2023\/11\/DSC2872.jpg 1181w\" sizes=\"(max-width: 1024px) 100vw, 1024px\" \/><\/a><\/figure>\n\n\n\n<figure class=\"wp-block-image size-large\"><a href=\"https:\/\/marekkuchcinski.pl\/wp-content\/uploads\/2023\/11\/DSC2878.jpg\"><img loading=\"lazy\" decoding=\"async\" width=\"1024\" height=\"683\" data-id=\"29674\" src=\"https:\/\/marekkuchcinski.pl\/wp-content\/uploads\/2023\/11\/DSC2878-1024x683.jpg\" alt=\"\" class=\"wp-image-29674\" srcset=\"https:\/\/marekkuchcinski.pl\/wp-content\/uploads\/2023\/11\/DSC2878-1024x683.jpg 1024w, https:\/\/marekkuchcinski.pl\/wp-content\/uploads\/2023\/11\/DSC2878-300x200.jpg 300w, https:\/\/marekkuchcinski.pl\/wp-content\/uploads\/2023\/11\/DSC2878-768x512.jpg 768w, https:\/\/marekkuchcinski.pl\/wp-content\/uploads\/2023\/11\/DSC2878-18x12.jpg 18w, https:\/\/marekkuchcinski.pl\/wp-content\/uploads\/2023\/11\/DSC2878.jpg 1181w\" sizes=\"(max-width: 1024px) 100vw, 1024px\" \/><\/a><\/figure>\n\n\n\n<figure class=\"wp-block-image size-large\"><a href=\"https:\/\/marekkuchcinski.pl\/wp-content\/uploads\/2023\/11\/DSC2918.jpg\"><img loading=\"lazy\" decoding=\"async\" width=\"1024\" height=\"683\" data-id=\"29684\" src=\"https:\/\/marekkuchcinski.pl\/wp-content\/uploads\/2023\/11\/DSC2918-1024x683.jpg\" alt=\"\" class=\"wp-image-29684\" srcset=\"https:\/\/marekkuchcinski.pl\/wp-content\/uploads\/2023\/11\/DSC2918-1024x683.jpg 1024w, https:\/\/marekkuchcinski.pl\/wp-content\/uploads\/2023\/11\/DSC2918-300x200.jpg 300w, https:\/\/marekkuchcinski.pl\/wp-content\/uploads\/2023\/11\/DSC2918-768x512.jpg 768w, https:\/\/marekkuchcinski.pl\/wp-content\/uploads\/2023\/11\/DSC2918-18x12.jpg 18w, https:\/\/marekkuchcinski.pl\/wp-content\/uploads\/2023\/11\/DSC2918.jpg 1181w\" sizes=\"(max-width: 1024px) 100vw, 1024px\" \/><\/a><\/figure>\n\n\n\n<figure class=\"wp-block-image size-large\"><a href=\"https:\/\/marekkuchcinski.pl\/wp-content\/uploads\/2023\/11\/DSC2937.jpg\"><img loading=\"lazy\" decoding=\"async\" width=\"1024\" height=\"683\" data-id=\"29681\" src=\"https:\/\/marekkuchcinski.pl\/wp-content\/uploads\/2023\/11\/DSC2937-1024x683.jpg\" alt=\"\" class=\"wp-image-29681\" srcset=\"https:\/\/marekkuchcinski.pl\/wp-content\/uploads\/2023\/11\/DSC2937-1024x683.jpg 1024w, https:\/\/marekkuchcinski.pl\/wp-content\/uploads\/2023\/11\/DSC2937-300x200.jpg 300w, https:\/\/marekkuchcinski.pl\/wp-content\/uploads\/2023\/11\/DSC2937-768x512.jpg 768w, https:\/\/marekkuchcinski.pl\/wp-content\/uploads\/2023\/11\/DSC2937-18x12.jpg 18w, https:\/\/marekkuchcinski.pl\/wp-content\/uploads\/2023\/11\/DSC2937.jpg 1181w\" sizes=\"(max-width: 1024px) 100vw, 1024px\" \/><\/a><\/figure>\n\n\n\n<figure class=\"wp-block-image size-large\"><a href=\"https:\/\/marekkuchcinski.pl\/wp-content\/uploads\/2023\/11\/DSC2962.jpg\"><img loading=\"lazy\" decoding=\"async\" width=\"1024\" height=\"683\" data-id=\"29671\" src=\"https:\/\/marekkuchcinski.pl\/wp-content\/uploads\/2023\/11\/DSC2962-1024x683.jpg\" alt=\"\" class=\"wp-image-29671\" srcset=\"https:\/\/marekkuchcinski.pl\/wp-content\/uploads\/2023\/11\/DSC2962-1024x683.jpg 1024w, https:\/\/marekkuchcinski.pl\/wp-content\/uploads\/2023\/11\/DSC2962-300x200.jpg 300w, https:\/\/marekkuchcinski.pl\/wp-content\/uploads\/2023\/11\/DSC2962-768x512.jpg 768w, https:\/\/marekkuchcinski.pl\/wp-content\/uploads\/2023\/11\/DSC2962-18x12.jpg 18w, https:\/\/marekkuchcinski.pl\/wp-content\/uploads\/2023\/11\/DSC2962.jpg 1181w\" sizes=\"(max-width: 1024px) 100vw, 1024px\" \/><\/a><\/figure>\n\n\n\n<figure class=\"wp-block-image size-large\"><a href=\"https:\/\/marekkuchcinski.pl\/wp-content\/uploads\/2023\/11\/DSC2990.jpg\"><img loading=\"lazy\" decoding=\"async\" width=\"1024\" height=\"683\" data-id=\"29683\" src=\"https:\/\/marekkuchcinski.pl\/wp-content\/uploads\/2023\/11\/DSC2990-1024x683.jpg\" alt=\"\" class=\"wp-image-29683\" srcset=\"https:\/\/marekkuchcinski.pl\/wp-content\/uploads\/2023\/11\/DSC2990-1024x683.jpg 1024w, https:\/\/marekkuchcinski.pl\/wp-content\/uploads\/2023\/11\/DSC2990-300x200.jpg 300w, https:\/\/marekkuchcinski.pl\/wp-content\/uploads\/2023\/11\/DSC2990-768x512.jpg 768w, https:\/\/marekkuchcinski.pl\/wp-content\/uploads\/2023\/11\/DSC2990-18x12.jpg 18w, https:\/\/marekkuchcinski.pl\/wp-content\/uploads\/2023\/11\/DSC2990.jpg 1181w\" sizes=\"(max-width: 1024px) 100vw, 1024px\" \/><\/a><\/figure>\n\n\n\n<figure class=\"wp-block-image size-large\"><a href=\"https:\/\/marekkuchcinski.pl\/wp-content\/uploads\/2023\/11\/DSC3050.jpg\"><img loading=\"lazy\" decoding=\"async\" width=\"1024\" height=\"683\" data-id=\"29676\" src=\"https:\/\/marekkuchcinski.pl\/wp-content\/uploads\/2023\/11\/DSC3050-1024x683.jpg\" alt=\"\" class=\"wp-image-29676\" srcset=\"https:\/\/marekkuchcinski.pl\/wp-content\/uploads\/2023\/11\/DSC3050-1024x683.jpg 1024w, https:\/\/marekkuchcinski.pl\/wp-content\/uploads\/2023\/11\/DSC3050-300x200.jpg 300w, https:\/\/marekkuchcinski.pl\/wp-content\/uploads\/2023\/11\/DSC3050-768x512.jpg 768w, https:\/\/marekkuchcinski.pl\/wp-content\/uploads\/2023\/11\/DSC3050-18x12.jpg 18w, https:\/\/marekkuchcinski.pl\/wp-content\/uploads\/2023\/11\/DSC3050.jpg 1181w\" sizes=\"(max-width: 1024px) 100vw, 1024px\" \/><\/a><\/figure>\n\n\n\n<figure class=\"wp-block-image size-large\"><a href=\"https:\/\/marekkuchcinski.pl\/wp-content\/uploads\/2023\/11\/DSC3176.jpg\"><img loading=\"lazy\" decoding=\"async\" width=\"683\" height=\"1024\" data-id=\"29687\" src=\"https:\/\/marekkuchcinski.pl\/wp-content\/uploads\/2023\/11\/DSC3176-683x1024.jpg\" alt=\"\" class=\"wp-image-29687\" srcset=\"https:\/\/marekkuchcinski.pl\/wp-content\/uploads\/2023\/11\/DSC3176-683x1024.jpg 683w, https:\/\/marekkuchcinski.pl\/wp-content\/uploads\/2023\/11\/DSC3176-200x300.jpg 200w, https:\/\/marekkuchcinski.pl\/wp-content\/uploads\/2023\/11\/DSC3176-768x1151.jpg 768w, https:\/\/marekkuchcinski.pl\/wp-content\/uploads\/2023\/11\/DSC3176-8x12.jpg 8w, https:\/\/marekkuchcinski.pl\/wp-content\/uploads\/2023\/11\/DSC3176.jpg 788w\" sizes=\"(max-width: 683px) 100vw, 683px\" \/><\/a><\/figure>\n\n\n\n<figure class=\"wp-block-image size-large\"><a href=\"https:\/\/marekkuchcinski.pl\/wp-content\/uploads\/2023\/11\/DSC3200.jpg\"><img loading=\"lazy\" decoding=\"async\" width=\"1024\" height=\"683\" data-id=\"29682\" src=\"https:\/\/marekkuchcinski.pl\/wp-content\/uploads\/2023\/11\/DSC3200-1024x683.jpg\" alt=\"\" class=\"wp-image-29682\" srcset=\"https:\/\/marekkuchcinski.pl\/wp-content\/uploads\/2023\/11\/DSC3200-1024x683.jpg 1024w, https:\/\/marekkuchcinski.pl\/wp-content\/uploads\/2023\/11\/DSC3200-300x200.jpg 300w, https:\/\/marekkuchcinski.pl\/wp-content\/uploads\/2023\/11\/DSC3200-768x512.jpg 768w, https:\/\/marekkuchcinski.pl\/wp-content\/uploads\/2023\/11\/DSC3200-18x12.jpg 18w, https:\/\/marekkuchcinski.pl\/wp-content\/uploads\/2023\/11\/DSC3200.jpg 1181w\" sizes=\"(max-width: 1024px) 100vw, 1024px\" \/><\/a><\/figure>\n\n\n\n<figure class=\"wp-block-image size-large\"><a href=\"https:\/\/marekkuchcinski.pl\/wp-content\/uploads\/2023\/11\/DSC3216.jpg\"><img loading=\"lazy\" decoding=\"async\" width=\"1024\" height=\"683\" data-id=\"29685\" src=\"https:\/\/marekkuchcinski.pl\/wp-content\/uploads\/2023\/11\/DSC3216-1024x683.jpg\" alt=\"\" class=\"wp-image-29685\" srcset=\"https:\/\/marekkuchcinski.pl\/wp-content\/uploads\/2023\/11\/DSC3216-1024x683.jpg 1024w, https:\/\/marekkuchcinski.pl\/wp-content\/uploads\/2023\/11\/DSC3216-300x200.jpg 300w, https:\/\/marekkuchcinski.pl\/wp-content\/uploads\/2023\/11\/DSC3216-768x512.jpg 768w, https:\/\/marekkuchcinski.pl\/wp-content\/uploads\/2023\/11\/DSC3216-18x12.jpg 18w, https:\/\/marekkuchcinski.pl\/wp-content\/uploads\/2023\/11\/DSC3216.jpg 1181w\" sizes=\"(max-width: 1024px) 100vw, 1024px\" \/><\/a><\/figure>\n\n\n\n<figure class=\"wp-block-image size-large\"><a href=\"https:\/\/marekkuchcinski.pl\/wp-content\/uploads\/2023\/11\/DSC3223.jpg\"><img loading=\"lazy\" decoding=\"async\" width=\"1024\" height=\"683\" data-id=\"29688\" src=\"https:\/\/marekkuchcinski.pl\/wp-content\/uploads\/2023\/11\/DSC3223-1024x683.jpg\" alt=\"\" class=\"wp-image-29688\" srcset=\"https:\/\/marekkuchcinski.pl\/wp-content\/uploads\/2023\/11\/DSC3223-1024x683.jpg 1024w, https:\/\/marekkuchcinski.pl\/wp-content\/uploads\/2023\/11\/DSC3223-300x200.jpg 300w, https:\/\/marekkuchcinski.pl\/wp-content\/uploads\/2023\/11\/DSC3223-768x512.jpg 768w, https:\/\/marekkuchcinski.pl\/wp-content\/uploads\/2023\/11\/DSC3223-18x12.jpg 18w, https:\/\/marekkuchcinski.pl\/wp-content\/uploads\/2023\/11\/DSC3223.jpg 1181w\" sizes=\"(max-width: 1024px) 100vw, 1024px\" \/><\/a><\/figure>\n<\/figure>","protected":false},"excerpt":{"rendered":"<p>Z perspektywy ostatnich kilku lat mo\u017cemy \u015bmia\u0142o powiedzie\u0107, \u017ce w naszym kraju nast\u0105pi\u0142y ogromne zmiany, tak\u017ce w rozwoju instytucji kultury. By\u0142o to mo\u017cliwe dzi\u0119ki zwi\u0119kszeniu bud\u017cetu na kultur\u0119 o ponad 100%, w por\u00f3wnaniu z rokiem 2015. Fakt ten przek\u0142ada si\u0119 r\u00f3wnie\u017c na funkcjonowanie instytucji kultury na Podkarpaciu i na Ziemi Przemyskiej. Np. Muzeum Narodowe Ziemi [&hellip;]<\/p>","protected":false},"author":21,"featured_media":29678,"comment_status":"closed","ping_status":"open","sticky":false,"template":"","format":"standard","meta":{"ngg_post_thumbnail":0,"footnotes":""},"categories":[3],"tags":[134,128],"class_list":["post-29670","post","type-post","status-publish","format-standard","has-post-thumbnail","hentry","category-wydarzenia","tag-podkarpacie","tag-przemysl"],"yoast_head":"<!-- This site is optimized with the Yoast SEO plugin v24.7 - https:\/\/yoast.com\/wordpress\/plugins\/seo\/ -->\n<title>Odznaczenia dla ludzi kultury &#8211; Marek Kuchci\u0144ski<\/title>\n<meta name=\"robots\" content=\"index, follow, max-snippet:-1, max-image-preview:large, max-video-preview:-1\" \/>\n<link rel=\"canonical\" href=\"https:\/\/marekkuchcinski.pl\/hu\/wydarzenia\/odznaczenia-dla-ludzi-kultury\/\" \/>\n<meta property=\"og:locale\" content=\"hu_HU\" \/>\n<meta property=\"og:type\" content=\"article\" \/>\n<meta property=\"og:title\" content=\"Odznaczenia dla ludzi kultury &#8211; Marek Kuchci\u0144ski\" \/>\n<meta property=\"og:description\" content=\"Z perspektywy ostatnich kilku lat mo\u017cemy \u015bmia\u0142o powiedzie\u0107, \u017ce w naszym kraju nast\u0105pi\u0142y ogromne zmiany, tak\u017ce w rozwoju instytucji kultury. By\u0142o to mo\u017cliwe dzi\u0119ki zwi\u0119kszeniu bud\u017cetu na kultur\u0119 o ponad 100%, w por\u00f3wnaniu z rokiem 2015. Fakt ten przek\u0142ada si\u0119 r\u00f3wnie\u017c na funkcjonowanie instytucji kultury na Podkarpaciu i na Ziemi Przemyskiej. Np. Muzeum Narodowe Ziemi [&hellip;]\" \/>\n<meta property=\"og:url\" content=\"https:\/\/marekkuchcinski.pl\/hu\/wydarzenia\/odznaczenia-dla-ludzi-kultury\/\" \/>\n<meta property=\"og:site_name\" content=\"Marek Kuchci\u0144ski\" \/>\n<meta property=\"article:published_time\" content=\"2023-11-01T10:18:46+00:00\" \/>\n<meta property=\"article:modified_time\" content=\"2023-11-01T10:18:48+00:00\" \/>\n<meta property=\"og:image\" content=\"https:\/\/marekkuchcinski.pl\/wp-content\/uploads\/2023\/11\/DSC2872.jpg\" \/>\n\t<meta property=\"og:image:width\" content=\"1181\" \/>\n\t<meta property=\"og:image:height\" content=\"788\" \/>\n\t<meta property=\"og:image:type\" content=\"image\/jpeg\" \/>\n<meta name=\"author\" content=\"Marta Olejnik\" \/>\n<meta name=\"twitter:card\" content=\"summary_large_image\" \/>\n<meta name=\"twitter:label1\" content=\"Szerz\u0151:\" \/>\n\t<meta name=\"twitter:data1\" content=\"Marta Olejnik\" \/>\n\t<meta name=\"twitter:label2\" content=\"Becs\u00fclt olvas\u00e1si id\u0151\" \/>\n\t<meta name=\"twitter:data2\" content=\"6 perc\" \/>\n<script type=\"application\/ld+json\" class=\"yoast-schema-graph\">{\"@context\":\"https:\/\/schema.org\",\"@graph\":[{\"@type\":\"Article\",\"@id\":\"https:\/\/marekkuchcinski.pl\/wydarzenia\/odznaczenia-dla-ludzi-kultury\/#article\",\"isPartOf\":{\"@id\":\"https:\/\/marekkuchcinski.pl\/wydarzenia\/odznaczenia-dla-ludzi-kultury\/\"},\"author\":{\"name\":\"Marta Olejnik\",\"@id\":\"https:\/\/marekkuchcinski.pl\/#\/schema\/person\/51d5d4ee3b5317b8e4dd2b48af359229\"},\"headline\":\"Odznaczenia dla ludzi kultury\",\"datePublished\":\"2023-11-01T10:18:46+00:00\",\"dateModified\":\"2023-11-01T10:18:48+00:00\",\"mainEntityOfPage\":{\"@id\":\"https:\/\/marekkuchcinski.pl\/wydarzenia\/odznaczenia-dla-ludzi-kultury\/\"},\"wordCount\":357,\"publisher\":{\"@id\":\"https:\/\/marekkuchcinski.pl\/#organization\"},\"image\":{\"@id\":\"https:\/\/marekkuchcinski.pl\/wydarzenia\/odznaczenia-dla-ludzi-kultury\/#primaryimage\"},\"thumbnailUrl\":\"https:\/\/marekkuchcinski.pl\/wp-content\/uploads\/2023\/11\/DSC2872.jpg\",\"keywords\":[\"Podkarpacie\",\"Przemy\u015bl\"],\"articleSection\":[\"Wydarzenia\"],\"inLanguage\":\"hu\"},{\"@type\":\"WebPage\",\"@id\":\"https:\/\/marekkuchcinski.pl\/wydarzenia\/odznaczenia-dla-ludzi-kultury\/\",\"url\":\"https:\/\/marekkuchcinski.pl\/wydarzenia\/odznaczenia-dla-ludzi-kultury\/\",\"name\":\"Odznaczenia dla ludzi kultury &#8211; Marek Kuchci\u0144ski\",\"isPartOf\":{\"@id\":\"https:\/\/marekkuchcinski.pl\/#website\"},\"primaryImageOfPage\":{\"@id\":\"https:\/\/marekkuchcinski.pl\/wydarzenia\/odznaczenia-dla-ludzi-kultury\/#primaryimage\"},\"image\":{\"@id\":\"https:\/\/marekkuchcinski.pl\/wydarzenia\/odznaczenia-dla-ludzi-kultury\/#primaryimage\"},\"thumbnailUrl\":\"https:\/\/marekkuchcinski.pl\/wp-content\/uploads\/2023\/11\/DSC2872.jpg\",\"datePublished\":\"2023-11-01T10:18:46+00:00\",\"dateModified\":\"2023-11-01T10:18:48+00:00\",\"breadcrumb\":{\"@id\":\"https:\/\/marekkuchcinski.pl\/wydarzenia\/odznaczenia-dla-ludzi-kultury\/#breadcrumb\"},\"inLanguage\":\"hu\",\"potentialAction\":[{\"@type\":\"ReadAction\",\"target\":[\"https:\/\/marekkuchcinski.pl\/wydarzenia\/odznaczenia-dla-ludzi-kultury\/\"]}]},{\"@type\":\"ImageObject\",\"inLanguage\":\"hu\",\"@id\":\"https:\/\/marekkuchcinski.pl\/wydarzenia\/odznaczenia-dla-ludzi-kultury\/#primaryimage\",\"url\":\"https:\/\/marekkuchcinski.pl\/wp-content\/uploads\/2023\/11\/DSC2872.jpg\",\"contentUrl\":\"https:\/\/marekkuchcinski.pl\/wp-content\/uploads\/2023\/11\/DSC2872.jpg\",\"width\":1181,\"height\":788},{\"@type\":\"BreadcrumbList\",\"@id\":\"https:\/\/marekkuchcinski.pl\/wydarzenia\/odznaczenia-dla-ludzi-kultury\/#breadcrumb\",\"itemListElement\":[{\"@type\":\"ListItem\",\"position\":1,\"name\":\"Strona g\u0142\u00f3wna\",\"item\":\"https:\/\/marekkuchcinski.pl\/\"},{\"@type\":\"ListItem\",\"position\":2,\"name\":\"Odznaczenia dla ludzi kultury\"}]},{\"@type\":\"WebSite\",\"@id\":\"https:\/\/marekkuchcinski.pl\/#website\",\"url\":\"https:\/\/marekkuchcinski.pl\/\",\"name\":\"Marek Kuchci\u0144ski\",\"description\":\"Pose\u0142 na sejm RP &ndash; okr\u0119g nr 22\",\"publisher\":{\"@id\":\"https:\/\/marekkuchcinski.pl\/#organization\"},\"potentialAction\":[{\"@type\":\"SearchAction\",\"target\":{\"@type\":\"EntryPoint\",\"urlTemplate\":\"https:\/\/marekkuchcinski.pl\/?s={search_term_string}\"},\"query-input\":{\"@type\":\"PropertyValueSpecification\",\"valueRequired\":true,\"valueName\":\"search_term_string\"}}],\"inLanguage\":\"hu\"},{\"@type\":\"Organization\",\"@id\":\"https:\/\/marekkuchcinski.pl\/#organization\",\"name\":\"Marek Kuchci\u0144ski\",\"url\":\"https:\/\/marekkuchcinski.pl\/\",\"logo\":{\"@type\":\"ImageObject\",\"inLanguage\":\"hu\",\"@id\":\"https:\/\/marekkuchcinski.pl\/#\/schema\/logo\/image\/\",\"url\":\"https:\/\/marekkuchcinski.pl\/wp-content\/uploads\/2022\/09\/Marek.jpg\",\"contentUrl\":\"https:\/\/marekkuchcinski.pl\/wp-content\/uploads\/2022\/09\/Marek.jpg\",\"width\":1600,\"height\":971,\"caption\":\"Marek Kuchci\u0144ski\"},\"image\":{\"@id\":\"https:\/\/marekkuchcinski.pl\/#\/schema\/logo\/image\/\"}},{\"@type\":\"Person\",\"@id\":\"https:\/\/marekkuchcinski.pl\/#\/schema\/person\/51d5d4ee3b5317b8e4dd2b48af359229\",\"name\":\"Marta Olejnik\",\"image\":{\"@type\":\"ImageObject\",\"inLanguage\":\"hu\",\"@id\":\"https:\/\/marekkuchcinski.pl\/#\/schema\/person\/image\/\",\"url\":\"https:\/\/secure.gravatar.com\/avatar\/e39914b2aa6a48959e24d475b5dc9793?s=96&d=mm&r=g\",\"contentUrl\":\"https:\/\/secure.gravatar.com\/avatar\/e39914b2aa6a48959e24d475b5dc9793?s=96&d=mm&r=g\",\"caption\":\"Marta Olejnik\"},\"url\":\"https:\/\/marekkuchcinski.pl\/hu\/author\/marta\/\"}]}<\/script>\n<!-- \/ Yoast SEO plugin. -->","yoast_head_json":{"title":"Odznaczenia dla ludzi kultury &#8211; Marek Kuchci\u0144ski","robots":{"index":"index","follow":"follow","max-snippet":"max-snippet:-1","max-image-preview":"max-image-preview:large","max-video-preview":"max-video-preview:-1"},"canonical":"https:\/\/marekkuchcinski.pl\/hu\/wydarzenia\/odznaczenia-dla-ludzi-kultury\/","og_locale":"hu_HU","og_type":"article","og_title":"Odznaczenia dla ludzi kultury &#8211; Marek Kuchci\u0144ski","og_description":"Z perspektywy ostatnich kilku lat mo\u017cemy \u015bmia\u0142o powiedzie\u0107, \u017ce w naszym kraju nast\u0105pi\u0142y ogromne zmiany, tak\u017ce w rozwoju instytucji kultury. By\u0142o to mo\u017cliwe dzi\u0119ki zwi\u0119kszeniu bud\u017cetu na kultur\u0119 o ponad 100%, w por\u00f3wnaniu z rokiem 2015. Fakt ten przek\u0142ada si\u0119 r\u00f3wnie\u017c na funkcjonowanie instytucji kultury na Podkarpaciu i na Ziemi Przemyskiej. Np. Muzeum Narodowe Ziemi [&hellip;]","og_url":"https:\/\/marekkuchcinski.pl\/hu\/wydarzenia\/odznaczenia-dla-ludzi-kultury\/","og_site_name":"Marek Kuchci\u0144ski","article_published_time":"2023-11-01T10:18:46+00:00","article_modified_time":"2023-11-01T10:18:48+00:00","og_image":[{"width":1181,"height":788,"url":"https:\/\/marekkuchcinski.pl\/wp-content\/uploads\/2023\/11\/DSC2872.jpg","type":"image\/jpeg"}],"author":"Marta Olejnik","twitter_card":"summary_large_image","twitter_misc":{"Szerz\u0151:":"Marta Olejnik","Becs\u00fclt olvas\u00e1si id\u0151":"6 perc"},"schema":{"@context":"https:\/\/schema.org","@graph":[{"@type":"Article","@id":"https:\/\/marekkuchcinski.pl\/wydarzenia\/odznaczenia-dla-ludzi-kultury\/#article","isPartOf":{"@id":"https:\/\/marekkuchcinski.pl\/wydarzenia\/odznaczenia-dla-ludzi-kultury\/"},"author":{"name":"Marta Olejnik","@id":"https:\/\/marekkuchcinski.pl\/#\/schema\/person\/51d5d4ee3b5317b8e4dd2b48af359229"},"headline":"Odznaczenia dla ludzi kultury","datePublished":"2023-11-01T10:18:46+00:00","dateModified":"2023-11-01T10:18:48+00:00","mainEntityOfPage":{"@id":"https:\/\/marekkuchcinski.pl\/wydarzenia\/odznaczenia-dla-ludzi-kultury\/"},"wordCount":357,"publisher":{"@id":"https:\/\/marekkuchcinski.pl\/#organization"},"image":{"@id":"https:\/\/marekkuchcinski.pl\/wydarzenia\/odznaczenia-dla-ludzi-kultury\/#primaryimage"},"thumbnailUrl":"https:\/\/marekkuchcinski.pl\/wp-content\/uploads\/2023\/11\/DSC2872.jpg","keywords":["Podkarpacie","Przemy\u015bl"],"articleSection":["Wydarzenia"],"inLanguage":"hu"},{"@type":"WebPage","@id":"https:\/\/marekkuchcinski.pl\/wydarzenia\/odznaczenia-dla-ludzi-kultury\/","url":"https:\/\/marekkuchcinski.pl\/wydarzenia\/odznaczenia-dla-ludzi-kultury\/","name":"Odznaczenia dla ludzi kultury &#8211; Marek Kuchci\u0144ski","isPartOf":{"@id":"https:\/\/marekkuchcinski.pl\/#website"},"primaryImageOfPage":{"@id":"https:\/\/marekkuchcinski.pl\/wydarzenia\/odznaczenia-dla-ludzi-kultury\/#primaryimage"},"image":{"@id":"https:\/\/marekkuchcinski.pl\/wydarzenia\/odznaczenia-dla-ludzi-kultury\/#primaryimage"},"thumbnailUrl":"https:\/\/marekkuchcinski.pl\/wp-content\/uploads\/2023\/11\/DSC2872.jpg","datePublished":"2023-11-01T10:18:46+00:00","dateModified":"2023-11-01T10:18:48+00:00","breadcrumb":{"@id":"https:\/\/marekkuchcinski.pl\/wydarzenia\/odznaczenia-dla-ludzi-kultury\/#breadcrumb"},"inLanguage":"hu","potentialAction":[{"@type":"ReadAction","target":["https:\/\/marekkuchcinski.pl\/wydarzenia\/odznaczenia-dla-ludzi-kultury\/"]}]},{"@type":"ImageObject","inLanguage":"hu","@id":"https:\/\/marekkuchcinski.pl\/wydarzenia\/odznaczenia-dla-ludzi-kultury\/#primaryimage","url":"https:\/\/marekkuchcinski.pl\/wp-content\/uploads\/2023\/11\/DSC2872.jpg","contentUrl":"https:\/\/marekkuchcinski.pl\/wp-content\/uploads\/2023\/11\/DSC2872.jpg","width":1181,"height":788},{"@type":"BreadcrumbList","@id":"https:\/\/marekkuchcinski.pl\/wydarzenia\/odznaczenia-dla-ludzi-kultury\/#breadcrumb","itemListElement":[{"@type":"ListItem","position":1,"name":"Strona g\u0142\u00f3wna","item":"https:\/\/marekkuchcinski.pl\/"},{"@type":"ListItem","position":2,"name":"Odznaczenia dla ludzi kultury"}]},{"@type":"WebSite","@id":"https:\/\/marekkuchcinski.pl\/#website","url":"https:\/\/marekkuchcinski.pl\/","name":"Marek Kuchci\u0144ski","description":"Pose\u0142 na sejm RP &ndash; okr\u0119g nr 22","publisher":{"@id":"https:\/\/marekkuchcinski.pl\/#organization"},"potentialAction":[{"@type":"SearchAction","target":{"@type":"EntryPoint","urlTemplate":"https:\/\/marekkuchcinski.pl\/?s={search_term_string}"},"query-input":{"@type":"PropertyValueSpecification","valueRequired":true,"valueName":"search_term_string"}}],"inLanguage":"hu"},{"@type":"Organization","@id":"https:\/\/marekkuchcinski.pl\/#organization","name":"Marek Kuchci\u0144ski","url":"https:\/\/marekkuchcinski.pl\/","logo":{"@type":"ImageObject","inLanguage":"hu","@id":"https:\/\/marekkuchcinski.pl\/#\/schema\/logo\/image\/","url":"https:\/\/marekkuchcinski.pl\/wp-content\/uploads\/2022\/09\/Marek.jpg","contentUrl":"https:\/\/marekkuchcinski.pl\/wp-content\/uploads\/2022\/09\/Marek.jpg","width":1600,"height":971,"caption":"Marek Kuchci\u0144ski"},"image":{"@id":"https:\/\/marekkuchcinski.pl\/#\/schema\/logo\/image\/"}},{"@type":"Person","@id":"https:\/\/marekkuchcinski.pl\/#\/schema\/person\/51d5d4ee3b5317b8e4dd2b48af359229","name":"Marta Olejnik","image":{"@type":"ImageObject","inLanguage":"hu","@id":"https:\/\/marekkuchcinski.pl\/#\/schema\/person\/image\/","url":"https:\/\/secure.gravatar.com\/avatar\/e39914b2aa6a48959e24d475b5dc9793?s=96&d=mm&r=g","contentUrl":"https:\/\/secure.gravatar.com\/avatar\/e39914b2aa6a48959e24d475b5dc9793?s=96&d=mm&r=g","caption":"Marta Olejnik"},"url":"https:\/\/marekkuchcinski.pl\/hu\/author\/marta\/"}]}},"_links":{"self":[{"href":"https:\/\/marekkuchcinski.pl\/hu\/wp-json\/wp\/v2\/posts\/29670","targetHints":{"allow":["GET"]}}],"collection":[{"href":"https:\/\/marekkuchcinski.pl\/hu\/wp-json\/wp\/v2\/posts"}],"about":[{"href":"https:\/\/marekkuchcinski.pl\/hu\/wp-json\/wp\/v2\/types\/post"}],"author":[{"embeddable":true,"href":"https:\/\/marekkuchcinski.pl\/hu\/wp-json\/wp\/v2\/users\/21"}],"replies":[{"embeddable":true,"href":"https:\/\/marekkuchcinski.pl\/hu\/wp-json\/wp\/v2\/comments?post=29670"}],"version-history":[{"count":1,"href":"https:\/\/marekkuchcinski.pl\/hu\/wp-json\/wp\/v2\/posts\/29670\/revisions"}],"predecessor-version":[{"id":29689,"href":"https:\/\/marekkuchcinski.pl\/hu\/wp-json\/wp\/v2\/posts\/29670\/revisions\/29689"}],"wp:featuredmedia":[{"embeddable":true,"href":"https:\/\/marekkuchcinski.pl\/hu\/wp-json\/wp\/v2\/media\/29678"}],"wp:attachment":[{"href":"https:\/\/marekkuchcinski.pl\/hu\/wp-json\/wp\/v2\/media?parent=29670"}],"wp:term":[{"taxonomy":"category","embeddable":true,"href":"https:\/\/marekkuchcinski.pl\/hu\/wp-json\/wp\/v2\/categories?post=29670"},{"taxonomy":"post_tag","embeddable":true,"href":"https:\/\/marekkuchcinski.pl\/hu\/wp-json\/wp\/v2\/tags?post=29670"}],"curies":[{"name":"wp","href":"https:\/\/api.w.org\/{rel}","templated":true}]}}