{"id":288,"date":"2012-12-14T11:29:43","date_gmt":"2012-12-14T10:29:43","guid":{"rendered":"https:\/\/marekkuchcinski.pl\/?p=288"},"modified":"2016-08-25T16:59:51","modified_gmt":"2016-08-25T14:59:51","slug":"poslowie-pis-i-eksperci-o-budzecie-samorzadow","status":"publish","type":"post","link":"https:\/\/marekkuchcinski.pl\/hu\/w-mediach\/informacje-prasowe\/poslowie-pis-i-eksperci-o-budzecie-samorzadow\/","title":{"rendered":"Jogi \u00e9s igazs\u00e1g\u00fcgyi k\u00e9pvisel\u0151k \u00e9s szak\u00e9rt\u0151k az \u00f6nkorm\u00e1nyzati k\u00f6lts\u00e9gvet\u00e9sekr\u0151l"},"content":{"rendered":"<p style=\"text-align: center;\">Okt\u00f3ber 29-\u00e9n, h\u00e9tf\u0151n a Szejm oszlopcsarnok\u00e1ban<br \/> szak\u00e9rt\u0151i konferenci\u00e1t tartottak:<br \/> \"A lengyelorsz\u00e1gi helyi \u00f6nkorm\u00e1nyzatok a 2013-as \u00e1llami k\u00f6lts\u00e9gvet\u00e9s t\u00fckr\u00e9ben\"<br \/> Jaros\u0142aw Kaczy\u0144ski, a PiS eln\u00f6ke, Marek Kuchci\u0144ski, a Szejm aleln\u00f6ke r\u00e9szv\u00e9tel\u00e9vel.<br \/> \u00e9s a PiS aj\u00e1nl\u00e1s\u00e1ra a minisztereln\u00f6k-jel\u00f6lt Piotr Gli\u0144ski professzor.<\/p>","protected":false},"excerpt":{"rendered":"<p>W poniedzia\u0142ek, 29 pa\u017adziernika w Sali Kolumnowej Sejmu odby\u0142a si\u0119 konferencja ekspercka: \u201eSamorz\u0105d terytorialny w Polsce w \u015bwietle bud\u017cetu pa\u0144stwa na 2013 rok&#8221; z udzia\u0142em prezesa PiS Jaros\u0142awa Kaczy\u0144skiego, wicemarsza\u0142ka Sejmu RP Marka Kuchci\u0144skiego oraz kandydata na premiera z rekomendacji PiS &#8211; prof. Piotra Gli\u0144skiego.<\/p>","protected":false},"author":6,"featured_media":0,"comment_status":"open","ping_status":"open","sticky":false,"template":"","format":"standard","meta":{"ngg_post_thumbnail":0,"footnotes":""},"categories":[46],"tags":[],"class_list":["post-288","post","type-post","status-publish","format-standard","hentry","category-informacje-prasowe"],"_links":{"self":[{"href":"https:\/\/marekkuchcinski.pl\/hu\/wp-json\/wp\/v2\/posts\/288","targetHints":{"allow":["GET"]}}],"collection":[{"href":"https:\/\/marekkuchcinski.pl\/hu\/wp-json\/wp\/v2\/posts"}],"about":[{"href":"https:\/\/marekkuchcinski.pl\/hu\/wp-json\/wp\/v2\/types\/post"}],"author":[{"embeddable":true,"href":"https:\/\/marekkuchcinski.pl\/hu\/wp-json\/wp\/v2\/users\/6"}],"replies":[{"embeddable":true,"href":"https:\/\/marekkuchcinski.pl\/hu\/wp-json\/wp\/v2\/comments?post=288"}],"version-history":[{"count":1,"href":"https:\/\/marekkuchcinski.pl\/hu\/wp-json\/wp\/v2\/posts\/288\/revisions"}],"predecessor-version":[{"id":1480,"href":"https:\/\/marekkuchcinski.pl\/hu\/wp-json\/wp\/v2\/posts\/288\/revisions\/1480"}],"wp:attachment":[{"href":"https:\/\/marekkuchcinski.pl\/hu\/wp-json\/wp\/v2\/media?parent=288"}],"wp:term":[{"taxonomy":"category","embeddable":true,"href":"https:\/\/marekkuchcinski.pl\/hu\/wp-json\/wp\/v2\/categories?post=288"},{"taxonomy":"post_tag","embeddable":true,"href":"https:\/\/marekkuchcinski.pl\/hu\/wp-json\/wp\/v2\/tags?post=288"}],"curies":[{"name":"wp","href":"https:\/\/api.w.org\/{rel}","templated":true}]}}