{"id":28362,"date":"2023-05-04T13:13:43","date_gmt":"2023-05-04T11:13:43","guid":{"rendered":"https:\/\/marekkuchcinski.pl\/?p=28362"},"modified":"2023-05-04T13:16:39","modified_gmt":"2023-05-04T11:16:39","slug":"swieto-flagi-na-bieszczadzkim-szczycie-holica","status":"publish","type":"post","link":"https:\/\/marekkuchcinski.pl\/hu\/wydarzenia\/swieto-flagi-na-bieszczadzkim-szczycie-holica\/","title":{"rendered":"Dzie\u0144 Flagi na bieszczadzkim szczycie Holica"},"content":{"rendered":"<p>Dzie\u0144 Flagi Rzeczypospolitej Polskiej\u00a0to jedno z wa\u017cniejszych &#8211; opr\u00f3cz 3 maja i 11 listopada &#8211; naszych \u015bwi\u0105t. Ono jednoczy Polak\u00f3w na ca\u0142ym \u015bwiecie, dzi\u015b jest r\u00f3wnie\u017c Dzie\u0144 Polonii i Polak\u00f3w za Granic\u0105. Nasza obecno\u015b\u0107 na Holicy \u015bwiadczy o tym, \u017ce ca\u0142a Polska pami\u0119ta o naszych insygniach narodowych &#8211; orle bia\u0142ym i czerwieni. Jest to kontynuacja rozpocz\u0119tej jeszcze w czasie I Rzeczypospolitej tradycji: orze\u0142 i litewska pogo\u0144 &#8211; powiedzia\u0142 szef kancelarii premiera Marek Kuchci\u0144ski.<br>Ponad 100-osobowa grupa z bia\u0142o-czerwonymi flagami wesz\u0142a 2 maja na szczyt Holica, gdzie od\u015bpiewano hymn Polski i wci\u0105gni\u0119to flag\u0119 na maszt.<\/p>\n\n\n\n<p>Dzie\u0144 Flagi\u00a0 zosta\u0142 ustanowiony przez Sejm w 2004 roku. To \u015bwi\u0119to, kt\u00f3re ma wyra\u017ca\u0107 szacunek do flagi i propagowa\u0107 wiedz\u0119 o polskiej to\u017csamo\u015bci oraz symbolach narodowych.<\/p>\n\n\n\n<p><a href=\"https:\/\/www.facebook.com\/tvp.rzeszow\/videos\/250637727493513\">https:\/\/www.facebook.com\/tvp.rzeszow\/videos\/250637727493513<\/a><\/p>\n\n\n\n<figure class=\"wp-block-image size-large is-resized\"><a href=\"https:\/\/marekkuchcinski.pl\/wp-content\/uploads\/2023\/05\/344565454_1073115800312999_6496180148883147953_n.jpg\"><img fetchpriority=\"high\" decoding=\"async\" src=\"https:\/\/marekkuchcinski.pl\/wp-content\/uploads\/2023\/05\/344565454_1073115800312999_6496180148883147953_n-1024x836.jpg\" alt=\"\" class=\"wp-image-28363\" width=\"840\" height=\"685\" srcset=\"https:\/\/marekkuchcinski.pl\/wp-content\/uploads\/2023\/05\/344565454_1073115800312999_6496180148883147953_n-1024x836.jpg 1024w, https:\/\/marekkuchcinski.pl\/wp-content\/uploads\/2023\/05\/344565454_1073115800312999_6496180148883147953_n-300x245.jpg 300w, https:\/\/marekkuchcinski.pl\/wp-content\/uploads\/2023\/05\/344565454_1073115800312999_6496180148883147953_n-768x627.jpg 768w, https:\/\/marekkuchcinski.pl\/wp-content\/uploads\/2023\/05\/344565454_1073115800312999_6496180148883147953_n-1536x1254.jpg 1536w, https:\/\/marekkuchcinski.pl\/wp-content\/uploads\/2023\/05\/344565454_1073115800312999_6496180148883147953_n-15x12.jpg 15w, https:\/\/marekkuchcinski.pl\/wp-content\/uploads\/2023\/05\/344565454_1073115800312999_6496180148883147953_n.jpg 1728w\" sizes=\"(max-width: 840px) 100vw, 840px\" \/><\/a><\/figure>\n\n\n\n<figure class=\"wp-block-image size-large\"><a href=\"https:\/\/marekkuchcinski.pl\/wp-content\/uploads\/2023\/05\/344687707_147963071415894_6110796393561932427_n.jpg\"><img decoding=\"async\" width=\"1024\" height=\"902\" src=\"https:\/\/marekkuchcinski.pl\/wp-content\/uploads\/2023\/05\/344687707_147963071415894_6110796393561932427_n-1024x902.jpg\" alt=\"\" class=\"wp-image-28364\" srcset=\"https:\/\/marekkuchcinski.pl\/wp-content\/uploads\/2023\/05\/344687707_147963071415894_6110796393561932427_n-1024x902.jpg 1024w, https:\/\/marekkuchcinski.pl\/wp-content\/uploads\/2023\/05\/344687707_147963071415894_6110796393561932427_n-300x264.jpg 300w, https:\/\/marekkuchcinski.pl\/wp-content\/uploads\/2023\/05\/344687707_147963071415894_6110796393561932427_n-768x676.jpg 768w, https:\/\/marekkuchcinski.pl\/wp-content\/uploads\/2023\/05\/344687707_147963071415894_6110796393561932427_n-14x12.jpg 14w, https:\/\/marekkuchcinski.pl\/wp-content\/uploads\/2023\/05\/344687707_147963071415894_6110796393561932427_n.jpg 1523w\" sizes=\"(max-width: 1024px) 100vw, 1024px\" \/><\/a><\/figure>\n\n\n\n<figure class=\"wp-block-image size-large\"><a href=\"https:\/\/marekkuchcinski.pl\/wp-content\/uploads\/2023\/05\/344561862_592371732849536_6726296904064204699_n.jpg\"><img decoding=\"async\" width=\"981\" height=\"1024\" src=\"https:\/\/marekkuchcinski.pl\/wp-content\/uploads\/2023\/05\/344561862_592371732849536_6726296904064204699_n-981x1024.jpg\" alt=\"\" class=\"wp-image-28365\" srcset=\"https:\/\/marekkuchcinski.pl\/wp-content\/uploads\/2023\/05\/344561862_592371732849536_6726296904064204699_n-981x1024.jpg 981w, https:\/\/marekkuchcinski.pl\/wp-content\/uploads\/2023\/05\/344561862_592371732849536_6726296904064204699_n-287x300.jpg 287w, https:\/\/marekkuchcinski.pl\/wp-content\/uploads\/2023\/05\/344561862_592371732849536_6726296904064204699_n-768x802.jpg 768w, https:\/\/marekkuchcinski.pl\/wp-content\/uploads\/2023\/05\/344561862_592371732849536_6726296904064204699_n-1472x1536.jpg 1472w, https:\/\/marekkuchcinski.pl\/wp-content\/uploads\/2023\/05\/344561862_592371732849536_6726296904064204699_n-11x12.jpg 11w, https:\/\/marekkuchcinski.pl\/wp-content\/uploads\/2023\/05\/344561862_592371732849536_6726296904064204699_n.jpg 1535w\" sizes=\"(max-width: 981px) 100vw, 981px\" \/><\/a><\/figure>\n\n\n\n<figure class=\"wp-block-image size-large\"><a href=\"https:\/\/marekkuchcinski.pl\/wp-content\/uploads\/2023\/05\/344742683_194442409645744_4245873202880807146_n.jpg\"><img loading=\"lazy\" decoding=\"async\" width=\"1024\" height=\"680\" src=\"https:\/\/marekkuchcinski.pl\/wp-content\/uploads\/2023\/05\/344742683_194442409645744_4245873202880807146_n-1024x680.jpg\" alt=\"\" class=\"wp-image-28367\" srcset=\"https:\/\/marekkuchcinski.pl\/wp-content\/uploads\/2023\/05\/344742683_194442409645744_4245873202880807146_n-1024x680.jpg 1024w, https:\/\/marekkuchcinski.pl\/wp-content\/uploads\/2023\/05\/344742683_194442409645744_4245873202880807146_n-300x199.jpg 300w, https:\/\/marekkuchcinski.pl\/wp-content\/uploads\/2023\/05\/344742683_194442409645744_4245873202880807146_n-768x510.jpg 768w, https:\/\/marekkuchcinski.pl\/wp-content\/uploads\/2023\/05\/344742683_194442409645744_4245873202880807146_n-1536x1020.jpg 1536w, https:\/\/marekkuchcinski.pl\/wp-content\/uploads\/2023\/05\/344742683_194442409645744_4245873202880807146_n-18x12.jpg 18w, https:\/\/marekkuchcinski.pl\/wp-content\/uploads\/2023\/05\/344742683_194442409645744_4245873202880807146_n.jpg 1600w\" sizes=\"(max-width: 1024px) 100vw, 1024px\" \/><\/a><\/figure>\n\n\n\n<figure class=\"wp-block-image size-large\"><a href=\"https:\/\/marekkuchcinski.pl\/wp-content\/uploads\/2023\/05\/6450cf0de0d15_o_large.jpg\"><img loading=\"lazy\" decoding=\"async\" width=\"723\" height=\"1024\" src=\"https:\/\/marekkuchcinski.pl\/wp-content\/uploads\/2023\/05\/6450cf0de0d15_o_large-723x1024.jpg\" alt=\"\" class=\"wp-image-28372\" srcset=\"https:\/\/marekkuchcinski.pl\/wp-content\/uploads\/2023\/05\/6450cf0de0d15_o_large-723x1024.jpg 723w, https:\/\/marekkuchcinski.pl\/wp-content\/uploads\/2023\/05\/6450cf0de0d15_o_large-212x300.jpg 212w, https:\/\/marekkuchcinski.pl\/wp-content\/uploads\/2023\/05\/6450cf0de0d15_o_large-768x1087.jpg 768w, https:\/\/marekkuchcinski.pl\/wp-content\/uploads\/2023\/05\/6450cf0de0d15_o_large-8x12.jpg 8w, https:\/\/marekkuchcinski.pl\/wp-content\/uploads\/2023\/05\/6450cf0de0d15_o_large.jpg 852w\" sizes=\"(max-width: 723px) 100vw, 723px\" \/><\/a><\/figure>","protected":false},"excerpt":{"rendered":"<p>Dzie\u0144 Flagi Rzeczypospolitej Polskiej\u00a0to jedno z wa\u017cniejszych &#8211; opr\u00f3cz 3 maja i 11 listopada &#8211; naszych \u015bwi\u0105t. Ono jednoczy Polak\u00f3w na ca\u0142ym \u015bwiecie, dzi\u015b jest r\u00f3wnie\u017c Dzie\u0144 Polonii i Polak\u00f3w za Granic\u0105. Nasza obecno\u015b\u0107 na Holicy \u015bwiadczy o tym, \u017ce ca\u0142a Polska pami\u0119ta o naszych insygniach narodowych &#8211; orle bia\u0142ym i czerwieni. Jest to kontynuacja [&hellip;]<\/p>","protected":false},"author":21,"featured_media":28365,"comment_status":"closed","ping_status":"open","sticky":false,"template":"","format":"standard","meta":{"ngg_post_thumbnail":0,"footnotes":""},"categories":[3],"tags":[],"class_list":["post-28362","post","type-post","status-publish","format-standard","has-post-thumbnail","hentry","category-wydarzenia"],"yoast_head":"<!-- This site is optimized with the Yoast SEO plugin v24.7 - https:\/\/yoast.com\/wordpress\/plugins\/seo\/ -->\n<title>Dzie\u0144 Flagi na bieszczadzkim szczycie Holica &#8211; Marek Kuchci\u0144ski<\/title>\n<meta name=\"robots\" content=\"index, follow, max-snippet:-1, max-image-preview:large, max-video-preview:-1\" \/>\n<link rel=\"canonical\" href=\"https:\/\/marekkuchcinski.pl\/hu\/wydarzenia\/swieto-flagi-na-bieszczadzkim-szczycie-holica\/\" \/>\n<meta property=\"og:locale\" content=\"hu_HU\" \/>\n<meta property=\"og:type\" content=\"article\" \/>\n<meta property=\"og:title\" content=\"Dzie\u0144 Flagi na bieszczadzkim szczycie Holica &#8211; Marek Kuchci\u0144ski\" \/>\n<meta property=\"og:description\" content=\"Dzie\u0144 Flagi Rzeczypospolitej Polskiej\u00a0to jedno z wa\u017cniejszych &#8211; opr\u00f3cz 3 maja i 11 listopada &#8211; naszych \u015bwi\u0105t. Ono jednoczy Polak\u00f3w na ca\u0142ym \u015bwiecie, dzi\u015b jest r\u00f3wnie\u017c Dzie\u0144 Polonii i Polak\u00f3w za Granic\u0105. Nasza obecno\u015b\u0107 na Holicy \u015bwiadczy o tym, \u017ce ca\u0142a Polska pami\u0119ta o naszych insygniach narodowych &#8211; orle bia\u0142ym i czerwieni. Jest to kontynuacja [&hellip;]\" \/>\n<meta property=\"og:url\" content=\"https:\/\/marekkuchcinski.pl\/hu\/wydarzenia\/swieto-flagi-na-bieszczadzkim-szczycie-holica\/\" \/>\n<meta property=\"og:site_name\" content=\"Marek Kuchci\u0144ski\" \/>\n<meta property=\"article:published_time\" content=\"2023-05-04T11:13:43+00:00\" \/>\n<meta property=\"article:modified_time\" content=\"2023-05-04T11:16:39+00:00\" \/>\n<meta property=\"og:image\" content=\"https:\/\/marekkuchcinski.pl\/wp-content\/uploads\/2023\/05\/344561862_592371732849536_6726296904064204699_n.jpg\" \/>\n\t<meta property=\"og:image:width\" content=\"1535\" \/>\n\t<meta property=\"og:image:height\" content=\"1602\" \/>\n\t<meta property=\"og:image:type\" content=\"image\/jpeg\" \/>\n<meta name=\"author\" content=\"Marta Olejnik\" \/>\n<meta name=\"twitter:card\" content=\"summary_large_image\" \/>\n<meta name=\"twitter:label1\" content=\"Szerz\u0151:\" \/>\n\t<meta name=\"twitter:data1\" content=\"Marta Olejnik\" \/>\n\t<meta name=\"twitter:label2\" content=\"Becs\u00fclt olvas\u00e1si id\u0151\" \/>\n\t<meta name=\"twitter:data2\" content=\"2 perc\" \/>\n<script type=\"application\/ld+json\" class=\"yoast-schema-graph\">{\"@context\":\"https:\/\/schema.org\",\"@graph\":[{\"@type\":\"Article\",\"@id\":\"https:\/\/marekkuchcinski.pl\/wydarzenia\/swieto-flagi-na-bieszczadzkim-szczycie-holica\/#article\",\"isPartOf\":{\"@id\":\"https:\/\/marekkuchcinski.pl\/wydarzenia\/swieto-flagi-na-bieszczadzkim-szczycie-holica\/\"},\"author\":{\"name\":\"Marta Olejnik\",\"@id\":\"https:\/\/marekkuchcinski.pl\/#\/schema\/person\/51d5d4ee3b5317b8e4dd2b48af359229\"},\"headline\":\"Dzie\u0144 Flagi na bieszczadzkim szczycie Holica\",\"datePublished\":\"2023-05-04T11:13:43+00:00\",\"dateModified\":\"2023-05-04T11:16:39+00:00\",\"mainEntityOfPage\":{\"@id\":\"https:\/\/marekkuchcinski.pl\/wydarzenia\/swieto-flagi-na-bieszczadzkim-szczycie-holica\/\"},\"wordCount\":152,\"publisher\":{\"@id\":\"https:\/\/marekkuchcinski.pl\/#organization\"},\"image\":{\"@id\":\"https:\/\/marekkuchcinski.pl\/wydarzenia\/swieto-flagi-na-bieszczadzkim-szczycie-holica\/#primaryimage\"},\"thumbnailUrl\":\"https:\/\/marekkuchcinski.pl\/wp-content\/uploads\/2023\/05\/344561862_592371732849536_6726296904064204699_n.jpg\",\"articleSection\":[\"Wydarzenia\"],\"inLanguage\":\"hu\"},{\"@type\":\"WebPage\",\"@id\":\"https:\/\/marekkuchcinski.pl\/wydarzenia\/swieto-flagi-na-bieszczadzkim-szczycie-holica\/\",\"url\":\"https:\/\/marekkuchcinski.pl\/wydarzenia\/swieto-flagi-na-bieszczadzkim-szczycie-holica\/\",\"name\":\"Dzie\u0144 Flagi na bieszczadzkim szczycie Holica &#8211; Marek Kuchci\u0144ski\",\"isPartOf\":{\"@id\":\"https:\/\/marekkuchcinski.pl\/#website\"},\"primaryImageOfPage\":{\"@id\":\"https:\/\/marekkuchcinski.pl\/wydarzenia\/swieto-flagi-na-bieszczadzkim-szczycie-holica\/#primaryimage\"},\"image\":{\"@id\":\"https:\/\/marekkuchcinski.pl\/wydarzenia\/swieto-flagi-na-bieszczadzkim-szczycie-holica\/#primaryimage\"},\"thumbnailUrl\":\"https:\/\/marekkuchcinski.pl\/wp-content\/uploads\/2023\/05\/344561862_592371732849536_6726296904064204699_n.jpg\",\"datePublished\":\"2023-05-04T11:13:43+00:00\",\"dateModified\":\"2023-05-04T11:16:39+00:00\",\"breadcrumb\":{\"@id\":\"https:\/\/marekkuchcinski.pl\/wydarzenia\/swieto-flagi-na-bieszczadzkim-szczycie-holica\/#breadcrumb\"},\"inLanguage\":\"hu\",\"potentialAction\":[{\"@type\":\"ReadAction\",\"target\":[\"https:\/\/marekkuchcinski.pl\/wydarzenia\/swieto-flagi-na-bieszczadzkim-szczycie-holica\/\"]}]},{\"@type\":\"ImageObject\",\"inLanguage\":\"hu\",\"@id\":\"https:\/\/marekkuchcinski.pl\/wydarzenia\/swieto-flagi-na-bieszczadzkim-szczycie-holica\/#primaryimage\",\"url\":\"https:\/\/marekkuchcinski.pl\/wp-content\/uploads\/2023\/05\/344561862_592371732849536_6726296904064204699_n.jpg\",\"contentUrl\":\"https:\/\/marekkuchcinski.pl\/wp-content\/uploads\/2023\/05\/344561862_592371732849536_6726296904064204699_n.jpg\",\"width\":1535,\"height\":1602},{\"@type\":\"BreadcrumbList\",\"@id\":\"https:\/\/marekkuchcinski.pl\/wydarzenia\/swieto-flagi-na-bieszczadzkim-szczycie-holica\/#breadcrumb\",\"itemListElement\":[{\"@type\":\"ListItem\",\"position\":1,\"name\":\"Strona g\u0142\u00f3wna\",\"item\":\"https:\/\/marekkuchcinski.pl\/\"},{\"@type\":\"ListItem\",\"position\":2,\"name\":\"Dzie\u0144 Flagi na bieszczadzkim szczycie Holica\"}]},{\"@type\":\"WebSite\",\"@id\":\"https:\/\/marekkuchcinski.pl\/#website\",\"url\":\"https:\/\/marekkuchcinski.pl\/\",\"name\":\"Marek Kuchci\u0144ski\",\"description\":\"Pose\u0142 na sejm RP &ndash; okr\u0119g nr 22\",\"publisher\":{\"@id\":\"https:\/\/marekkuchcinski.pl\/#organization\"},\"potentialAction\":[{\"@type\":\"SearchAction\",\"target\":{\"@type\":\"EntryPoint\",\"urlTemplate\":\"https:\/\/marekkuchcinski.pl\/?s={search_term_string}\"},\"query-input\":{\"@type\":\"PropertyValueSpecification\",\"valueRequired\":true,\"valueName\":\"search_term_string\"}}],\"inLanguage\":\"hu\"},{\"@type\":\"Organization\",\"@id\":\"https:\/\/marekkuchcinski.pl\/#organization\",\"name\":\"Marek Kuchci\u0144ski\",\"url\":\"https:\/\/marekkuchcinski.pl\/\",\"logo\":{\"@type\":\"ImageObject\",\"inLanguage\":\"hu\",\"@id\":\"https:\/\/marekkuchcinski.pl\/#\/schema\/logo\/image\/\",\"url\":\"https:\/\/marekkuchcinski.pl\/wp-content\/uploads\/2022\/09\/Marek.jpg\",\"contentUrl\":\"https:\/\/marekkuchcinski.pl\/wp-content\/uploads\/2022\/09\/Marek.jpg\",\"width\":1600,\"height\":971,\"caption\":\"Marek Kuchci\u0144ski\"},\"image\":{\"@id\":\"https:\/\/marekkuchcinski.pl\/#\/schema\/logo\/image\/\"}},{\"@type\":\"Person\",\"@id\":\"https:\/\/marekkuchcinski.pl\/#\/schema\/person\/51d5d4ee3b5317b8e4dd2b48af359229\",\"name\":\"Marta Olejnik\",\"image\":{\"@type\":\"ImageObject\",\"inLanguage\":\"hu\",\"@id\":\"https:\/\/marekkuchcinski.pl\/#\/schema\/person\/image\/\",\"url\":\"https:\/\/secure.gravatar.com\/avatar\/e39914b2aa6a48959e24d475b5dc9793?s=96&d=mm&r=g\",\"contentUrl\":\"https:\/\/secure.gravatar.com\/avatar\/e39914b2aa6a48959e24d475b5dc9793?s=96&d=mm&r=g\",\"caption\":\"Marta Olejnik\"},\"url\":\"https:\/\/marekkuchcinski.pl\/hu\/author\/marta\/\"}]}<\/script>\n<!-- \/ Yoast SEO plugin. -->","yoast_head_json":{"title":"Dzie\u0144 Flagi na bieszczadzkim szczycie Holica &#8211; Marek Kuchci\u0144ski","robots":{"index":"index","follow":"follow","max-snippet":"max-snippet:-1","max-image-preview":"max-image-preview:large","max-video-preview":"max-video-preview:-1"},"canonical":"https:\/\/marekkuchcinski.pl\/hu\/wydarzenia\/swieto-flagi-na-bieszczadzkim-szczycie-holica\/","og_locale":"hu_HU","og_type":"article","og_title":"Dzie\u0144 Flagi na bieszczadzkim szczycie Holica &#8211; Marek Kuchci\u0144ski","og_description":"Dzie\u0144 Flagi Rzeczypospolitej Polskiej\u00a0to jedno z wa\u017cniejszych &#8211; opr\u00f3cz 3 maja i 11 listopada &#8211; naszych \u015bwi\u0105t. Ono jednoczy Polak\u00f3w na ca\u0142ym \u015bwiecie, dzi\u015b jest r\u00f3wnie\u017c Dzie\u0144 Polonii i Polak\u00f3w za Granic\u0105. Nasza obecno\u015b\u0107 na Holicy \u015bwiadczy o tym, \u017ce ca\u0142a Polska pami\u0119ta o naszych insygniach narodowych &#8211; orle bia\u0142ym i czerwieni. Jest to kontynuacja [&hellip;]","og_url":"https:\/\/marekkuchcinski.pl\/hu\/wydarzenia\/swieto-flagi-na-bieszczadzkim-szczycie-holica\/","og_site_name":"Marek Kuchci\u0144ski","article_published_time":"2023-05-04T11:13:43+00:00","article_modified_time":"2023-05-04T11:16:39+00:00","og_image":[{"width":1535,"height":1602,"url":"https:\/\/marekkuchcinski.pl\/wp-content\/uploads\/2023\/05\/344561862_592371732849536_6726296904064204699_n.jpg","type":"image\/jpeg"}],"author":"Marta Olejnik","twitter_card":"summary_large_image","twitter_misc":{"Szerz\u0151:":"Marta Olejnik","Becs\u00fclt olvas\u00e1si id\u0151":"2 perc"},"schema":{"@context":"https:\/\/schema.org","@graph":[{"@type":"Article","@id":"https:\/\/marekkuchcinski.pl\/wydarzenia\/swieto-flagi-na-bieszczadzkim-szczycie-holica\/#article","isPartOf":{"@id":"https:\/\/marekkuchcinski.pl\/wydarzenia\/swieto-flagi-na-bieszczadzkim-szczycie-holica\/"},"author":{"name":"Marta Olejnik","@id":"https:\/\/marekkuchcinski.pl\/#\/schema\/person\/51d5d4ee3b5317b8e4dd2b48af359229"},"headline":"Dzie\u0144 Flagi na bieszczadzkim szczycie Holica","datePublished":"2023-05-04T11:13:43+00:00","dateModified":"2023-05-04T11:16:39+00:00","mainEntityOfPage":{"@id":"https:\/\/marekkuchcinski.pl\/wydarzenia\/swieto-flagi-na-bieszczadzkim-szczycie-holica\/"},"wordCount":152,"publisher":{"@id":"https:\/\/marekkuchcinski.pl\/#organization"},"image":{"@id":"https:\/\/marekkuchcinski.pl\/wydarzenia\/swieto-flagi-na-bieszczadzkim-szczycie-holica\/#primaryimage"},"thumbnailUrl":"https:\/\/marekkuchcinski.pl\/wp-content\/uploads\/2023\/05\/344561862_592371732849536_6726296904064204699_n.jpg","articleSection":["Wydarzenia"],"inLanguage":"hu"},{"@type":"WebPage","@id":"https:\/\/marekkuchcinski.pl\/wydarzenia\/swieto-flagi-na-bieszczadzkim-szczycie-holica\/","url":"https:\/\/marekkuchcinski.pl\/wydarzenia\/swieto-flagi-na-bieszczadzkim-szczycie-holica\/","name":"Dzie\u0144 Flagi na bieszczadzkim szczycie Holica &#8211; Marek Kuchci\u0144ski","isPartOf":{"@id":"https:\/\/marekkuchcinski.pl\/#website"},"primaryImageOfPage":{"@id":"https:\/\/marekkuchcinski.pl\/wydarzenia\/swieto-flagi-na-bieszczadzkim-szczycie-holica\/#primaryimage"},"image":{"@id":"https:\/\/marekkuchcinski.pl\/wydarzenia\/swieto-flagi-na-bieszczadzkim-szczycie-holica\/#primaryimage"},"thumbnailUrl":"https:\/\/marekkuchcinski.pl\/wp-content\/uploads\/2023\/05\/344561862_592371732849536_6726296904064204699_n.jpg","datePublished":"2023-05-04T11:13:43+00:00","dateModified":"2023-05-04T11:16:39+00:00","breadcrumb":{"@id":"https:\/\/marekkuchcinski.pl\/wydarzenia\/swieto-flagi-na-bieszczadzkim-szczycie-holica\/#breadcrumb"},"inLanguage":"hu","potentialAction":[{"@type":"ReadAction","target":["https:\/\/marekkuchcinski.pl\/wydarzenia\/swieto-flagi-na-bieszczadzkim-szczycie-holica\/"]}]},{"@type":"ImageObject","inLanguage":"hu","@id":"https:\/\/marekkuchcinski.pl\/wydarzenia\/swieto-flagi-na-bieszczadzkim-szczycie-holica\/#primaryimage","url":"https:\/\/marekkuchcinski.pl\/wp-content\/uploads\/2023\/05\/344561862_592371732849536_6726296904064204699_n.jpg","contentUrl":"https:\/\/marekkuchcinski.pl\/wp-content\/uploads\/2023\/05\/344561862_592371732849536_6726296904064204699_n.jpg","width":1535,"height":1602},{"@type":"BreadcrumbList","@id":"https:\/\/marekkuchcinski.pl\/wydarzenia\/swieto-flagi-na-bieszczadzkim-szczycie-holica\/#breadcrumb","itemListElement":[{"@type":"ListItem","position":1,"name":"Strona g\u0142\u00f3wna","item":"https:\/\/marekkuchcinski.pl\/"},{"@type":"ListItem","position":2,"name":"Dzie\u0144 Flagi na bieszczadzkim szczycie Holica"}]},{"@type":"WebSite","@id":"https:\/\/marekkuchcinski.pl\/#website","url":"https:\/\/marekkuchcinski.pl\/","name":"Marek Kuchci\u0144ski","description":"Pose\u0142 na sejm RP &ndash; okr\u0119g nr 22","publisher":{"@id":"https:\/\/marekkuchcinski.pl\/#organization"},"potentialAction":[{"@type":"SearchAction","target":{"@type":"EntryPoint","urlTemplate":"https:\/\/marekkuchcinski.pl\/?s={search_term_string}"},"query-input":{"@type":"PropertyValueSpecification","valueRequired":true,"valueName":"search_term_string"}}],"inLanguage":"hu"},{"@type":"Organization","@id":"https:\/\/marekkuchcinski.pl\/#organization","name":"Marek Kuchci\u0144ski","url":"https:\/\/marekkuchcinski.pl\/","logo":{"@type":"ImageObject","inLanguage":"hu","@id":"https:\/\/marekkuchcinski.pl\/#\/schema\/logo\/image\/","url":"https:\/\/marekkuchcinski.pl\/wp-content\/uploads\/2022\/09\/Marek.jpg","contentUrl":"https:\/\/marekkuchcinski.pl\/wp-content\/uploads\/2022\/09\/Marek.jpg","width":1600,"height":971,"caption":"Marek Kuchci\u0144ski"},"image":{"@id":"https:\/\/marekkuchcinski.pl\/#\/schema\/logo\/image\/"}},{"@type":"Person","@id":"https:\/\/marekkuchcinski.pl\/#\/schema\/person\/51d5d4ee3b5317b8e4dd2b48af359229","name":"Marta Olejnik","image":{"@type":"ImageObject","inLanguage":"hu","@id":"https:\/\/marekkuchcinski.pl\/#\/schema\/person\/image\/","url":"https:\/\/secure.gravatar.com\/avatar\/e39914b2aa6a48959e24d475b5dc9793?s=96&d=mm&r=g","contentUrl":"https:\/\/secure.gravatar.com\/avatar\/e39914b2aa6a48959e24d475b5dc9793?s=96&d=mm&r=g","caption":"Marta Olejnik"},"url":"https:\/\/marekkuchcinski.pl\/hu\/author\/marta\/"}]}},"_links":{"self":[{"href":"https:\/\/marekkuchcinski.pl\/hu\/wp-json\/wp\/v2\/posts\/28362","targetHints":{"allow":["GET"]}}],"collection":[{"href":"https:\/\/marekkuchcinski.pl\/hu\/wp-json\/wp\/v2\/posts"}],"about":[{"href":"https:\/\/marekkuchcinski.pl\/hu\/wp-json\/wp\/v2\/types\/post"}],"author":[{"embeddable":true,"href":"https:\/\/marekkuchcinski.pl\/hu\/wp-json\/wp\/v2\/users\/21"}],"replies":[{"embeddable":true,"href":"https:\/\/marekkuchcinski.pl\/hu\/wp-json\/wp\/v2\/comments?post=28362"}],"version-history":[{"count":9,"href":"https:\/\/marekkuchcinski.pl\/hu\/wp-json\/wp\/v2\/posts\/28362\/revisions"}],"predecessor-version":[{"id":28377,"href":"https:\/\/marekkuchcinski.pl\/hu\/wp-json\/wp\/v2\/posts\/28362\/revisions\/28377"}],"wp:featuredmedia":[{"embeddable":true,"href":"https:\/\/marekkuchcinski.pl\/hu\/wp-json\/wp\/v2\/media\/28365"}],"wp:attachment":[{"href":"https:\/\/marekkuchcinski.pl\/hu\/wp-json\/wp\/v2\/media?parent=28362"}],"wp:term":[{"taxonomy":"category","embeddable":true,"href":"https:\/\/marekkuchcinski.pl\/hu\/wp-json\/wp\/v2\/categories?post=28362"},{"taxonomy":"post_tag","embeddable":true,"href":"https:\/\/marekkuchcinski.pl\/hu\/wp-json\/wp\/v2\/tags?post=28362"}],"curies":[{"name":"wp","href":"https:\/\/api.w.org\/{rel}","templated":true}]}}