{"id":28180,"date":"2023-03-17T15:36:31","date_gmt":"2023-03-17T14:36:31","guid":{"rendered":"https:\/\/marekkuchcinski.pl\/?p=28180"},"modified":"2023-03-17T15:37:28","modified_gmt":"2023-03-17T14:37:28","slug":"17-marca-1994-r-zmarl-zbigniew-kuchcinski-zalozyciel-zalozyciel-stowarzyszenia-pamieci-orlat-przemyskich-oraz-pc-w-przemyslu","status":"publish","type":"post","link":"https:\/\/marekkuchcinski.pl\/hu\/wydarzenia\/17-marca-1994-r-zmarl-zbigniew-kuchcinski-zalozyciel-zalozyciel-stowarzyszenia-pamieci-orlat-przemyskich-oraz-pc-w-przemyslu\/","title":{"rendered":"1994. m\u00e1rcius 17-\u00e9n elhunyt Zbigniew Kuchci\u0144ski, a Przemy\u015bl Sasfi\u00f3k\u00e1k Eml\u00e9kez\u00e9se Egyes\u00fclet, a Lviv \u00e9s a PC Przemy\u015bl-i Szerelmesek T\u00e1rsas\u00e1ga alap\u00edt\u00f3ja."},"content":{"rendered":"<p>A Szejm egykori marsallj\u00e1nak \u00e9s a minisztereln\u00f6ki kancell\u00e1ria jelenlegi vezet\u0151j\u00e9nek, Marek Kuchci\u0144skinak \u00e9desapja 1929. janu\u00e1r 25-\u00e9n sz\u00fcletett a tartom\u00e1nyi Nowosi\u00f3\u0142kiban. Lviv.<\/p>\n\n\n\n<p>Gyermekkor\u00e1t sajnos a h\u00e1bor\u00fa trag\u00e9di\u00e1ja, a szovjet hadsereg inv\u00e1zi\u00f3ja, a n\u00e9met megsz\u00e1ll\u00e1s r\u00e9m\u00e1lma, majd az Ukr\u00e1n Felkel\u0151 Hadsereg terrorja jellemezte. Zbigniew Kuchci\u0144ski \u00e9s csal\u00e1dja k\u00e9nytelen volt seg\u00edts\u00e9get k\u00e9rni az orsz\u00e1g biztons\u00e1gosabb r\u00e9szein.<\/p>\n\n\n\n<p>A II. Lengyel K\u00f6zt\u00e1rsas\u00e1g vajd\u00e1ib\u00f3l (Lw\u00f3w, Stanis\u0142aw\u00f3w, Tarnopol) \u00e9rkeztek lengyelek vonattal Przemy\u015blbe, ahol az \u00c1llami Hazatelep\u00edt\u00e9si Hivatal nagy kirendelts\u00e9ge volt. Az iratok k\u00e9zhezv\u00e9tele ut\u00e1n n\u00e9h\u00e1nyan tov\u00e1bbmentek, m\u00e1sok Przemy\u015blben kerestek mened\u00e9ket. A Kuchci\u0144ski csal\u00e1d \u00e9let\u00e9nek \u00faj fejezet\u00e9t kezdte ott. A hamis\u00edtott dokumentumoknak k\u00f6sz\u00f6nhet\u0151en a t\u00f6bb \u00e9vvel fiatalabb Zbigniew nem osztozott b\u00e1tyja, Mieczys\u0142aw sors\u00e1ban, akit tin\u00e9dzserk\u00e9nt N\u00e9metorsz\u00e1gba k\u00fcldtek dolgozni. A nagyb\u00e1ty\u00e1m onnan Sv\u00e1jcba, majd Olaszorsz\u00e1gba sz\u00f6k\u00f6tt, ahol Anders t\u00e1bornok sereg\u00e9be vonult be. Ott szolg\u00e1lt a h\u00e1bor\u00fa v\u00e9g\u00e9ig. \u00c9rdekes m\u00f3don Zbigniew m\u00e1sik f\u00e9ltestv\u00e9re, Marian Milewski (AK &quot;Czarny&quot;) is megsz\u00f6k\u00f6tt az Oflagb\u00f3l a vars\u00f3i felkel\u00e9s buk\u00e1sa ut\u00e1n, \u00e9s szint\u00e9n Sv\u00e1jcon kereszt\u00fcl jutott el Andersbe. Mindk\u00e9t testv\u00e9r nem tudta, hogy egy\u00fctt szolg\u00e1ltak a II. hadtestben.<\/p>\n\n\n\n<p>Zbigniew Kuchci\u0144ski alap\u00edt\u00f3 tagja volt az 1989 janu\u00e1rj\u00e1ban megalakult Przemy\u015bl Sasfi\u00f3k\u00e1k Eml\u00e9kez\u00e9s\u00e9nek Egyes\u00fclet\u00e9nek, 1989. m\u00e1rcius 4-t\u0151l a Lviv \u00e9s D\u00e9lkeleti Hat\u00e1rvid\u00e9k Szerelmes T\u00e1rsas\u00e1g\u00e1nak, 1989 k\u00f6zep\u00e9t\u0151l pedig alap\u00edt\u00f3 tagja. - a TMLiKPW igazgat\u00f3s\u00e1g\u00e1nak eln\u00f6ke. Szervezte a keleti lengyelek seg\u00e9lyez\u00e9s\u00e9t, \u00e9lelmiszer-adom\u00e1nyokat, gyerty\u00e1k gy\u0171jt\u00e9s\u00e9t a lengyel h\u0151s\u00f6k s\u00edrjaihoz a sasfi\u00f3k\u00e1k, Lviv v\u00e9delmez\u0151i temet\u0151j\u00e9be. Fiatalok cser\u00e9j\u00e9t kezdem\u00e9nyezett a lengyel oktat\u00e1si nyelv\u0171 lvivi iskol\u00e1k k\u00f6z\u00f6tt. \u0150 volt a przemy\u015bli K\u00f6zponti Meg\u00e1llapod\u00e1s alap\u00edt\u00f3ja is.<\/p>\n\n\n\n<figure class=\"wp-block-image size-large\"><a href=\"https:\/\/marekkuchcinski.pl\/wp-content\/uploads\/2023\/03\/ZKu.png\"><img fetchpriority=\"high\" decoding=\"async\" width=\"1024\" height=\"694\" src=\"https:\/\/marekkuchcinski.pl\/wp-content\/uploads\/2023\/03\/ZKu-1024x694.png\" alt=\"\" class=\"wp-image-28182\" srcset=\"https:\/\/marekkuchcinski.pl\/wp-content\/uploads\/2023\/03\/ZKu-1024x694.png 1024w, https:\/\/marekkuchcinski.pl\/wp-content\/uploads\/2023\/03\/ZKu-300x203.png 300w, https:\/\/marekkuchcinski.pl\/wp-content\/uploads\/2023\/03\/ZKu-768x521.png 768w, https:\/\/marekkuchcinski.pl\/wp-content\/uploads\/2023\/03\/ZKu-1536x1042.png 1536w, https:\/\/marekkuchcinski.pl\/wp-content\/uploads\/2023\/03\/ZKu-18x12.png 18w, https:\/\/marekkuchcinski.pl\/wp-content\/uploads\/2023\/03\/ZKu.png 1600w\" sizes=\"(max-width: 1024px) 100vw, 1024px\" \/><\/a><figcaption class=\"wp-element-caption\">Zbigniew Kuchci\u0144ski, 1963 t\u00e9l. Przemy\u015bl fel\u00fclr\u0151l<\/figcaption><\/figure>\n\n\n\n<figure class=\"wp-block-image size-large is-resized\"><a href=\"https:\/\/marekkuchcinski.pl\/wp-content\/uploads\/2023\/03\/ZK.jpg\"><img decoding=\"async\" src=\"https:\/\/marekkuchcinski.pl\/wp-content\/uploads\/2023\/03\/ZK-1024x710.jpg\" alt=\"\" class=\"wp-image-28184\" width=\"840\" height=\"582\" srcset=\"https:\/\/marekkuchcinski.pl\/wp-content\/uploads\/2023\/03\/ZK-1024x710.jpg 1024w, https:\/\/marekkuchcinski.pl\/wp-content\/uploads\/2023\/03\/ZK-300x208.jpg 300w, https:\/\/marekkuchcinski.pl\/wp-content\/uploads\/2023\/03\/ZK-768x533.jpg 768w, https:\/\/marekkuchcinski.pl\/wp-content\/uploads\/2023\/03\/ZK-18x12.jpg 18w, https:\/\/marekkuchcinski.pl\/wp-content\/uploads\/2023\/03\/ZK.jpg 1448w\" sizes=\"(max-width: 840px) 100vw, 840px\" \/><\/a><figcaption class=\"wp-element-caption\">A Lemberg \u00e9s a d\u00e9lkeleti hat\u00e1rvid\u00e9k szerelmeseinek t\u00e1rsas\u00e1g\u00e1nak vezet\u0151s\u00e9ge. Zbigniew Kuchci\u0144ski balr\u00f3l az els\u0151<\/figcaption><\/figure>","protected":false},"excerpt":{"rendered":"<p>Ojciec b. marsza\u0142ka Sejmu i obecnego szefa KPRM Marka Kuchci\u0144skiego urodzi\u0142 si\u0119 25 stycznia 1929 roku w Nowosi\u00f3\u0142kach w woj. lwowskim. Niestety jego dzieci\u0144stwo zosta\u0142o naznaczone przez tragedi\u0119 wojny, inwazj\u0119 armii sowieckiej, koszmar niemieckiej okupacji, a potem terror Ukrai\u0144skiej Powsta\u0144czej Armii. Zbigniew Kuchci\u0144ski wraz z rodzin\u0105 zmuszony by\u0142 do szukania ratunku w bezpieczniejszych zak\u0105tkach kraju. [&hellip;]<\/p>","protected":false},"author":21,"featured_media":28182,"comment_status":"closed","ping_status":"open","sticky":false,"template":"","format":"standard","meta":{"ngg_post_thumbnail":0,"footnotes":""},"categories":[3],"tags":[],"class_list":["post-28180","post","type-post","status-publish","format-standard","has-post-thumbnail","hentry","category-wydarzenia"],"yoast_head":"<!-- This site is optimized with the Yoast SEO plugin v24.7 - https:\/\/yoast.com\/wordpress\/plugins\/seo\/ -->\n<title>17 marca 1994 r. zmar\u0142 Zbigniew Kuchci\u0144ski, za\u0142o\u017cyciel Stowarzyszenia Pami\u0119ci Orl\u0105t Przemyskich, Towarzystwa Mi\u0142o\u015bnik\u00f3w Lwowa oraz PC w Przemy\u015blu &#8211; Marek Kuchci\u0144ski<\/title>\n<meta name=\"robots\" content=\"index, follow, max-snippet:-1, max-image-preview:large, max-video-preview:-1\" \/>\n<link rel=\"canonical\" href=\"https:\/\/marekkuchcinski.pl\/hu\/wydarzenia\/17-marca-1994-r-zmarl-zbigniew-kuchcinski-zalozyciel-zalozyciel-stowarzyszenia-pamieci-orlat-przemyskich-oraz-pc-w-przemyslu\/\" \/>\n<meta property=\"og:locale\" content=\"hu_HU\" \/>\n<meta property=\"og:type\" content=\"article\" \/>\n<meta property=\"og:title\" content=\"17 marca 1994 r. zmar\u0142 Zbigniew Kuchci\u0144ski, za\u0142o\u017cyciel Stowarzyszenia Pami\u0119ci Orl\u0105t Przemyskich, Towarzystwa Mi\u0142o\u015bnik\u00f3w Lwowa oraz PC w Przemy\u015blu &#8211; Marek Kuchci\u0144ski\" \/>\n<meta property=\"og:description\" content=\"Ojciec b. marsza\u0142ka Sejmu i obecnego szefa KPRM Marka Kuchci\u0144skiego urodzi\u0142 si\u0119 25 stycznia 1929 roku w Nowosi\u00f3\u0142kach w woj. lwowskim. Niestety jego dzieci\u0144stwo zosta\u0142o naznaczone przez tragedi\u0119 wojny, inwazj\u0119 armii sowieckiej, koszmar niemieckiej okupacji, a potem terror Ukrai\u0144skiej Powsta\u0144czej Armii. Zbigniew Kuchci\u0144ski wraz z rodzin\u0105 zmuszony by\u0142 do szukania ratunku w bezpieczniejszych zak\u0105tkach kraju. [&hellip;]\" \/>\n<meta property=\"og:url\" content=\"https:\/\/marekkuchcinski.pl\/hu\/wydarzenia\/17-marca-1994-r-zmarl-zbigniew-kuchcinski-zalozyciel-zalozyciel-stowarzyszenia-pamieci-orlat-przemyskich-oraz-pc-w-przemyslu\/\" \/>\n<meta property=\"og:site_name\" content=\"Marek Kuchci\u0144ski\" \/>\n<meta property=\"article:published_time\" content=\"2023-03-17T14:36:31+00:00\" \/>\n<meta property=\"article:modified_time\" content=\"2023-03-17T14:37:28+00:00\" \/>\n<meta property=\"og:image\" content=\"https:\/\/marekkuchcinski.pl\/wp-content\/uploads\/2023\/03\/ZKu.png\" \/>\n\t<meta property=\"og:image:width\" content=\"1600\" \/>\n\t<meta property=\"og:image:height\" content=\"1085\" \/>\n\t<meta property=\"og:image:type\" content=\"image\/png\" \/>\n<meta name=\"author\" content=\"Marta Olejnik\" \/>\n<meta name=\"twitter:card\" content=\"summary_large_image\" \/>\n<meta name=\"twitter:label1\" content=\"Szerz\u0151:\" \/>\n\t<meta name=\"twitter:data1\" content=\"Marta Olejnik\" \/>\n\t<meta name=\"twitter:label2\" content=\"Becs\u00fclt olvas\u00e1si id\u0151\" \/>\n\t<meta name=\"twitter:data2\" content=\"3 perc\" \/>\n<script type=\"application\/ld+json\" class=\"yoast-schema-graph\">{\"@context\":\"https:\/\/schema.org\",\"@graph\":[{\"@type\":\"Article\",\"@id\":\"https:\/\/marekkuchcinski.pl\/wydarzenia\/17-marca-1994-r-zmarl-zbigniew-kuchcinski-zalozyciel-zalozyciel-stowarzyszenia-pamieci-orlat-przemyskich-oraz-pc-w-przemyslu\/#article\",\"isPartOf\":{\"@id\":\"https:\/\/marekkuchcinski.pl\/wydarzenia\/17-marca-1994-r-zmarl-zbigniew-kuchcinski-zalozyciel-zalozyciel-stowarzyszenia-pamieci-orlat-przemyskich-oraz-pc-w-przemyslu\/\"},\"author\":{\"name\":\"Marta Olejnik\",\"@id\":\"https:\/\/marekkuchcinski.pl\/#\/schema\/person\/51d5d4ee3b5317b8e4dd2b48af359229\"},\"headline\":\"17 marca 1994 r. zmar\u0142 Zbigniew Kuchci\u0144ski, za\u0142o\u017cyciel Stowarzyszenia Pami\u0119ci Orl\u0105t Przemyskich, Towarzystwa Mi\u0142o\u015bnik\u00f3w Lwowa oraz PC w Przemy\u015blu\",\"datePublished\":\"2023-03-17T14:36:31+00:00\",\"dateModified\":\"2023-03-17T14:37:28+00:00\",\"mainEntityOfPage\":{\"@id\":\"https:\/\/marekkuchcinski.pl\/wydarzenia\/17-marca-1994-r-zmarl-zbigniew-kuchcinski-zalozyciel-zalozyciel-stowarzyszenia-pamieci-orlat-przemyskich-oraz-pc-w-przemyslu\/\"},\"wordCount\":372,\"publisher\":{\"@id\":\"https:\/\/marekkuchcinski.pl\/#organization\"},\"image\":{\"@id\":\"https:\/\/marekkuchcinski.pl\/wydarzenia\/17-marca-1994-r-zmarl-zbigniew-kuchcinski-zalozyciel-zalozyciel-stowarzyszenia-pamieci-orlat-przemyskich-oraz-pc-w-przemyslu\/#primaryimage\"},\"thumbnailUrl\":\"https:\/\/marekkuchcinski.pl\/wp-content\/uploads\/2023\/03\/ZKu.png\",\"articleSection\":[\"Wydarzenia\"],\"inLanguage\":\"hu\"},{\"@type\":\"WebPage\",\"@id\":\"https:\/\/marekkuchcinski.pl\/wydarzenia\/17-marca-1994-r-zmarl-zbigniew-kuchcinski-zalozyciel-zalozyciel-stowarzyszenia-pamieci-orlat-przemyskich-oraz-pc-w-przemyslu\/\",\"url\":\"https:\/\/marekkuchcinski.pl\/wydarzenia\/17-marca-1994-r-zmarl-zbigniew-kuchcinski-zalozyciel-zalozyciel-stowarzyszenia-pamieci-orlat-przemyskich-oraz-pc-w-przemyslu\/\",\"name\":\"17 marca 1994 r. zmar\u0142 Zbigniew Kuchci\u0144ski, za\u0142o\u017cyciel Stowarzyszenia Pami\u0119ci Orl\u0105t Przemyskich, Towarzystwa Mi\u0142o\u015bnik\u00f3w Lwowa oraz PC w Przemy\u015blu &#8211; Marek Kuchci\u0144ski\",\"isPartOf\":{\"@id\":\"https:\/\/marekkuchcinski.pl\/#website\"},\"primaryImageOfPage\":{\"@id\":\"https:\/\/marekkuchcinski.pl\/wydarzenia\/17-marca-1994-r-zmarl-zbigniew-kuchcinski-zalozyciel-zalozyciel-stowarzyszenia-pamieci-orlat-przemyskich-oraz-pc-w-przemyslu\/#primaryimage\"},\"image\":{\"@id\":\"https:\/\/marekkuchcinski.pl\/wydarzenia\/17-marca-1994-r-zmarl-zbigniew-kuchcinski-zalozyciel-zalozyciel-stowarzyszenia-pamieci-orlat-przemyskich-oraz-pc-w-przemyslu\/#primaryimage\"},\"thumbnailUrl\":\"https:\/\/marekkuchcinski.pl\/wp-content\/uploads\/2023\/03\/ZKu.png\",\"datePublished\":\"2023-03-17T14:36:31+00:00\",\"dateModified\":\"2023-03-17T14:37:28+00:00\",\"breadcrumb\":{\"@id\":\"https:\/\/marekkuchcinski.pl\/wydarzenia\/17-marca-1994-r-zmarl-zbigniew-kuchcinski-zalozyciel-zalozyciel-stowarzyszenia-pamieci-orlat-przemyskich-oraz-pc-w-przemyslu\/#breadcrumb\"},\"inLanguage\":\"hu\",\"potentialAction\":[{\"@type\":\"ReadAction\",\"target\":[\"https:\/\/marekkuchcinski.pl\/wydarzenia\/17-marca-1994-r-zmarl-zbigniew-kuchcinski-zalozyciel-zalozyciel-stowarzyszenia-pamieci-orlat-przemyskich-oraz-pc-w-przemyslu\/\"]}]},{\"@type\":\"ImageObject\",\"inLanguage\":\"hu\",\"@id\":\"https:\/\/marekkuchcinski.pl\/wydarzenia\/17-marca-1994-r-zmarl-zbigniew-kuchcinski-zalozyciel-zalozyciel-stowarzyszenia-pamieci-orlat-przemyskich-oraz-pc-w-przemyslu\/#primaryimage\",\"url\":\"https:\/\/marekkuchcinski.pl\/wp-content\/uploads\/2023\/03\/ZKu.png\",\"contentUrl\":\"https:\/\/marekkuchcinski.pl\/wp-content\/uploads\/2023\/03\/ZKu.png\",\"width\":1600,\"height\":1085},{\"@type\":\"BreadcrumbList\",\"@id\":\"https:\/\/marekkuchcinski.pl\/wydarzenia\/17-marca-1994-r-zmarl-zbigniew-kuchcinski-zalozyciel-zalozyciel-stowarzyszenia-pamieci-orlat-przemyskich-oraz-pc-w-przemyslu\/#breadcrumb\",\"itemListElement\":[{\"@type\":\"ListItem\",\"position\":1,\"name\":\"Strona g\u0142\u00f3wna\",\"item\":\"https:\/\/marekkuchcinski.pl\/\"},{\"@type\":\"ListItem\",\"position\":2,\"name\":\"17 marca 1994 r. zmar\u0142 Zbigniew Kuchci\u0144ski, za\u0142o\u017cyciel Stowarzyszenia Pami\u0119ci Orl\u0105t Przemyskich, Towarzystwa Mi\u0142o\u015bnik\u00f3w Lwowa oraz PC w Przemy\u015blu\"}]},{\"@type\":\"WebSite\",\"@id\":\"https:\/\/marekkuchcinski.pl\/#website\",\"url\":\"https:\/\/marekkuchcinski.pl\/\",\"name\":\"Marek Kuchci\u0144ski\",\"description\":\"Pose\u0142 na sejm RP &ndash; okr\u0119g nr 22\",\"publisher\":{\"@id\":\"https:\/\/marekkuchcinski.pl\/#organization\"},\"potentialAction\":[{\"@type\":\"SearchAction\",\"target\":{\"@type\":\"EntryPoint\",\"urlTemplate\":\"https:\/\/marekkuchcinski.pl\/?s={search_term_string}\"},\"query-input\":{\"@type\":\"PropertyValueSpecification\",\"valueRequired\":true,\"valueName\":\"search_term_string\"}}],\"inLanguage\":\"hu\"},{\"@type\":\"Organization\",\"@id\":\"https:\/\/marekkuchcinski.pl\/#organization\",\"name\":\"Marek Kuchci\u0144ski\",\"url\":\"https:\/\/marekkuchcinski.pl\/\",\"logo\":{\"@type\":\"ImageObject\",\"inLanguage\":\"hu\",\"@id\":\"https:\/\/marekkuchcinski.pl\/#\/schema\/logo\/image\/\",\"url\":\"https:\/\/marekkuchcinski.pl\/wp-content\/uploads\/2022\/09\/Marek.jpg\",\"contentUrl\":\"https:\/\/marekkuchcinski.pl\/wp-content\/uploads\/2022\/09\/Marek.jpg\",\"width\":1600,\"height\":971,\"caption\":\"Marek Kuchci\u0144ski\"},\"image\":{\"@id\":\"https:\/\/marekkuchcinski.pl\/#\/schema\/logo\/image\/\"}},{\"@type\":\"Person\",\"@id\":\"https:\/\/marekkuchcinski.pl\/#\/schema\/person\/51d5d4ee3b5317b8e4dd2b48af359229\",\"name\":\"Marta Olejnik\",\"image\":{\"@type\":\"ImageObject\",\"inLanguage\":\"hu\",\"@id\":\"https:\/\/marekkuchcinski.pl\/#\/schema\/person\/image\/\",\"url\":\"https:\/\/secure.gravatar.com\/avatar\/e39914b2aa6a48959e24d475b5dc9793?s=96&d=mm&r=g\",\"contentUrl\":\"https:\/\/secure.gravatar.com\/avatar\/e39914b2aa6a48959e24d475b5dc9793?s=96&d=mm&r=g\",\"caption\":\"Marta Olejnik\"},\"url\":\"https:\/\/marekkuchcinski.pl\/hu\/author\/marta\/\"}]}<\/script>\n<!-- \/ Yoast SEO plugin. -->","yoast_head_json":{"title":"17 marca 1994 r. zmar\u0142 Zbigniew Kuchci\u0144ski, za\u0142o\u017cyciel Stowarzyszenia Pami\u0119ci Orl\u0105t Przemyskich, Towarzystwa Mi\u0142o\u015bnik\u00f3w Lwowa oraz PC w Przemy\u015blu &#8211; Marek Kuchci\u0144ski","robots":{"index":"index","follow":"follow","max-snippet":"max-snippet:-1","max-image-preview":"max-image-preview:large","max-video-preview":"max-video-preview:-1"},"canonical":"https:\/\/marekkuchcinski.pl\/hu\/wydarzenia\/17-marca-1994-r-zmarl-zbigniew-kuchcinski-zalozyciel-zalozyciel-stowarzyszenia-pamieci-orlat-przemyskich-oraz-pc-w-przemyslu\/","og_locale":"hu_HU","og_type":"article","og_title":"17 marca 1994 r. zmar\u0142 Zbigniew Kuchci\u0144ski, za\u0142o\u017cyciel Stowarzyszenia Pami\u0119ci Orl\u0105t Przemyskich, Towarzystwa Mi\u0142o\u015bnik\u00f3w Lwowa oraz PC w Przemy\u015blu &#8211; Marek Kuchci\u0144ski","og_description":"Ojciec b. marsza\u0142ka Sejmu i obecnego szefa KPRM Marka Kuchci\u0144skiego urodzi\u0142 si\u0119 25 stycznia 1929 roku w Nowosi\u00f3\u0142kach w woj. lwowskim. Niestety jego dzieci\u0144stwo zosta\u0142o naznaczone przez tragedi\u0119 wojny, inwazj\u0119 armii sowieckiej, koszmar niemieckiej okupacji, a potem terror Ukrai\u0144skiej Powsta\u0144czej Armii. Zbigniew Kuchci\u0144ski wraz z rodzin\u0105 zmuszony by\u0142 do szukania ratunku w bezpieczniejszych zak\u0105tkach kraju. [&hellip;]","og_url":"https:\/\/marekkuchcinski.pl\/hu\/wydarzenia\/17-marca-1994-r-zmarl-zbigniew-kuchcinski-zalozyciel-zalozyciel-stowarzyszenia-pamieci-orlat-przemyskich-oraz-pc-w-przemyslu\/","og_site_name":"Marek Kuchci\u0144ski","article_published_time":"2023-03-17T14:36:31+00:00","article_modified_time":"2023-03-17T14:37:28+00:00","og_image":[{"width":1600,"height":1085,"url":"https:\/\/marekkuchcinski.pl\/wp-content\/uploads\/2023\/03\/ZKu.png","type":"image\/png"}],"author":"Marta Olejnik","twitter_card":"summary_large_image","twitter_misc":{"Szerz\u0151:":"Marta Olejnik","Becs\u00fclt olvas\u00e1si id\u0151":"3 perc"},"schema":{"@context":"https:\/\/schema.org","@graph":[{"@type":"Article","@id":"https:\/\/marekkuchcinski.pl\/wydarzenia\/17-marca-1994-r-zmarl-zbigniew-kuchcinski-zalozyciel-zalozyciel-stowarzyszenia-pamieci-orlat-przemyskich-oraz-pc-w-przemyslu\/#article","isPartOf":{"@id":"https:\/\/marekkuchcinski.pl\/wydarzenia\/17-marca-1994-r-zmarl-zbigniew-kuchcinski-zalozyciel-zalozyciel-stowarzyszenia-pamieci-orlat-przemyskich-oraz-pc-w-przemyslu\/"},"author":{"name":"Marta Olejnik","@id":"https:\/\/marekkuchcinski.pl\/#\/schema\/person\/51d5d4ee3b5317b8e4dd2b48af359229"},"headline":"17 marca 1994 r. zmar\u0142 Zbigniew Kuchci\u0144ski, za\u0142o\u017cyciel Stowarzyszenia Pami\u0119ci Orl\u0105t Przemyskich, Towarzystwa Mi\u0142o\u015bnik\u00f3w Lwowa oraz PC w Przemy\u015blu","datePublished":"2023-03-17T14:36:31+00:00","dateModified":"2023-03-17T14:37:28+00:00","mainEntityOfPage":{"@id":"https:\/\/marekkuchcinski.pl\/wydarzenia\/17-marca-1994-r-zmarl-zbigniew-kuchcinski-zalozyciel-zalozyciel-stowarzyszenia-pamieci-orlat-przemyskich-oraz-pc-w-przemyslu\/"},"wordCount":372,"publisher":{"@id":"https:\/\/marekkuchcinski.pl\/#organization"},"image":{"@id":"https:\/\/marekkuchcinski.pl\/wydarzenia\/17-marca-1994-r-zmarl-zbigniew-kuchcinski-zalozyciel-zalozyciel-stowarzyszenia-pamieci-orlat-przemyskich-oraz-pc-w-przemyslu\/#primaryimage"},"thumbnailUrl":"https:\/\/marekkuchcinski.pl\/wp-content\/uploads\/2023\/03\/ZKu.png","articleSection":["Wydarzenia"],"inLanguage":"hu"},{"@type":"WebPage","@id":"https:\/\/marekkuchcinski.pl\/wydarzenia\/17-marca-1994-r-zmarl-zbigniew-kuchcinski-zalozyciel-zalozyciel-stowarzyszenia-pamieci-orlat-przemyskich-oraz-pc-w-przemyslu\/","url":"https:\/\/marekkuchcinski.pl\/wydarzenia\/17-marca-1994-r-zmarl-zbigniew-kuchcinski-zalozyciel-zalozyciel-stowarzyszenia-pamieci-orlat-przemyskich-oraz-pc-w-przemyslu\/","name":"17 marca 1994 r. zmar\u0142 Zbigniew Kuchci\u0144ski, za\u0142o\u017cyciel Stowarzyszenia Pami\u0119ci Orl\u0105t Przemyskich, Towarzystwa Mi\u0142o\u015bnik\u00f3w Lwowa oraz PC w Przemy\u015blu &#8211; Marek Kuchci\u0144ski","isPartOf":{"@id":"https:\/\/marekkuchcinski.pl\/#website"},"primaryImageOfPage":{"@id":"https:\/\/marekkuchcinski.pl\/wydarzenia\/17-marca-1994-r-zmarl-zbigniew-kuchcinski-zalozyciel-zalozyciel-stowarzyszenia-pamieci-orlat-przemyskich-oraz-pc-w-przemyslu\/#primaryimage"},"image":{"@id":"https:\/\/marekkuchcinski.pl\/wydarzenia\/17-marca-1994-r-zmarl-zbigniew-kuchcinski-zalozyciel-zalozyciel-stowarzyszenia-pamieci-orlat-przemyskich-oraz-pc-w-przemyslu\/#primaryimage"},"thumbnailUrl":"https:\/\/marekkuchcinski.pl\/wp-content\/uploads\/2023\/03\/ZKu.png","datePublished":"2023-03-17T14:36:31+00:00","dateModified":"2023-03-17T14:37:28+00:00","breadcrumb":{"@id":"https:\/\/marekkuchcinski.pl\/wydarzenia\/17-marca-1994-r-zmarl-zbigniew-kuchcinski-zalozyciel-zalozyciel-stowarzyszenia-pamieci-orlat-przemyskich-oraz-pc-w-przemyslu\/#breadcrumb"},"inLanguage":"hu","potentialAction":[{"@type":"ReadAction","target":["https:\/\/marekkuchcinski.pl\/wydarzenia\/17-marca-1994-r-zmarl-zbigniew-kuchcinski-zalozyciel-zalozyciel-stowarzyszenia-pamieci-orlat-przemyskich-oraz-pc-w-przemyslu\/"]}]},{"@type":"ImageObject","inLanguage":"hu","@id":"https:\/\/marekkuchcinski.pl\/wydarzenia\/17-marca-1994-r-zmarl-zbigniew-kuchcinski-zalozyciel-zalozyciel-stowarzyszenia-pamieci-orlat-przemyskich-oraz-pc-w-przemyslu\/#primaryimage","url":"https:\/\/marekkuchcinski.pl\/wp-content\/uploads\/2023\/03\/ZKu.png","contentUrl":"https:\/\/marekkuchcinski.pl\/wp-content\/uploads\/2023\/03\/ZKu.png","width":1600,"height":1085},{"@type":"BreadcrumbList","@id":"https:\/\/marekkuchcinski.pl\/wydarzenia\/17-marca-1994-r-zmarl-zbigniew-kuchcinski-zalozyciel-zalozyciel-stowarzyszenia-pamieci-orlat-przemyskich-oraz-pc-w-przemyslu\/#breadcrumb","itemListElement":[{"@type":"ListItem","position":1,"name":"Strona g\u0142\u00f3wna","item":"https:\/\/marekkuchcinski.pl\/"},{"@type":"ListItem","position":2,"name":"17 marca 1994 r. zmar\u0142 Zbigniew Kuchci\u0144ski, za\u0142o\u017cyciel Stowarzyszenia Pami\u0119ci Orl\u0105t Przemyskich, Towarzystwa Mi\u0142o\u015bnik\u00f3w Lwowa oraz PC w Przemy\u015blu"}]},{"@type":"WebSite","@id":"https:\/\/marekkuchcinski.pl\/#website","url":"https:\/\/marekkuchcinski.pl\/","name":"Marek Kuchci\u0144ski","description":"Pose\u0142 na sejm RP &ndash; okr\u0119g nr 22","publisher":{"@id":"https:\/\/marekkuchcinski.pl\/#organization"},"potentialAction":[{"@type":"SearchAction","target":{"@type":"EntryPoint","urlTemplate":"https:\/\/marekkuchcinski.pl\/?s={search_term_string}"},"query-input":{"@type":"PropertyValueSpecification","valueRequired":true,"valueName":"search_term_string"}}],"inLanguage":"hu"},{"@type":"Organization","@id":"https:\/\/marekkuchcinski.pl\/#organization","name":"Marek Kuchci\u0144ski","url":"https:\/\/marekkuchcinski.pl\/","logo":{"@type":"ImageObject","inLanguage":"hu","@id":"https:\/\/marekkuchcinski.pl\/#\/schema\/logo\/image\/","url":"https:\/\/marekkuchcinski.pl\/wp-content\/uploads\/2022\/09\/Marek.jpg","contentUrl":"https:\/\/marekkuchcinski.pl\/wp-content\/uploads\/2022\/09\/Marek.jpg","width":1600,"height":971,"caption":"Marek Kuchci\u0144ski"},"image":{"@id":"https:\/\/marekkuchcinski.pl\/#\/schema\/logo\/image\/"}},{"@type":"Person","@id":"https:\/\/marekkuchcinski.pl\/#\/schema\/person\/51d5d4ee3b5317b8e4dd2b48af359229","name":"Marta Olejnik","image":{"@type":"ImageObject","inLanguage":"hu","@id":"https:\/\/marekkuchcinski.pl\/#\/schema\/person\/image\/","url":"https:\/\/secure.gravatar.com\/avatar\/e39914b2aa6a48959e24d475b5dc9793?s=96&d=mm&r=g","contentUrl":"https:\/\/secure.gravatar.com\/avatar\/e39914b2aa6a48959e24d475b5dc9793?s=96&d=mm&r=g","caption":"Marta Olejnik"},"url":"https:\/\/marekkuchcinski.pl\/hu\/author\/marta\/"}]}},"_links":{"self":[{"href":"https:\/\/marekkuchcinski.pl\/hu\/wp-json\/wp\/v2\/posts\/28180","targetHints":{"allow":["GET"]}}],"collection":[{"href":"https:\/\/marekkuchcinski.pl\/hu\/wp-json\/wp\/v2\/posts"}],"about":[{"href":"https:\/\/marekkuchcinski.pl\/hu\/wp-json\/wp\/v2\/types\/post"}],"author":[{"embeddable":true,"href":"https:\/\/marekkuchcinski.pl\/hu\/wp-json\/wp\/v2\/users\/21"}],"replies":[{"embeddable":true,"href":"https:\/\/marekkuchcinski.pl\/hu\/wp-json\/wp\/v2\/comments?post=28180"}],"version-history":[{"count":4,"href":"https:\/\/marekkuchcinski.pl\/hu\/wp-json\/wp\/v2\/posts\/28180\/revisions"}],"predecessor-version":[{"id":28186,"href":"https:\/\/marekkuchcinski.pl\/hu\/wp-json\/wp\/v2\/posts\/28180\/revisions\/28186"}],"wp:featuredmedia":[{"embeddable":true,"href":"https:\/\/marekkuchcinski.pl\/hu\/wp-json\/wp\/v2\/media\/28182"}],"wp:attachment":[{"href":"https:\/\/marekkuchcinski.pl\/hu\/wp-json\/wp\/v2\/media?parent=28180"}],"wp:term":[{"taxonomy":"category","embeddable":true,"href":"https:\/\/marekkuchcinski.pl\/hu\/wp-json\/wp\/v2\/categories?post=28180"},{"taxonomy":"post_tag","embeddable":true,"href":"https:\/\/marekkuchcinski.pl\/hu\/wp-json\/wp\/v2\/tags?post=28180"}],"curies":[{"name":"wp","href":"https:\/\/api.w.org\/{rel}","templated":true}]}}