{"id":28082,"date":"2023-03-05T12:33:59","date_gmt":"2023-03-05T11:33:59","guid":{"rendered":"https:\/\/marekkuchcinski.pl\/?p=28082"},"modified":"2023-03-06T12:31:03","modified_gmt":"2023-03-06T11:31:03","slug":"w-przemyslu-zainaugurowano-ogolnopolska-trase-multimedialnego-projektu-iskry-niepodleglej","status":"publish","type":"post","link":"https:\/\/marekkuchcinski.pl\/hu\/wydarzenia\/w-przemyslu-zainaugurowano-ogolnopolska-trase-multimedialnego-projektu-iskry-niepodleglej\/","title":{"rendered":"Przemy\u015blben avatt\u00e1k fel az \u201eIskra Niepodlegej\u201d multim\u00e9di\u00e1s projekt orsz\u00e1gos \u00fatvonal\u00e1t."},"content":{"rendered":"<p>A przemy\u015bli piacon elindult az &quot;Iskra Niepodlegej&quot; orsz\u00e1gos projekt, amely modern technol\u00f3gi\u00e1kat haszn\u00e1l a lengyel t\u00f6rt\u00e9nelem oktat\u00e1s\u00e1ra \u00e9s bemutat\u00e1s\u00e1ra. <\/p>\n\n\n\n<p><strong>\u2013 Digit\u00e1lis t\u00f6rt\u00e9net kiemelked\u0151 lengyelekr\u0151l az \u201eIskra Niepodleg\u0142a\u201d mobilm\u0171soron kereszt\u00fcl. A t\u00f6rt\u00e9nelemtanul\u00e1s rendk\u00edv\u00fcl \u00e9rdekes form\u00e1ban, identit\u00e1ser\u0151s\u00edt\u0151, b\u00fcszkes\u00e9g \u00e9s inspir\u00e1ci\u00f3 a kreat\u00edv \u00e9s az orsz\u00e1g sz\u00e1m\u00e1ra fontos tev\u00e9kenys\u00e9gekhez. Ma Podkarpacie-b\u00f3l indulunk, ahol sok kiemelked\u0151 ember sz\u00fcletett vagy \u00e9lte \u00e9let\u00e9t \u2013 politikusokt\u00f3l, katonas\u00e1gt\u00f3l kezdve a tud\u00f3sokon, feltal\u00e1l\u00f3kon \u00e1t a m\u0171v\u00e9szetig. A sz\u00e1z bemutatott figura k\u00f6z\u00f6tt van Jan Szczepanik \u2013 a lengyel Edison vagy \u201egal\u00edciai Leonardo da Vinci\u201d feltal\u00e1l\u00f3. Sz\u00e1mos tal\u00e1lm\u00e1ny szerz\u0151je a sz\u00ednes sz\u00f6v\u00e9s, film \u00e9s fot\u00f3technika ter\u00fclet\u00e9n, de egyik legfontosabb eredm\u00e9nye egy k\u00f6nnyen legy\u00e1rthat\u00f3 goly\u00f3\u00e1ll\u00f3 mell\u00e9ny megalkot\u00e1sa.<\/strong> \u2013 mondta a Minisztereln\u00f6ks\u00e9g vezet\u0151je, Marek Kuchci\u0144ski.<\/p>\n\n\n\n<p>\u2013 A lengyel t\u00f6rt\u00e9nelemr\u0151l azokon a szerepl\u0151k\u00f6n kereszt\u00fcl besz\u00e9l\u00fcnk, akik azt l\u00e9trehozt\u00e1k, \u00e9s akik p\u00e9ld\u00e1t mutatnak a Lengyel K\u00f6zt\u00e1rsas\u00e1g sz\u00e1m\u00e1ra v\u00e9gzett munk\u00e1ra. Ezek olyan szem\u00e9lyek, akik olyan ter\u00fcleteket k\u00e9pviselnek, mint a tudom\u00e1ny, a sport vagy a kult\u00fara. A bemutatott karakterek k\u00f6z\u00fcl a legkiemelked\u0151bbek: Irena Sendler \u00e9s Wanda Rutkiewicz. Ez az el\u0151ad\u00e1s rendk\u00edv\u00fcl modern jelleg\u0171, mert azt szeretn\u00e9nk, hogy a projekt \u00f6szt\u00f6n\u00f6zze a fiatalokat t\u00f6rt\u00e9nelm\u00fcnk megismer\u00e9s\u00e9re \u2013 \u00e9rvelt Piotr Gli\u0144ski kultur\u00e1lis miniszter.<\/p>\n\n\n\n<p>Az \u201eIskra Niepodleg\u0142a\u201d projektre m\u00e1r t\u00f6bb mint 100 v\u00e1ros jelentkezett az orsz\u00e1g k\u00fcl\u00f6nb\u00f6z\u0151 r\u00e9szeib\u0151l. A regisztr\u00e1ci\u00f3k m\u00e9g folyamatban vannak. K\u00e1rp\u00e1talj\u00e1n Przemy\u015bl mellett \u0141a\u0144cutba, Rzesz\u00f3wba \u00e9s Miejsce Piastowe-ba is ell\u00e1togat a show.<\/p>\n\n\n\n<p>Ezen a napon Gli\u0144ski minisztereln\u00f6k-helyettessel is egyeztet\u00e9st szerveztek a m\u0171eml\u00e9kv\u00e9delem k\u00e9rd\u00e9seir\u0151l. A Przemy\u015bl Kultur\u00e1lis T\u00e1rsas\u00e1g bemutatta az \u00d6r\u00f6ks\u00e9g Revitaliz\u00e1ci\u00f3s \u00dcgyn\u00f6ks\u00e9g projektj\u00e9t, amelyet a Nemzeti K\u00f6rnyezetv\u00e9delmi Alap vagy m\u00e1s korm\u00e1nyzati szervek, p\u00e9ld\u00e1ul a Katonai Vagyon\u00fcgyn\u00f6ks\u00e9g mint\u00e1j\u00e1ra hoztak l\u00e9tre. A pusztul\u00f3 m\u0171eml\u00e9kek \u00e1llagmeg\u00f3v\u00e1s\u00e1t v\u00e9gzi, \u00e9s hasznos funkci\u00f3t ad nekik.<\/p>\n\n\n\n<p><strong>\u2013 Mi\u00e9rt a PTK-ban tal\u00e1lkoztunk? Ennek a helynek megvan a maga t\u00f6rt\u00e9nete, \u00e9s tal\u00e1n a mai t\u00e1rgyal\u00e1sok olyan pozit\u00edv hat\u00e1st fognak hozni, mint 30 \u00e9vvel ezel\u0151tt. Itt volt az egykori Empik k\u00f6nyv- \u00e9s sajt\u00f3klub, amelyet 1989-ben a v\u00e1laszt\u00e1sok megnyer\u00e9se ut\u00e1n a Szolidarit\u00e1s Polg\u00e1ri Bizotts\u00e1ga vett \u00e1t, ennek alapj\u00e1n szervezt\u00fck meg a Przemy\u015bl Kultur\u00e1lis T\u00e1rsas\u00e1got \u2013 eml\u00e9kezett vissza Marek Kuchci\u0144ski.<\/strong><\/p>\n\n\n\n<p><\/p>\n\n\n\n<p><strong><mark style=\"background-color:rgba(0, 0, 0, 0)\" class=\"has-inline-color has-vivid-cyan-blue-color\">Podkarpacie-ban tal\u00e1lhat\u00f3:<\/mark><\/strong><\/p>\n\n\n\n<ul class=\"wp-block-list\">\n<li><strong>K\u00f6r\u00fclbel\u00fcl 6000 m\u0171eml\u00e9k ker\u00fclt az ingatlan-nyilv\u00e1ntart\u00e1sba<\/strong><\/li>\n\n\n\n<li><strong>6 m\u0171eml\u00e9k szerepel az UNESCO Kultur\u00e1lis Vil\u00e1g\u00f6r\u00f6ks\u00e9g list\u00e1j\u00e1n, \u00e9s ezen a list\u00e1n szerepelnek a Bieszczady Nemzeti Park eredeti K\u00e1rp\u00e1t-b\u00fckk\u00f6sei is<\/strong><\/li>\n\n\n\n<li><strong>7 rendelet, amely m\u0171eml\u00e9keket \u00edr fel a Lengyel K\u00f6zt\u00e1rsas\u00e1g T\u00f6rt\u00e9nelmi Eml\u00e9km\u0171veinek list\u00e1j\u00e1ra, bele\u00e9rtve a \u0141a\u0144cuti kast\u00e9lyt, a le\u017cajski Bernardin-komplexumot, a krasiczyni v\u00e1rat, a b\u00f3brkai M\u00fazeumot \u00e9s olajb\u00e1ny\u00e1t, a przemy\u015bli \u00f3v\u00e1rosi komplexumot, az egykori Przemy\u015bl er\u0151d komplexuma, a radru\u017ci ortodox templom<\/strong>.<\/li>\n<\/ul>\n\n\n\n<p><strong>2022. november 30-ig \u00f6sszesen 354 p\u00e1ly\u00e1zat \u00e9rkezett be a 2023-ban elv\u00e9gzett fel\u00faj\u00edt\u00e1si \u00e9s \u00e1llagmeg\u00f3v\u00e1si munk\u00e1k t\u00e1rsfinansz\u00edroz\u00e1s\u00e1ra \u00f6sszesen 66 832 851,13 PLN \u00e9rt\u00e9kben.<\/strong> <strong>PLN.<\/strong><\/p>\n\n\n\n<p><strong>A Przemy\u015bl sz\u00e1m\u00e1ra javasolt t\u00e1mogat\u00e1sok \u00f6sszege 1 281 000 PLN<\/strong>,<strong> Jaros\u0142aw 680 000 PLN.<\/strong><\/p>\n\n\n\n<p><strong>A versenyen sz\u00e9tosztott\u00e1k a przemy\u015bli PWKZ rendelkez\u00e9s\u00e9re \u00e1ll\u00f3 9 392 000 PLN \u00f6sszeget.<\/strong> <strong>Az ig\u00e9nyelt \u00f6sszegekhez meg\u00edt\u00e9lt t\u00e1mogat\u00e1sok ar\u00e1nya 14,05 %.\u00a0<\/strong><\/p>\n\n\n\n<p><strong><mark style=\"background-color:rgba(0, 0, 0, 0)\" class=\"has-inline-color has-vivid-cyan-blue-color\">Przemy\u015blben a m\u0171eml\u00e9kv\u00e9delemr\u0151l \u00e9s a m\u0171eml\u00e9kek gondoz\u00e1s\u00e1r\u00f3l sz\u00f3l\u00f3, 2003. j\u00falius 23-i t\u00f6rv\u00e9ny rendelkez\u00e9sei \u00e1ltal el\u0151\u00edrt term\u00e9szetv\u00e9delmi v\u00e9delem minden form\u00e1ja l\u00e9tezik, azaz:<\/mark><\/strong><\/p>\n\n\n\n<ul class=\"wp-block-list\">\n<li><strong>A v\u00e1ros v\u00e1rosi elrendez\u00e9s\u00e9nek m\u0171eml\u00e9ki nyilv\u00e1ntart\u00e1sba v\u00e9tele.<\/strong><\/li>\n\n\n\n<li><strong>Beker\u00fclt a Przemy\u015bl \u00f3v\u00e1rosi komplexum t\u00f6rt\u00e9nelmi eml\u00e9keinek jegyz\u00e9k\u00e9be<\/strong><\/li>\n\n\n\n<li><strong>Az egykori Przemy\u015bl-er\u0151d komplexum, valamint a h\u00e1bor\u00fas \u00e9s \u00f6nkorm\u00e1nyzati temet\u0151k felv\u00e9tele a m\u0171eml\u00e9kek list\u00e1j\u00e1ra.<\/strong><\/li>\n\n\n\n<li><strong>Przemy\u015bl \u00f3v\u00e1rosi komplexum\u00e1nak kultur\u00e1lis parkja, amelyet a przemy\u015bli v\u00e1rosi tan\u00e1cs hat\u00e1rozata fogadott el. Ezen a ter\u00fcleten 12 helyi terv k\u00e9sz\u00fclt. A m\u0171eml\u00e9kv\u00e9delmi int\u00e9zked\u00e9sek a helyi tervekben a term\u00e9szetv\u00e9delmi v\u00e9delem egyik form\u00e1j\u00e1t jelentik.<\/strong><\/li>\n<\/ul>\n\n\n\n<p><\/p>\n\n\n\n<p><strong>Adatok: Przemy\u015bl Tartom\u00e1nyi M\u0171eml\u00e9kv\u00e9delmi Hivatal<\/strong><\/p>\n\n\n\n<figure class=\"wp-block-image size-large\"><a href=\"https:\/\/marekkuchcinski.pl\/wp-content\/uploads\/2023\/03\/334745125_1522539611572843_3667816504883499112_n-1.jpg\"><img fetchpriority=\"high\" decoding=\"async\" width=\"1024\" height=\"682\" src=\"https:\/\/marekkuchcinski.pl\/wp-content\/uploads\/2023\/03\/334745125_1522539611572843_3667816504883499112_n-1-1024x682.jpg\" alt=\"\" class=\"wp-image-28087\" srcset=\"https:\/\/marekkuchcinski.pl\/wp-content\/uploads\/2023\/03\/334745125_1522539611572843_3667816504883499112_n-1-1024x682.jpg 1024w, https:\/\/marekkuchcinski.pl\/wp-content\/uploads\/2023\/03\/334745125_1522539611572843_3667816504883499112_n-1-300x200.jpg 300w, https:\/\/marekkuchcinski.pl\/wp-content\/uploads\/2023\/03\/334745125_1522539611572843_3667816504883499112_n-1-768x512.jpg 768w, https:\/\/marekkuchcinski.pl\/wp-content\/uploads\/2023\/03\/334745125_1522539611572843_3667816504883499112_n-1-1536x1023.jpg 1536w, https:\/\/marekkuchcinski.pl\/wp-content\/uploads\/2023\/03\/334745125_1522539611572843_3667816504883499112_n-1-18x12.jpg 18w, https:\/\/marekkuchcinski.pl\/wp-content\/uploads\/2023\/03\/334745125_1522539611572843_3667816504883499112_n-1.jpg 1600w\" sizes=\"(max-width: 1024px) 100vw, 1024px\" \/><\/a><\/figure>\n\n\n\n<figure class=\"wp-block-image size-large\"><a href=\"https:\/\/marekkuchcinski.pl\/wp-content\/uploads\/2023\/03\/334236749_105049942532047_9202097025890683156_n.jpg\"><img decoding=\"async\" width=\"1024\" height=\"682\" src=\"https:\/\/marekkuchcinski.pl\/wp-content\/uploads\/2023\/03\/334236749_105049942532047_9202097025890683156_n-1024x682.jpg\" alt=\"\" class=\"wp-image-28088\" srcset=\"https:\/\/marekkuchcinski.pl\/wp-content\/uploads\/2023\/03\/334236749_105049942532047_9202097025890683156_n-1024x682.jpg 1024w, https:\/\/marekkuchcinski.pl\/wp-content\/uploads\/2023\/03\/334236749_105049942532047_9202097025890683156_n-300x200.jpg 300w, https:\/\/marekkuchcinski.pl\/wp-content\/uploads\/2023\/03\/334236749_105049942532047_9202097025890683156_n-768x512.jpg 768w, https:\/\/marekkuchcinski.pl\/wp-content\/uploads\/2023\/03\/334236749_105049942532047_9202097025890683156_n-1536x1023.jpg 1536w, https:\/\/marekkuchcinski.pl\/wp-content\/uploads\/2023\/03\/334236749_105049942532047_9202097025890683156_n-18x12.jpg 18w, https:\/\/marekkuchcinski.pl\/wp-content\/uploads\/2023\/03\/334236749_105049942532047_9202097025890683156_n.jpg 1600w\" sizes=\"(max-width: 1024px) 100vw, 1024px\" \/><\/a><\/figure>\n\n\n\n<figure class=\"wp-block-image size-large\"><a href=\"https:\/\/marekkuchcinski.pl\/wp-content\/uploads\/2023\/03\/333798527_1387249105343322_8176835536365955514_n-2.jpg\"><img decoding=\"async\" width=\"1024\" height=\"682\" src=\"https:\/\/marekkuchcinski.pl\/wp-content\/uploads\/2023\/03\/333798527_1387249105343322_8176835536365955514_n-2-1024x682.jpg\" alt=\"\" class=\"wp-image-28089\" srcset=\"https:\/\/marekkuchcinski.pl\/wp-content\/uploads\/2023\/03\/333798527_1387249105343322_8176835536365955514_n-2-1024x682.jpg 1024w, https:\/\/marekkuchcinski.pl\/wp-content\/uploads\/2023\/03\/333798527_1387249105343322_8176835536365955514_n-2-300x200.jpg 300w, https:\/\/marekkuchcinski.pl\/wp-content\/uploads\/2023\/03\/333798527_1387249105343322_8176835536365955514_n-2-768x512.jpg 768w, https:\/\/marekkuchcinski.pl\/wp-content\/uploads\/2023\/03\/333798527_1387249105343322_8176835536365955514_n-2-1536x1023.jpg 1536w, https:\/\/marekkuchcinski.pl\/wp-content\/uploads\/2023\/03\/333798527_1387249105343322_8176835536365955514_n-2-18x12.jpg 18w, https:\/\/marekkuchcinski.pl\/wp-content\/uploads\/2023\/03\/333798527_1387249105343322_8176835536365955514_n-2.jpg 1600w\" sizes=\"(max-width: 1024px) 100vw, 1024px\" \/><\/a><\/figure>\n\n\n\n<figure class=\"wp-block-image size-large\"><a href=\"https:\/\/marekkuchcinski.pl\/wp-content\/uploads\/2023\/03\/334690509_722429129322709_177875450894397988_n.jpg\"><img loading=\"lazy\" decoding=\"async\" width=\"1024\" height=\"682\" src=\"https:\/\/marekkuchcinski.pl\/wp-content\/uploads\/2023\/03\/334690509_722429129322709_177875450894397988_n-1024x682.jpg\" alt=\"\" class=\"wp-image-28090\" srcset=\"https:\/\/marekkuchcinski.pl\/wp-content\/uploads\/2023\/03\/334690509_722429129322709_177875450894397988_n-1024x682.jpg 1024w, https:\/\/marekkuchcinski.pl\/wp-content\/uploads\/2023\/03\/334690509_722429129322709_177875450894397988_n-300x200.jpg 300w, https:\/\/marekkuchcinski.pl\/wp-content\/uploads\/2023\/03\/334690509_722429129322709_177875450894397988_n-768x512.jpg 768w, https:\/\/marekkuchcinski.pl\/wp-content\/uploads\/2023\/03\/334690509_722429129322709_177875450894397988_n-1536x1023.jpg 1536w, https:\/\/marekkuchcinski.pl\/wp-content\/uploads\/2023\/03\/334690509_722429129322709_177875450894397988_n-18x12.jpg 18w, https:\/\/marekkuchcinski.pl\/wp-content\/uploads\/2023\/03\/334690509_722429129322709_177875450894397988_n.jpg 1600w\" sizes=\"(max-width: 1024px) 100vw, 1024px\" \/><\/a><\/figure>\n\n\n\n<figure class=\"wp-block-image size-large\"><a href=\"https:\/\/marekkuchcinski.pl\/wp-content\/uploads\/2023\/03\/334756782_1396431071126485_8426519888789017465_n.jpg\"><img loading=\"lazy\" decoding=\"async\" width=\"1024\" height=\"682\" src=\"https:\/\/marekkuchcinski.pl\/wp-content\/uploads\/2023\/03\/334756782_1396431071126485_8426519888789017465_n-1024x682.jpg\" alt=\"\" class=\"wp-image-28091\" srcset=\"https:\/\/marekkuchcinski.pl\/wp-content\/uploads\/2023\/03\/334756782_1396431071126485_8426519888789017465_n-1024x682.jpg 1024w, https:\/\/marekkuchcinski.pl\/wp-content\/uploads\/2023\/03\/334756782_1396431071126485_8426519888789017465_n-300x200.jpg 300w, https:\/\/marekkuchcinski.pl\/wp-content\/uploads\/2023\/03\/334756782_1396431071126485_8426519888789017465_n-768x512.jpg 768w, https:\/\/marekkuchcinski.pl\/wp-content\/uploads\/2023\/03\/334756782_1396431071126485_8426519888789017465_n-1536x1023.jpg 1536w, https:\/\/marekkuchcinski.pl\/wp-content\/uploads\/2023\/03\/334756782_1396431071126485_8426519888789017465_n-18x12.jpg 18w, https:\/\/marekkuchcinski.pl\/wp-content\/uploads\/2023\/03\/334756782_1396431071126485_8426519888789017465_n.jpg 1600w\" sizes=\"(max-width: 1024px) 100vw, 1024px\" \/><\/a><\/figure>\n\n\n\n<figure class=\"wp-block-image size-large\"><a href=\"https:\/\/marekkuchcinski.pl\/wp-content\/uploads\/2023\/03\/DSC07473-1.jpg\"><img loading=\"lazy\" decoding=\"async\" width=\"1024\" height=\"684\" src=\"https:\/\/marekkuchcinski.pl\/wp-content\/uploads\/2023\/03\/DSC07473-1-1024x684.jpg\" alt=\"\" class=\"wp-image-28105\" srcset=\"https:\/\/marekkuchcinski.pl\/wp-content\/uploads\/2023\/03\/DSC07473-1-1024x684.jpg 1024w, https:\/\/marekkuchcinski.pl\/wp-content\/uploads\/2023\/03\/DSC07473-1-300x200.jpg 300w, https:\/\/marekkuchcinski.pl\/wp-content\/uploads\/2023\/03\/DSC07473-1-768x513.jpg 768w, https:\/\/marekkuchcinski.pl\/wp-content\/uploads\/2023\/03\/DSC07473-1-1536x1026.jpg 1536w, https:\/\/marekkuchcinski.pl\/wp-content\/uploads\/2023\/03\/DSC07473-1-18x12.jpg 18w, https:\/\/marekkuchcinski.pl\/wp-content\/uploads\/2023\/03\/DSC07473-1.jpg 1600w\" sizes=\"(max-width: 1024px) 100vw, 1024px\" \/><\/a><\/figure>\n\n\n\n<figure class=\"wp-block-image size-large\"><a href=\"https:\/\/marekkuchcinski.pl\/wp-content\/uploads\/2023\/03\/DSC07569-1.jpg\"><img loading=\"lazy\" decoding=\"async\" width=\"1024\" height=\"684\" src=\"https:\/\/marekkuchcinski.pl\/wp-content\/uploads\/2023\/03\/DSC07569-1-1024x684.jpg\" alt=\"\" class=\"wp-image-28112\" srcset=\"https:\/\/marekkuchcinski.pl\/wp-content\/uploads\/2023\/03\/DSC07569-1-1024x684.jpg 1024w, https:\/\/marekkuchcinski.pl\/wp-content\/uploads\/2023\/03\/DSC07569-1-300x200.jpg 300w, https:\/\/marekkuchcinski.pl\/wp-content\/uploads\/2023\/03\/DSC07569-1-768x513.jpg 768w, https:\/\/marekkuchcinski.pl\/wp-content\/uploads\/2023\/03\/DSC07569-1-1536x1026.jpg 1536w, https:\/\/marekkuchcinski.pl\/wp-content\/uploads\/2023\/03\/DSC07569-1-18x12.jpg 18w, https:\/\/marekkuchcinski.pl\/wp-content\/uploads\/2023\/03\/DSC07569-1.jpg 1600w\" sizes=\"(max-width: 1024px) 100vw, 1024px\" \/><\/a><\/figure>","protected":false},"excerpt":{"rendered":"<p>Na przemyskim rynku wystartowa\u0142 og\u00f3lnopolski projekt \u201eIskry Niepodleg\u0142ej\u201d, wykorzystuj\u0105cy nowoczesne technologie do edukacji i prezentacji polskiej historii. \u2013 Cyfrowa opowie\u015b\u0107 o wybitnych Polakach poprzez mobilne widowisko \u201eIskry Niepodleg\u0142ej\u201d. To nauka historii w niezwykle ciekawej formie, wzmacnianie to\u017csamo\u015bci, dumy i inspiracja do kreatywnych i wa\u017cnych dla kraju dzia\u0142a\u0144. Dzi\u015b start na Podkarpaciu, gdzie urodzi\u0142o si\u0119 b\u0105d\u017a [&hellip;]<\/p>","protected":false},"author":21,"featured_media":28084,"comment_status":"closed","ping_status":"open","sticky":false,"template":"","format":"standard","meta":{"ngg_post_thumbnail":0,"footnotes":""},"categories":[3],"tags":[],"class_list":["post-28082","post","type-post","status-publish","format-standard","has-post-thumbnail","hentry","category-wydarzenia"],"yoast_head":"<!-- This site is optimized with the Yoast SEO plugin v24.7 - https:\/\/yoast.com\/wordpress\/plugins\/seo\/ -->\n<title>W Przemy\u015blu zainaugurowano og\u00f3lnopolsk\u0105 tras\u0119 multimedialnego projektu \u201eIskry Niepodleg\u0142ej\u201d &#8211; Marek Kuchci\u0144ski<\/title>\n<meta name=\"robots\" content=\"index, follow, max-snippet:-1, max-image-preview:large, max-video-preview:-1\" \/>\n<link rel=\"canonical\" href=\"https:\/\/marekkuchcinski.pl\/hu\/wydarzenia\/w-przemyslu-zainaugurowano-ogolnopolska-trase-multimedialnego-projektu-iskry-niepodleglej\/\" \/>\n<meta property=\"og:locale\" content=\"hu_HU\" \/>\n<meta property=\"og:type\" content=\"article\" \/>\n<meta property=\"og:title\" content=\"W Przemy\u015blu zainaugurowano og\u00f3lnopolsk\u0105 tras\u0119 multimedialnego projektu \u201eIskry Niepodleg\u0142ej\u201d &#8211; Marek Kuchci\u0144ski\" \/>\n<meta property=\"og:description\" content=\"Na przemyskim rynku wystartowa\u0142 og\u00f3lnopolski projekt \u201eIskry Niepodleg\u0142ej\u201d, wykorzystuj\u0105cy nowoczesne technologie do edukacji i prezentacji polskiej historii. \u2013 Cyfrowa opowie\u015b\u0107 o wybitnych Polakach poprzez mobilne widowisko \u201eIskry Niepodleg\u0142ej\u201d. To nauka historii w niezwykle ciekawej formie, wzmacnianie to\u017csamo\u015bci, dumy i inspiracja do kreatywnych i wa\u017cnych dla kraju dzia\u0142a\u0144. Dzi\u015b start na Podkarpaciu, gdzie urodzi\u0142o si\u0119 b\u0105d\u017a [&hellip;]\" \/>\n<meta property=\"og:url\" content=\"https:\/\/marekkuchcinski.pl\/hu\/wydarzenia\/w-przemyslu-zainaugurowano-ogolnopolska-trase-multimedialnego-projektu-iskry-niepodleglej\/\" \/>\n<meta property=\"og:site_name\" content=\"Marek Kuchci\u0144ski\" \/>\n<meta property=\"article:published_time\" content=\"2023-03-05T11:33:59+00:00\" \/>\n<meta property=\"article:modified_time\" content=\"2023-03-06T11:31:03+00:00\" \/>\n<meta property=\"og:image\" content=\"https:\/\/marekkuchcinski.pl\/wp-content\/uploads\/2023\/03\/333798527_1387249105343322_8176835536365955514_n.jpg\" \/>\n\t<meta property=\"og:image:width\" content=\"1600\" \/>\n\t<meta property=\"og:image:height\" content=\"1066\" \/>\n\t<meta property=\"og:image:type\" content=\"image\/jpeg\" \/>\n<meta name=\"author\" content=\"Marta Olejnik\" \/>\n<meta name=\"twitter:card\" content=\"summary_large_image\" \/>\n<meta name=\"twitter:label1\" content=\"Szerz\u0151:\" \/>\n\t<meta name=\"twitter:data1\" content=\"Marta Olejnik\" \/>\n\t<meta name=\"twitter:label2\" content=\"Becs\u00fclt olvas\u00e1si id\u0151\" \/>\n\t<meta name=\"twitter:data2\" content=\"5 perc\" \/>\n<script type=\"application\/ld+json\" class=\"yoast-schema-graph\">{\"@context\":\"https:\/\/schema.org\",\"@graph\":[{\"@type\":\"Article\",\"@id\":\"https:\/\/marekkuchcinski.pl\/wydarzenia\/w-przemyslu-zainaugurowano-ogolnopolska-trase-multimedialnego-projektu-iskry-niepodleglej\/#article\",\"isPartOf\":{\"@id\":\"https:\/\/marekkuchcinski.pl\/wydarzenia\/w-przemyslu-zainaugurowano-ogolnopolska-trase-multimedialnego-projektu-iskry-niepodleglej\/\"},\"author\":{\"name\":\"Marta Olejnik\",\"@id\":\"https:\/\/marekkuchcinski.pl\/#\/schema\/person\/51d5d4ee3b5317b8e4dd2b48af359229\"},\"headline\":\"W Przemy\u015blu zainaugurowano og\u00f3lnopolsk\u0105 tras\u0119 multimedialnego projektu \u201eIskry Niepodleg\u0142ej\u201d\",\"datePublished\":\"2023-03-05T11:33:59+00:00\",\"dateModified\":\"2023-03-06T11:31:03+00:00\",\"mainEntityOfPage\":{\"@id\":\"https:\/\/marekkuchcinski.pl\/wydarzenia\/w-przemyslu-zainaugurowano-ogolnopolska-trase-multimedialnego-projektu-iskry-niepodleglej\/\"},\"wordCount\":630,\"publisher\":{\"@id\":\"https:\/\/marekkuchcinski.pl\/#organization\"},\"image\":{\"@id\":\"https:\/\/marekkuchcinski.pl\/wydarzenia\/w-przemyslu-zainaugurowano-ogolnopolska-trase-multimedialnego-projektu-iskry-niepodleglej\/#primaryimage\"},\"thumbnailUrl\":\"https:\/\/marekkuchcinski.pl\/wp-content\/uploads\/2023\/03\/333798527_1387249105343322_8176835536365955514_n.jpg\",\"articleSection\":[\"Wydarzenia\"],\"inLanguage\":\"hu\"},{\"@type\":\"WebPage\",\"@id\":\"https:\/\/marekkuchcinski.pl\/wydarzenia\/w-przemyslu-zainaugurowano-ogolnopolska-trase-multimedialnego-projektu-iskry-niepodleglej\/\",\"url\":\"https:\/\/marekkuchcinski.pl\/wydarzenia\/w-przemyslu-zainaugurowano-ogolnopolska-trase-multimedialnego-projektu-iskry-niepodleglej\/\",\"name\":\"W Przemy\u015blu zainaugurowano og\u00f3lnopolsk\u0105 tras\u0119 multimedialnego projektu \u201eIskry Niepodleg\u0142ej\u201d &#8211; Marek Kuchci\u0144ski\",\"isPartOf\":{\"@id\":\"https:\/\/marekkuchcinski.pl\/#website\"},\"primaryImageOfPage\":{\"@id\":\"https:\/\/marekkuchcinski.pl\/wydarzenia\/w-przemyslu-zainaugurowano-ogolnopolska-trase-multimedialnego-projektu-iskry-niepodleglej\/#primaryimage\"},\"image\":{\"@id\":\"https:\/\/marekkuchcinski.pl\/wydarzenia\/w-przemyslu-zainaugurowano-ogolnopolska-trase-multimedialnego-projektu-iskry-niepodleglej\/#primaryimage\"},\"thumbnailUrl\":\"https:\/\/marekkuchcinski.pl\/wp-content\/uploads\/2023\/03\/333798527_1387249105343322_8176835536365955514_n.jpg\",\"datePublished\":\"2023-03-05T11:33:59+00:00\",\"dateModified\":\"2023-03-06T11:31:03+00:00\",\"breadcrumb\":{\"@id\":\"https:\/\/marekkuchcinski.pl\/wydarzenia\/w-przemyslu-zainaugurowano-ogolnopolska-trase-multimedialnego-projektu-iskry-niepodleglej\/#breadcrumb\"},\"inLanguage\":\"hu\",\"potentialAction\":[{\"@type\":\"ReadAction\",\"target\":[\"https:\/\/marekkuchcinski.pl\/wydarzenia\/w-przemyslu-zainaugurowano-ogolnopolska-trase-multimedialnego-projektu-iskry-niepodleglej\/\"]}]},{\"@type\":\"ImageObject\",\"inLanguage\":\"hu\",\"@id\":\"https:\/\/marekkuchcinski.pl\/wydarzenia\/w-przemyslu-zainaugurowano-ogolnopolska-trase-multimedialnego-projektu-iskry-niepodleglej\/#primaryimage\",\"url\":\"https:\/\/marekkuchcinski.pl\/wp-content\/uploads\/2023\/03\/333798527_1387249105343322_8176835536365955514_n.jpg\",\"contentUrl\":\"https:\/\/marekkuchcinski.pl\/wp-content\/uploads\/2023\/03\/333798527_1387249105343322_8176835536365955514_n.jpg\",\"width\":1600,\"height\":1066},{\"@type\":\"BreadcrumbList\",\"@id\":\"https:\/\/marekkuchcinski.pl\/wydarzenia\/w-przemyslu-zainaugurowano-ogolnopolska-trase-multimedialnego-projektu-iskry-niepodleglej\/#breadcrumb\",\"itemListElement\":[{\"@type\":\"ListItem\",\"position\":1,\"name\":\"Strona g\u0142\u00f3wna\",\"item\":\"https:\/\/marekkuchcinski.pl\/\"},{\"@type\":\"ListItem\",\"position\":2,\"name\":\"W Przemy\u015blu zainaugurowano og\u00f3lnopolsk\u0105 tras\u0119 multimedialnego projektu \u201eIskry Niepodleg\u0142ej\u201d\"}]},{\"@type\":\"WebSite\",\"@id\":\"https:\/\/marekkuchcinski.pl\/#website\",\"url\":\"https:\/\/marekkuchcinski.pl\/\",\"name\":\"Marek Kuchci\u0144ski\",\"description\":\"Pose\u0142 na sejm RP &ndash; okr\u0119g nr 22\",\"publisher\":{\"@id\":\"https:\/\/marekkuchcinski.pl\/#organization\"},\"potentialAction\":[{\"@type\":\"SearchAction\",\"target\":{\"@type\":\"EntryPoint\",\"urlTemplate\":\"https:\/\/marekkuchcinski.pl\/?s={search_term_string}\"},\"query-input\":{\"@type\":\"PropertyValueSpecification\",\"valueRequired\":true,\"valueName\":\"search_term_string\"}}],\"inLanguage\":\"hu\"},{\"@type\":\"Organization\",\"@id\":\"https:\/\/marekkuchcinski.pl\/#organization\",\"name\":\"Marek Kuchci\u0144ski\",\"url\":\"https:\/\/marekkuchcinski.pl\/\",\"logo\":{\"@type\":\"ImageObject\",\"inLanguage\":\"hu\",\"@id\":\"https:\/\/marekkuchcinski.pl\/#\/schema\/logo\/image\/\",\"url\":\"https:\/\/marekkuchcinski.pl\/wp-content\/uploads\/2022\/09\/Marek.jpg\",\"contentUrl\":\"https:\/\/marekkuchcinski.pl\/wp-content\/uploads\/2022\/09\/Marek.jpg\",\"width\":1600,\"height\":971,\"caption\":\"Marek Kuchci\u0144ski\"},\"image\":{\"@id\":\"https:\/\/marekkuchcinski.pl\/#\/schema\/logo\/image\/\"}},{\"@type\":\"Person\",\"@id\":\"https:\/\/marekkuchcinski.pl\/#\/schema\/person\/51d5d4ee3b5317b8e4dd2b48af359229\",\"name\":\"Marta Olejnik\",\"image\":{\"@type\":\"ImageObject\",\"inLanguage\":\"hu\",\"@id\":\"https:\/\/marekkuchcinski.pl\/#\/schema\/person\/image\/\",\"url\":\"https:\/\/secure.gravatar.com\/avatar\/e39914b2aa6a48959e24d475b5dc9793?s=96&d=mm&r=g\",\"contentUrl\":\"https:\/\/secure.gravatar.com\/avatar\/e39914b2aa6a48959e24d475b5dc9793?s=96&d=mm&r=g\",\"caption\":\"Marta Olejnik\"},\"url\":\"https:\/\/marekkuchcinski.pl\/hu\/author\/marta\/\"}]}<\/script>\n<!-- \/ Yoast SEO plugin. -->","yoast_head_json":{"title":"W Przemy\u015blu zainaugurowano og\u00f3lnopolsk\u0105 tras\u0119 multimedialnego projektu \u201eIskry Niepodleg\u0142ej\u201d &#8211; Marek Kuchci\u0144ski","robots":{"index":"index","follow":"follow","max-snippet":"max-snippet:-1","max-image-preview":"max-image-preview:large","max-video-preview":"max-video-preview:-1"},"canonical":"https:\/\/marekkuchcinski.pl\/hu\/wydarzenia\/w-przemyslu-zainaugurowano-ogolnopolska-trase-multimedialnego-projektu-iskry-niepodleglej\/","og_locale":"hu_HU","og_type":"article","og_title":"W Przemy\u015blu zainaugurowano og\u00f3lnopolsk\u0105 tras\u0119 multimedialnego projektu \u201eIskry Niepodleg\u0142ej\u201d &#8211; Marek Kuchci\u0144ski","og_description":"Na przemyskim rynku wystartowa\u0142 og\u00f3lnopolski projekt \u201eIskry Niepodleg\u0142ej\u201d, wykorzystuj\u0105cy nowoczesne technologie do edukacji i prezentacji polskiej historii. \u2013 Cyfrowa opowie\u015b\u0107 o wybitnych Polakach poprzez mobilne widowisko \u201eIskry Niepodleg\u0142ej\u201d. To nauka historii w niezwykle ciekawej formie, wzmacnianie to\u017csamo\u015bci, dumy i inspiracja do kreatywnych i wa\u017cnych dla kraju dzia\u0142a\u0144. Dzi\u015b start na Podkarpaciu, gdzie urodzi\u0142o si\u0119 b\u0105d\u017a [&hellip;]","og_url":"https:\/\/marekkuchcinski.pl\/hu\/wydarzenia\/w-przemyslu-zainaugurowano-ogolnopolska-trase-multimedialnego-projektu-iskry-niepodleglej\/","og_site_name":"Marek Kuchci\u0144ski","article_published_time":"2023-03-05T11:33:59+00:00","article_modified_time":"2023-03-06T11:31:03+00:00","og_image":[{"width":1600,"height":1066,"url":"https:\/\/marekkuchcinski.pl\/wp-content\/uploads\/2023\/03\/333798527_1387249105343322_8176835536365955514_n.jpg","type":"image\/jpeg"}],"author":"Marta Olejnik","twitter_card":"summary_large_image","twitter_misc":{"Szerz\u0151:":"Marta Olejnik","Becs\u00fclt olvas\u00e1si id\u0151":"5 perc"},"schema":{"@context":"https:\/\/schema.org","@graph":[{"@type":"Article","@id":"https:\/\/marekkuchcinski.pl\/wydarzenia\/w-przemyslu-zainaugurowano-ogolnopolska-trase-multimedialnego-projektu-iskry-niepodleglej\/#article","isPartOf":{"@id":"https:\/\/marekkuchcinski.pl\/wydarzenia\/w-przemyslu-zainaugurowano-ogolnopolska-trase-multimedialnego-projektu-iskry-niepodleglej\/"},"author":{"name":"Marta Olejnik","@id":"https:\/\/marekkuchcinski.pl\/#\/schema\/person\/51d5d4ee3b5317b8e4dd2b48af359229"},"headline":"W Przemy\u015blu zainaugurowano og\u00f3lnopolsk\u0105 tras\u0119 multimedialnego projektu \u201eIskry Niepodleg\u0142ej\u201d","datePublished":"2023-03-05T11:33:59+00:00","dateModified":"2023-03-06T11:31:03+00:00","mainEntityOfPage":{"@id":"https:\/\/marekkuchcinski.pl\/wydarzenia\/w-przemyslu-zainaugurowano-ogolnopolska-trase-multimedialnego-projektu-iskry-niepodleglej\/"},"wordCount":630,"publisher":{"@id":"https:\/\/marekkuchcinski.pl\/#organization"},"image":{"@id":"https:\/\/marekkuchcinski.pl\/wydarzenia\/w-przemyslu-zainaugurowano-ogolnopolska-trase-multimedialnego-projektu-iskry-niepodleglej\/#primaryimage"},"thumbnailUrl":"https:\/\/marekkuchcinski.pl\/wp-content\/uploads\/2023\/03\/333798527_1387249105343322_8176835536365955514_n.jpg","articleSection":["Wydarzenia"],"inLanguage":"hu"},{"@type":"WebPage","@id":"https:\/\/marekkuchcinski.pl\/wydarzenia\/w-przemyslu-zainaugurowano-ogolnopolska-trase-multimedialnego-projektu-iskry-niepodleglej\/","url":"https:\/\/marekkuchcinski.pl\/wydarzenia\/w-przemyslu-zainaugurowano-ogolnopolska-trase-multimedialnego-projektu-iskry-niepodleglej\/","name":"W Przemy\u015blu zainaugurowano og\u00f3lnopolsk\u0105 tras\u0119 multimedialnego projektu \u201eIskry Niepodleg\u0142ej\u201d &#8211; Marek Kuchci\u0144ski","isPartOf":{"@id":"https:\/\/marekkuchcinski.pl\/#website"},"primaryImageOfPage":{"@id":"https:\/\/marekkuchcinski.pl\/wydarzenia\/w-przemyslu-zainaugurowano-ogolnopolska-trase-multimedialnego-projektu-iskry-niepodleglej\/#primaryimage"},"image":{"@id":"https:\/\/marekkuchcinski.pl\/wydarzenia\/w-przemyslu-zainaugurowano-ogolnopolska-trase-multimedialnego-projektu-iskry-niepodleglej\/#primaryimage"},"thumbnailUrl":"https:\/\/marekkuchcinski.pl\/wp-content\/uploads\/2023\/03\/333798527_1387249105343322_8176835536365955514_n.jpg","datePublished":"2023-03-05T11:33:59+00:00","dateModified":"2023-03-06T11:31:03+00:00","breadcrumb":{"@id":"https:\/\/marekkuchcinski.pl\/wydarzenia\/w-przemyslu-zainaugurowano-ogolnopolska-trase-multimedialnego-projektu-iskry-niepodleglej\/#breadcrumb"},"inLanguage":"hu","potentialAction":[{"@type":"ReadAction","target":["https:\/\/marekkuchcinski.pl\/wydarzenia\/w-przemyslu-zainaugurowano-ogolnopolska-trase-multimedialnego-projektu-iskry-niepodleglej\/"]}]},{"@type":"ImageObject","inLanguage":"hu","@id":"https:\/\/marekkuchcinski.pl\/wydarzenia\/w-przemyslu-zainaugurowano-ogolnopolska-trase-multimedialnego-projektu-iskry-niepodleglej\/#primaryimage","url":"https:\/\/marekkuchcinski.pl\/wp-content\/uploads\/2023\/03\/333798527_1387249105343322_8176835536365955514_n.jpg","contentUrl":"https:\/\/marekkuchcinski.pl\/wp-content\/uploads\/2023\/03\/333798527_1387249105343322_8176835536365955514_n.jpg","width":1600,"height":1066},{"@type":"BreadcrumbList","@id":"https:\/\/marekkuchcinski.pl\/wydarzenia\/w-przemyslu-zainaugurowano-ogolnopolska-trase-multimedialnego-projektu-iskry-niepodleglej\/#breadcrumb","itemListElement":[{"@type":"ListItem","position":1,"name":"Strona g\u0142\u00f3wna","item":"https:\/\/marekkuchcinski.pl\/"},{"@type":"ListItem","position":2,"name":"W Przemy\u015blu zainaugurowano og\u00f3lnopolsk\u0105 tras\u0119 multimedialnego projektu \u201eIskry Niepodleg\u0142ej\u201d"}]},{"@type":"WebSite","@id":"https:\/\/marekkuchcinski.pl\/#website","url":"https:\/\/marekkuchcinski.pl\/","name":"Marek Kuchci\u0144ski","description":"Pose\u0142 na sejm RP &ndash; okr\u0119g nr 22","publisher":{"@id":"https:\/\/marekkuchcinski.pl\/#organization"},"potentialAction":[{"@type":"SearchAction","target":{"@type":"EntryPoint","urlTemplate":"https:\/\/marekkuchcinski.pl\/?s={search_term_string}"},"query-input":{"@type":"PropertyValueSpecification","valueRequired":true,"valueName":"search_term_string"}}],"inLanguage":"hu"},{"@type":"Organization","@id":"https:\/\/marekkuchcinski.pl\/#organization","name":"Marek Kuchci\u0144ski","url":"https:\/\/marekkuchcinski.pl\/","logo":{"@type":"ImageObject","inLanguage":"hu","@id":"https:\/\/marekkuchcinski.pl\/#\/schema\/logo\/image\/","url":"https:\/\/marekkuchcinski.pl\/wp-content\/uploads\/2022\/09\/Marek.jpg","contentUrl":"https:\/\/marekkuchcinski.pl\/wp-content\/uploads\/2022\/09\/Marek.jpg","width":1600,"height":971,"caption":"Marek Kuchci\u0144ski"},"image":{"@id":"https:\/\/marekkuchcinski.pl\/#\/schema\/logo\/image\/"}},{"@type":"Person","@id":"https:\/\/marekkuchcinski.pl\/#\/schema\/person\/51d5d4ee3b5317b8e4dd2b48af359229","name":"Marta Olejnik","image":{"@type":"ImageObject","inLanguage":"hu","@id":"https:\/\/marekkuchcinski.pl\/#\/schema\/person\/image\/","url":"https:\/\/secure.gravatar.com\/avatar\/e39914b2aa6a48959e24d475b5dc9793?s=96&d=mm&r=g","contentUrl":"https:\/\/secure.gravatar.com\/avatar\/e39914b2aa6a48959e24d475b5dc9793?s=96&d=mm&r=g","caption":"Marta Olejnik"},"url":"https:\/\/marekkuchcinski.pl\/hu\/author\/marta\/"}]}},"_links":{"self":[{"href":"https:\/\/marekkuchcinski.pl\/hu\/wp-json\/wp\/v2\/posts\/28082","targetHints":{"allow":["GET"]}}],"collection":[{"href":"https:\/\/marekkuchcinski.pl\/hu\/wp-json\/wp\/v2\/posts"}],"about":[{"href":"https:\/\/marekkuchcinski.pl\/hu\/wp-json\/wp\/v2\/types\/post"}],"author":[{"embeddable":true,"href":"https:\/\/marekkuchcinski.pl\/hu\/wp-json\/wp\/v2\/users\/21"}],"replies":[{"embeddable":true,"href":"https:\/\/marekkuchcinski.pl\/hu\/wp-json\/wp\/v2\/comments?post=28082"}],"version-history":[{"count":16,"href":"https:\/\/marekkuchcinski.pl\/hu\/wp-json\/wp\/v2\/posts\/28082\/revisions"}],"predecessor-version":[{"id":28127,"href":"https:\/\/marekkuchcinski.pl\/hu\/wp-json\/wp\/v2\/posts\/28082\/revisions\/28127"}],"wp:featuredmedia":[{"embeddable":true,"href":"https:\/\/marekkuchcinski.pl\/hu\/wp-json\/wp\/v2\/media\/28084"}],"wp:attachment":[{"href":"https:\/\/marekkuchcinski.pl\/hu\/wp-json\/wp\/v2\/media?parent=28082"}],"wp:term":[{"taxonomy":"category","embeddable":true,"href":"https:\/\/marekkuchcinski.pl\/hu\/wp-json\/wp\/v2\/categories?post=28082"},{"taxonomy":"post_tag","embeddable":true,"href":"https:\/\/marekkuchcinski.pl\/hu\/wp-json\/wp\/v2\/tags?post=28082"}],"curies":[{"name":"wp","href":"https:\/\/api.w.org\/{rel}","templated":true}]}}