{"id":27777,"date":"2023-02-13T20:24:49","date_gmt":"2023-02-13T19:24:49","guid":{"rendered":"https:\/\/marekkuchcinski.pl\/?p=27777"},"modified":"2023-02-13T20:26:50","modified_gmt":"2023-02-13T19:26:50","slug":"przejscie-graniczne-malhowice-nizankowice-dostepne-dla-ciezarowek","status":"publish","type":"post","link":"https:\/\/marekkuchcinski.pl\/hu\/wydarzenia\/przejscie-graniczne-malhowice-nizankowice-dostepne-dla-ciezarowek\/","title":{"rendered":"Kamionok sz\u00e1m\u00e1ra el\u00e9rhet\u0151 Malhowice-Ni\u017cankowice hat\u00e1r\u00e1tkel\u0151"},"content":{"rendered":"<p>Mostant\u00f3l az \u00fcresen k\u00f6zleked\u0151 neh\u00e9z teherg\u00e9pj\u00e1rm\u0171vek vezet\u0151i v\u00e1mkezel\u00e9st vehetnek ig\u00e9nybe az \u00e9p\u00fcl\u0151 Malhowice-Ni\u017cankowice hat\u00e1r\u00e1tkel\u0151n.<\/p>\n\n\n\n<p>Ez egy m\u00e1sik megold\u00e1s, amely megk\u00f6nny\u00edti a lengyel-ukr\u00e1n hat\u00e1r \u00e1tl\u00e9p\u00e9s\u00e9t. A reggel 7 \u00f3rakor ind\u00edtott check-in a 7,5 tonn\u00e1t meghalad\u00f3 megengedett legnagyobb t\u00f6meg\u0171, tehermentesen k\u00f6zleked\u0151 neh\u00e9z teherg\u00e9pj\u00e1rm\u0171vekre vonatkozik. A bejelentkez\u00e9s a h\u00e9t minden napj\u00e1n, a nap 24 \u00f3r\u00e1j\u00e1ban mindk\u00e9t ir\u00e1nyban a lengyel \u00e9s az ukr\u00e1n oldalon tal\u00e1lhat\u00f3 ideiglenes infrastrukt\u00fara alapj\u00e1n t\u00f6rt\u00e9nik. Ezen a helyen a hat\u00e1r\u00e1tl\u00e9p\u00e9s lehet\u0151s\u00e9ge nem tartalmazza a vesz\u00e9lyes anyagok sz\u00e1ll\u00edt\u00e1s\u00e1ra szolg\u00e1l\u00f3 \u00fcres, tiszt\u00edtatlan tart\u00e1lyokat. <\/p>\n\n\n\n<p>&nbsp;Janu\u00e1r k\u00f6zep\u00e9n Przemy\u015blben al\u00e1\u00edrt\u00e1k a szerz\u0151d\u00e9s mell\u00e9klet\u00e9t, amely garant\u00e1lja a kivitelez\u00e9si id\u0151 ler\u00f6vid\u00edt\u00e9s\u00e9t \u00e9s a teljes keresztez\u0151 infrastrukt\u00fara kor\u00e1bbi \u00fczembe helyez\u00e9s\u00e9t. \u00dczembe helyez\u00e9se 2024 els\u0151 negyed\u00e9v\u00e9ben fog megt\u00f6rt\u00e9nni. A munk\u00e1latok jelenlegi \u00e1ll\u00e1sa 30%. Az \u00e9p\u00fcl\u0151 hat\u00e1r\u00e1tkel\u0151 nemzetk\u00f6zi szem\u00e9ly- \u00e9s \u00e1ruforgalomra szolg\u00e1l, legfeljebb 3,5 t \u00f6sszt\u00f6meg\u0171 sz\u00e1ll\u00edt\u00f3eszk\u00f6zzel, a gyalogos forgalom n\u00e9lk\u00fcl. 2012-ben diplom\u00e1ciai jegyz\u00e9kv\u00e1lt\u00e1ssal k\u00f6t\u00f6ttek korm\u00e1nyk\u00f6zi meg\u00e1llapod\u00e1st a Malhowice-Ni\u017cankowice k\u00f6z\u00fati hat\u00e1r\u00e1tkel\u0151hely l\u00e9trehoz\u00e1s\u00e1r\u00f3l. 2017-2018 k\u00f6z\u00f6tt az \u00e9p\u00edt\u00e9si \u00e9s a kiviteli tervdokument\u00e1ci\u00f3t dolgozt\u00e1k ki. A p\u00e9nz\u00fcgyminiszter 2019 v\u00e9g\u00e9n biztos\u00edtotta a feladat finansz\u00edroz\u00e1s\u00e1hoz sz\u00fcks\u00e9ges forr\u00e1sokat. A 2020 december\u00e9ben ki\u00edrt p\u00e1ly\u00e1zati elj\u00e1r\u00e1sban a Strabag Sp. z o. o., amellyel a szerz\u0151d\u00e9st 2021. augusztus 18-\u00e1n \u00edrt\u00e1k al\u00e1. A beruh\u00e1z\u00e1s k\u00f6lts\u00e9ge 98 milli\u00f3 PLN volt, megval\u00f3s\u00edt\u00e1sa 45 h\u00f3napot vett ig\u00e9nybe. A DPG Malhowice \u00e9p\u00edt\u00e9s\u00e9nek \u00fcnnep\u00e9lyes alapk\u0151let\u00e9tel\u00e9re 2021. szeptember 3-\u00e1n ker\u00fclt sor. &nbsp;<\/p>\n\n\n\n<p>Az \u00fcnneps\u00e9gen r\u00e9szt vettek t\u00f6bbek k\u00f6z\u00f6tt a korm\u00e1ny, az \u00f6nkorm\u00e1nyzatok, az egyenruh\u00e1s szolg\u00e1latok \u00e9s a v\u00e1llalkoz\u00f3k k\u00e9pvisel\u0151i. Ugyanebben a h\u00f3napban ker\u00fclt \u00e1tad\u00e1sra az \u00e9p\u00edt\u00e9si munk\u00e1k elv\u00e9gz\u00e9s\u00e9t lehet\u0151v\u00e9 tev\u0151 \u00e9p\u00edtkez\u00e9s. A r\u00e9g\u00e9szeti munk\u00e1latok a r\u00e9g\u00e9szeti lel\u0151helyeknek a podkarpatszkai vajdas\u00e1gi m\u0171eml\u00e9kv\u00e9d\u0151 \u00e1ltal v\u00e9gzett jelent\u0151s b\u0151v\u00edt\u00e9se miatt a szerz\u0151d\u00e9s \u00e9rt\u00e9ke 100 895 346,51 PLN-re emelkedett. Az eredetileg tervezett 65 arasb\u00f3l 378,5 arasz ker\u00fclt felm\u00e9r\u00e9sre. A r\u00e9g\u00e9szeti munk\u00e1k elv\u00e9gz\u00e9se ut\u00e1n a gener\u00e1lkivitelez\u0151 megkezdte a teljes munkater\u00fcleten v\u00e9gzett kivitelez\u00e9st. 2022. december 28-\u00e1n a p\u00e9nz\u00fcgyminiszteri hat\u00e1rozattal megemelt\u00e9k a k\u00f6lts\u00e9gvet\u00e9si keret keret\u00e9t, lehet\u0151v\u00e9 t\u00e9ve a feladat t\u00e1rgyi \u00e9s p\u00e9nz\u00fcgyi \u00fctemez\u00e9s\u00e9nek korrekci\u00f3j\u00e1t, valamint felgyors\u00edtotta a v\u00e9grehajt\u00e1s \u00e9s az \u00fczembe helyez\u00e9s hat\u00e1ridej\u00e9t. Ennek oka az ukrajnai h\u00e1bor\u00fas helyzet \u00e9s az ehhez kapcsol\u00f3d\u00f3an az ukrajnai hat\u00e1r\u00e1tkel\u0151helyek megtiszt\u00edt\u00e1sa \u00e9s kapacit\u00e1s\u00e1nak n\u00f6vel\u00e9se.<\/p>\n\n\n\n<figure class=\"wp-block-image size-large\"><a href=\"https:\/\/marekkuchcinski.pl\/wp-content\/uploads\/2023\/02\/DSC04772.jpg\"><img fetchpriority=\"high\" decoding=\"async\" width=\"1024\" height=\"682\" src=\"https:\/\/marekkuchcinski.pl\/wp-content\/uploads\/2023\/02\/DSC04772-1024x682.jpg\" alt=\"\" class=\"wp-image-27780\" srcset=\"https:\/\/marekkuchcinski.pl\/wp-content\/uploads\/2023\/02\/DSC04772-1024x682.jpg 1024w, https:\/\/marekkuchcinski.pl\/wp-content\/uploads\/2023\/02\/DSC04772-300x200.jpg 300w, https:\/\/marekkuchcinski.pl\/wp-content\/uploads\/2023\/02\/DSC04772-768x512.jpg 768w, https:\/\/marekkuchcinski.pl\/wp-content\/uploads\/2023\/02\/DSC04772-18x12.jpg 18w, https:\/\/marekkuchcinski.pl\/wp-content\/uploads\/2023\/02\/DSC04772.jpg 1400w\" sizes=\"(max-width: 1024px) 100vw, 1024px\" \/><\/a><\/figure>\n\n\n\n<figure class=\"wp-block-image size-large\"><a href=\"https:\/\/marekkuchcinski.pl\/wp-content\/uploads\/2023\/02\/t1.jpg\"><img decoding=\"async\" width=\"1024\" height=\"677\" src=\"https:\/\/marekkuchcinski.pl\/wp-content\/uploads\/2023\/02\/t1-1024x677.jpg\" alt=\"\" class=\"wp-image-27781\" srcset=\"https:\/\/marekkuchcinski.pl\/wp-content\/uploads\/2023\/02\/t1-1024x677.jpg 1024w, https:\/\/marekkuchcinski.pl\/wp-content\/uploads\/2023\/02\/t1-300x198.jpg 300w, https:\/\/marekkuchcinski.pl\/wp-content\/uploads\/2023\/02\/t1-768x508.jpg 768w, https:\/\/marekkuchcinski.pl\/wp-content\/uploads\/2023\/02\/t1-18x12.jpg 18w, https:\/\/marekkuchcinski.pl\/wp-content\/uploads\/2023\/02\/t1.jpg 1400w\" sizes=\"(max-width: 1024px) 100vw, 1024px\" \/><\/a><\/figure>\n\n\n\n<figure class=\"wp-block-image size-large\"><a href=\"https:\/\/marekkuchcinski.pl\/wp-content\/uploads\/2023\/02\/DSC05016.jpg\"><img decoding=\"async\" width=\"1024\" height=\"682\" src=\"https:\/\/marekkuchcinski.pl\/wp-content\/uploads\/2023\/02\/DSC05016-1024x682.jpg\" alt=\"\" class=\"wp-image-27782\" srcset=\"https:\/\/marekkuchcinski.pl\/wp-content\/uploads\/2023\/02\/DSC05016-1024x682.jpg 1024w, https:\/\/marekkuchcinski.pl\/wp-content\/uploads\/2023\/02\/DSC05016-300x200.jpg 300w, https:\/\/marekkuchcinski.pl\/wp-content\/uploads\/2023\/02\/DSC05016-768x512.jpg 768w, https:\/\/marekkuchcinski.pl\/wp-content\/uploads\/2023\/02\/DSC05016-18x12.jpg 18w, https:\/\/marekkuchcinski.pl\/wp-content\/uploads\/2023\/02\/DSC05016.jpg 1400w\" sizes=\"(max-width: 1024px) 100vw, 1024px\" \/><\/a><\/figure>\n\n\n\n<figure class=\"wp-block-image size-large\"><a href=\"https:\/\/marekkuchcinski.pl\/wp-content\/uploads\/2023\/02\/DSC05589.jpg\"><img loading=\"lazy\" decoding=\"async\" width=\"1024\" height=\"677\" src=\"https:\/\/marekkuchcinski.pl\/wp-content\/uploads\/2023\/02\/DSC05589-1024x677.jpg\" alt=\"\" class=\"wp-image-27784\" srcset=\"https:\/\/marekkuchcinski.pl\/wp-content\/uploads\/2023\/02\/DSC05589-1024x677.jpg 1024w, https:\/\/marekkuchcinski.pl\/wp-content\/uploads\/2023\/02\/DSC05589-300x198.jpg 300w, https:\/\/marekkuchcinski.pl\/wp-content\/uploads\/2023\/02\/DSC05589-768x508.jpg 768w, https:\/\/marekkuchcinski.pl\/wp-content\/uploads\/2023\/02\/DSC05589-18x12.jpg 18w, https:\/\/marekkuchcinski.pl\/wp-content\/uploads\/2023\/02\/DSC05589.jpg 1400w\" sizes=\"(max-width: 1024px) 100vw, 1024px\" \/><\/a><\/figure>\n\n\n\n<figure class=\"wp-block-image size-large\"><a href=\"https:\/\/marekkuchcinski.pl\/wp-content\/uploads\/2023\/02\/t4.jpg\"><img loading=\"lazy\" decoding=\"async\" width=\"1024\" height=\"682\" src=\"https:\/\/marekkuchcinski.pl\/wp-content\/uploads\/2023\/02\/t4-1024x682.jpg\" alt=\"\" class=\"wp-image-27785\" srcset=\"https:\/\/marekkuchcinski.pl\/wp-content\/uploads\/2023\/02\/t4-1024x682.jpg 1024w, https:\/\/marekkuchcinski.pl\/wp-content\/uploads\/2023\/02\/t4-300x200.jpg 300w, https:\/\/marekkuchcinski.pl\/wp-content\/uploads\/2023\/02\/t4-768x512.jpg 768w, https:\/\/marekkuchcinski.pl\/wp-content\/uploads\/2023\/02\/t4-18x12.jpg 18w, https:\/\/marekkuchcinski.pl\/wp-content\/uploads\/2023\/02\/t4.jpg 1400w\" sizes=\"(max-width: 1024px) 100vw, 1024px\" \/><\/a><\/figure>\n\n\n\n<figure class=\"wp-block-image size-large\"><a href=\"https:\/\/marekkuchcinski.pl\/wp-content\/uploads\/2023\/02\/DSC04808.jpg\"><img loading=\"lazy\" decoding=\"async\" width=\"1024\" height=\"695\" src=\"https:\/\/marekkuchcinski.pl\/wp-content\/uploads\/2023\/02\/DSC04808-1024x695.jpg\" alt=\"\" class=\"wp-image-27786\" srcset=\"https:\/\/marekkuchcinski.pl\/wp-content\/uploads\/2023\/02\/DSC04808-1024x695.jpg 1024w, https:\/\/marekkuchcinski.pl\/wp-content\/uploads\/2023\/02\/DSC04808-300x204.jpg 300w, https:\/\/marekkuchcinski.pl\/wp-content\/uploads\/2023\/02\/DSC04808-768x521.jpg 768w, https:\/\/marekkuchcinski.pl\/wp-content\/uploads\/2023\/02\/DSC04808-18x12.jpg 18w, https:\/\/marekkuchcinski.pl\/wp-content\/uploads\/2023\/02\/DSC04808.jpg 1400w\" sizes=\"(max-width: 1024px) 100vw, 1024px\" \/><\/a><\/figure>","protected":false},"excerpt":{"rendered":"<p>Od dzi\u015b kierowcy pojazd\u00f3w ci\u0119\u017carowych przemieszczaj\u0105cy si\u0119 bez \u0142adunku mog\u0105 skorzysta\u0107 z odpraw w miejscu powstaj\u0105cego przej\u015bcia granicznego Malhowice-Ni\u017cankowice. To kolejne rozwi\u0105zanie usprawniaj\u0105ce przekraczanie granicy polsko-ukrai\u0144skiej. Uruchomiona o 7.00 rano odprawa dotyczy pojazd\u00f3w ci\u0119\u017carowych o dopuszczalnej masie ca\u0142kowitej powy\u017cej 7,5 tony, przemieszczaj\u0105cych si\u0119 bez \u0142adunku. Odprawa b\u0119dzie prowadzona ca\u0142odobowo na obydwu kierunkach w oparciu o [&hellip;]<\/p>","protected":false},"author":21,"featured_media":27779,"comment_status":"closed","ping_status":"open","sticky":false,"template":"","format":"standard","meta":{"ngg_post_thumbnail":0,"footnotes":""},"categories":[3],"tags":[],"class_list":["post-27777","post","type-post","status-publish","format-standard","has-post-thumbnail","hentry","category-wydarzenia"],"yoast_head":"<!-- This site is optimized with the Yoast SEO plugin v24.7 - https:\/\/yoast.com\/wordpress\/plugins\/seo\/ -->\n<title>Przej\u015bcie graniczne Malhowice-Ni\u017cankowice dost\u0119pne dla ci\u0119\u017car\u00f3wek &#8211; Marek Kuchci\u0144ski<\/title>\n<meta name=\"robots\" content=\"index, follow, max-snippet:-1, max-image-preview:large, max-video-preview:-1\" \/>\n<link rel=\"canonical\" href=\"https:\/\/marekkuchcinski.pl\/hu\/wydarzenia\/przejscie-graniczne-malhowice-nizankowice-dostepne-dla-ciezarowek\/\" \/>\n<meta property=\"og:locale\" content=\"hu_HU\" \/>\n<meta property=\"og:type\" content=\"article\" \/>\n<meta property=\"og:title\" content=\"Przej\u015bcie graniczne Malhowice-Ni\u017cankowice dost\u0119pne dla ci\u0119\u017car\u00f3wek &#8211; Marek Kuchci\u0144ski\" \/>\n<meta property=\"og:description\" content=\"Od dzi\u015b kierowcy pojazd\u00f3w ci\u0119\u017carowych przemieszczaj\u0105cy si\u0119 bez \u0142adunku mog\u0105 skorzysta\u0107 z odpraw w miejscu powstaj\u0105cego przej\u015bcia granicznego Malhowice-Ni\u017cankowice. To kolejne rozwi\u0105zanie usprawniaj\u0105ce przekraczanie granicy polsko-ukrai\u0144skiej. Uruchomiona o 7.00 rano odprawa dotyczy pojazd\u00f3w ci\u0119\u017carowych o dopuszczalnej masie ca\u0142kowitej powy\u017cej 7,5 tony, przemieszczaj\u0105cych si\u0119 bez \u0142adunku. Odprawa b\u0119dzie prowadzona ca\u0142odobowo na obydwu kierunkach w oparciu o [&hellip;]\" \/>\n<meta property=\"og:url\" content=\"https:\/\/marekkuchcinski.pl\/hu\/wydarzenia\/przejscie-graniczne-malhowice-nizankowice-dostepne-dla-ciezarowek\/\" \/>\n<meta property=\"og:site_name\" content=\"Marek Kuchci\u0144ski\" \/>\n<meta property=\"article:published_time\" content=\"2023-02-13T19:24:49+00:00\" \/>\n<meta property=\"article:modified_time\" content=\"2023-02-13T19:26:50+00:00\" \/>\n<meta property=\"og:image\" content=\"https:\/\/marekkuchcinski.pl\/wp-content\/uploads\/2023\/02\/t2.jpg\" \/>\n\t<meta property=\"og:image:width\" content=\"1400\" \/>\n\t<meta property=\"og:image:height\" content=\"933\" \/>\n\t<meta property=\"og:image:type\" content=\"image\/jpeg\" \/>\n<meta name=\"author\" content=\"Marta Olejnik\" \/>\n<meta name=\"twitter:card\" content=\"summary_large_image\" \/>\n<meta name=\"twitter:label1\" content=\"Szerz\u0151:\" \/>\n\t<meta name=\"twitter:data1\" content=\"Marta Olejnik\" \/>\n\t<meta name=\"twitter:label2\" content=\"Becs\u00fclt olvas\u00e1si id\u0151\" \/>\n\t<meta name=\"twitter:data2\" content=\"4 perc\" \/>\n<script type=\"application\/ld+json\" class=\"yoast-schema-graph\">{\"@context\":\"https:\/\/schema.org\",\"@graph\":[{\"@type\":\"Article\",\"@id\":\"https:\/\/marekkuchcinski.pl\/wydarzenia\/przejscie-graniczne-malhowice-nizankowice-dostepne-dla-ciezarowek\/#article\",\"isPartOf\":{\"@id\":\"https:\/\/marekkuchcinski.pl\/wydarzenia\/przejscie-graniczne-malhowice-nizankowice-dostepne-dla-ciezarowek\/\"},\"author\":{\"name\":\"Marta Olejnik\",\"@id\":\"https:\/\/marekkuchcinski.pl\/#\/schema\/person\/51d5d4ee3b5317b8e4dd2b48af359229\"},\"headline\":\"Przej\u015bcie graniczne Malhowice-Ni\u017cankowice dost\u0119pne dla ci\u0119\u017car\u00f3wek\",\"datePublished\":\"2023-02-13T19:24:49+00:00\",\"dateModified\":\"2023-02-13T19:26:50+00:00\",\"mainEntityOfPage\":{\"@id\":\"https:\/\/marekkuchcinski.pl\/wydarzenia\/przejscie-graniczne-malhowice-nizankowice-dostepne-dla-ciezarowek\/\"},\"wordCount\":444,\"publisher\":{\"@id\":\"https:\/\/marekkuchcinski.pl\/#organization\"},\"image\":{\"@id\":\"https:\/\/marekkuchcinski.pl\/wydarzenia\/przejscie-graniczne-malhowice-nizankowice-dostepne-dla-ciezarowek\/#primaryimage\"},\"thumbnailUrl\":\"https:\/\/marekkuchcinski.pl\/wp-content\/uploads\/2023\/02\/t2.jpg\",\"articleSection\":[\"Wydarzenia\"],\"inLanguage\":\"hu\"},{\"@type\":\"WebPage\",\"@id\":\"https:\/\/marekkuchcinski.pl\/wydarzenia\/przejscie-graniczne-malhowice-nizankowice-dostepne-dla-ciezarowek\/\",\"url\":\"https:\/\/marekkuchcinski.pl\/wydarzenia\/przejscie-graniczne-malhowice-nizankowice-dostepne-dla-ciezarowek\/\",\"name\":\"Przej\u015bcie graniczne Malhowice-Ni\u017cankowice dost\u0119pne dla ci\u0119\u017car\u00f3wek &#8211; Marek Kuchci\u0144ski\",\"isPartOf\":{\"@id\":\"https:\/\/marekkuchcinski.pl\/#website\"},\"primaryImageOfPage\":{\"@id\":\"https:\/\/marekkuchcinski.pl\/wydarzenia\/przejscie-graniczne-malhowice-nizankowice-dostepne-dla-ciezarowek\/#primaryimage\"},\"image\":{\"@id\":\"https:\/\/marekkuchcinski.pl\/wydarzenia\/przejscie-graniczne-malhowice-nizankowice-dostepne-dla-ciezarowek\/#primaryimage\"},\"thumbnailUrl\":\"https:\/\/marekkuchcinski.pl\/wp-content\/uploads\/2023\/02\/t2.jpg\",\"datePublished\":\"2023-02-13T19:24:49+00:00\",\"dateModified\":\"2023-02-13T19:26:50+00:00\",\"breadcrumb\":{\"@id\":\"https:\/\/marekkuchcinski.pl\/wydarzenia\/przejscie-graniczne-malhowice-nizankowice-dostepne-dla-ciezarowek\/#breadcrumb\"},\"inLanguage\":\"hu\",\"potentialAction\":[{\"@type\":\"ReadAction\",\"target\":[\"https:\/\/marekkuchcinski.pl\/wydarzenia\/przejscie-graniczne-malhowice-nizankowice-dostepne-dla-ciezarowek\/\"]}]},{\"@type\":\"ImageObject\",\"inLanguage\":\"hu\",\"@id\":\"https:\/\/marekkuchcinski.pl\/wydarzenia\/przejscie-graniczne-malhowice-nizankowice-dostepne-dla-ciezarowek\/#primaryimage\",\"url\":\"https:\/\/marekkuchcinski.pl\/wp-content\/uploads\/2023\/02\/t2.jpg\",\"contentUrl\":\"https:\/\/marekkuchcinski.pl\/wp-content\/uploads\/2023\/02\/t2.jpg\",\"width\":1400,\"height\":933},{\"@type\":\"BreadcrumbList\",\"@id\":\"https:\/\/marekkuchcinski.pl\/wydarzenia\/przejscie-graniczne-malhowice-nizankowice-dostepne-dla-ciezarowek\/#breadcrumb\",\"itemListElement\":[{\"@type\":\"ListItem\",\"position\":1,\"name\":\"Strona g\u0142\u00f3wna\",\"item\":\"https:\/\/marekkuchcinski.pl\/\"},{\"@type\":\"ListItem\",\"position\":2,\"name\":\"Przej\u015bcie graniczne Malhowice-Ni\u017cankowice dost\u0119pne dla ci\u0119\u017car\u00f3wek\"}]},{\"@type\":\"WebSite\",\"@id\":\"https:\/\/marekkuchcinski.pl\/#website\",\"url\":\"https:\/\/marekkuchcinski.pl\/\",\"name\":\"Marek Kuchci\u0144ski\",\"description\":\"Pose\u0142 na sejm RP &ndash; okr\u0119g nr 22\",\"publisher\":{\"@id\":\"https:\/\/marekkuchcinski.pl\/#organization\"},\"potentialAction\":[{\"@type\":\"SearchAction\",\"target\":{\"@type\":\"EntryPoint\",\"urlTemplate\":\"https:\/\/marekkuchcinski.pl\/?s={search_term_string}\"},\"query-input\":{\"@type\":\"PropertyValueSpecification\",\"valueRequired\":true,\"valueName\":\"search_term_string\"}}],\"inLanguage\":\"hu\"},{\"@type\":\"Organization\",\"@id\":\"https:\/\/marekkuchcinski.pl\/#organization\",\"name\":\"Marek Kuchci\u0144ski\",\"url\":\"https:\/\/marekkuchcinski.pl\/\",\"logo\":{\"@type\":\"ImageObject\",\"inLanguage\":\"hu\",\"@id\":\"https:\/\/marekkuchcinski.pl\/#\/schema\/logo\/image\/\",\"url\":\"https:\/\/marekkuchcinski.pl\/wp-content\/uploads\/2022\/09\/Marek.jpg\",\"contentUrl\":\"https:\/\/marekkuchcinski.pl\/wp-content\/uploads\/2022\/09\/Marek.jpg\",\"width\":1600,\"height\":971,\"caption\":\"Marek Kuchci\u0144ski\"},\"image\":{\"@id\":\"https:\/\/marekkuchcinski.pl\/#\/schema\/logo\/image\/\"}},{\"@type\":\"Person\",\"@id\":\"https:\/\/marekkuchcinski.pl\/#\/schema\/person\/51d5d4ee3b5317b8e4dd2b48af359229\",\"name\":\"Marta Olejnik\",\"image\":{\"@type\":\"ImageObject\",\"inLanguage\":\"hu\",\"@id\":\"https:\/\/marekkuchcinski.pl\/#\/schema\/person\/image\/\",\"url\":\"https:\/\/secure.gravatar.com\/avatar\/e39914b2aa6a48959e24d475b5dc9793?s=96&d=mm&r=g\",\"contentUrl\":\"https:\/\/secure.gravatar.com\/avatar\/e39914b2aa6a48959e24d475b5dc9793?s=96&d=mm&r=g\",\"caption\":\"Marta Olejnik\"},\"url\":\"https:\/\/marekkuchcinski.pl\/hu\/author\/marta\/\"}]}<\/script>\n<!-- \/ Yoast SEO plugin. -->","yoast_head_json":{"title":"Przej\u015bcie graniczne Malhowice-Ni\u017cankowice dost\u0119pne dla ci\u0119\u017car\u00f3wek &#8211; Marek Kuchci\u0144ski","robots":{"index":"index","follow":"follow","max-snippet":"max-snippet:-1","max-image-preview":"max-image-preview:large","max-video-preview":"max-video-preview:-1"},"canonical":"https:\/\/marekkuchcinski.pl\/hu\/wydarzenia\/przejscie-graniczne-malhowice-nizankowice-dostepne-dla-ciezarowek\/","og_locale":"hu_HU","og_type":"article","og_title":"Przej\u015bcie graniczne Malhowice-Ni\u017cankowice dost\u0119pne dla ci\u0119\u017car\u00f3wek &#8211; Marek Kuchci\u0144ski","og_description":"Od dzi\u015b kierowcy pojazd\u00f3w ci\u0119\u017carowych przemieszczaj\u0105cy si\u0119 bez \u0142adunku mog\u0105 skorzysta\u0107 z odpraw w miejscu powstaj\u0105cego przej\u015bcia granicznego Malhowice-Ni\u017cankowice. To kolejne rozwi\u0105zanie usprawniaj\u0105ce przekraczanie granicy polsko-ukrai\u0144skiej. Uruchomiona o 7.00 rano odprawa dotyczy pojazd\u00f3w ci\u0119\u017carowych o dopuszczalnej masie ca\u0142kowitej powy\u017cej 7,5 tony, przemieszczaj\u0105cych si\u0119 bez \u0142adunku. Odprawa b\u0119dzie prowadzona ca\u0142odobowo na obydwu kierunkach w oparciu o [&hellip;]","og_url":"https:\/\/marekkuchcinski.pl\/hu\/wydarzenia\/przejscie-graniczne-malhowice-nizankowice-dostepne-dla-ciezarowek\/","og_site_name":"Marek Kuchci\u0144ski","article_published_time":"2023-02-13T19:24:49+00:00","article_modified_time":"2023-02-13T19:26:50+00:00","og_image":[{"width":1400,"height":933,"url":"https:\/\/marekkuchcinski.pl\/wp-content\/uploads\/2023\/02\/t2.jpg","type":"image\/jpeg"}],"author":"Marta Olejnik","twitter_card":"summary_large_image","twitter_misc":{"Szerz\u0151:":"Marta Olejnik","Becs\u00fclt olvas\u00e1si id\u0151":"4 perc"},"schema":{"@context":"https:\/\/schema.org","@graph":[{"@type":"Article","@id":"https:\/\/marekkuchcinski.pl\/wydarzenia\/przejscie-graniczne-malhowice-nizankowice-dostepne-dla-ciezarowek\/#article","isPartOf":{"@id":"https:\/\/marekkuchcinski.pl\/wydarzenia\/przejscie-graniczne-malhowice-nizankowice-dostepne-dla-ciezarowek\/"},"author":{"name":"Marta Olejnik","@id":"https:\/\/marekkuchcinski.pl\/#\/schema\/person\/51d5d4ee3b5317b8e4dd2b48af359229"},"headline":"Przej\u015bcie graniczne Malhowice-Ni\u017cankowice dost\u0119pne dla ci\u0119\u017car\u00f3wek","datePublished":"2023-02-13T19:24:49+00:00","dateModified":"2023-02-13T19:26:50+00:00","mainEntityOfPage":{"@id":"https:\/\/marekkuchcinski.pl\/wydarzenia\/przejscie-graniczne-malhowice-nizankowice-dostepne-dla-ciezarowek\/"},"wordCount":444,"publisher":{"@id":"https:\/\/marekkuchcinski.pl\/#organization"},"image":{"@id":"https:\/\/marekkuchcinski.pl\/wydarzenia\/przejscie-graniczne-malhowice-nizankowice-dostepne-dla-ciezarowek\/#primaryimage"},"thumbnailUrl":"https:\/\/marekkuchcinski.pl\/wp-content\/uploads\/2023\/02\/t2.jpg","articleSection":["Wydarzenia"],"inLanguage":"hu"},{"@type":"WebPage","@id":"https:\/\/marekkuchcinski.pl\/wydarzenia\/przejscie-graniczne-malhowice-nizankowice-dostepne-dla-ciezarowek\/","url":"https:\/\/marekkuchcinski.pl\/wydarzenia\/przejscie-graniczne-malhowice-nizankowice-dostepne-dla-ciezarowek\/","name":"Przej\u015bcie graniczne Malhowice-Ni\u017cankowice dost\u0119pne dla ci\u0119\u017car\u00f3wek &#8211; Marek Kuchci\u0144ski","isPartOf":{"@id":"https:\/\/marekkuchcinski.pl\/#website"},"primaryImageOfPage":{"@id":"https:\/\/marekkuchcinski.pl\/wydarzenia\/przejscie-graniczne-malhowice-nizankowice-dostepne-dla-ciezarowek\/#primaryimage"},"image":{"@id":"https:\/\/marekkuchcinski.pl\/wydarzenia\/przejscie-graniczne-malhowice-nizankowice-dostepne-dla-ciezarowek\/#primaryimage"},"thumbnailUrl":"https:\/\/marekkuchcinski.pl\/wp-content\/uploads\/2023\/02\/t2.jpg","datePublished":"2023-02-13T19:24:49+00:00","dateModified":"2023-02-13T19:26:50+00:00","breadcrumb":{"@id":"https:\/\/marekkuchcinski.pl\/wydarzenia\/przejscie-graniczne-malhowice-nizankowice-dostepne-dla-ciezarowek\/#breadcrumb"},"inLanguage":"hu","potentialAction":[{"@type":"ReadAction","target":["https:\/\/marekkuchcinski.pl\/wydarzenia\/przejscie-graniczne-malhowice-nizankowice-dostepne-dla-ciezarowek\/"]}]},{"@type":"ImageObject","inLanguage":"hu","@id":"https:\/\/marekkuchcinski.pl\/wydarzenia\/przejscie-graniczne-malhowice-nizankowice-dostepne-dla-ciezarowek\/#primaryimage","url":"https:\/\/marekkuchcinski.pl\/wp-content\/uploads\/2023\/02\/t2.jpg","contentUrl":"https:\/\/marekkuchcinski.pl\/wp-content\/uploads\/2023\/02\/t2.jpg","width":1400,"height":933},{"@type":"BreadcrumbList","@id":"https:\/\/marekkuchcinski.pl\/wydarzenia\/przejscie-graniczne-malhowice-nizankowice-dostepne-dla-ciezarowek\/#breadcrumb","itemListElement":[{"@type":"ListItem","position":1,"name":"Strona g\u0142\u00f3wna","item":"https:\/\/marekkuchcinski.pl\/"},{"@type":"ListItem","position":2,"name":"Przej\u015bcie graniczne Malhowice-Ni\u017cankowice dost\u0119pne dla ci\u0119\u017car\u00f3wek"}]},{"@type":"WebSite","@id":"https:\/\/marekkuchcinski.pl\/#website","url":"https:\/\/marekkuchcinski.pl\/","name":"Marek Kuchci\u0144ski","description":"Pose\u0142 na sejm RP &ndash; okr\u0119g nr 22","publisher":{"@id":"https:\/\/marekkuchcinski.pl\/#organization"},"potentialAction":[{"@type":"SearchAction","target":{"@type":"EntryPoint","urlTemplate":"https:\/\/marekkuchcinski.pl\/?s={search_term_string}"},"query-input":{"@type":"PropertyValueSpecification","valueRequired":true,"valueName":"search_term_string"}}],"inLanguage":"hu"},{"@type":"Organization","@id":"https:\/\/marekkuchcinski.pl\/#organization","name":"Marek Kuchci\u0144ski","url":"https:\/\/marekkuchcinski.pl\/","logo":{"@type":"ImageObject","inLanguage":"hu","@id":"https:\/\/marekkuchcinski.pl\/#\/schema\/logo\/image\/","url":"https:\/\/marekkuchcinski.pl\/wp-content\/uploads\/2022\/09\/Marek.jpg","contentUrl":"https:\/\/marekkuchcinski.pl\/wp-content\/uploads\/2022\/09\/Marek.jpg","width":1600,"height":971,"caption":"Marek Kuchci\u0144ski"},"image":{"@id":"https:\/\/marekkuchcinski.pl\/#\/schema\/logo\/image\/"}},{"@type":"Person","@id":"https:\/\/marekkuchcinski.pl\/#\/schema\/person\/51d5d4ee3b5317b8e4dd2b48af359229","name":"Marta Olejnik","image":{"@type":"ImageObject","inLanguage":"hu","@id":"https:\/\/marekkuchcinski.pl\/#\/schema\/person\/image\/","url":"https:\/\/secure.gravatar.com\/avatar\/e39914b2aa6a48959e24d475b5dc9793?s=96&d=mm&r=g","contentUrl":"https:\/\/secure.gravatar.com\/avatar\/e39914b2aa6a48959e24d475b5dc9793?s=96&d=mm&r=g","caption":"Marta Olejnik"},"url":"https:\/\/marekkuchcinski.pl\/hu\/author\/marta\/"}]}},"_links":{"self":[{"href":"https:\/\/marekkuchcinski.pl\/hu\/wp-json\/wp\/v2\/posts\/27777","targetHints":{"allow":["GET"]}}],"collection":[{"href":"https:\/\/marekkuchcinski.pl\/hu\/wp-json\/wp\/v2\/posts"}],"about":[{"href":"https:\/\/marekkuchcinski.pl\/hu\/wp-json\/wp\/v2\/types\/post"}],"author":[{"embeddable":true,"href":"https:\/\/marekkuchcinski.pl\/hu\/wp-json\/wp\/v2\/users\/21"}],"replies":[{"embeddable":true,"href":"https:\/\/marekkuchcinski.pl\/hu\/wp-json\/wp\/v2\/comments?post=27777"}],"version-history":[{"count":4,"href":"https:\/\/marekkuchcinski.pl\/hu\/wp-json\/wp\/v2\/posts\/27777\/revisions"}],"predecessor-version":[{"id":27789,"href":"https:\/\/marekkuchcinski.pl\/hu\/wp-json\/wp\/v2\/posts\/27777\/revisions\/27789"}],"wp:featuredmedia":[{"embeddable":true,"href":"https:\/\/marekkuchcinski.pl\/hu\/wp-json\/wp\/v2\/media\/27779"}],"wp:attachment":[{"href":"https:\/\/marekkuchcinski.pl\/hu\/wp-json\/wp\/v2\/media?parent=27777"}],"wp:term":[{"taxonomy":"category","embeddable":true,"href":"https:\/\/marekkuchcinski.pl\/hu\/wp-json\/wp\/v2\/categories?post=27777"},{"taxonomy":"post_tag","embeddable":true,"href":"https:\/\/marekkuchcinski.pl\/hu\/wp-json\/wp\/v2\/tags?post=27777"}],"curies":[{"name":"wp","href":"https:\/\/api.w.org\/{rel}","templated":true}]}}