{"id":27281,"date":"2023-01-13T20:19:41","date_gmt":"2023-01-13T19:19:41","guid":{"rendered":"https:\/\/marekkuchcinski.pl\/?p=27281"},"modified":"2023-01-13T20:20:02","modified_gmt":"2023-01-13T19:20:02","slug":"ponad-25-mld-euro-dla-polskich-rolnikow","status":"publish","type":"post","link":"https:\/\/marekkuchcinski.pl\/hu\/wydarzenia\/ponad-25-mld-euro-dla-polskich-rolnikow\/","title":{"rendered":"T\u00f6bb mint 25 milli\u00e1rd eur\u00f3 a lengyel gazd\u00e1lkod\u00f3k sz\u00e1m\u00e1ra"},"content":{"rendered":"<p class=\"wp-block-paragraph\">A korm\u00e1ny a z\u00f6ld \u00e9s digit\u00e1lis gazdas\u00e1gra val\u00f3 \u00e1t\u00e1ll\u00e1s szempontjaival er\u0151s\u00edti a lengyel mez\u0151gazdas\u00e1g, a kisgazdas\u00e1gok \u00e9s a vid\u00e9kfejleszt\u00e9s versenyk\u00e9pess\u00e9g\u00e9t \u00e9s fejleszt\u00e9s\u00e9t. Janu\u00e1r \u00f3ta \u00e9rv\u00e9nyben van az \u00faj K\u00f6z\u00f6s Agr\u00e1rpolitika 2023-2027, amelynek tervezett forr\u00e1sa 25,2 milli\u00e1rd eur\u00f3.<\/p>\n\n\n\n<p class=\"wp-block-paragraph\"><strong>A strat\u00e9giai terv t\u00f6bbek k\u00f6z\u00f6tt a k\u00f6vetkez\u0151ket felt\u00e9telezi:<\/strong><\/p>\n\n\n\n<p class=\"wp-block-paragraph\">m\u00e9lt\u00e1nyos mez\u0151gazdas\u00e1gi bev\u00e9telek t\u00e1mogat\u00e1sa&nbsp;<\/p>\n\n\n\n<p class=\"wp-block-paragraph\">versenyk\u00e9pess\u00e9g, kutat\u00e1s, technol\u00f3gia \u00e9s digitaliz\u00e1ci\u00f3<\/p>\n\n\n\n<p class=\"wp-block-paragraph\">a gazd\u00e1lkod\u00f3k \u00e9rt\u00e9kl\u00e1ncban elfoglalt poz\u00edci\u00f3j\u00e1nak jav\u00edt\u00e1sa<\/p>\n\n\n\n<p class=\"wp-block-paragraph\">a kl\u00edmav\u00e1ltoz\u00e1s m\u00e9rs\u00e9kl\u00e9se \u00e9s az ahhoz val\u00f3 alkalmazkod\u00e1s, a fenntarthat\u00f3 energiatermel\u00e9s<\/p>\n\n\n\n<p class=\"wp-block-paragraph\">a fenntarthat\u00f3 fejl\u0151d\u00e9s t\u00e1mogat\u00e1sa \u00e9s a term\u00e9szeti er\u0151forr\u00e1sokkal, p\u00e9ld\u00e1ul a v\u00edz, a talaj \u00e9s a leveg\u0151 hat\u00e9kony kezel\u00e9se<\/p>\n\n\n\n<p class=\"wp-block-paragraph\">a biol\u00f3giai sokf\u00e9les\u00e9g v\u00e9delm\u00e9hez val\u00f3 hozz\u00e1j\u00e1rul\u00e1s, az \u00f6kosziszt\u00e9ma-szolg\u00e1ltat\u00e1sok jav\u00edt\u00e1sa, valamint az \u00e9l\u0151helyek \u00e9s t\u00e1jak v\u00e9delme<\/p>\n\n\n\n<p class=\"wp-block-paragraph\">a fiatal gazd\u00e1lkod\u00f3k vonz\u00e1sa \u00e9s a v\u00e1llalkoz\u00e1sfejleszt\u00e9s el\u0151seg\u00edt\u00e9se a vid\u00e9ki ter\u00fcleteken<\/p>\n\n\n\n<p class=\"wp-block-paragraph\">a foglalkoztat\u00e1s, a n\u00f6veked\u00e9s, a t\u00e1rsadalmi befogad\u00e1s \u00e9s a helyi fejl\u0151d\u00e9s el\u0151mozd\u00edt\u00e1sa a vid\u00e9ki ter\u00fcleteken, bele\u00e9rtve a biogazdas\u00e1got \u00e9s a fenntarthat\u00f3 erd\u0151gazd\u00e1lkod\u00e1st<\/p>\n\n\n\n<p class=\"wp-block-paragraph\">az EU mez\u0151gazdas\u00e1g\u00e1nak a t\u00e1rsadalmi \u00e9lelmiszer- \u00e9s eg\u00e9szs\u00e9g\u00fcgyi sz\u00fcks\u00e9gletekre adott v\u00e1laszainak jav\u00edt\u00e1sa, bele\u00e9rtve a biztons\u00e1gos, t\u00e1panyagban gazdag \u00e9s fenntarthat\u00f3 \u00e9lelmiszereket, valamint az \u00e1llatj\u00f3l\u00e9tet.<\/p>\n\n\n\n<p class=\"wp-block-paragraph\"><strong>2022-ben a m\u0171tr\u00e1gy\u00e1k t\u00e1mogat\u00e1sa a Podkarpackie 69 454 170 volt.<\/strong><\/p>","protected":false},"excerpt":{"rendered":"<p>Rz\u0105d wzmacnia konkurencyjno\u015b\u0107 i rozw\u00f3j polskiego rolnictwa, ma\u0142ych gospodarstw oraz rozw\u00f3j obszar\u00f3w wiejskich z aspektami przej\u015bcia do zielonej i cyfrowej gospodarki.\u00a0Od stycznia obowi\u0105zuje nowa Wsp\u00f3lna Polityka Rolna 2023-2027, kt\u00f3rej zaplanowane \u015brodki wynosz\u0105 25,2 mld EUR. Plan Strategiczny zak\u0142ada m.in.: wspieranie&nbsp;godziwych dochod\u00f3w gospodarstw rolnych&nbsp; konkurencyjno\u015b\u0107, badania naukowe, technologia i&nbsp; cyfryzacja popraw\u0119 pozycji rolnik\u00f3w&nbsp;w&nbsp; \u0142a\u0144cuchu warto\u015bci \u0142agodzenie [&hellip;]<\/p>\n","protected":false},"author":21,"featured_media":27282,"comment_status":"open","ping_status":"open","sticky":false,"template":"","format":"standard","meta":{"ngg_post_thumbnail":0,"footnotes":""},"categories":[3],"tags":[],"class_list":["post-27281","post","type-post","status-publish","format-standard","has-post-thumbnail","hentry","category-wydarzenia"],"_links":{"self":[{"href":"https:\/\/marekkuchcinski.pl\/hu\/wp-json\/wp\/v2\/posts\/27281","targetHints":{"allow":["GET"]}}],"collection":[{"href":"https:\/\/marekkuchcinski.pl\/hu\/wp-json\/wp\/v2\/posts"}],"about":[{"href":"https:\/\/marekkuchcinski.pl\/hu\/wp-json\/wp\/v2\/types\/post"}],"author":[{"embeddable":true,"href":"https:\/\/marekkuchcinski.pl\/hu\/wp-json\/wp\/v2\/users\/21"}],"replies":[{"embeddable":true,"href":"https:\/\/marekkuchcinski.pl\/hu\/wp-json\/wp\/v2\/comments?post=27281"}],"version-history":[{"count":2,"href":"https:\/\/marekkuchcinski.pl\/hu\/wp-json\/wp\/v2\/posts\/27281\/revisions"}],"predecessor-version":[{"id":27284,"href":"https:\/\/marekkuchcinski.pl\/hu\/wp-json\/wp\/v2\/posts\/27281\/revisions\/27284"}],"wp:featuredmedia":[{"embeddable":true,"href":"https:\/\/marekkuchcinski.pl\/hu\/wp-json\/wp\/v2\/media\/27282"}],"wp:attachment":[{"href":"https:\/\/marekkuchcinski.pl\/hu\/wp-json\/wp\/v2\/media?parent=27281"}],"wp:term":[{"taxonomy":"category","embeddable":true,"href":"https:\/\/marekkuchcinski.pl\/hu\/wp-json\/wp\/v2\/categories?post=27281"},{"taxonomy":"post_tag","embeddable":true,"href":"https:\/\/marekkuchcinski.pl\/hu\/wp-json\/wp\/v2\/tags?post=27281"}],"curies":[{"name":"wp","href":"https:\/\/api.w.org\/{rel}","templated":true}]}}