{"id":27263,"date":"2023-01-10T15:27:49","date_gmt":"2023-01-10T14:27:49","guid":{"rendered":"https:\/\/marekkuchcinski.pl\/?p=27263"},"modified":"2023-01-10T15:28:26","modified_gmt":"2023-01-10T14:28:26","slug":"sportowa-polska-na-podkarpaciu","status":"publish","type":"post","link":"https:\/\/marekkuchcinski.pl\/hu\/wydarzenia\/sportowa-polska-na-podkarpaciu\/","title":{"rendered":"Sport Lengyelorsz\u00e1gban Podkarpacie-ban"},"content":{"rendered":"<p>A korm\u00e1ny p\u00e9nzt k\u00fcl\u00f6n\u00edtett el a Sportowa Polska na Podkarpacie programra <strong>162 873\u00a0659<\/strong>. Ennek eredm\u00e9nyek\u00e9nt l\u00e9tes\u00edtm\u00e9nyek \u00fajultak meg \u00e9s \u00e9p\u00fcltek, azaz tornatermek, futballp\u00e1ly\u00e1k, multifunkcion\u00e1lis sportcsarnokok, edz\u0151termek, uszod\u00e1k, teniszp\u00e1ly\u00e1k. Minden beruh\u00e1z\u00e1si feladatnak (l\u00e9trehozott sportl\u00e9tes\u00edtm\u00e9nyeknek) nyilv\u00e1nosan el\u00e9rhet\u0151nek kell lennie. Ezenk\u00edv\u00fcl a szabadt\u00e9ri l\u00e9tes\u00edtm\u00e9nyek eset\u00e9ben a k\u00e9relmez\u0151knek minden er\u0151fesz\u00edt\u00e9st meg kell tenni\u00fck annak biztos\u00edt\u00e1s\u00e1ra, hogy ezekhez val\u00f3 hozz\u00e1f\u00e9r\u00e9s, k\u00fcl\u00f6n\u00f6sen a gyermekek \u00e9s fiatalok sz\u00e1m\u00e1ra, ingyenes legyen.<\/p>\n\n\n\n<p>A \u201eSportowa Polska\u201d program c\u00e9lja a sportl\u00e9tes\u00edtm\u00e9nyekhez kapcsol\u00f3d\u00f3 beruh\u00e1z\u00e1si feladatok fejleszt\u00e9se \u00e9s megval\u00f3s\u00edt\u00e1s\u00e1nak t\u00e1mogat\u00e1sa orsz\u00e1gszerte. A t\u00e1rsfinansz\u00edroz\u00e1s kiterjedhet \u00e1ltal\u00e1nosan hozz\u00e1f\u00e9rhet\u0151 l\u00e9tes\u00edtm\u00e9nyekre, amelyek lehet\u0151v\u00e9 teszik a sportok t\u00f6meges gyakorl\u00e1s\u00e1t. A beruh\u00e1z\u00e1si feladatok t\u00edpusait h\u00e1rom csoportba soroltuk.<\/p>\n\n\n\n<p><strong>az els\u0151 csoport<\/strong>\u00a0az iskolai sportinfrastrukt\u00fara \u00e1llapot\u00e1nak jav\u00edt\u00e1s\u00e1t c\u00e9lz\u00f3, a testnevel\u00e9s \u00f3r\u00e1k ig\u00e9nyeit szolg\u00e1l\u00f3, egy\u00fattal a helyi k\u00f6z\u00f6ss\u00e9gek akt\u00edv szabadid\u0151 elt\u00f6lt\u00e9s\u00e9t szolg\u00e1l\u00f3, valamint - lehet\u0151s\u00e9g szerint - sportversenyz\u00e9st lehet\u0151v\u00e9 tev\u0151 feladatok. A rendelkez\u00e9sre \u00e1ll\u00f3 adatok t\u00fckr\u00e9ben az iskol\u00e1s gyermekek \u00e9s fiatalok lakoss\u00e1g\u00e1nak jelent\u0151s r\u00e9sze tov\u00e1bbra sem f\u00e9r hozz\u00e1 biztons\u00e1gos \u00e9s m\u0171k\u00f6d\u0151k\u00e9pes iskolai sportinfrastrukt\u00far\u00e1hoz. Figyelembe v\u00e9ve azt a t\u00e9nyt, hogy az iskolai l\u00e9tes\u00edtm\u00e9nyek nemcsak a testnevel\u00e9si \u00f3r\u00e1k lebonyol\u00edt\u00e1s\u00e1nak felt\u00e9teleinek jav\u00edt\u00e1s\u00e1val kapcsolatos funkci\u00f3kat l\u00e1tnak el, hanem az alapvet\u0151 sportl\u00e9tes\u00edtm\u00e9nyek h\u00e1l\u00f3zat\u00e1t is alkotj\u00e1k, \u00e1ltal\u00e1nosan mindenki sz\u00e1m\u00e1ra el\u00e9rhet\u0151ek, az ilyen t\u00edpus\u00fa l\u00e9tes\u00edtm\u00e9nyek kiemelt figyelmet \u00e9rdemelnek ebben a Programban.<\/p>\n\n\n\n<p><strong>M\u00e1sodik csoport<\/strong>\u00a0A feladatok a sportol\u00f3k edz\u00e9sk\u00f6r\u00fclm\u00e9nyeinek jav\u00edt\u00e1s\u00e1t c\u00e9lz\u00f3 feladatok, ide\u00e9rtve a nem megfelel\u0151 m\u0171szaki \u00e9s funkcion\u00e1lis \u00e1llapot\u00fa, els\u0151sorban olimpiai sportok gyakorl\u00e1s\u00e1ra haszn\u00e1lt sportl\u00e9tes\u00edtm\u00e9nyek, valamint a sport\u00e1g sz\u00e9lesk\u00f6r\u0171 elterjeszt\u00e9s\u00e9t lehet\u0151v\u00e9 tev\u0151 l\u00e9tes\u00edtm\u00e9nyek haszn\u00e1lati \u00e9rt\u00e9kveszt\u00e9si folyamatainak ellens\u00falyoz\u00e1s\u00e1t. . Ebben a csoportban a m\u00e1r megl\u00e9v\u0151 sportinfrastrukt\u00fara rekonstrukci\u00f3j\u00e1val, fel\u00faj\u00edt\u00e1s\u00e1val kapcsolatos feladatokra lehet majd anyagi t\u00e1mogat\u00e1st ny\u00fajtani. Az ebben a feladatk\u00f6rben t\u00e1rsfinansz\u00edrozott l\u00e9tes\u00edtm\u00e9nyek els\u0151sorban a m\u00e9rhet\u0151 sportsikerekkel b\u00fcszk\u00e9lked\u0151 sportegyes\u00fcleteknek sz\u00f3lnak, illetve azoknak, akik sz\u00e1m\u00e1ra a beruh\u00e1z\u00e1si feladat megval\u00f3s\u00edt\u00e1sa er\u0151s \u00f6szt\u00f6nz\u00e9st jelent a jelenlegi tev\u00e9kenys\u00e9g fejleszt\u00e9s\u00e9hez.<\/p>\n\n\n\n<p><strong>harmadik csoport<\/strong>\u00a0A feladatok egy \u00faj (iskol\u00e1n k\u00edv\u00fcli) sportinfrastrukt\u00fara ki\u00e9p\u00edt\u00e9s\u00e9vel kapcsolatosak, amelyek lehet\u0151v\u00e9 teszik a szabadid\u0151 akt\u00edv elt\u00f6lt\u00e9s\u00e9t, a prevenci\u00f3s eg\u00e9szs\u00e9g\u00fcgyi ell\u00e1t\u00e1s fontos elem\u00e9t \u00e9s a sportversenyt lehet\u0151v\u00e9 tev\u0151 feladatokat. A Sportminiszt\u00e9rium arra \u00f6szt\u00f6nzi az \u00fajonnan kialak\u00edtott infrastruktur\u00e1lis b\u00e1zist, hogy el\u0151zetesen szerezz\u00e9k be a t\u00e1rsadalmi j\u00f3v\u00e1hagy\u00e1st, \u00e9s kapcsolj\u00e1k \u00f6ssze a beruh\u00e1z\u00e1s hat\u00e1ster\u00fclet\u00e9n \u0171zhet\u0151 sport\u00e1gakkal.<\/p>\n\n\n\n<p><\/p>","protected":false},"excerpt":{"rendered":"<p>Na program Sportowa Polska na Podkarpaciu rz\u0105d przeznaczy\u0142 162 873\u00a0659. Dzi\u0119ki temu wyremontowano i zbudowano obiekty, tj. sale gimnastyczne, boiska pi\u0142karskie, wielofunkcyjne, hale sportowe, si\u0142ownie, p\u0142ywalnie, korty tenisowych. Wszystkie zadania inwestycyjne (powsta\u0142e obiekty sportowe) musz\u0105 mie\u0107 charakter og\u00f3lnodost\u0119pny. Dodatkowo w przypadku obiekt\u00f3w zewn\u0119trznych, wnioskodawcy powinni do\u0142o\u017cy\u0107 wszelkich stara\u0144, aby dost\u0119p do nich, w szczeg\u00f3lno\u015bci dla [&hellip;]<\/p>","protected":false},"author":21,"featured_media":27264,"comment_status":"open","ping_status":"open","sticky":false,"template":"","format":"standard","meta":{"ngg_post_thumbnail":0,"footnotes":""},"categories":[3],"tags":[],"class_list":["post-27263","post","type-post","status-publish","format-standard","has-post-thumbnail","hentry","category-wydarzenia"],"yoast_head":"<!-- This site is optimized with the Yoast SEO plugin v24.7 - https:\/\/yoast.com\/wordpress\/plugins\/seo\/ -->\n<title>Sportowa Polska na Podkarpaciu &#8211; Marek Kuchci\u0144ski<\/title>\n<meta name=\"robots\" content=\"index, follow, max-snippet:-1, max-image-preview:large, max-video-preview:-1\" \/>\n<link rel=\"canonical\" href=\"https:\/\/marekkuchcinski.pl\/hu\/wydarzenia\/sportowa-polska-na-podkarpaciu\/\" \/>\n<meta property=\"og:locale\" content=\"hu_HU\" \/>\n<meta property=\"og:type\" content=\"article\" \/>\n<meta property=\"og:title\" content=\"Sportowa Polska na Podkarpaciu &#8211; Marek Kuchci\u0144ski\" \/>\n<meta property=\"og:description\" content=\"Na program Sportowa Polska na Podkarpaciu rz\u0105d przeznaczy\u0142 162 873\u00a0659. Dzi\u0119ki temu wyremontowano i zbudowano obiekty, tj. sale gimnastyczne, boiska pi\u0142karskie, wielofunkcyjne, hale sportowe, si\u0142ownie, p\u0142ywalnie, korty tenisowych. Wszystkie zadania inwestycyjne (powsta\u0142e obiekty sportowe) musz\u0105 mie\u0107 charakter og\u00f3lnodost\u0119pny. Dodatkowo w przypadku obiekt\u00f3w zewn\u0119trznych, wnioskodawcy powinni do\u0142o\u017cy\u0107 wszelkich stara\u0144, aby dost\u0119p do nich, w szczeg\u00f3lno\u015bci dla [&hellip;]\" \/>\n<meta property=\"og:url\" content=\"https:\/\/marekkuchcinski.pl\/hu\/wydarzenia\/sportowa-polska-na-podkarpaciu\/\" \/>\n<meta property=\"og:site_name\" content=\"Marek Kuchci\u0144ski\" \/>\n<meta property=\"article:published_time\" content=\"2023-01-10T14:27:49+00:00\" \/>\n<meta property=\"article:modified_time\" content=\"2023-01-10T14:28:26+00:00\" \/>\n<meta property=\"og:image\" content=\"https:\/\/marekkuchcinski.pl\/wp-content\/uploads\/2023\/01\/Sportowy-Cheerleaderski-Plakat.jpg\" \/>\n\t<meta property=\"og:image:width\" content=\"1473\" \/>\n\t<meta property=\"og:image:height\" content=\"942\" \/>\n\t<meta property=\"og:image:type\" content=\"image\/jpeg\" \/>\n<meta name=\"author\" content=\"Marta Olejnik\" \/>\n<meta name=\"twitter:card\" content=\"summary_large_image\" \/>\n<meta name=\"twitter:label1\" content=\"Szerz\u0151:\" \/>\n\t<meta name=\"twitter:data1\" content=\"Marta Olejnik\" \/>\n\t<meta name=\"twitter:label2\" content=\"Becs\u00fclt olvas\u00e1si id\u0151\" \/>\n\t<meta name=\"twitter:data2\" content=\"2 perc\" \/>\n<script type=\"application\/ld+json\" class=\"yoast-schema-graph\">{\"@context\":\"https:\/\/schema.org\",\"@graph\":[{\"@type\":\"Article\",\"@id\":\"https:\/\/marekkuchcinski.pl\/wydarzenia\/sportowa-polska-na-podkarpaciu\/#article\",\"isPartOf\":{\"@id\":\"https:\/\/marekkuchcinski.pl\/wydarzenia\/sportowa-polska-na-podkarpaciu\/\"},\"author\":{\"name\":\"Marta Olejnik\",\"@id\":\"https:\/\/marekkuchcinski.pl\/#\/schema\/person\/51d5d4ee3b5317b8e4dd2b48af359229\"},\"headline\":\"Sportowa Polska na Podkarpaciu\",\"datePublished\":\"2023-01-10T14:27:49+00:00\",\"dateModified\":\"2023-01-10T14:28:26+00:00\",\"mainEntityOfPage\":{\"@id\":\"https:\/\/marekkuchcinski.pl\/wydarzenia\/sportowa-polska-na-podkarpaciu\/\"},\"wordCount\":433,\"commentCount\":0,\"publisher\":{\"@id\":\"https:\/\/marekkuchcinski.pl\/#organization\"},\"image\":{\"@id\":\"https:\/\/marekkuchcinski.pl\/wydarzenia\/sportowa-polska-na-podkarpaciu\/#primaryimage\"},\"thumbnailUrl\":\"https:\/\/marekkuchcinski.pl\/wp-content\/uploads\/2023\/01\/Sportowy-Cheerleaderski-Plakat.jpg\",\"articleSection\":[\"Wydarzenia\"],\"inLanguage\":\"hu\",\"potentialAction\":[{\"@type\":\"CommentAction\",\"name\":\"Comment\",\"target\":[\"https:\/\/marekkuchcinski.pl\/wydarzenia\/sportowa-polska-na-podkarpaciu\/#respond\"]}]},{\"@type\":\"WebPage\",\"@id\":\"https:\/\/marekkuchcinski.pl\/wydarzenia\/sportowa-polska-na-podkarpaciu\/\",\"url\":\"https:\/\/marekkuchcinski.pl\/wydarzenia\/sportowa-polska-na-podkarpaciu\/\",\"name\":\"Sportowa Polska na Podkarpaciu &#8211; Marek Kuchci\u0144ski\",\"isPartOf\":{\"@id\":\"https:\/\/marekkuchcinski.pl\/#website\"},\"primaryImageOfPage\":{\"@id\":\"https:\/\/marekkuchcinski.pl\/wydarzenia\/sportowa-polska-na-podkarpaciu\/#primaryimage\"},\"image\":{\"@id\":\"https:\/\/marekkuchcinski.pl\/wydarzenia\/sportowa-polska-na-podkarpaciu\/#primaryimage\"},\"thumbnailUrl\":\"https:\/\/marekkuchcinski.pl\/wp-content\/uploads\/2023\/01\/Sportowy-Cheerleaderski-Plakat.jpg\",\"datePublished\":\"2023-01-10T14:27:49+00:00\",\"dateModified\":\"2023-01-10T14:28:26+00:00\",\"breadcrumb\":{\"@id\":\"https:\/\/marekkuchcinski.pl\/wydarzenia\/sportowa-polska-na-podkarpaciu\/#breadcrumb\"},\"inLanguage\":\"hu\",\"potentialAction\":[{\"@type\":\"ReadAction\",\"target\":[\"https:\/\/marekkuchcinski.pl\/wydarzenia\/sportowa-polska-na-podkarpaciu\/\"]}]},{\"@type\":\"ImageObject\",\"inLanguage\":\"hu\",\"@id\":\"https:\/\/marekkuchcinski.pl\/wydarzenia\/sportowa-polska-na-podkarpaciu\/#primaryimage\",\"url\":\"https:\/\/marekkuchcinski.pl\/wp-content\/uploads\/2023\/01\/Sportowy-Cheerleaderski-Plakat.jpg\",\"contentUrl\":\"https:\/\/marekkuchcinski.pl\/wp-content\/uploads\/2023\/01\/Sportowy-Cheerleaderski-Plakat.jpg\",\"width\":1473,\"height\":942},{\"@type\":\"BreadcrumbList\",\"@id\":\"https:\/\/marekkuchcinski.pl\/wydarzenia\/sportowa-polska-na-podkarpaciu\/#breadcrumb\",\"itemListElement\":[{\"@type\":\"ListItem\",\"position\":1,\"name\":\"Strona g\u0142\u00f3wna\",\"item\":\"https:\/\/marekkuchcinski.pl\/\"},{\"@type\":\"ListItem\",\"position\":2,\"name\":\"Sportowa Polska na Podkarpaciu\"}]},{\"@type\":\"WebSite\",\"@id\":\"https:\/\/marekkuchcinski.pl\/#website\",\"url\":\"https:\/\/marekkuchcinski.pl\/\",\"name\":\"Marek Kuchci\u0144ski\",\"description\":\"Pose\u0142 na sejm RP &ndash; okr\u0119g nr 22\",\"publisher\":{\"@id\":\"https:\/\/marekkuchcinski.pl\/#organization\"},\"potentialAction\":[{\"@type\":\"SearchAction\",\"target\":{\"@type\":\"EntryPoint\",\"urlTemplate\":\"https:\/\/marekkuchcinski.pl\/?s={search_term_string}\"},\"query-input\":{\"@type\":\"PropertyValueSpecification\",\"valueRequired\":true,\"valueName\":\"search_term_string\"}}],\"inLanguage\":\"hu\"},{\"@type\":\"Organization\",\"@id\":\"https:\/\/marekkuchcinski.pl\/#organization\",\"name\":\"Marek Kuchci\u0144ski\",\"url\":\"https:\/\/marekkuchcinski.pl\/\",\"logo\":{\"@type\":\"ImageObject\",\"inLanguage\":\"hu\",\"@id\":\"https:\/\/marekkuchcinski.pl\/#\/schema\/logo\/image\/\",\"url\":\"https:\/\/marekkuchcinski.pl\/wp-content\/uploads\/2022\/09\/Marek.jpg\",\"contentUrl\":\"https:\/\/marekkuchcinski.pl\/wp-content\/uploads\/2022\/09\/Marek.jpg\",\"width\":1600,\"height\":971,\"caption\":\"Marek Kuchci\u0144ski\"},\"image\":{\"@id\":\"https:\/\/marekkuchcinski.pl\/#\/schema\/logo\/image\/\"}},{\"@type\":\"Person\",\"@id\":\"https:\/\/marekkuchcinski.pl\/#\/schema\/person\/51d5d4ee3b5317b8e4dd2b48af359229\",\"name\":\"Marta Olejnik\",\"image\":{\"@type\":\"ImageObject\",\"inLanguage\":\"hu\",\"@id\":\"https:\/\/marekkuchcinski.pl\/#\/schema\/person\/image\/\",\"url\":\"https:\/\/secure.gravatar.com\/avatar\/e39914b2aa6a48959e24d475b5dc9793?s=96&d=mm&r=g\",\"contentUrl\":\"https:\/\/secure.gravatar.com\/avatar\/e39914b2aa6a48959e24d475b5dc9793?s=96&d=mm&r=g\",\"caption\":\"Marta Olejnik\"},\"url\":\"https:\/\/marekkuchcinski.pl\/hu\/author\/marta\/\"}]}<\/script>\n<!-- \/ Yoast SEO plugin. -->","yoast_head_json":{"title":"Sportowa Polska na Podkarpaciu &#8211; Marek Kuchci\u0144ski","robots":{"index":"index","follow":"follow","max-snippet":"max-snippet:-1","max-image-preview":"max-image-preview:large","max-video-preview":"max-video-preview:-1"},"canonical":"https:\/\/marekkuchcinski.pl\/hu\/wydarzenia\/sportowa-polska-na-podkarpaciu\/","og_locale":"hu_HU","og_type":"article","og_title":"Sportowa Polska na Podkarpaciu &#8211; Marek Kuchci\u0144ski","og_description":"Na program Sportowa Polska na Podkarpaciu rz\u0105d przeznaczy\u0142 162 873\u00a0659. Dzi\u0119ki temu wyremontowano i zbudowano obiekty, tj. sale gimnastyczne, boiska pi\u0142karskie, wielofunkcyjne, hale sportowe, si\u0142ownie, p\u0142ywalnie, korty tenisowych. Wszystkie zadania inwestycyjne (powsta\u0142e obiekty sportowe) musz\u0105 mie\u0107 charakter og\u00f3lnodost\u0119pny. Dodatkowo w przypadku obiekt\u00f3w zewn\u0119trznych, wnioskodawcy powinni do\u0142o\u017cy\u0107 wszelkich stara\u0144, aby dost\u0119p do nich, w szczeg\u00f3lno\u015bci dla [&hellip;]","og_url":"https:\/\/marekkuchcinski.pl\/hu\/wydarzenia\/sportowa-polska-na-podkarpaciu\/","og_site_name":"Marek Kuchci\u0144ski","article_published_time":"2023-01-10T14:27:49+00:00","article_modified_time":"2023-01-10T14:28:26+00:00","og_image":[{"width":1473,"height":942,"url":"https:\/\/marekkuchcinski.pl\/wp-content\/uploads\/2023\/01\/Sportowy-Cheerleaderski-Plakat.jpg","type":"image\/jpeg"}],"author":"Marta Olejnik","twitter_card":"summary_large_image","twitter_misc":{"Szerz\u0151:":"Marta Olejnik","Becs\u00fclt olvas\u00e1si id\u0151":"2 perc"},"schema":{"@context":"https:\/\/schema.org","@graph":[{"@type":"Article","@id":"https:\/\/marekkuchcinski.pl\/wydarzenia\/sportowa-polska-na-podkarpaciu\/#article","isPartOf":{"@id":"https:\/\/marekkuchcinski.pl\/wydarzenia\/sportowa-polska-na-podkarpaciu\/"},"author":{"name":"Marta Olejnik","@id":"https:\/\/marekkuchcinski.pl\/#\/schema\/person\/51d5d4ee3b5317b8e4dd2b48af359229"},"headline":"Sportowa Polska na Podkarpaciu","datePublished":"2023-01-10T14:27:49+00:00","dateModified":"2023-01-10T14:28:26+00:00","mainEntityOfPage":{"@id":"https:\/\/marekkuchcinski.pl\/wydarzenia\/sportowa-polska-na-podkarpaciu\/"},"wordCount":433,"commentCount":0,"publisher":{"@id":"https:\/\/marekkuchcinski.pl\/#organization"},"image":{"@id":"https:\/\/marekkuchcinski.pl\/wydarzenia\/sportowa-polska-na-podkarpaciu\/#primaryimage"},"thumbnailUrl":"https:\/\/marekkuchcinski.pl\/wp-content\/uploads\/2023\/01\/Sportowy-Cheerleaderski-Plakat.jpg","articleSection":["Wydarzenia"],"inLanguage":"hu","potentialAction":[{"@type":"CommentAction","name":"Comment","target":["https:\/\/marekkuchcinski.pl\/wydarzenia\/sportowa-polska-na-podkarpaciu\/#respond"]}]},{"@type":"WebPage","@id":"https:\/\/marekkuchcinski.pl\/wydarzenia\/sportowa-polska-na-podkarpaciu\/","url":"https:\/\/marekkuchcinski.pl\/wydarzenia\/sportowa-polska-na-podkarpaciu\/","name":"Sportowa Polska na Podkarpaciu &#8211; Marek Kuchci\u0144ski","isPartOf":{"@id":"https:\/\/marekkuchcinski.pl\/#website"},"primaryImageOfPage":{"@id":"https:\/\/marekkuchcinski.pl\/wydarzenia\/sportowa-polska-na-podkarpaciu\/#primaryimage"},"image":{"@id":"https:\/\/marekkuchcinski.pl\/wydarzenia\/sportowa-polska-na-podkarpaciu\/#primaryimage"},"thumbnailUrl":"https:\/\/marekkuchcinski.pl\/wp-content\/uploads\/2023\/01\/Sportowy-Cheerleaderski-Plakat.jpg","datePublished":"2023-01-10T14:27:49+00:00","dateModified":"2023-01-10T14:28:26+00:00","breadcrumb":{"@id":"https:\/\/marekkuchcinski.pl\/wydarzenia\/sportowa-polska-na-podkarpaciu\/#breadcrumb"},"inLanguage":"hu","potentialAction":[{"@type":"ReadAction","target":["https:\/\/marekkuchcinski.pl\/wydarzenia\/sportowa-polska-na-podkarpaciu\/"]}]},{"@type":"ImageObject","inLanguage":"hu","@id":"https:\/\/marekkuchcinski.pl\/wydarzenia\/sportowa-polska-na-podkarpaciu\/#primaryimage","url":"https:\/\/marekkuchcinski.pl\/wp-content\/uploads\/2023\/01\/Sportowy-Cheerleaderski-Plakat.jpg","contentUrl":"https:\/\/marekkuchcinski.pl\/wp-content\/uploads\/2023\/01\/Sportowy-Cheerleaderski-Plakat.jpg","width":1473,"height":942},{"@type":"BreadcrumbList","@id":"https:\/\/marekkuchcinski.pl\/wydarzenia\/sportowa-polska-na-podkarpaciu\/#breadcrumb","itemListElement":[{"@type":"ListItem","position":1,"name":"Strona g\u0142\u00f3wna","item":"https:\/\/marekkuchcinski.pl\/"},{"@type":"ListItem","position":2,"name":"Sportowa Polska na Podkarpaciu"}]},{"@type":"WebSite","@id":"https:\/\/marekkuchcinski.pl\/#website","url":"https:\/\/marekkuchcinski.pl\/","name":"Marek Kuchci\u0144ski","description":"Pose\u0142 na sejm RP &ndash; okr\u0119g nr 22","publisher":{"@id":"https:\/\/marekkuchcinski.pl\/#organization"},"potentialAction":[{"@type":"SearchAction","target":{"@type":"EntryPoint","urlTemplate":"https:\/\/marekkuchcinski.pl\/?s={search_term_string}"},"query-input":{"@type":"PropertyValueSpecification","valueRequired":true,"valueName":"search_term_string"}}],"inLanguage":"hu"},{"@type":"Organization","@id":"https:\/\/marekkuchcinski.pl\/#organization","name":"Marek Kuchci\u0144ski","url":"https:\/\/marekkuchcinski.pl\/","logo":{"@type":"ImageObject","inLanguage":"hu","@id":"https:\/\/marekkuchcinski.pl\/#\/schema\/logo\/image\/","url":"https:\/\/marekkuchcinski.pl\/wp-content\/uploads\/2022\/09\/Marek.jpg","contentUrl":"https:\/\/marekkuchcinski.pl\/wp-content\/uploads\/2022\/09\/Marek.jpg","width":1600,"height":971,"caption":"Marek Kuchci\u0144ski"},"image":{"@id":"https:\/\/marekkuchcinski.pl\/#\/schema\/logo\/image\/"}},{"@type":"Person","@id":"https:\/\/marekkuchcinski.pl\/#\/schema\/person\/51d5d4ee3b5317b8e4dd2b48af359229","name":"Marta Olejnik","image":{"@type":"ImageObject","inLanguage":"hu","@id":"https:\/\/marekkuchcinski.pl\/#\/schema\/person\/image\/","url":"https:\/\/secure.gravatar.com\/avatar\/e39914b2aa6a48959e24d475b5dc9793?s=96&d=mm&r=g","contentUrl":"https:\/\/secure.gravatar.com\/avatar\/e39914b2aa6a48959e24d475b5dc9793?s=96&d=mm&r=g","caption":"Marta Olejnik"},"url":"https:\/\/marekkuchcinski.pl\/hu\/author\/marta\/"}]}},"_links":{"self":[{"href":"https:\/\/marekkuchcinski.pl\/hu\/wp-json\/wp\/v2\/posts\/27263","targetHints":{"allow":["GET"]}}],"collection":[{"href":"https:\/\/marekkuchcinski.pl\/hu\/wp-json\/wp\/v2\/posts"}],"about":[{"href":"https:\/\/marekkuchcinski.pl\/hu\/wp-json\/wp\/v2\/types\/post"}],"author":[{"embeddable":true,"href":"https:\/\/marekkuchcinski.pl\/hu\/wp-json\/wp\/v2\/users\/21"}],"replies":[{"embeddable":true,"href":"https:\/\/marekkuchcinski.pl\/hu\/wp-json\/wp\/v2\/comments?post=27263"}],"version-history":[{"count":2,"href":"https:\/\/marekkuchcinski.pl\/hu\/wp-json\/wp\/v2\/posts\/27263\/revisions"}],"predecessor-version":[{"id":27266,"href":"https:\/\/marekkuchcinski.pl\/hu\/wp-json\/wp\/v2\/posts\/27263\/revisions\/27266"}],"wp:featuredmedia":[{"embeddable":true,"href":"https:\/\/marekkuchcinski.pl\/hu\/wp-json\/wp\/v2\/media\/27264"}],"wp:attachment":[{"href":"https:\/\/marekkuchcinski.pl\/hu\/wp-json\/wp\/v2\/media?parent=27263"}],"wp:term":[{"taxonomy":"category","embeddable":true,"href":"https:\/\/marekkuchcinski.pl\/hu\/wp-json\/wp\/v2\/categories?post=27263"},{"taxonomy":"post_tag","embeddable":true,"href":"https:\/\/marekkuchcinski.pl\/hu\/wp-json\/wp\/v2\/tags?post=27263"}],"curies":[{"name":"wp","href":"https:\/\/api.w.org\/{rel}","templated":true}]}}