{"id":27193,"date":"2022-12-30T17:24:50","date_gmt":"2022-12-30T16:24:50","guid":{"rendered":"https:\/\/marekkuchcinski.pl\/?p=27193"},"modified":"2022-12-31T13:37:57","modified_gmt":"2022-12-31T12:37:57","slug":"komisja-spraw-zagranicznych-w-2022-roku","status":"publish","type":"post","link":"https:\/\/marekkuchcinski.pl\/hu\/wydarzenia\/komisja-spraw-zagranicznych-w-2022-roku\/","title":{"rendered":"Komisja Spraw Zagranicznych w 2022 roku"},"content":{"rendered":"<p class=\"wp-block-paragraph\">Ogromna odpowiedzialno\u015b\u0107 i wielkie wyzwania to znak rozpoznawczy roku 2022 w dzia\u0142alno\u015bci Komisji Spraw Zagranicznych. \u2013 Zderzyli\u015bmy si\u0119 z kryzysem humanitarnym w Europie, kt\u00f3rego rozwi\u0105zanie wzi\u0119\u0142a na siebie Polska. W tym czasie musimy r\u00f3wnocze\u015bnie zmierzy\u0107 si\u0119 z mi\u0119dzynarodowym kryzysem energetycznym, agresj\u0105 militarn\u0105 Rosji i ci\u0119\u017ckimi negocjacji z Uni\u0105 Europejsk\u0105 kt\u00f3re &nbsp;pokaza\u0142y, jak wa\u017cna jest rola Polski w byciu buforem bezpiecze\u0144stwa mi\u0119dzy najedzon\u0105 i wygodn\u0105 zachodni\u0105 Europ\u0105 a walcz\u0105c\u0105 o niepodleg\u0142o\u015b\u0107 wschodni\u0105 cz\u0119\u015bci\u0105 \u2013 podsumowuje Marek Kuchci\u0144ski, by\u0142y przewodnicz\u0105cy Komisji, obecnie szef kancelarii premiera.<\/p>\n\n\n\n<p class=\"wp-block-paragraph\">Pod jego kierownictwem odby\u0142o si\u0119 ponad 100 spotka\u0144 i rozm\u00f3w telefonicznych z politykami m.in. z USA, Wielkiej Brytanii, Niemiec, Francji, Finlandii, Czech, Ukrainy, S\u0142owacji, W\u0119gier, Rumunii, Gruzji. Rozmowy dotyczy\u0142y wsp\u00f3\u0142pracy mi\u0119dzyparlamentarnej, zacie\u015bniania relacji w obszarze Europy Karpat, Tr\u00f3jmorza, Tr\u00f3jk\u0105ta Weimarskiego, Grupy Wyszehradzkiej, Ba\u0142tyckiej Tr\u00f3jki, Partnerstwa Wschodniego, a tak\u017ce sytuacji na Bia\u0142orusi i jej granicy z UE, w Serbii, Kosowie, G\u00f3rskim Karabachu. Po 24 lutego rozmowy zdominowa\u0142 temat rosyjskiej agresji na Ukrain\u0119; mo\u017cliwych geopolitycznych scenariuszy, zapewnienie bezpiecze\u0144stwa w regionie oraz wsparcia \u2013 zar\u00f3wno militarnego, jak i humanitarnego.<\/p>\n\n\n\n<p class=\"wp-block-paragraph\">Sejmowa Komisja Spraw Zagranicznych przyj\u0119\u0142a tak\u017ce projekt uchwa\u0142y ws. reparacji wojennych od Niemiec.<\/p>\n\n\n\n<figure class=\"wp-block-gallery has-nested-images columns-default is-cropped wp-block-gallery-1 is-layout-flex wp-block-gallery-is-layout-flex\">\n<figure class=\"wp-block-image size-large\"><a href=\"https:\/\/marekkuchcinski.pl\/wp-content\/uploads\/2022\/12\/2-5-1.jpg\"><img fetchpriority=\"high\" decoding=\"async\" width=\"1024\" height=\"683\" data-id=\"27203\" src=\"https:\/\/marekkuchcinski.pl\/wp-content\/uploads\/2022\/12\/2-5-1-1024x683.jpg\" alt=\"\" class=\"wp-image-27203\" srcset=\"https:\/\/marekkuchcinski.pl\/wp-content\/uploads\/2022\/12\/2-5-1-1024x683.jpg 1024w, https:\/\/marekkuchcinski.pl\/wp-content\/uploads\/2022\/12\/2-5-1-300x200.jpg 300w, https:\/\/marekkuchcinski.pl\/wp-content\/uploads\/2022\/12\/2-5-1-768x512.jpg 768w, https:\/\/marekkuchcinski.pl\/wp-content\/uploads\/2022\/12\/2-5-1-1536x1024.jpg 1536w, https:\/\/marekkuchcinski.pl\/wp-content\/uploads\/2022\/12\/2-5-1-18x12.jpg 18w, https:\/\/marekkuchcinski.pl\/wp-content\/uploads\/2022\/12\/2-5-1.jpg 1600w\" sizes=\"(max-width: 1024px) 100vw, 1024px\" \/><\/a><\/figure>\n\n\n\n<figure class=\"wp-block-image size-large\"><a href=\"https:\/\/marekkuchcinski.pl\/wp-content\/uploads\/2022\/12\/287133530_766098791236018_3677367738293129420_n.jpg\"><img decoding=\"async\" width=\"1024\" height=\"682\" data-id=\"27197\" src=\"https:\/\/marekkuchcinski.pl\/wp-content\/uploads\/2022\/12\/287133530_766098791236018_3677367738293129420_n-1024x682.jpg\" alt=\"\" class=\"wp-image-27197\" srcset=\"https:\/\/marekkuchcinski.pl\/wp-content\/uploads\/2022\/12\/287133530_766098791236018_3677367738293129420_n-1024x682.jpg 1024w, https:\/\/marekkuchcinski.pl\/wp-content\/uploads\/2022\/12\/287133530_766098791236018_3677367738293129420_n-300x200.jpg 300w, https:\/\/marekkuchcinski.pl\/wp-content\/uploads\/2022\/12\/287133530_766098791236018_3677367738293129420_n-768x511.jpg 768w, https:\/\/marekkuchcinski.pl\/wp-content\/uploads\/2022\/12\/287133530_766098791236018_3677367738293129420_n-18x12.jpg 18w, https:\/\/marekkuchcinski.pl\/wp-content\/uploads\/2022\/12\/287133530_766098791236018_3677367738293129420_n.jpg 1442w\" sizes=\"(max-width: 1024px) 100vw, 1024px\" \/><\/a><\/figure>\n\n\n\n<figure class=\"wp-block-image size-large\"><a href=\"https:\/\/marekkuchcinski.pl\/wp-content\/uploads\/2022\/12\/EKwww-1.jpg\"><img decoding=\"async\" width=\"1024\" height=\"683\" data-id=\"27206\" src=\"https:\/\/marekkuchcinski.pl\/wp-content\/uploads\/2022\/12\/EKwww-1-1024x683.jpg\" alt=\"\" class=\"wp-image-27206\" srcset=\"https:\/\/marekkuchcinski.pl\/wp-content\/uploads\/2022\/12\/EKwww-1-1024x683.jpg 1024w, https:\/\/marekkuchcinski.pl\/wp-content\/uploads\/2022\/12\/EKwww-1-300x200.jpg 300w, https:\/\/marekkuchcinski.pl\/wp-content\/uploads\/2022\/12\/EKwww-1-768x512.jpg 768w, https:\/\/marekkuchcinski.pl\/wp-content\/uploads\/2022\/12\/EKwww-1-1536x1024.jpg 1536w, https:\/\/marekkuchcinski.pl\/wp-content\/uploads\/2022\/12\/EKwww-1-18x12.jpg 18w, https:\/\/marekkuchcinski.pl\/wp-content\/uploads\/2022\/12\/EKwww-1.jpg 1600w\" sizes=\"(max-width: 1024px) 100vw, 1024px\" \/><\/a><\/figure>\n\n\n\n<figure class=\"wp-block-image size-large\"><a href=\"https:\/\/marekkuchcinski.pl\/wp-content\/uploads\/2022\/12\/f2.jpg\"><img loading=\"lazy\" decoding=\"async\" width=\"1024\" height=\"684\" data-id=\"27205\" src=\"https:\/\/marekkuchcinski.pl\/wp-content\/uploads\/2022\/12\/f2-1024x684.jpg\" alt=\"\" class=\"wp-image-27205\" srcset=\"https:\/\/marekkuchcinski.pl\/wp-content\/uploads\/2022\/12\/f2-1024x684.jpg 1024w, https:\/\/marekkuchcinski.pl\/wp-content\/uploads\/2022\/12\/f2-300x200.jpg 300w, https:\/\/marekkuchcinski.pl\/wp-content\/uploads\/2022\/12\/f2-768x513.jpg 768w, https:\/\/marekkuchcinski.pl\/wp-content\/uploads\/2022\/12\/f2-1536x1026.jpg 1536w, https:\/\/marekkuchcinski.pl\/wp-content\/uploads\/2022\/12\/f2-18x12.jpg 18w, https:\/\/marekkuchcinski.pl\/wp-content\/uploads\/2022\/12\/f2.jpg 1600w\" sizes=\"(max-width: 1024px) 100vw, 1024px\" \/><\/a><\/figure>\n\n\n\n<figure class=\"wp-block-image size-large\"><a href=\"https:\/\/marekkuchcinski.pl\/wp-content\/uploads\/2022\/12\/IMG_6926.jpg\"><img loading=\"lazy\" decoding=\"async\" width=\"1024\" height=\"651\" data-id=\"27204\" src=\"https:\/\/marekkuchcinski.pl\/wp-content\/uploads\/2022\/12\/IMG_6926-1024x651.jpg\" alt=\"\" class=\"wp-image-27204\" srcset=\"https:\/\/marekkuchcinski.pl\/wp-content\/uploads\/2022\/12\/IMG_6926-1024x651.jpg 1024w, https:\/\/marekkuchcinski.pl\/wp-content\/uploads\/2022\/12\/IMG_6926-300x191.jpg 300w, https:\/\/marekkuchcinski.pl\/wp-content\/uploads\/2022\/12\/IMG_6926-768x488.jpg 768w, https:\/\/marekkuchcinski.pl\/wp-content\/uploads\/2022\/12\/IMG_6926-1536x976.jpg 1536w, https:\/\/marekkuchcinski.pl\/wp-content\/uploads\/2022\/12\/IMG_6926-18x12.jpg 18w, https:\/\/marekkuchcinski.pl\/wp-content\/uploads\/2022\/12\/IMG_6926.jpg 1600w\" sizes=\"(max-width: 1024px) 100vw, 1024px\" \/><\/a><\/figure>\n\n\n\n<figure class=\"wp-block-image size-large\"><a href=\"https:\/\/marekkuchcinski.pl\/wp-content\/uploads\/2022\/12\/IMG_7433-\u2014-kopia.jpg\"><img loading=\"lazy\" decoding=\"async\" width=\"1024\" height=\"671\" data-id=\"27196\" src=\"https:\/\/marekkuchcinski.pl\/wp-content\/uploads\/2022\/12\/IMG_7433-\u2014-kopia-1024x671.jpg\" alt=\"\" class=\"wp-image-27196\" srcset=\"\" sizes=\"(max-width: 1024px) 100vw, 1024px\" data-srcset=\"\" \/><\/a><\/figure>\n\n\n\n<figure class=\"wp-block-image size-large\"><a href=\"https:\/\/marekkuchcinski.pl\/wp-content\/uploads\/2022\/12\/IMG_7527_edited.jpg\"><img loading=\"lazy\" decoding=\"async\" width=\"1024\" height=\"683\" data-id=\"27198\" src=\"https:\/\/marekkuchcinski.pl\/wp-content\/uploads\/2022\/12\/IMG_7527_edited-1024x683.jpg\" alt=\"\" class=\"wp-image-27198\" srcset=\"https:\/\/marekkuchcinski.pl\/wp-content\/uploads\/2022\/12\/IMG_7527_edited-1024x683.jpg 1024w, https:\/\/marekkuchcinski.pl\/wp-content\/uploads\/2022\/12\/IMG_7527_edited-300x200.jpg 300w, https:\/\/marekkuchcinski.pl\/wp-content\/uploads\/2022\/12\/IMG_7527_edited-768x512.jpg 768w, https:\/\/marekkuchcinski.pl\/wp-content\/uploads\/2022\/12\/IMG_7527_edited-1536x1024.jpg 1536w, https:\/\/marekkuchcinski.pl\/wp-content\/uploads\/2022\/12\/IMG_7527_edited-18x12.jpg 18w, https:\/\/marekkuchcinski.pl\/wp-content\/uploads\/2022\/12\/IMG_7527_edited.jpg 1600w\" sizes=\"(max-width: 1024px) 100vw, 1024px\" \/><\/a><\/figure>\n\n\n\n<figure class=\"wp-block-image size-large\"><a href=\"https:\/\/marekkuchcinski.pl\/wp-content\/uploads\/2022\/12\/IMG_8420_edited.jpg\"><img loading=\"lazy\" decoding=\"async\" width=\"1024\" height=\"575\" data-id=\"27195\" src=\"https:\/\/marekkuchcinski.pl\/wp-content\/uploads\/2022\/12\/IMG_8420_edited-1024x575.jpg\" alt=\"\" class=\"wp-image-27195\" srcset=\"https:\/\/marekkuchcinski.pl\/wp-content\/uploads\/2022\/12\/IMG_8420_edited-1024x575.jpg 1024w, https:\/\/marekkuchcinski.pl\/wp-content\/uploads\/2022\/12\/IMG_8420_edited-300x168.jpg 300w, https:\/\/marekkuchcinski.pl\/wp-content\/uploads\/2022\/12\/IMG_8420_edited-768x431.jpg 768w, https:\/\/marekkuchcinski.pl\/wp-content\/uploads\/2022\/12\/IMG_8420_edited-1536x862.jpg 1536w, https:\/\/marekkuchcinski.pl\/wp-content\/uploads\/2022\/12\/IMG_8420_edited-18x10.jpg 18w, https:\/\/marekkuchcinski.pl\/wp-content\/uploads\/2022\/12\/IMG_8420_edited.jpg 1600w\" sizes=\"(max-width: 1024px) 100vw, 1024px\" \/><\/a><\/figure>\n\n\n\n<figure class=\"wp-block-image size-large\"><a href=\"https:\/\/marekkuchcinski.pl\/wp-content\/uploads\/2022\/12\/IMG_20220526_140756-5-scaled-1.jpg\"><img loading=\"lazy\" decoding=\"async\" width=\"1024\" height=\"638\" data-id=\"27207\" src=\"https:\/\/marekkuchcinski.pl\/wp-content\/uploads\/2022\/12\/IMG_20220526_140756-5-scaled-1-1024x638.jpg\" alt=\"\" class=\"wp-image-27207\" srcset=\"https:\/\/marekkuchcinski.pl\/wp-content\/uploads\/2022\/12\/IMG_20220526_140756-5-scaled-1-1024x638.jpg 1024w, https:\/\/marekkuchcinski.pl\/wp-content\/uploads\/2022\/12\/IMG_20220526_140756-5-scaled-1-300x187.jpg 300w, https:\/\/marekkuchcinski.pl\/wp-content\/uploads\/2022\/12\/IMG_20220526_140756-5-scaled-1-768x479.jpg 768w, https:\/\/marekkuchcinski.pl\/wp-content\/uploads\/2022\/12\/IMG_20220526_140756-5-scaled-1-1536x957.jpg 1536w, https:\/\/marekkuchcinski.pl\/wp-content\/uploads\/2022\/12\/IMG_20220526_140756-5-scaled-1-18x12.jpg 18w, https:\/\/marekkuchcinski.pl\/wp-content\/uploads\/2022\/12\/IMG_20220526_140756-5-scaled-1.jpg 1600w\" sizes=\"(max-width: 1024px) 100vw, 1024px\" \/><\/a><\/figure>\n\n\n\n<figure class=\"wp-block-image size-large\"><a href=\"https:\/\/marekkuchcinski.pl\/wp-content\/uploads\/2022\/12\/kom.jpg\"><img loading=\"lazy\" decoding=\"async\" width=\"1024\" height=\"574\" data-id=\"27199\" src=\"https:\/\/marekkuchcinski.pl\/wp-content\/uploads\/2022\/12\/kom-1024x574.jpg\" alt=\"\" class=\"wp-image-27199\" srcset=\"https:\/\/marekkuchcinski.pl\/wp-content\/uploads\/2022\/12\/kom-1024x574.jpg 1024w, https:\/\/marekkuchcinski.pl\/wp-content\/uploads\/2022\/12\/kom-300x168.jpg 300w, https:\/\/marekkuchcinski.pl\/wp-content\/uploads\/2022\/12\/kom-768x431.jpg 768w, https:\/\/marekkuchcinski.pl\/wp-content\/uploads\/2022\/12\/kom-1536x861.jpg 1536w, https:\/\/marekkuchcinski.pl\/wp-content\/uploads\/2022\/12\/kom-18x10.jpg 18w, https:\/\/marekkuchcinski.pl\/wp-content\/uploads\/2022\/12\/kom.jpg 1600w\" sizes=\"(max-width: 1024px) 100vw, 1024px\" \/><\/a><\/figure>\n\n\n\n<figure class=\"wp-block-image size-large\"><a href=\"https:\/\/marekkuchcinski.pl\/wp-content\/uploads\/2022\/12\/lw-1.jpg\"><img loading=\"lazy\" decoding=\"async\" width=\"1024\" height=\"868\" data-id=\"27201\" src=\"https:\/\/marekkuchcinski.pl\/wp-content\/uploads\/2022\/12\/lw-1-1024x868.jpg\" alt=\"\" class=\"wp-image-27201\" srcset=\"https:\/\/marekkuchcinski.pl\/wp-content\/uploads\/2022\/12\/lw-1-1024x868.jpg 1024w, https:\/\/marekkuchcinski.pl\/wp-content\/uploads\/2022\/12\/lw-1-300x254.jpg 300w, https:\/\/marekkuchcinski.pl\/wp-content\/uploads\/2022\/12\/lw-1-768x651.jpg 768w, https:\/\/marekkuchcinski.pl\/wp-content\/uploads\/2022\/12\/lw-1-14x12.jpg 14w, https:\/\/marekkuchcinski.pl\/wp-content\/uploads\/2022\/12\/lw-1.jpg 1440w\" sizes=\"(max-width: 1024px) 100vw, 1024px\" \/><\/a><\/figure>\n\n\n\n<figure class=\"wp-block-image size-large\"><a href=\"https:\/\/marekkuchcinski.pl\/wp-content\/uploads\/2022\/12\/premar2.jpg\"><img loading=\"lazy\" decoding=\"async\" width=\"1024\" height=\"683\" data-id=\"27200\" src=\"https:\/\/marekkuchcinski.pl\/wp-content\/uploads\/2022\/12\/premar2-1024x683.jpg\" alt=\"\" class=\"wp-image-27200\" srcset=\"https:\/\/marekkuchcinski.pl\/wp-content\/uploads\/2022\/12\/premar2-1024x683.jpg 1024w, https:\/\/marekkuchcinski.pl\/wp-content\/uploads\/2022\/12\/premar2-300x200.jpg 300w, https:\/\/marekkuchcinski.pl\/wp-content\/uploads\/2022\/12\/premar2-768x512.jpg 768w, https:\/\/marekkuchcinski.pl\/wp-content\/uploads\/2022\/12\/premar2-1536x1024.jpg 1536w, https:\/\/marekkuchcinski.pl\/wp-content\/uploads\/2022\/12\/premar2-18x12.jpg 18w, https:\/\/marekkuchcinski.pl\/wp-content\/uploads\/2022\/12\/premar2.jpg 1600w\" sizes=\"(max-width: 1024px) 100vw, 1024px\" \/><\/a><\/figure>\n\n\n\n<figure class=\"wp-block-image size-large\"><a href=\"https:\/\/marekkuchcinski.pl\/wp-content\/uploads\/2022\/12\/t2-\u2014-kopia.jpg\"><img loading=\"lazy\" decoding=\"async\" width=\"1024\" height=\"682\" data-id=\"27208\" src=\"https:\/\/marekkuchcinski.pl\/wp-content\/uploads\/2022\/12\/t2-\u2014-kopia-1024x682.jpg\" alt=\"\" class=\"wp-image-27208\" srcset=\"\" sizes=\"(max-width: 1024px) 100vw, 1024px\" data-srcset=\"\" \/><\/a><\/figure>\n\n\n\n<figure class=\"wp-block-image size-large\"><a href=\"https:\/\/marekkuchcinski.pl\/wp-content\/uploads\/2022\/12\/tt3-\u2014-kopia_edited-1.jpg\"><img loading=\"lazy\" decoding=\"async\" width=\"1024\" height=\"685\" data-id=\"27202\" src=\"https:\/\/marekkuchcinski.pl\/wp-content\/uploads\/2022\/12\/tt3-\u2014-kopia_edited-1-1024x685.jpg\" alt=\"\" class=\"wp-image-27202\" srcset=\"\" sizes=\"(max-width: 1024px) 100vw, 1024px\" data-srcset=\"\" \/><\/a><\/figure>\n<\/figure>","protected":false},"excerpt":{"rendered":"<p>Ogromna odpowiedzialno\u015b\u0107 i wielkie wyzwania to znak rozpoznawczy roku 2022 w dzia\u0142alno\u015bci Komisji Spraw Zagranicznych. \u2013 Zderzyli\u015bmy si\u0119 z kryzysem humanitarnym w Europie, kt\u00f3rego rozwi\u0105zanie wzi\u0119\u0142a na siebie Polska. W tym czasie musimy r\u00f3wnocze\u015bnie zmierzy\u0107 si\u0119 z mi\u0119dzynarodowym kryzysem energetycznym, agresj\u0105 militarn\u0105 Rosji i ci\u0119\u017ckimi negocjacji z Uni\u0105 Europejsk\u0105 kt\u00f3re &nbsp;pokaza\u0142y, jak wa\u017cna jest rola [&hellip;]<\/p>\n","protected":false},"author":3,"featured_media":27215,"comment_status":"open","ping_status":"open","sticky":false,"template":"","format":"standard","meta":{"ngg_post_thumbnail":0,"footnotes":""},"categories":[50,3],"tags":[],"class_list":["post-27193","post","type-post","status-publish","format-standard","has-post-thumbnail","hentry","category-wspolpraca-miedzynarodowa","category-wydarzenia"],"yoast_head":"<!-- This site is optimized with the Yoast SEO plugin v28.4 - https:\/\/yoast.com\/product\/yoast-seo-wordpress\/ -->\n<title>Komisja Spraw Zagranicznych w 2022 roku &#8211; Marek Kuchci\u0144ski<\/title>\n<meta name=\"robots\" content=\"index, follow, max-snippet:-1, max-image-preview:large, max-video-preview:-1\" \/>\n<link rel=\"canonical\" href=\"https:\/\/marekkuchcinski.pl\/hu\/wydarzenia\/komisja-spraw-zagranicznych-w-2022-roku\/\" \/>\n<meta property=\"og:locale\" content=\"hu_HU\" \/>\n<meta property=\"og:type\" content=\"article\" \/>\n<meta property=\"og:title\" content=\"Komisja Spraw Zagranicznych w 2022 roku &#8211; Marek Kuchci\u0144ski\" \/>\n<meta property=\"og:description\" content=\"Ogromna odpowiedzialno\u015b\u0107 i wielkie wyzwania to znak rozpoznawczy roku 2022 w dzia\u0142alno\u015bci Komisji Spraw Zagranicznych. \u2013 Zderzyli\u015bmy si\u0119 z kryzysem humanitarnym w Europie, kt\u00f3rego rozwi\u0105zanie wzi\u0119\u0142a na siebie Polska. W tym czasie musimy r\u00f3wnocze\u015bnie zmierzy\u0107 si\u0119 z mi\u0119dzynarodowym kryzysem energetycznym, agresj\u0105 militarn\u0105 Rosji i ci\u0119\u017ckimi negocjacji z Uni\u0105 Europejsk\u0105 kt\u00f3re &nbsp;pokaza\u0142y, jak wa\u017cna jest rola [&hellip;]\" \/>\n<meta property=\"og:url\" content=\"https:\/\/marekkuchcinski.pl\/hu\/wydarzenia\/komisja-spraw-zagranicznych-w-2022-roku\/\" \/>\n<meta property=\"og:site_name\" content=\"Marek Kuchci\u0144ski\" \/>\n<meta property=\"article:published_time\" content=\"2022-12-30T16:24:50+00:00\" \/>\n<meta property=\"article:modified_time\" content=\"2022-12-31T12:37:57+00:00\" \/>\n<meta property=\"og:image\" content=\"https:\/\/marekkuchcinski.pl\/wp-content\/uploads\/2022\/12\/SZA-2022_edited.jpg\" \/>\n\t<meta property=\"og:image:width\" content=\"1600\" \/>\n\t<meta property=\"og:image:height\" content=\"1066\" \/>\n\t<meta property=\"og:image:type\" content=\"image\/jpeg\" \/>\n<meta name=\"author\" content=\"Marta Olejnik\" \/>\n<meta name=\"twitter:card\" content=\"summary_large_image\" \/>\n<meta name=\"twitter:label1\" content=\"Written by\" \/>\n\t<meta name=\"twitter:data1\" content=\"Marta Olejnik\" \/>\n\t<meta name=\"twitter:label2\" content=\"Est. reading time\" \/>\n\t<meta name=\"twitter:data2\" content=\"1 minute\" \/>\n<script type=\"application\/ld+json\" class=\"yoast-schema-graph\">{\"@context\":\"https:\\\/\\\/schema.org\",\"@graph\":[{\"@type\":\"Article\",\"@id\":\"https:\\\/\\\/marekkuchcinski.pl\\\/wydarzenia\\\/komisja-spraw-zagranicznych-w-2022-roku\\\/#article\",\"isPartOf\":{\"@id\":\"https:\\\/\\\/marekkuchcinski.pl\\\/wydarzenia\\\/komisja-spraw-zagranicznych-w-2022-roku\\\/\"},\"author\":{\"name\":\"Marta Olejnik\",\"@id\":\"https:\\\/\\\/marekkuchcinski.pl\\\/#\\\/schema\\\/person\\\/bd3f15dee67fee76e83c8350d0154101\"},\"headline\":\"Komisja Spraw Zagranicznych w 2022 roku\",\"datePublished\":\"2022-12-30T16:24:50+00:00\",\"dateModified\":\"2022-12-31T12:37:57+00:00\",\"mainEntityOfPage\":{\"@id\":\"https:\\\/\\\/marekkuchcinski.pl\\\/wydarzenia\\\/komisja-spraw-zagranicznych-w-2022-roku\\\/\"},\"wordCount\":226,\"commentCount\":0,\"publisher\":{\"@id\":\"https:\\\/\\\/marekkuchcinski.pl\\\/#organization\"},\"image\":{\"@id\":\"https:\\\/\\\/marekkuchcinski.pl\\\/wydarzenia\\\/komisja-spraw-zagranicznych-w-2022-roku\\\/#primaryimage\"},\"thumbnailUrl\":\"https:\\\/\\\/marekkuchcinski.pl\\\/wp-content\\\/uploads\\\/2022\\\/12\\\/SZA-2022_edited.jpg\",\"articleSection\":[\"Wsp\u00f3\u0142praca mi\u0119dzynarodowa\",\"Wydarzenia\"],\"inLanguage\":\"hu-HU\",\"potentialAction\":[{\"@type\":\"CommentAction\",\"name\":\"Comment\",\"target\":[\"https:\\\/\\\/marekkuchcinski.pl\\\/wydarzenia\\\/komisja-spraw-zagranicznych-w-2022-roku\\\/#respond\"]}]},{\"@type\":\"WebPage\",\"@id\":\"https:\\\/\\\/marekkuchcinski.pl\\\/wydarzenia\\\/komisja-spraw-zagranicznych-w-2022-roku\\\/\",\"url\":\"https:\\\/\\\/marekkuchcinski.pl\\\/wydarzenia\\\/komisja-spraw-zagranicznych-w-2022-roku\\\/\",\"name\":\"Komisja Spraw Zagranicznych w 2022 roku &#8211; Marek Kuchci\u0144ski\",\"isPartOf\":{\"@id\":\"https:\\\/\\\/marekkuchcinski.pl\\\/#website\"},\"primaryImageOfPage\":{\"@id\":\"https:\\\/\\\/marekkuchcinski.pl\\\/wydarzenia\\\/komisja-spraw-zagranicznych-w-2022-roku\\\/#primaryimage\"},\"image\":{\"@id\":\"https:\\\/\\\/marekkuchcinski.pl\\\/wydarzenia\\\/komisja-spraw-zagranicznych-w-2022-roku\\\/#primaryimage\"},\"thumbnailUrl\":\"https:\\\/\\\/marekkuchcinski.pl\\\/wp-content\\\/uploads\\\/2022\\\/12\\\/SZA-2022_edited.jpg\",\"datePublished\":\"2022-12-30T16:24:50+00:00\",\"dateModified\":\"2022-12-31T12:37:57+00:00\",\"breadcrumb\":{\"@id\":\"https:\\\/\\\/marekkuchcinski.pl\\\/wydarzenia\\\/komisja-spraw-zagranicznych-w-2022-roku\\\/#breadcrumb\"},\"inLanguage\":\"hu-HU\",\"potentialAction\":[{\"@type\":\"ReadAction\",\"target\":[\"https:\\\/\\\/marekkuchcinski.pl\\\/wydarzenia\\\/komisja-spraw-zagranicznych-w-2022-roku\\\/\"]}]},{\"@type\":\"ImageObject\",\"inLanguage\":\"hu-HU\",\"@id\":\"https:\\\/\\\/marekkuchcinski.pl\\\/wydarzenia\\\/komisja-spraw-zagranicznych-w-2022-roku\\\/#primaryimage\",\"url\":\"https:\\\/\\\/marekkuchcinski.pl\\\/wp-content\\\/uploads\\\/2022\\\/12\\\/SZA-2022_edited.jpg\",\"contentUrl\":\"https:\\\/\\\/marekkuchcinski.pl\\\/wp-content\\\/uploads\\\/2022\\\/12\\\/SZA-2022_edited.jpg\",\"width\":1600,\"height\":1066},{\"@type\":\"BreadcrumbList\",\"@id\":\"https:\\\/\\\/marekkuchcinski.pl\\\/wydarzenia\\\/komisja-spraw-zagranicznych-w-2022-roku\\\/#breadcrumb\",\"itemListElement\":[{\"@type\":\"ListItem\",\"position\":1,\"name\":\"Strona g\u0142\u00f3wna\",\"item\":\"https:\\\/\\\/marekkuchcinski.pl\\\/\"},{\"@type\":\"ListItem\",\"position\":2,\"name\":\"Komisja Spraw Zagranicznych w 2022 roku\"}]},{\"@type\":\"WebSite\",\"@id\":\"https:\\\/\\\/marekkuchcinski.pl\\\/#website\",\"url\":\"https:\\\/\\\/marekkuchcinski.pl\\\/\",\"name\":\"Marek Kuchci\u0144ski\",\"description\":\"Marek Kuchci\u0144ski \",\"publisher\":{\"@id\":\"https:\\\/\\\/marekkuchcinski.pl\\\/#organization\"},\"potentialAction\":[{\"@type\":\"SearchAction\",\"target\":{\"@type\":\"EntryPoint\",\"urlTemplate\":\"https:\\\/\\\/marekkuchcinski.pl\\\/?s={search_term_string}\"},\"query-input\":{\"@type\":\"PropertyValueSpecification\",\"valueRequired\":true,\"valueName\":\"search_term_string\"}}],\"inLanguage\":\"hu-HU\"},{\"@type\":\"Organization\",\"@id\":\"https:\\\/\\\/marekkuchcinski.pl\\\/#organization\",\"name\":\"Marek Kuchci\u0144ski\",\"url\":\"https:\\\/\\\/marekkuchcinski.pl\\\/\",\"logo\":{\"@type\":\"ImageObject\",\"inLanguage\":\"hu-HU\",\"@id\":\"https:\\\/\\\/marekkuchcinski.pl\\\/#\\\/schema\\\/logo\\\/image\\\/\",\"url\":\"https:\\\/\\\/marekkuchcinski.pl\\\/wp-content\\\/uploads\\\/2022\\\/09\\\/Marek.jpg\",\"contentUrl\":\"https:\\\/\\\/marekkuchcinski.pl\\\/wp-content\\\/uploads\\\/2022\\\/09\\\/Marek.jpg\",\"width\":1600,\"height\":971,\"caption\":\"Marek Kuchci\u0144ski\"},\"image\":{\"@id\":\"https:\\\/\\\/marekkuchcinski.pl\\\/#\\\/schema\\\/logo\\\/image\\\/\"}},{\"@type\":\"Person\",\"@id\":\"https:\\\/\\\/marekkuchcinski.pl\\\/#\\\/schema\\\/person\\\/bd3f15dee67fee76e83c8350d0154101\",\"name\":\"Marta Olejnik\",\"image\":{\"@type\":\"ImageObject\",\"inLanguage\":\"hu-HU\",\"@id\":\"https:\\\/\\\/secure.gravatar.com\\\/avatar\\\/24754edd6080383402e292374b406b553027d572e97d60e7aa89a6940e88659a?s=96&d=mm&r=g\",\"url\":\"https:\\\/\\\/secure.gravatar.com\\\/avatar\\\/24754edd6080383402e292374b406b553027d572e97d60e7aa89a6940e88659a?s=96&d=mm&r=g\",\"contentUrl\":\"https:\\\/\\\/secure.gravatar.com\\\/avatar\\\/24754edd6080383402e292374b406b553027d572e97d60e7aa89a6940e88659a?s=96&d=mm&r=g\",\"caption\":\"Marta Olejnik\"},\"url\":\"https:\\\/\\\/marekkuchcinski.pl\\\/hu\\\/author\\\/marta\\\/\"}]}<\/script>\n<!-- \/ Yoast SEO plugin. -->","yoast_head_json":{"title":"Komisja Spraw Zagranicznych w 2022 roku &#8211; Marek Kuchci\u0144ski","robots":{"index":"index","follow":"follow","max-snippet":"max-snippet:-1","max-image-preview":"max-image-preview:large","max-video-preview":"max-video-preview:-1"},"canonical":"https:\/\/marekkuchcinski.pl\/hu\/wydarzenia\/komisja-spraw-zagranicznych-w-2022-roku\/","og_locale":"hu_HU","og_type":"article","og_title":"Komisja Spraw Zagranicznych w 2022 roku &#8211; Marek Kuchci\u0144ski","og_description":"Ogromna odpowiedzialno\u015b\u0107 i wielkie wyzwania to znak rozpoznawczy roku 2022 w dzia\u0142alno\u015bci Komisji Spraw Zagranicznych. \u2013 Zderzyli\u015bmy si\u0119 z kryzysem humanitarnym w Europie, kt\u00f3rego rozwi\u0105zanie wzi\u0119\u0142a na siebie Polska. W tym czasie musimy r\u00f3wnocze\u015bnie zmierzy\u0107 si\u0119 z mi\u0119dzynarodowym kryzysem energetycznym, agresj\u0105 militarn\u0105 Rosji i ci\u0119\u017ckimi negocjacji z Uni\u0105 Europejsk\u0105 kt\u00f3re &nbsp;pokaza\u0142y, jak wa\u017cna jest rola [&hellip;]","og_url":"https:\/\/marekkuchcinski.pl\/hu\/wydarzenia\/komisja-spraw-zagranicznych-w-2022-roku\/","og_site_name":"Marek Kuchci\u0144ski","article_published_time":"2022-12-30T16:24:50+00:00","article_modified_time":"2022-12-31T12:37:57+00:00","og_image":[{"width":1600,"height":1066,"url":"https:\/\/marekkuchcinski.pl\/wp-content\/uploads\/2022\/12\/SZA-2022_edited.jpg","type":"image\/jpeg"}],"author":"Marta Olejnik","twitter_card":"summary_large_image","twitter_misc":{"Written by":"Marta Olejnik","Est. reading time":"1 minute"},"schema":{"@context":"https:\/\/schema.org","@graph":[{"@type":"Article","@id":"https:\/\/marekkuchcinski.pl\/wydarzenia\/komisja-spraw-zagranicznych-w-2022-roku\/#article","isPartOf":{"@id":"https:\/\/marekkuchcinski.pl\/wydarzenia\/komisja-spraw-zagranicznych-w-2022-roku\/"},"author":{"name":"Marta Olejnik","@id":"https:\/\/marekkuchcinski.pl\/#\/schema\/person\/bd3f15dee67fee76e83c8350d0154101"},"headline":"Komisja Spraw Zagranicznych w 2022 roku","datePublished":"2022-12-30T16:24:50+00:00","dateModified":"2022-12-31T12:37:57+00:00","mainEntityOfPage":{"@id":"https:\/\/marekkuchcinski.pl\/wydarzenia\/komisja-spraw-zagranicznych-w-2022-roku\/"},"wordCount":226,"commentCount":0,"publisher":{"@id":"https:\/\/marekkuchcinski.pl\/#organization"},"image":{"@id":"https:\/\/marekkuchcinski.pl\/wydarzenia\/komisja-spraw-zagranicznych-w-2022-roku\/#primaryimage"},"thumbnailUrl":"https:\/\/marekkuchcinski.pl\/wp-content\/uploads\/2022\/12\/SZA-2022_edited.jpg","articleSection":["Wsp\u00f3\u0142praca mi\u0119dzynarodowa","Wydarzenia"],"inLanguage":"hu-HU","potentialAction":[{"@type":"CommentAction","name":"Comment","target":["https:\/\/marekkuchcinski.pl\/wydarzenia\/komisja-spraw-zagranicznych-w-2022-roku\/#respond"]}]},{"@type":"WebPage","@id":"https:\/\/marekkuchcinski.pl\/wydarzenia\/komisja-spraw-zagranicznych-w-2022-roku\/","url":"https:\/\/marekkuchcinski.pl\/wydarzenia\/komisja-spraw-zagranicznych-w-2022-roku\/","name":"Komisja Spraw Zagranicznych w 2022 roku &#8211; Marek Kuchci\u0144ski","isPartOf":{"@id":"https:\/\/marekkuchcinski.pl\/#website"},"primaryImageOfPage":{"@id":"https:\/\/marekkuchcinski.pl\/wydarzenia\/komisja-spraw-zagranicznych-w-2022-roku\/#primaryimage"},"image":{"@id":"https:\/\/marekkuchcinski.pl\/wydarzenia\/komisja-spraw-zagranicznych-w-2022-roku\/#primaryimage"},"thumbnailUrl":"https:\/\/marekkuchcinski.pl\/wp-content\/uploads\/2022\/12\/SZA-2022_edited.jpg","datePublished":"2022-12-30T16:24:50+00:00","dateModified":"2022-12-31T12:37:57+00:00","breadcrumb":{"@id":"https:\/\/marekkuchcinski.pl\/wydarzenia\/komisja-spraw-zagranicznych-w-2022-roku\/#breadcrumb"},"inLanguage":"hu-HU","potentialAction":[{"@type":"ReadAction","target":["https:\/\/marekkuchcinski.pl\/wydarzenia\/komisja-spraw-zagranicznych-w-2022-roku\/"]}]},{"@type":"ImageObject","inLanguage":"hu-HU","@id":"https:\/\/marekkuchcinski.pl\/wydarzenia\/komisja-spraw-zagranicznych-w-2022-roku\/#primaryimage","url":"https:\/\/marekkuchcinski.pl\/wp-content\/uploads\/2022\/12\/SZA-2022_edited.jpg","contentUrl":"https:\/\/marekkuchcinski.pl\/wp-content\/uploads\/2022\/12\/SZA-2022_edited.jpg","width":1600,"height":1066},{"@type":"BreadcrumbList","@id":"https:\/\/marekkuchcinski.pl\/wydarzenia\/komisja-spraw-zagranicznych-w-2022-roku\/#breadcrumb","itemListElement":[{"@type":"ListItem","position":1,"name":"Strona g\u0142\u00f3wna","item":"https:\/\/marekkuchcinski.pl\/"},{"@type":"ListItem","position":2,"name":"Komisja Spraw Zagranicznych w 2022 roku"}]},{"@type":"WebSite","@id":"https:\/\/marekkuchcinski.pl\/#website","url":"https:\/\/marekkuchcinski.pl\/","name":"Marek Kuchci\u0144ski","description":"Marek Kuchci\u0144ski","publisher":{"@id":"https:\/\/marekkuchcinski.pl\/#organization"},"potentialAction":[{"@type":"SearchAction","target":{"@type":"EntryPoint","urlTemplate":"https:\/\/marekkuchcinski.pl\/?s={search_term_string}"},"query-input":{"@type":"PropertyValueSpecification","valueRequired":true,"valueName":"search_term_string"}}],"inLanguage":"hu-HU"},{"@type":"Organization","@id":"https:\/\/marekkuchcinski.pl\/#organization","name":"Marek Kuchci\u0144ski","url":"https:\/\/marekkuchcinski.pl\/","logo":{"@type":"ImageObject","inLanguage":"hu-HU","@id":"https:\/\/marekkuchcinski.pl\/#\/schema\/logo\/image\/","url":"https:\/\/marekkuchcinski.pl\/wp-content\/uploads\/2022\/09\/Marek.jpg","contentUrl":"https:\/\/marekkuchcinski.pl\/wp-content\/uploads\/2022\/09\/Marek.jpg","width":1600,"height":971,"caption":"Marek Kuchci\u0144ski"},"image":{"@id":"https:\/\/marekkuchcinski.pl\/#\/schema\/logo\/image\/"}},{"@type":"Person","@id":"https:\/\/marekkuchcinski.pl\/#\/schema\/person\/bd3f15dee67fee76e83c8350d0154101","name":"Marta Olejnik","image":{"@type":"ImageObject","inLanguage":"hu-HU","@id":"https:\/\/secure.gravatar.com\/avatar\/24754edd6080383402e292374b406b553027d572e97d60e7aa89a6940e88659a?s=96&d=mm&r=g","url":"https:\/\/secure.gravatar.com\/avatar\/24754edd6080383402e292374b406b553027d572e97d60e7aa89a6940e88659a?s=96&d=mm&r=g","contentUrl":"https:\/\/secure.gravatar.com\/avatar\/24754edd6080383402e292374b406b553027d572e97d60e7aa89a6940e88659a?s=96&d=mm&r=g","caption":"Marta Olejnik"},"url":"https:\/\/marekkuchcinski.pl\/hu\/author\/marta\/"}]}},"_links":{"self":[{"href":"https:\/\/marekkuchcinski.pl\/hu\/wp-json\/wp\/v2\/posts\/27193","targetHints":{"allow":["GET"]}}],"collection":[{"href":"https:\/\/marekkuchcinski.pl\/hu\/wp-json\/wp\/v2\/posts"}],"about":[{"href":"https:\/\/marekkuchcinski.pl\/hu\/wp-json\/wp\/v2\/types\/post"}],"author":[{"embeddable":true,"href":"https:\/\/marekkuchcinski.pl\/hu\/wp-json\/wp\/v2\/users\/3"}],"replies":[{"embeddable":true,"href":"https:\/\/marekkuchcinski.pl\/hu\/wp-json\/wp\/v2\/comments?post=27193"}],"version-history":[{"count":2,"href":"https:\/\/marekkuchcinski.pl\/hu\/wp-json\/wp\/v2\/posts\/27193\/revisions"}],"predecessor-version":[{"id":27210,"href":"https:\/\/marekkuchcinski.pl\/hu\/wp-json\/wp\/v2\/posts\/27193\/revisions\/27210"}],"wp:featuredmedia":[{"embeddable":true,"href":"https:\/\/marekkuchcinski.pl\/hu\/wp-json\/wp\/v2\/media\/27215"}],"wp:attachment":[{"href":"https:\/\/marekkuchcinski.pl\/hu\/wp-json\/wp\/v2\/media?parent=27193"}],"wp:term":[{"taxonomy":"category","embeddable":true,"href":"https:\/\/marekkuchcinski.pl\/hu\/wp-json\/wp\/v2\/categories?post=27193"},{"taxonomy":"post_tag","embeddable":true,"href":"https:\/\/marekkuchcinski.pl\/hu\/wp-json\/wp\/v2\/tags?post=27193"}],"curies":[{"name":"wp","href":"https:\/\/api.w.org\/{rel}","templated":true}]}}