{"id":27062,"date":"2022-12-06T17:10:49","date_gmt":"2022-12-06T16:10:49","guid":{"rendered":"https:\/\/marekkuchcinski.pl\/?p=27062"},"modified":"2022-12-06T17:10:50","modified_gmt":"2022-12-06T16:10:50","slug":"oddech-rosji-na-plecach-cenzura-szantaz-i-polska-kuchcinski-dla-niezalezna-pl-archiwizujemy-wspomnienia","status":"publish","type":"post","link":"https:\/\/marekkuchcinski.pl\/hu\/wydarzenia\/oddech-rosji-na-plecach-cenzura-szantaz-i-polska-kuchcinski-dla-niezalezna-pl-archiwizujemy-wspomnienia\/","title":{"rendered":"Oroszorsz\u00e1g lehelete a h\u00e1t\u00e1n, cenz\u00fara, zsarol\u00e1s \u00e9s... Lengyelorsz\u00e1g. Kuchci\u0144ski a Niezalezna.pl sz\u00e1m\u00e1ra: Eml\u00e9keket archiv\u00e1lunk"},"content":{"rendered":"<p>F\u00e9nyk\u00e9pek, filmek, eml\u00e9kek, a Biztons\u00e1gi Szolg\u00e1lat arch\u00edv anyagai, az 1967-1997-es przemy\u015bli ellenz\u00e9ki \u00e9s civil tev\u00e9kenys\u00e9gekkel kapcsolatban \u00e1ll\u00f3 k\u00fcl\u00f6nf\u00e9le szem\u00e9lyek profiljai - mindez megtal\u00e1lhat\u00f3 a Freedom Arch\u00edvum honlapj\u00e1n, amely a a vars\u00f3i Lengyel T\u00f6rt\u00e9neti M\u00fazeum finansz\u00edroz\u00e1sa holnap a \u201eHazafis\u00e1g\u201d verseny r\u00e9szek\u00e9nt.<\/p>\n\n\n\n<p>A projekt c\u00e9lja, hogy bemutassa a d\u00e9lkelet-lengyelorsz\u00e1gi r\u00e9gi\u00f3ban \u00e9l\u0151 emberek \u00e9s esem\u00e9nyek t\u00f6rt\u00e9net\u00e9t, akik k\u00f6zvetlen\u00fcl \u00e9s k\u00f6zvetve r\u00e9szt vettek a szabads\u00e1g ki\u00e9p\u00edt\u00e9s\u00e9ben a kommunista rabszolgas\u00e1g idej\u00e9n, egy akkoriban a kapcsolatokt\u00f3l elszigetelt orsz\u00e1gban. \u00e9s a szabad vil\u00e1g hat\u00e1sai.<\/p>\n\n\n\n<hr class=\"wp-block-separator has-alpha-channel-opacity\"\/>\n\n\n\n<p><strong>A szabads\u00e1g archiv\u00e1lhat\u00f3?<\/strong><\/p>\n\n\n\n<p>Marek Kuchci\u0144ski: Archiv\u00e1lhatja az eml\u00e9keket, \u00e9s elkezdt\u00fck ezt a port\u00e1lon <a href=\"https:\/\/archiwumwolnosci.pl\/\">A szabads\u00e1g arch\u00edvuma \u2013 Przemy\u015bl f\u00f6ldje \u00e9s r\u00e9gi\u00f3ja 1967-1997 (archiwumwolnosci.pl)<\/a> F\u0151leg olyan emberekr\u0151l sz\u00f3lnak a t\u00f6rt\u00e9netek, akik tetteikkel seg\u00edtettek Lengyelorsz\u00e1gnak visszaszerezni ezt a szabads\u00e1got. A fiatalabb nemzed\u00e9k nem mindig veszi \u00e9szre, hogy olyan orsz\u00e1gban \u00e9lt\u00fcnk, ahol minden sz\u00f3t m\u00e9rlegelni kellett, ahol szinte mindenkit figyeltek, k\u00f6vettek, gyakran zsaroltak \u00e9s k\u00e9nyszer\u00edtettek arra, hogy saj\u00e1t bar\u00e1tain, s\u0151t csal\u00e1dj\u00e1n t\u00e1j\u00e9koztass\u00e1k \u0151ket, egy olyan orsz\u00e1gban, ahol h\u00e1t\u00e1n \u00e9rezhette Szovjet-Oroszorsz\u00e1g jeges lehelet\u00e9t \u00e9s h\u0171s\u00e9ges tan\u00edtv\u00e1nyainak cenz\u00far\u00e1j\u00e1t.\u00a0<\/p>\n\n\n\n<p><strong>Mi ennek a projektnek az innov\u00e1ci\u00f3ja?<\/strong><\/p>\n\n\n\n<p>\u00dagy d\u00f6nt\u00f6tt\u00fcnk, hogy \u00f6sszegy\u0171jtj\u00fck az esem\u00e9nyek r\u00e9sztvev\u0151inek eml\u00e9keit azokb\u00f3l az \u00e9vekb\u0151l, \u00e9rt\u00e9kel\u00e9seiket mai szemsz\u00f6gb\u0151l, de \u00e9rzelmeiket titkolva bel\u0151l\u00fck k\u00f6z\u00f6lve, \u00e9s ez a port\u00e1l nagy \u00e9rt\u00e9ke. Term\u00e9szetesen vannak IPN-anyagok, t\u00f6rt\u00e9neti tanulm\u00e1nyok, de nagyon szem\u00e9lyesen, enyh\u00e9n szentiment\u00e1lisan szeretn\u00e9nk felid\u00e9zni azt a val\u00f3s\u00e1got az alkot\u00f3k szem\u00e9vel. Egy kis k\u00f6z\u00f6ss\u00e9g p\u00e9ld\u00e1j\u00e1n bemutatni a lengyelorsz\u00e1gi \u00e9let gazdags\u00e1g\u00e1t.<\/p>\n\n\n\n<p>Itt az \u00fczenet k\u00f6zvetlen, ez egyfajta mem\u00f3riab\u00e1zis. T\u00f6bb gener\u00e1ci\u00f3s eml\u00e9keket gy\u0171jt\u00fcnk, sz\u00e1m\u00edtunk az elhivatotts\u00e1gra. Szeretn\u00e9nk, ha a port\u00e1l \u00e9lne, megosztan\u00e1 tapasztalatait, fot\u00f3it. A m\u00e1r megjelent visszaeml\u00e9kez\u00e9seket olvasva magam is felid\u00e9zek sok esem\u00e9nyt, \u00e9s van kedvem hozz\u00e1sz\u00f3lni, hozz\u00e1tenni valamit. Tisztelettel biztatlak.&nbsp;<\/p>\n\n\n\n<p><strong>Przemy\u015blben nemr\u00e9giben \u00fajraaktiv\u00e1ltad a Kultur\u00e1lis T\u00e1rsas\u00e1got\u2026<\/strong><\/p>\n\n\n\n<p>Igen, azokb\u00f3l az \u00e9vekb\u0151l sz\u00e1rmaz\u00f3 bar\u00e1tokkal egy\u00fctt, \u00e9s a port\u00e1l az egyik kezdem\u00e9nyez\u00e9se. Amikor az 1980-as \u00e9vekben egy \u00f6n\u00e1ll\u00f3 mili\u0151, k\u00e9s\u0151bb kultur\u00e1lis padl\u00e1snak nevezett tal\u00e1lkoz\u00f3kat szervezt\u00fcnk, a politikusokon k\u00edv\u00fcl els\u0151sorban a kult\u00faremberek - k\u00f6lt\u0151k, fest\u0151k, zen\u00e9szek - vettek r\u00e9szt... Akkoriban a m\u0171v\u00e9szet a szabads\u00e1g \u00e9rz\u00e9s\u00e9t adta, lehet\u0151s\u00e9get kapni egy m\u00e9ly l\u00e9legzetet, \u00e9s valami gy\u00f6ny\u00f6r\u0171s\u00e9ggel kommunik\u00e1lni, ami ez a sz\u00fcrke val\u00f3s\u00e1g rendk\u00edv\u00fcl fontos volt.&nbsp;<\/p>\n\n\n\n<p><strong>\u00d6n szerint ezek az \u00f6tletek \u00e1t\u00fcltethet\u0151k a mai talajra?<\/strong><\/p>\n\n\n\n<p>Wtedy one by\u0142y niepopularne, a zrozumienie porz\u0105dku cywilizacyjnego z perspektywy lokalnej by\u0142o jednak mocno skomplikowane i celnie opisa\u0142 to. Krzysztof Dybciak: \u201e\u2026wymagaj\u0105ce cywilnej odwagi. Na przyk\u0142ad wyrywaj\u0105c si\u0119 z bloku komunistycznego idealizowali\u015bmy Zach\u00f3d. Oczywi\u015bcie, nie by\u0142a to Europa tak dekadencka jak obecnie, ale nie by\u0142a te\u017c rzeczywisto\u015bci\u0105 bez skaz, a tak\u0105 chcieli\u015bmy j\u0105 widzie\u0107 i tak\u0105 g\u0142osili\u015bmy w sporach ze zwolennikami ustroju komunistycznego. Dlatego chyba tylko w przemyskim \u015brodowisku i w &#8222;Strychu Kulturalnym\u201d mog\u0142y si\u0119 pojawia\u0107 tyrady Rogera Scrutona przeciw polityce zachodniej lewicy i demaskuj\u0105ce s\u0142abo\u015bci idei socjalistycznych. A jakim szokiem dla wielu, \u0142\u0105cznie ze mn\u0105, by\u0142a teza angielskiego konserwatysty (w 1988 roku!) stanowi\u0105ca tytu\u0142 jego rozmowy z Janem Musia\u0142em: \u201eZjednoczenie Europy to mrzonka ze\u015bwiecczonych biurokrat\u00f3w\u201d . A dalej wyja\u015bnia\u0142 o co chodzi: \u201eDwa powa\u017cne niebezpiecze\u0144stwa dla Europy w\u0142a\u015bnie: erozja lojalno\u015bci narodowej oraz wy\u0142onienie si\u0119 nowej ekonomicznej supersi\u0142y, kt\u00f3rej braknie woli, przezorno\u015bci i \u015brodk\u00f3w do obrony samej siebie\u201d.<\/p>\n\n\n\n<p><a href=\"https:\/\/niezalezna.pl\/466848-oddech-rosji-na-plecach-cenzura-szantaz-i-polska-kuchcinski-dla-niezaleznapl-archiwizujemy-wspomnienia-zdjecia?fbclid=IwAR2ekQUf2psqaqQ7PI0B01VER_qmjvVnvwj47S2DTWSQ_U-_TA6c4SFxqd8\">Oroszorsz\u00e1g lehelete a h\u00e1tamon, cenz\u00fara, zsarol\u00e1s \u00e9s... Lengyelorsz\u00e1g. Kuchci\u0144ski for Niezalezna.pl: Eml\u00e9keket archiv\u00e1lunk [FOT\u00d3K] \u2013 F\u00fcggetlen<\/a><\/p>\n\n\n\n<figure class=\"wp-block-image size-large\"><a href=\"https:\/\/marekkuchcinski.pl\/wp-content\/uploads\/2022\/12\/jmmk.jpg\"><img fetchpriority=\"high\" decoding=\"async\" width=\"1024\" height=\"512\" src=\"https:\/\/marekkuchcinski.pl\/wp-content\/uploads\/2022\/12\/jmmk-1024x512.jpg\" alt=\"\" class=\"wp-image-27065\" srcset=\"https:\/\/marekkuchcinski.pl\/wp-content\/uploads\/2022\/12\/jmmk-1024x512.jpg 1024w, https:\/\/marekkuchcinski.pl\/wp-content\/uploads\/2022\/12\/jmmk-300x150.jpg 300w, https:\/\/marekkuchcinski.pl\/wp-content\/uploads\/2022\/12\/jmmk-768x384.jpg 768w, https:\/\/marekkuchcinski.pl\/wp-content\/uploads\/2022\/12\/jmmk-18x9.jpg 18w, https:\/\/marekkuchcinski.pl\/wp-content\/uploads\/2022\/12\/jmmk.jpg 1200w\" sizes=\"(max-width: 1024px) 100vw, 1024px\" \/><\/a><\/figure>","protected":false},"excerpt":{"rendered":"<p>Zdj\u0119cia, filmy, wspomnienia, materia\u0142y archiwalne S\u0142u\u017cby Bezpiecze\u0144stwa, sylwetki r\u00f3\u017cnych os\u00f3b zwi\u0105zanych w Przemy\u015blu z dzia\u0142alno\u015bci\u0105 opozycyjn\u0105 i obywatelsk\u0105 w latach 1967-1997 &#8211; to wszystko znajdziemy na portalu&nbsp;Archiwum Wolno\u015bci, jaki powsta\u0142&nbsp;dzi\u0119ki dofinansowaniu Muzeum Historii Polski w Warszawie w ramach konkursu \u201ePatriotyzm Jutra\u201d. Celem projektu jest&nbsp;przedstawienie historii ludzi i wydarze\u0144 regionu po\u0142udniowo-wschodniej Polski, kt\u00f3rzy brali bezpo\u015bredni oraz [&hellip;]<\/p>","protected":false},"author":21,"featured_media":27065,"comment_status":"open","ping_status":"open","sticky":false,"template":"","format":"standard","meta":{"ngg_post_thumbnail":0,"footnotes":""},"categories":[34,3],"tags":[],"class_list":["post-27062","post","type-post","status-publish","format-standard","has-post-thumbnail","hentry","category-w-mediach","category-wydarzenia"],"yoast_head":"<!-- This site is optimized with the Yoast SEO plugin v24.7 - https:\/\/yoast.com\/wordpress\/plugins\/seo\/ -->\n<title>Oddech Rosji na plecach, cenzura, szanta\u017c i... Polska. Kuchci\u0144ski dla Niezalezna.pl: Archiwizujemy wspomnienia &#8211; Marek Kuchci\u0144ski<\/title>\n<meta name=\"robots\" content=\"index, follow, max-snippet:-1, max-image-preview:large, max-video-preview:-1\" \/>\n<link rel=\"canonical\" href=\"https:\/\/marekkuchcinski.pl\/hu\/wydarzenia\/oddech-rosji-na-plecach-cenzura-szantaz-i-polska-kuchcinski-dla-niezalezna-pl-archiwizujemy-wspomnienia\/\" \/>\n<meta property=\"og:locale\" content=\"hu_HU\" \/>\n<meta property=\"og:type\" content=\"article\" \/>\n<meta property=\"og:title\" content=\"Oddech Rosji na plecach, cenzura, szanta\u017c i... Polska. Kuchci\u0144ski dla Niezalezna.pl: Archiwizujemy wspomnienia &#8211; Marek Kuchci\u0144ski\" \/>\n<meta property=\"og:description\" content=\"Zdj\u0119cia, filmy, wspomnienia, materia\u0142y archiwalne S\u0142u\u017cby Bezpiecze\u0144stwa, sylwetki r\u00f3\u017cnych os\u00f3b zwi\u0105zanych w Przemy\u015blu z dzia\u0142alno\u015bci\u0105 opozycyjn\u0105 i obywatelsk\u0105 w latach 1967-1997 &#8211; to wszystko znajdziemy na portalu&nbsp;Archiwum Wolno\u015bci, jaki powsta\u0142&nbsp;dzi\u0119ki dofinansowaniu Muzeum Historii Polski w Warszawie w ramach konkursu \u201ePatriotyzm Jutra\u201d. Celem projektu jest&nbsp;przedstawienie historii ludzi i wydarze\u0144 regionu po\u0142udniowo-wschodniej Polski, kt\u00f3rzy brali bezpo\u015bredni oraz [&hellip;]\" \/>\n<meta property=\"og:url\" content=\"https:\/\/marekkuchcinski.pl\/hu\/wydarzenia\/oddech-rosji-na-plecach-cenzura-szantaz-i-polska-kuchcinski-dla-niezalezna-pl-archiwizujemy-wspomnienia\/\" \/>\n<meta property=\"og:site_name\" content=\"Marek Kuchci\u0144ski\" \/>\n<meta property=\"article:published_time\" content=\"2022-12-06T16:10:49+00:00\" \/>\n<meta property=\"article:modified_time\" content=\"2022-12-06T16:10:50+00:00\" \/>\n<meta property=\"og:image\" content=\"https:\/\/marekkuchcinski.pl\/wp-content\/uploads\/2022\/12\/jmmk.jpg\" \/>\n\t<meta property=\"og:image:width\" content=\"1200\" \/>\n\t<meta property=\"og:image:height\" content=\"600\" \/>\n\t<meta property=\"og:image:type\" content=\"image\/jpeg\" \/>\n<meta name=\"author\" content=\"Marta Olejnik\" \/>\n<meta name=\"twitter:card\" content=\"summary_large_image\" \/>\n<meta name=\"twitter:label1\" content=\"Szerz\u0151:\" \/>\n\t<meta name=\"twitter:data1\" content=\"Marta Olejnik\" \/>\n\t<meta name=\"twitter:label2\" content=\"Becs\u00fclt olvas\u00e1si id\u0151\" \/>\n\t<meta name=\"twitter:data2\" content=\"3 perc\" \/>\n<script type=\"application\/ld+json\" class=\"yoast-schema-graph\">{\"@context\":\"https:\/\/schema.org\",\"@graph\":[{\"@type\":\"Article\",\"@id\":\"https:\/\/marekkuchcinski.pl\/wydarzenia\/oddech-rosji-na-plecach-cenzura-szantaz-i-polska-kuchcinski-dla-niezalezna-pl-archiwizujemy-wspomnienia\/#article\",\"isPartOf\":{\"@id\":\"https:\/\/marekkuchcinski.pl\/wydarzenia\/oddech-rosji-na-plecach-cenzura-szantaz-i-polska-kuchcinski-dla-niezalezna-pl-archiwizujemy-wspomnienia\/\"},\"author\":{\"name\":\"Marta Olejnik\",\"@id\":\"https:\/\/marekkuchcinski.pl\/#\/schema\/person\/51d5d4ee3b5317b8e4dd2b48af359229\"},\"headline\":\"Oddech Rosji na plecach, cenzura, szanta\u017c i&#8230; Polska. Kuchci\u0144ski dla Niezalezna.pl: Archiwizujemy wspomnienia\",\"datePublished\":\"2022-12-06T16:10:49+00:00\",\"dateModified\":\"2022-12-06T16:10:50+00:00\",\"mainEntityOfPage\":{\"@id\":\"https:\/\/marekkuchcinski.pl\/wydarzenia\/oddech-rosji-na-plecach-cenzura-szantaz-i-polska-kuchcinski-dla-niezalezna-pl-archiwizujemy-wspomnienia\/\"},\"wordCount\":665,\"commentCount\":0,\"publisher\":{\"@id\":\"https:\/\/marekkuchcinski.pl\/#organization\"},\"image\":{\"@id\":\"https:\/\/marekkuchcinski.pl\/wydarzenia\/oddech-rosji-na-plecach-cenzura-szantaz-i-polska-kuchcinski-dla-niezalezna-pl-archiwizujemy-wspomnienia\/#primaryimage\"},\"thumbnailUrl\":\"https:\/\/marekkuchcinski.pl\/wp-content\/uploads\/2022\/12\/jmmk.jpg\",\"articleSection\":[\"W mediach\",\"Wydarzenia\"],\"inLanguage\":\"hu\",\"potentialAction\":[{\"@type\":\"CommentAction\",\"name\":\"Comment\",\"target\":[\"https:\/\/marekkuchcinski.pl\/wydarzenia\/oddech-rosji-na-plecach-cenzura-szantaz-i-polska-kuchcinski-dla-niezalezna-pl-archiwizujemy-wspomnienia\/#respond\"]}]},{\"@type\":\"WebPage\",\"@id\":\"https:\/\/marekkuchcinski.pl\/wydarzenia\/oddech-rosji-na-plecach-cenzura-szantaz-i-polska-kuchcinski-dla-niezalezna-pl-archiwizujemy-wspomnienia\/\",\"url\":\"https:\/\/marekkuchcinski.pl\/wydarzenia\/oddech-rosji-na-plecach-cenzura-szantaz-i-polska-kuchcinski-dla-niezalezna-pl-archiwizujemy-wspomnienia\/\",\"name\":\"Oddech Rosji na plecach, cenzura, szanta\u017c i... Polska. Kuchci\u0144ski dla Niezalezna.pl: Archiwizujemy wspomnienia &#8211; Marek Kuchci\u0144ski\",\"isPartOf\":{\"@id\":\"https:\/\/marekkuchcinski.pl\/#website\"},\"primaryImageOfPage\":{\"@id\":\"https:\/\/marekkuchcinski.pl\/wydarzenia\/oddech-rosji-na-plecach-cenzura-szantaz-i-polska-kuchcinski-dla-niezalezna-pl-archiwizujemy-wspomnienia\/#primaryimage\"},\"image\":{\"@id\":\"https:\/\/marekkuchcinski.pl\/wydarzenia\/oddech-rosji-na-plecach-cenzura-szantaz-i-polska-kuchcinski-dla-niezalezna-pl-archiwizujemy-wspomnienia\/#primaryimage\"},\"thumbnailUrl\":\"https:\/\/marekkuchcinski.pl\/wp-content\/uploads\/2022\/12\/jmmk.jpg\",\"datePublished\":\"2022-12-06T16:10:49+00:00\",\"dateModified\":\"2022-12-06T16:10:50+00:00\",\"breadcrumb\":{\"@id\":\"https:\/\/marekkuchcinski.pl\/wydarzenia\/oddech-rosji-na-plecach-cenzura-szantaz-i-polska-kuchcinski-dla-niezalezna-pl-archiwizujemy-wspomnienia\/#breadcrumb\"},\"inLanguage\":\"hu\",\"potentialAction\":[{\"@type\":\"ReadAction\",\"target\":[\"https:\/\/marekkuchcinski.pl\/wydarzenia\/oddech-rosji-na-plecach-cenzura-szantaz-i-polska-kuchcinski-dla-niezalezna-pl-archiwizujemy-wspomnienia\/\"]}]},{\"@type\":\"ImageObject\",\"inLanguage\":\"hu\",\"@id\":\"https:\/\/marekkuchcinski.pl\/wydarzenia\/oddech-rosji-na-plecach-cenzura-szantaz-i-polska-kuchcinski-dla-niezalezna-pl-archiwizujemy-wspomnienia\/#primaryimage\",\"url\":\"https:\/\/marekkuchcinski.pl\/wp-content\/uploads\/2022\/12\/jmmk.jpg\",\"contentUrl\":\"https:\/\/marekkuchcinski.pl\/wp-content\/uploads\/2022\/12\/jmmk.jpg\",\"width\":1200,\"height\":600},{\"@type\":\"BreadcrumbList\",\"@id\":\"https:\/\/marekkuchcinski.pl\/wydarzenia\/oddech-rosji-na-plecach-cenzura-szantaz-i-polska-kuchcinski-dla-niezalezna-pl-archiwizujemy-wspomnienia\/#breadcrumb\",\"itemListElement\":[{\"@type\":\"ListItem\",\"position\":1,\"name\":\"Strona g\u0142\u00f3wna\",\"item\":\"https:\/\/marekkuchcinski.pl\/\"},{\"@type\":\"ListItem\",\"position\":2,\"name\":\"Oddech Rosji na plecach, cenzura, szanta\u017c i&#8230; Polska. Kuchci\u0144ski dla Niezalezna.pl: Archiwizujemy wspomnienia\"}]},{\"@type\":\"WebSite\",\"@id\":\"https:\/\/marekkuchcinski.pl\/#website\",\"url\":\"https:\/\/marekkuchcinski.pl\/\",\"name\":\"Marek Kuchci\u0144ski\",\"description\":\"Pose\u0142 na sejm RP &ndash; okr\u0119g nr 22\",\"publisher\":{\"@id\":\"https:\/\/marekkuchcinski.pl\/#organization\"},\"potentialAction\":[{\"@type\":\"SearchAction\",\"target\":{\"@type\":\"EntryPoint\",\"urlTemplate\":\"https:\/\/marekkuchcinski.pl\/?s={search_term_string}\"},\"query-input\":{\"@type\":\"PropertyValueSpecification\",\"valueRequired\":true,\"valueName\":\"search_term_string\"}}],\"inLanguage\":\"hu\"},{\"@type\":\"Organization\",\"@id\":\"https:\/\/marekkuchcinski.pl\/#organization\",\"name\":\"Marek Kuchci\u0144ski\",\"url\":\"https:\/\/marekkuchcinski.pl\/\",\"logo\":{\"@type\":\"ImageObject\",\"inLanguage\":\"hu\",\"@id\":\"https:\/\/marekkuchcinski.pl\/#\/schema\/logo\/image\/\",\"url\":\"https:\/\/marekkuchcinski.pl\/wp-content\/uploads\/2022\/09\/Marek.jpg\",\"contentUrl\":\"https:\/\/marekkuchcinski.pl\/wp-content\/uploads\/2022\/09\/Marek.jpg\",\"width\":1600,\"height\":971,\"caption\":\"Marek Kuchci\u0144ski\"},\"image\":{\"@id\":\"https:\/\/marekkuchcinski.pl\/#\/schema\/logo\/image\/\"}},{\"@type\":\"Person\",\"@id\":\"https:\/\/marekkuchcinski.pl\/#\/schema\/person\/51d5d4ee3b5317b8e4dd2b48af359229\",\"name\":\"Marta Olejnik\",\"image\":{\"@type\":\"ImageObject\",\"inLanguage\":\"hu\",\"@id\":\"https:\/\/marekkuchcinski.pl\/#\/schema\/person\/image\/\",\"url\":\"https:\/\/secure.gravatar.com\/avatar\/e39914b2aa6a48959e24d475b5dc9793?s=96&d=mm&r=g\",\"contentUrl\":\"https:\/\/secure.gravatar.com\/avatar\/e39914b2aa6a48959e24d475b5dc9793?s=96&d=mm&r=g\",\"caption\":\"Marta Olejnik\"},\"url\":\"https:\/\/marekkuchcinski.pl\/hu\/author\/marta\/\"}]}<\/script>\n<!-- \/ Yoast SEO plugin. -->","yoast_head_json":{"title":"Oddech Rosji na plecach, cenzura, szanta\u017c i... Polska. Kuchci\u0144ski dla Niezalezna.pl: Archiwizujemy wspomnienia &#8211; Marek Kuchci\u0144ski","robots":{"index":"index","follow":"follow","max-snippet":"max-snippet:-1","max-image-preview":"max-image-preview:large","max-video-preview":"max-video-preview:-1"},"canonical":"https:\/\/marekkuchcinski.pl\/hu\/wydarzenia\/oddech-rosji-na-plecach-cenzura-szantaz-i-polska-kuchcinski-dla-niezalezna-pl-archiwizujemy-wspomnienia\/","og_locale":"hu_HU","og_type":"article","og_title":"Oddech Rosji na plecach, cenzura, szanta\u017c i... Polska. Kuchci\u0144ski dla Niezalezna.pl: Archiwizujemy wspomnienia &#8211; Marek Kuchci\u0144ski","og_description":"Zdj\u0119cia, filmy, wspomnienia, materia\u0142y archiwalne S\u0142u\u017cby Bezpiecze\u0144stwa, sylwetki r\u00f3\u017cnych os\u00f3b zwi\u0105zanych w Przemy\u015blu z dzia\u0142alno\u015bci\u0105 opozycyjn\u0105 i obywatelsk\u0105 w latach 1967-1997 &#8211; to wszystko znajdziemy na portalu&nbsp;Archiwum Wolno\u015bci, jaki powsta\u0142&nbsp;dzi\u0119ki dofinansowaniu Muzeum Historii Polski w Warszawie w ramach konkursu \u201ePatriotyzm Jutra\u201d. Celem projektu jest&nbsp;przedstawienie historii ludzi i wydarze\u0144 regionu po\u0142udniowo-wschodniej Polski, kt\u00f3rzy brali bezpo\u015bredni oraz [&hellip;]","og_url":"https:\/\/marekkuchcinski.pl\/hu\/wydarzenia\/oddech-rosji-na-plecach-cenzura-szantaz-i-polska-kuchcinski-dla-niezalezna-pl-archiwizujemy-wspomnienia\/","og_site_name":"Marek Kuchci\u0144ski","article_published_time":"2022-12-06T16:10:49+00:00","article_modified_time":"2022-12-06T16:10:50+00:00","og_image":[{"width":1200,"height":600,"url":"https:\/\/marekkuchcinski.pl\/wp-content\/uploads\/2022\/12\/jmmk.jpg","type":"image\/jpeg"}],"author":"Marta Olejnik","twitter_card":"summary_large_image","twitter_misc":{"Szerz\u0151:":"Marta Olejnik","Becs\u00fclt olvas\u00e1si id\u0151":"3 perc"},"schema":{"@context":"https:\/\/schema.org","@graph":[{"@type":"Article","@id":"https:\/\/marekkuchcinski.pl\/wydarzenia\/oddech-rosji-na-plecach-cenzura-szantaz-i-polska-kuchcinski-dla-niezalezna-pl-archiwizujemy-wspomnienia\/#article","isPartOf":{"@id":"https:\/\/marekkuchcinski.pl\/wydarzenia\/oddech-rosji-na-plecach-cenzura-szantaz-i-polska-kuchcinski-dla-niezalezna-pl-archiwizujemy-wspomnienia\/"},"author":{"name":"Marta Olejnik","@id":"https:\/\/marekkuchcinski.pl\/#\/schema\/person\/51d5d4ee3b5317b8e4dd2b48af359229"},"headline":"Oddech Rosji na plecach, cenzura, szanta\u017c i&#8230; Polska. Kuchci\u0144ski dla Niezalezna.pl: Archiwizujemy wspomnienia","datePublished":"2022-12-06T16:10:49+00:00","dateModified":"2022-12-06T16:10:50+00:00","mainEntityOfPage":{"@id":"https:\/\/marekkuchcinski.pl\/wydarzenia\/oddech-rosji-na-plecach-cenzura-szantaz-i-polska-kuchcinski-dla-niezalezna-pl-archiwizujemy-wspomnienia\/"},"wordCount":665,"commentCount":0,"publisher":{"@id":"https:\/\/marekkuchcinski.pl\/#organization"},"image":{"@id":"https:\/\/marekkuchcinski.pl\/wydarzenia\/oddech-rosji-na-plecach-cenzura-szantaz-i-polska-kuchcinski-dla-niezalezna-pl-archiwizujemy-wspomnienia\/#primaryimage"},"thumbnailUrl":"https:\/\/marekkuchcinski.pl\/wp-content\/uploads\/2022\/12\/jmmk.jpg","articleSection":["W mediach","Wydarzenia"],"inLanguage":"hu","potentialAction":[{"@type":"CommentAction","name":"Comment","target":["https:\/\/marekkuchcinski.pl\/wydarzenia\/oddech-rosji-na-plecach-cenzura-szantaz-i-polska-kuchcinski-dla-niezalezna-pl-archiwizujemy-wspomnienia\/#respond"]}]},{"@type":"WebPage","@id":"https:\/\/marekkuchcinski.pl\/wydarzenia\/oddech-rosji-na-plecach-cenzura-szantaz-i-polska-kuchcinski-dla-niezalezna-pl-archiwizujemy-wspomnienia\/","url":"https:\/\/marekkuchcinski.pl\/wydarzenia\/oddech-rosji-na-plecach-cenzura-szantaz-i-polska-kuchcinski-dla-niezalezna-pl-archiwizujemy-wspomnienia\/","name":"Oddech Rosji na plecach, cenzura, szanta\u017c i... Polska. Kuchci\u0144ski dla Niezalezna.pl: Archiwizujemy wspomnienia &#8211; Marek Kuchci\u0144ski","isPartOf":{"@id":"https:\/\/marekkuchcinski.pl\/#website"},"primaryImageOfPage":{"@id":"https:\/\/marekkuchcinski.pl\/wydarzenia\/oddech-rosji-na-plecach-cenzura-szantaz-i-polska-kuchcinski-dla-niezalezna-pl-archiwizujemy-wspomnienia\/#primaryimage"},"image":{"@id":"https:\/\/marekkuchcinski.pl\/wydarzenia\/oddech-rosji-na-plecach-cenzura-szantaz-i-polska-kuchcinski-dla-niezalezna-pl-archiwizujemy-wspomnienia\/#primaryimage"},"thumbnailUrl":"https:\/\/marekkuchcinski.pl\/wp-content\/uploads\/2022\/12\/jmmk.jpg","datePublished":"2022-12-06T16:10:49+00:00","dateModified":"2022-12-06T16:10:50+00:00","breadcrumb":{"@id":"https:\/\/marekkuchcinski.pl\/wydarzenia\/oddech-rosji-na-plecach-cenzura-szantaz-i-polska-kuchcinski-dla-niezalezna-pl-archiwizujemy-wspomnienia\/#breadcrumb"},"inLanguage":"hu","potentialAction":[{"@type":"ReadAction","target":["https:\/\/marekkuchcinski.pl\/wydarzenia\/oddech-rosji-na-plecach-cenzura-szantaz-i-polska-kuchcinski-dla-niezalezna-pl-archiwizujemy-wspomnienia\/"]}]},{"@type":"ImageObject","inLanguage":"hu","@id":"https:\/\/marekkuchcinski.pl\/wydarzenia\/oddech-rosji-na-plecach-cenzura-szantaz-i-polska-kuchcinski-dla-niezalezna-pl-archiwizujemy-wspomnienia\/#primaryimage","url":"https:\/\/marekkuchcinski.pl\/wp-content\/uploads\/2022\/12\/jmmk.jpg","contentUrl":"https:\/\/marekkuchcinski.pl\/wp-content\/uploads\/2022\/12\/jmmk.jpg","width":1200,"height":600},{"@type":"BreadcrumbList","@id":"https:\/\/marekkuchcinski.pl\/wydarzenia\/oddech-rosji-na-plecach-cenzura-szantaz-i-polska-kuchcinski-dla-niezalezna-pl-archiwizujemy-wspomnienia\/#breadcrumb","itemListElement":[{"@type":"ListItem","position":1,"name":"Strona g\u0142\u00f3wna","item":"https:\/\/marekkuchcinski.pl\/"},{"@type":"ListItem","position":2,"name":"Oddech Rosji na plecach, cenzura, szanta\u017c i&#8230; Polska. Kuchci\u0144ski dla Niezalezna.pl: Archiwizujemy wspomnienia"}]},{"@type":"WebSite","@id":"https:\/\/marekkuchcinski.pl\/#website","url":"https:\/\/marekkuchcinski.pl\/","name":"Marek Kuchci\u0144ski","description":"Pose\u0142 na sejm RP &ndash; okr\u0119g nr 22","publisher":{"@id":"https:\/\/marekkuchcinski.pl\/#organization"},"potentialAction":[{"@type":"SearchAction","target":{"@type":"EntryPoint","urlTemplate":"https:\/\/marekkuchcinski.pl\/?s={search_term_string}"},"query-input":{"@type":"PropertyValueSpecification","valueRequired":true,"valueName":"search_term_string"}}],"inLanguage":"hu"},{"@type":"Organization","@id":"https:\/\/marekkuchcinski.pl\/#organization","name":"Marek Kuchci\u0144ski","url":"https:\/\/marekkuchcinski.pl\/","logo":{"@type":"ImageObject","inLanguage":"hu","@id":"https:\/\/marekkuchcinski.pl\/#\/schema\/logo\/image\/","url":"https:\/\/marekkuchcinski.pl\/wp-content\/uploads\/2022\/09\/Marek.jpg","contentUrl":"https:\/\/marekkuchcinski.pl\/wp-content\/uploads\/2022\/09\/Marek.jpg","width":1600,"height":971,"caption":"Marek Kuchci\u0144ski"},"image":{"@id":"https:\/\/marekkuchcinski.pl\/#\/schema\/logo\/image\/"}},{"@type":"Person","@id":"https:\/\/marekkuchcinski.pl\/#\/schema\/person\/51d5d4ee3b5317b8e4dd2b48af359229","name":"Marta Olejnik","image":{"@type":"ImageObject","inLanguage":"hu","@id":"https:\/\/marekkuchcinski.pl\/#\/schema\/person\/image\/","url":"https:\/\/secure.gravatar.com\/avatar\/e39914b2aa6a48959e24d475b5dc9793?s=96&d=mm&r=g","contentUrl":"https:\/\/secure.gravatar.com\/avatar\/e39914b2aa6a48959e24d475b5dc9793?s=96&d=mm&r=g","caption":"Marta Olejnik"},"url":"https:\/\/marekkuchcinski.pl\/hu\/author\/marta\/"}]}},"_links":{"self":[{"href":"https:\/\/marekkuchcinski.pl\/hu\/wp-json\/wp\/v2\/posts\/27062","targetHints":{"allow":["GET"]}}],"collection":[{"href":"https:\/\/marekkuchcinski.pl\/hu\/wp-json\/wp\/v2\/posts"}],"about":[{"href":"https:\/\/marekkuchcinski.pl\/hu\/wp-json\/wp\/v2\/types\/post"}],"author":[{"embeddable":true,"href":"https:\/\/marekkuchcinski.pl\/hu\/wp-json\/wp\/v2\/users\/21"}],"replies":[{"embeddable":true,"href":"https:\/\/marekkuchcinski.pl\/hu\/wp-json\/wp\/v2\/comments?post=27062"}],"version-history":[{"count":3,"href":"https:\/\/marekkuchcinski.pl\/hu\/wp-json\/wp\/v2\/posts\/27062\/revisions"}],"predecessor-version":[{"id":27066,"href":"https:\/\/marekkuchcinski.pl\/hu\/wp-json\/wp\/v2\/posts\/27062\/revisions\/27066"}],"wp:featuredmedia":[{"embeddable":true,"href":"https:\/\/marekkuchcinski.pl\/hu\/wp-json\/wp\/v2\/media\/27065"}],"wp:attachment":[{"href":"https:\/\/marekkuchcinski.pl\/hu\/wp-json\/wp\/v2\/media?parent=27062"}],"wp:term":[{"taxonomy":"category","embeddable":true,"href":"https:\/\/marekkuchcinski.pl\/hu\/wp-json\/wp\/v2\/categories?post=27062"},{"taxonomy":"post_tag","embeddable":true,"href":"https:\/\/marekkuchcinski.pl\/hu\/wp-json\/wp\/v2\/tags?post=27062"}],"curies":[{"name":"wp","href":"https:\/\/api.w.org\/{rel}","templated":true}]}}