{"id":26976,"date":"2022-11-29T22:00:21","date_gmt":"2022-11-29T21:00:21","guid":{"rendered":"https:\/\/marekkuchcinski.pl\/?p=26976"},"modified":"2022-11-29T22:07:37","modified_gmt":"2022-11-29T21:07:37","slug":"polsko-amerykanska-wspolpraca-na-rzecz-wolnosci-i-konserwatywnych-wartosci","status":"publish","type":"post","link":"https:\/\/marekkuchcinski.pl\/hu\/bez-kategorii\/polsko-amerykanska-wspolpraca-na-rzecz-wolnosci-i-konserwatywnych-wartosci\/","title":{"rendered":"Polsko-ameryka\u0144ska wsp\u00f3\u0142praca na rzecz wolno\u015bci i konserwatywnych warto\u015bci"},"content":{"rendered":"<p class=\"wp-block-paragraph\">Marek Kuchci\u0144ski spotka\u0142 si\u0119 z prezesem ameryka\u0144skiej Heritage Foundation \u2013 \u015bwiatowej czo\u0142\u00f3wki think tank\u00f3w, skupiaj\u0105cych si\u0119 na badaniach,&nbsp;innowacyjnych rozwi\u0105zaniach i mobilizacji \u015brodowisk konserwatywnych. W gronie polityk\u00f3w i doradc\u00f3w rozmawiano <a rel=\"noreferrer noopener\" href=\"https:\/\/t.co\/cr6jJHLW7X\" target=\"_blank\">m.in<\/a>. o udziale Polski i USA we wsparciu Ukrainy, globalnych zagro\u017ceniach i budowaniu nowego \u015bwiatowego \u0142adu. Zar\u00f3wno strona polska, jak i ameryka\u0144ska podkre\u015bla kluczow\u0105 rol\u0119, jak\u0105 mo\u017cemy odegra\u0107 w transformacji Ukrainy do UE, dziel\u0105c si\u0119 swoimi do\u015bwiadczeniami, co w rezultacie wzmocni pok\u00f3j w ca\u0142ej Europie, a bior\u0105c pod uwag\u0119 pozycj\u0119 Chin \u2013 tak\u017ce na \u015bwiecie.<\/p>\n\n\n\n<p class=\"wp-block-paragraph\"><strong>Wed\u0142ug prezesa HF dr. Kevina Robertsa konserwaty\u015bci maj\u0105 wszelkie powody do nadziei, poniewa\u017c konserwatywne idee to idee, kt\u00f3re dzia\u0142aj\u0105. Trudno si\u0119 z nim nie zgodzi\u0107. Wsp\u00f3\u0142pracuj\u0105c z naszymi ameryka\u0144skimi partnerami, mo\u017cemy poszerza\u0107 do\u015bwiadczenie w biznesie, wojsku, edukacji, komunikacji. Konserwatywne spojrzenie na \u015bwiat daje mocne podstawy do troski o ojczyzn\u0119 na wielu p\u0142aszczyznach, nie tylko ekonomicznej czy militarnej, ale tak\u017ce ochrony \u015brodowiska &#8211; m\u00f3wi\u0142 szef KPRM.<\/strong> <strong>&#8211; Przedstawili\u015bmy stronie ameryka\u0144skiej nasze spojrzenie na konflikt na Ukrainie <\/strong>i <strong>zagro\u017cenia, jakie z naszej perspektywy niesie ze sob\u0105 zwyci\u0119stwo Rosji. Wojna, kt\u00f3ra si\u0119 toczy za naszymi granicami, nie jest konfliktem lokalnym, ona toczy si\u0119 o nasz\u0105 przysz\u0142o\u015b\u0107, o to, czy Putin zdo\u0142a odbudowa\u0107 swoje imperium, dlatego pomoc Ukrainie jest nie tylko przejawem najwy\u017cszych odruch\u00f3w cz\u0142owiecze\u0144stwa, lecz tak\u017ce inwestycj\u0105 w bezpieczn\u0105 przysz\u0142o\u015b\u0107 &#8211; doda\u0142 Marek Kuchci\u0144ski.<\/strong><\/p>\n\n\n\n<p class=\"wp-block-paragraph\">Uczestnicy spotkania podkre\u015blali, \u017ce po 24 lutego reakcja Europy zaskoczy\u0142a nie tylko Putina. Unia nie jest s\u0142aba i podzielona, ale sw\u0105 si\u0142\u0119 czerpie z si\u0142y poszczeg\u00f3lnych pa\u0144stw, kt\u00f3re musz\u0105 by\u0107 wolne i r\u00f3wne i wsp\u00f3lnie stawia\u0107 czo\u0142o kryzysom. <\/p>\n\n\n\n<p class=\"wp-block-paragraph\">W spotkaniu ze strony polskiej wzi\u0119li udzia\u0142 m.in.: szef KPRM minister Marek Kuchci\u0144ski, wiceminister spraw zagranicznych Arkadiusz Mularczyk, szef Komisji Spraw Zagranicznych Rados\u0142aw Fogiel. <\/p>\n\n\n\n<figure class=\"wp-block-image size-large\"><a href=\"https:\/\/marekkuchcinski.pl\/wp-content\/uploads\/2022\/11\/316808539_546995170579711_6969012018843248599_n.jpg\"><img fetchpriority=\"high\" decoding=\"async\" width=\"1024\" height=\"682\" src=\"https:\/\/marekkuchcinski.pl\/wp-content\/uploads\/2022\/11\/316808539_546995170579711_6969012018843248599_n-1024x682.jpg\" alt=\"\" class=\"wp-image-26978\" srcset=\"https:\/\/marekkuchcinski.pl\/wp-content\/uploads\/2022\/11\/316808539_546995170579711_6969012018843248599_n-1024x682.jpg 1024w, https:\/\/marekkuchcinski.pl\/wp-content\/uploads\/2022\/11\/316808539_546995170579711_6969012018843248599_n-300x200.jpg 300w, https:\/\/marekkuchcinski.pl\/wp-content\/uploads\/2022\/11\/316808539_546995170579711_6969012018843248599_n-768x512.jpg 768w, https:\/\/marekkuchcinski.pl\/wp-content\/uploads\/2022\/11\/316808539_546995170579711_6969012018843248599_n-1536x1023.jpg 1536w, https:\/\/marekkuchcinski.pl\/wp-content\/uploads\/2022\/11\/316808539_546995170579711_6969012018843248599_n-18x12.jpg 18w, https:\/\/marekkuchcinski.pl\/wp-content\/uploads\/2022\/11\/316808539_546995170579711_6969012018843248599_n.jpg 1600w\" sizes=\"(max-width: 1024px) 100vw, 1024px\" \/><\/a><\/figure>\n\n\n\n<figure class=\"wp-block-image size-large is-resized\"><a href=\"https:\/\/marekkuchcinski.pl\/wp-content\/uploads\/2022\/11\/317710240_546995217246373_792033329430719490_n.jpg\"><img decoding=\"async\" src=\"https:\/\/marekkuchcinski.pl\/wp-content\/uploads\/2022\/11\/317710240_546995217246373_792033329430719490_n-1024x682.jpg\" alt=\"\" class=\"wp-image-26979\" width=\"840\" height=\"559\" srcset=\"https:\/\/marekkuchcinski.pl\/wp-content\/uploads\/2022\/11\/317710240_546995217246373_792033329430719490_n-1024x682.jpg 1024w, https:\/\/marekkuchcinski.pl\/wp-content\/uploads\/2022\/11\/317710240_546995217246373_792033329430719490_n-300x200.jpg 300w, https:\/\/marekkuchcinski.pl\/wp-content\/uploads\/2022\/11\/317710240_546995217246373_792033329430719490_n-768x512.jpg 768w, https:\/\/marekkuchcinski.pl\/wp-content\/uploads\/2022\/11\/317710240_546995217246373_792033329430719490_n-1536x1023.jpg 1536w, https:\/\/marekkuchcinski.pl\/wp-content\/uploads\/2022\/11\/317710240_546995217246373_792033329430719490_n-18x12.jpg 18w, https:\/\/marekkuchcinski.pl\/wp-content\/uploads\/2022\/11\/317710240_546995217246373_792033329430719490_n.jpg 1600w\" sizes=\"(max-width: 840px) 100vw, 840px\" \/><\/a><\/figure>\n\n\n\n<figure class=\"wp-block-image size-large\"><a href=\"https:\/\/marekkuchcinski.pl\/wp-content\/uploads\/2022\/11\/KMAJ4787-1.jpg\"><img decoding=\"async\" width=\"1024\" height=\"682\" src=\"https:\/\/marekkuchcinski.pl\/wp-content\/uploads\/2022\/11\/KMAJ4787-1-1024x682.jpg\" alt=\"\" class=\"wp-image-26980\" srcset=\"https:\/\/marekkuchcinski.pl\/wp-content\/uploads\/2022\/11\/KMAJ4787-1-1024x682.jpg 1024w, https:\/\/marekkuchcinski.pl\/wp-content\/uploads\/2022\/11\/KMAJ4787-1-300x200.jpg 300w, https:\/\/marekkuchcinski.pl\/wp-content\/uploads\/2022\/11\/KMAJ4787-1-768x512.jpg 768w, https:\/\/marekkuchcinski.pl\/wp-content\/uploads\/2022\/11\/KMAJ4787-1-1536x1023.jpg 1536w, https:\/\/marekkuchcinski.pl\/wp-content\/uploads\/2022\/11\/KMAJ4787-1-18x12.jpg 18w, https:\/\/marekkuchcinski.pl\/wp-content\/uploads\/2022\/11\/KMAJ4787-1.jpg 1600w\" sizes=\"(max-width: 1024px) 100vw, 1024px\" \/><\/a><\/figure>\n\n\n\n<figure class=\"wp-block-image size-large\"><a href=\"https:\/\/marekkuchcinski.pl\/wp-content\/uploads\/2022\/11\/IMG-0914.jpg\"><img loading=\"lazy\" decoding=\"async\" width=\"870\" height=\"1024\" src=\"https:\/\/marekkuchcinski.pl\/wp-content\/uploads\/2022\/11\/IMG-0914-870x1024.jpg\" alt=\"\" class=\"wp-image-26982\" srcset=\"https:\/\/marekkuchcinski.pl\/wp-content\/uploads\/2022\/11\/IMG-0914-870x1024.jpg 870w, https:\/\/marekkuchcinski.pl\/wp-content\/uploads\/2022\/11\/IMG-0914-255x300.jpg 255w, https:\/\/marekkuchcinski.pl\/wp-content\/uploads\/2022\/11\/IMG-0914-768x904.jpg 768w, https:\/\/marekkuchcinski.pl\/wp-content\/uploads\/2022\/11\/IMG-0914-1306x1536.jpg 1306w, https:\/\/marekkuchcinski.pl\/wp-content\/uploads\/2022\/11\/IMG-0914-10x12.jpg 10w, https:\/\/marekkuchcinski.pl\/wp-content\/uploads\/2022\/11\/IMG-0914.jpg 1360w\" sizes=\"(max-width: 870px) 100vw, 870px\" \/><\/a><\/figure>\n\n\n\n<figure class=\"wp-block-image size-large\"><a href=\"https:\/\/marekkuchcinski.pl\/wp-content\/uploads\/2022\/11\/316821101_546995193913042_4472090388575923681_n.jpg\"><img loading=\"lazy\" decoding=\"async\" width=\"1024\" height=\"676\" src=\"https:\/\/marekkuchcinski.pl\/wp-content\/uploads\/2022\/11\/316821101_546995193913042_4472090388575923681_n-1024x676.jpg\" alt=\"\" class=\"wp-image-26983\" srcset=\"https:\/\/marekkuchcinski.pl\/wp-content\/uploads\/2022\/11\/316821101_546995193913042_4472090388575923681_n-1024x676.jpg 1024w, https:\/\/marekkuchcinski.pl\/wp-content\/uploads\/2022\/11\/316821101_546995193913042_4472090388575923681_n-300x198.jpg 300w, https:\/\/marekkuchcinski.pl\/wp-content\/uploads\/2022\/11\/316821101_546995193913042_4472090388575923681_n-768x507.jpg 768w, https:\/\/marekkuchcinski.pl\/wp-content\/uploads\/2022\/11\/316821101_546995193913042_4472090388575923681_n-1536x1014.jpg 1536w, https:\/\/marekkuchcinski.pl\/wp-content\/uploads\/2022\/11\/316821101_546995193913042_4472090388575923681_n-18x12.jpg 18w, https:\/\/marekkuchcinski.pl\/wp-content\/uploads\/2022\/11\/316821101_546995193913042_4472090388575923681_n.jpg 1600w\" sizes=\"(max-width: 1024px) 100vw, 1024px\" \/><\/a><\/figure>","protected":false},"excerpt":{"rendered":"<p>Marek Kuchci\u0144ski spotka\u0142 si\u0119 z prezesem ameryka\u0144skiej Heritage Foundation \u2013 \u015bwiatowej czo\u0142\u00f3wki think tank\u00f3w, skupiaj\u0105cych si\u0119 na badaniach,&nbsp;innowacyjnych rozwi\u0105zaniach i mobilizacji \u015brodowisk konserwatywnych. W gronie polityk\u00f3w i doradc\u00f3w rozmawiano m.in. o udziale Polski i USA we wsparciu Ukrainy, globalnych zagro\u017ceniach i budowaniu nowego \u015bwiatowego \u0142adu. Zar\u00f3wno strona polska, jak i ameryka\u0144ska podkre\u015bla kluczow\u0105 rol\u0119, jak\u0105 [&hellip;]<\/p>\n","protected":false},"author":3,"featured_media":26978,"comment_status":"open","ping_status":"open","sticky":false,"template":"","format":"standard","meta":{"ngg_post_thumbnail":0,"footnotes":""},"categories":[1,50,3],"tags":[],"class_list":["post-26976","post","type-post","status-publish","format-standard","has-post-thumbnail","hentry","category-bez-kategorii","category-wspolpraca-miedzynarodowa","category-wydarzenia"],"yoast_head":"<!-- This site is optimized with the Yoast SEO plugin v28.4 - https:\/\/yoast.com\/product\/yoast-seo-wordpress\/ -->\n<title>Polsko-ameryka\u0144ska wsp\u00f3\u0142praca na rzecz wolno\u015bci i konserwatywnych warto\u015bci &#8211; Marek Kuchci\u0144ski<\/title>\n<meta name=\"robots\" content=\"index, follow, max-snippet:-1, max-image-preview:large, max-video-preview:-1\" \/>\n<link rel=\"canonical\" href=\"https:\/\/marekkuchcinski.pl\/hu\/bez-kategorii\/polsko-amerykanska-wspolpraca-na-rzecz-wolnosci-i-konserwatywnych-wartosci\/\" \/>\n<meta property=\"og:locale\" content=\"hu_HU\" \/>\n<meta property=\"og:type\" content=\"article\" \/>\n<meta property=\"og:title\" content=\"Polsko-ameryka\u0144ska wsp\u00f3\u0142praca na rzecz wolno\u015bci i konserwatywnych warto\u015bci &#8211; Marek Kuchci\u0144ski\" \/>\n<meta property=\"og:description\" content=\"Marek Kuchci\u0144ski spotka\u0142 si\u0119 z prezesem ameryka\u0144skiej Heritage Foundation \u2013 \u015bwiatowej czo\u0142\u00f3wki think tank\u00f3w, skupiaj\u0105cych si\u0119 na badaniach,&nbsp;innowacyjnych rozwi\u0105zaniach i mobilizacji \u015brodowisk konserwatywnych. W gronie polityk\u00f3w i doradc\u00f3w rozmawiano m.in. o udziale Polski i USA we wsparciu Ukrainy, globalnych zagro\u017ceniach i budowaniu nowego \u015bwiatowego \u0142adu. Zar\u00f3wno strona polska, jak i ameryka\u0144ska podkre\u015bla kluczow\u0105 rol\u0119, jak\u0105 [&hellip;]\" \/>\n<meta property=\"og:url\" content=\"https:\/\/marekkuchcinski.pl\/hu\/bez-kategorii\/polsko-amerykanska-wspolpraca-na-rzecz-wolnosci-i-konserwatywnych-wartosci\/\" \/>\n<meta property=\"og:site_name\" content=\"Marek Kuchci\u0144ski\" \/>\n<meta property=\"article:published_time\" content=\"2022-11-29T21:00:21+00:00\" \/>\n<meta property=\"article:modified_time\" content=\"2022-11-29T21:07:37+00:00\" \/>\n<meta property=\"og:image\" content=\"https:\/\/marekkuchcinski.pl\/wp-content\/uploads\/2022\/11\/316808539_546995170579711_6969012018843248599_n.jpg\" \/>\n\t<meta property=\"og:image:width\" content=\"1600\" \/>\n\t<meta property=\"og:image:height\" content=\"1066\" \/>\n\t<meta property=\"og:image:type\" content=\"image\/jpeg\" \/>\n<meta name=\"author\" content=\"Marta Olejnik\" \/>\n<meta name=\"twitter:card\" content=\"summary_large_image\" \/>\n<meta name=\"twitter:label1\" content=\"Written by\" \/>\n\t<meta name=\"twitter:data1\" content=\"Marta Olejnik\" \/>\n\t<meta name=\"twitter:label2\" content=\"Est. reading time\" \/>\n\t<meta name=\"twitter:data2\" content=\"2 minutes\" \/>\n<script type=\"application\/ld+json\" class=\"yoast-schema-graph\">{\"@context\":\"https:\\\/\\\/schema.org\",\"@graph\":[{\"@type\":\"Article\",\"@id\":\"https:\\\/\\\/marekkuchcinski.pl\\\/bez-kategorii\\\/polsko-amerykanska-wspolpraca-na-rzecz-wolnosci-i-konserwatywnych-wartosci\\\/#article\",\"isPartOf\":{\"@id\":\"https:\\\/\\\/marekkuchcinski.pl\\\/bez-kategorii\\\/polsko-amerykanska-wspolpraca-na-rzecz-wolnosci-i-konserwatywnych-wartosci\\\/\"},\"author\":{\"name\":\"Marta Olejnik\",\"@id\":\"https:\\\/\\\/marekkuchcinski.pl\\\/#\\\/schema\\\/person\\\/bd3f15dee67fee76e83c8350d0154101\"},\"headline\":\"Polsko-ameryka\u0144ska wsp\u00f3\u0142praca na rzecz wolno\u015bci i konserwatywnych warto\u015bci\",\"datePublished\":\"2022-11-29T21:00:21+00:00\",\"dateModified\":\"2022-11-29T21:07:37+00:00\",\"mainEntityOfPage\":{\"@id\":\"https:\\\/\\\/marekkuchcinski.pl\\\/bez-kategorii\\\/polsko-amerykanska-wspolpraca-na-rzecz-wolnosci-i-konserwatywnych-wartosci\\\/\"},\"wordCount\":348,\"commentCount\":0,\"publisher\":{\"@id\":\"https:\\\/\\\/marekkuchcinski.pl\\\/#organization\"},\"image\":{\"@id\":\"https:\\\/\\\/marekkuchcinski.pl\\\/bez-kategorii\\\/polsko-amerykanska-wspolpraca-na-rzecz-wolnosci-i-konserwatywnych-wartosci\\\/#primaryimage\"},\"thumbnailUrl\":\"https:\\\/\\\/marekkuchcinski.pl\\\/wp-content\\\/uploads\\\/2022\\\/11\\\/316808539_546995170579711_6969012018843248599_n.jpg\",\"articleSection\":[\"Bez kategorii\",\"Wsp\u00f3\u0142praca mi\u0119dzynarodowa\",\"Wydarzenia\"],\"inLanguage\":\"hu-HU\",\"potentialAction\":[{\"@type\":\"CommentAction\",\"name\":\"Comment\",\"target\":[\"https:\\\/\\\/marekkuchcinski.pl\\\/bez-kategorii\\\/polsko-amerykanska-wspolpraca-na-rzecz-wolnosci-i-konserwatywnych-wartosci\\\/#respond\"]}]},{\"@type\":\"WebPage\",\"@id\":\"https:\\\/\\\/marekkuchcinski.pl\\\/bez-kategorii\\\/polsko-amerykanska-wspolpraca-na-rzecz-wolnosci-i-konserwatywnych-wartosci\\\/\",\"url\":\"https:\\\/\\\/marekkuchcinski.pl\\\/bez-kategorii\\\/polsko-amerykanska-wspolpraca-na-rzecz-wolnosci-i-konserwatywnych-wartosci\\\/\",\"name\":\"Polsko-ameryka\u0144ska wsp\u00f3\u0142praca na rzecz wolno\u015bci i konserwatywnych warto\u015bci &#8211; Marek Kuchci\u0144ski\",\"isPartOf\":{\"@id\":\"https:\\\/\\\/marekkuchcinski.pl\\\/#website\"},\"primaryImageOfPage\":{\"@id\":\"https:\\\/\\\/marekkuchcinski.pl\\\/bez-kategorii\\\/polsko-amerykanska-wspolpraca-na-rzecz-wolnosci-i-konserwatywnych-wartosci\\\/#primaryimage\"},\"image\":{\"@id\":\"https:\\\/\\\/marekkuchcinski.pl\\\/bez-kategorii\\\/polsko-amerykanska-wspolpraca-na-rzecz-wolnosci-i-konserwatywnych-wartosci\\\/#primaryimage\"},\"thumbnailUrl\":\"https:\\\/\\\/marekkuchcinski.pl\\\/wp-content\\\/uploads\\\/2022\\\/11\\\/316808539_546995170579711_6969012018843248599_n.jpg\",\"datePublished\":\"2022-11-29T21:00:21+00:00\",\"dateModified\":\"2022-11-29T21:07:37+00:00\",\"breadcrumb\":{\"@id\":\"https:\\\/\\\/marekkuchcinski.pl\\\/bez-kategorii\\\/polsko-amerykanska-wspolpraca-na-rzecz-wolnosci-i-konserwatywnych-wartosci\\\/#breadcrumb\"},\"inLanguage\":\"hu-HU\",\"potentialAction\":[{\"@type\":\"ReadAction\",\"target\":[\"https:\\\/\\\/marekkuchcinski.pl\\\/bez-kategorii\\\/polsko-amerykanska-wspolpraca-na-rzecz-wolnosci-i-konserwatywnych-wartosci\\\/\"]}]},{\"@type\":\"ImageObject\",\"inLanguage\":\"hu-HU\",\"@id\":\"https:\\\/\\\/marekkuchcinski.pl\\\/bez-kategorii\\\/polsko-amerykanska-wspolpraca-na-rzecz-wolnosci-i-konserwatywnych-wartosci\\\/#primaryimage\",\"url\":\"https:\\\/\\\/marekkuchcinski.pl\\\/wp-content\\\/uploads\\\/2022\\\/11\\\/316808539_546995170579711_6969012018843248599_n.jpg\",\"contentUrl\":\"https:\\\/\\\/marekkuchcinski.pl\\\/wp-content\\\/uploads\\\/2022\\\/11\\\/316808539_546995170579711_6969012018843248599_n.jpg\",\"width\":1600,\"height\":1066},{\"@type\":\"BreadcrumbList\",\"@id\":\"https:\\\/\\\/marekkuchcinski.pl\\\/bez-kategorii\\\/polsko-amerykanska-wspolpraca-na-rzecz-wolnosci-i-konserwatywnych-wartosci\\\/#breadcrumb\",\"itemListElement\":[{\"@type\":\"ListItem\",\"position\":1,\"name\":\"Strona g\u0142\u00f3wna\",\"item\":\"https:\\\/\\\/marekkuchcinski.pl\\\/\"},{\"@type\":\"ListItem\",\"position\":2,\"name\":\"Polsko-ameryka\u0144ska wsp\u00f3\u0142praca na rzecz wolno\u015bci i konserwatywnych warto\u015bci\"}]},{\"@type\":\"WebSite\",\"@id\":\"https:\\\/\\\/marekkuchcinski.pl\\\/#website\",\"url\":\"https:\\\/\\\/marekkuchcinski.pl\\\/\",\"name\":\"Marek Kuchci\u0144ski\",\"description\":\"Marek Kuchci\u0144ski \",\"publisher\":{\"@id\":\"https:\\\/\\\/marekkuchcinski.pl\\\/#organization\"},\"potentialAction\":[{\"@type\":\"SearchAction\",\"target\":{\"@type\":\"EntryPoint\",\"urlTemplate\":\"https:\\\/\\\/marekkuchcinski.pl\\\/?s={search_term_string}\"},\"query-input\":{\"@type\":\"PropertyValueSpecification\",\"valueRequired\":true,\"valueName\":\"search_term_string\"}}],\"inLanguage\":\"hu-HU\"},{\"@type\":\"Organization\",\"@id\":\"https:\\\/\\\/marekkuchcinski.pl\\\/#organization\",\"name\":\"Marek Kuchci\u0144ski\",\"url\":\"https:\\\/\\\/marekkuchcinski.pl\\\/\",\"logo\":{\"@type\":\"ImageObject\",\"inLanguage\":\"hu-HU\",\"@id\":\"https:\\\/\\\/marekkuchcinski.pl\\\/#\\\/schema\\\/logo\\\/image\\\/\",\"url\":\"https:\\\/\\\/marekkuchcinski.pl\\\/wp-content\\\/uploads\\\/2022\\\/09\\\/Marek.jpg\",\"contentUrl\":\"https:\\\/\\\/marekkuchcinski.pl\\\/wp-content\\\/uploads\\\/2022\\\/09\\\/Marek.jpg\",\"width\":1600,\"height\":971,\"caption\":\"Marek Kuchci\u0144ski\"},\"image\":{\"@id\":\"https:\\\/\\\/marekkuchcinski.pl\\\/#\\\/schema\\\/logo\\\/image\\\/\"}},{\"@type\":\"Person\",\"@id\":\"https:\\\/\\\/marekkuchcinski.pl\\\/#\\\/schema\\\/person\\\/bd3f15dee67fee76e83c8350d0154101\",\"name\":\"Marta Olejnik\",\"image\":{\"@type\":\"ImageObject\",\"inLanguage\":\"hu-HU\",\"@id\":\"https:\\\/\\\/secure.gravatar.com\\\/avatar\\\/24754edd6080383402e292374b406b553027d572e97d60e7aa89a6940e88659a?s=96&d=mm&r=g\",\"url\":\"https:\\\/\\\/secure.gravatar.com\\\/avatar\\\/24754edd6080383402e292374b406b553027d572e97d60e7aa89a6940e88659a?s=96&d=mm&r=g\",\"contentUrl\":\"https:\\\/\\\/secure.gravatar.com\\\/avatar\\\/24754edd6080383402e292374b406b553027d572e97d60e7aa89a6940e88659a?s=96&d=mm&r=g\",\"caption\":\"Marta Olejnik\"},\"url\":\"https:\\\/\\\/marekkuchcinski.pl\\\/hu\\\/author\\\/marta\\\/\"}]}<\/script>\n<!-- \/ Yoast SEO plugin. -->","yoast_head_json":{"title":"Polsko-ameryka\u0144ska wsp\u00f3\u0142praca na rzecz wolno\u015bci i konserwatywnych warto\u015bci &#8211; Marek Kuchci\u0144ski","robots":{"index":"index","follow":"follow","max-snippet":"max-snippet:-1","max-image-preview":"max-image-preview:large","max-video-preview":"max-video-preview:-1"},"canonical":"https:\/\/marekkuchcinski.pl\/hu\/bez-kategorii\/polsko-amerykanska-wspolpraca-na-rzecz-wolnosci-i-konserwatywnych-wartosci\/","og_locale":"hu_HU","og_type":"article","og_title":"Polsko-ameryka\u0144ska wsp\u00f3\u0142praca na rzecz wolno\u015bci i konserwatywnych warto\u015bci &#8211; Marek Kuchci\u0144ski","og_description":"Marek Kuchci\u0144ski spotka\u0142 si\u0119 z prezesem ameryka\u0144skiej Heritage Foundation \u2013 \u015bwiatowej czo\u0142\u00f3wki think tank\u00f3w, skupiaj\u0105cych si\u0119 na badaniach,&nbsp;innowacyjnych rozwi\u0105zaniach i mobilizacji \u015brodowisk konserwatywnych. W gronie polityk\u00f3w i doradc\u00f3w rozmawiano m.in. o udziale Polski i USA we wsparciu Ukrainy, globalnych zagro\u017ceniach i budowaniu nowego \u015bwiatowego \u0142adu. Zar\u00f3wno strona polska, jak i ameryka\u0144ska podkre\u015bla kluczow\u0105 rol\u0119, jak\u0105 [&hellip;]","og_url":"https:\/\/marekkuchcinski.pl\/hu\/bez-kategorii\/polsko-amerykanska-wspolpraca-na-rzecz-wolnosci-i-konserwatywnych-wartosci\/","og_site_name":"Marek Kuchci\u0144ski","article_published_time":"2022-11-29T21:00:21+00:00","article_modified_time":"2022-11-29T21:07:37+00:00","og_image":[{"width":1600,"height":1066,"url":"https:\/\/marekkuchcinski.pl\/wp-content\/uploads\/2022\/11\/316808539_546995170579711_6969012018843248599_n.jpg","type":"image\/jpeg"}],"author":"Marta Olejnik","twitter_card":"summary_large_image","twitter_misc":{"Written by":"Marta Olejnik","Est. reading time":"2 minutes"},"schema":{"@context":"https:\/\/schema.org","@graph":[{"@type":"Article","@id":"https:\/\/marekkuchcinski.pl\/bez-kategorii\/polsko-amerykanska-wspolpraca-na-rzecz-wolnosci-i-konserwatywnych-wartosci\/#article","isPartOf":{"@id":"https:\/\/marekkuchcinski.pl\/bez-kategorii\/polsko-amerykanska-wspolpraca-na-rzecz-wolnosci-i-konserwatywnych-wartosci\/"},"author":{"name":"Marta Olejnik","@id":"https:\/\/marekkuchcinski.pl\/#\/schema\/person\/bd3f15dee67fee76e83c8350d0154101"},"headline":"Polsko-ameryka\u0144ska wsp\u00f3\u0142praca na rzecz wolno\u015bci i konserwatywnych warto\u015bci","datePublished":"2022-11-29T21:00:21+00:00","dateModified":"2022-11-29T21:07:37+00:00","mainEntityOfPage":{"@id":"https:\/\/marekkuchcinski.pl\/bez-kategorii\/polsko-amerykanska-wspolpraca-na-rzecz-wolnosci-i-konserwatywnych-wartosci\/"},"wordCount":348,"commentCount":0,"publisher":{"@id":"https:\/\/marekkuchcinski.pl\/#organization"},"image":{"@id":"https:\/\/marekkuchcinski.pl\/bez-kategorii\/polsko-amerykanska-wspolpraca-na-rzecz-wolnosci-i-konserwatywnych-wartosci\/#primaryimage"},"thumbnailUrl":"https:\/\/marekkuchcinski.pl\/wp-content\/uploads\/2022\/11\/316808539_546995170579711_6969012018843248599_n.jpg","articleSection":["Bez kategorii","Wsp\u00f3\u0142praca mi\u0119dzynarodowa","Wydarzenia"],"inLanguage":"hu-HU","potentialAction":[{"@type":"CommentAction","name":"Comment","target":["https:\/\/marekkuchcinski.pl\/bez-kategorii\/polsko-amerykanska-wspolpraca-na-rzecz-wolnosci-i-konserwatywnych-wartosci\/#respond"]}]},{"@type":"WebPage","@id":"https:\/\/marekkuchcinski.pl\/bez-kategorii\/polsko-amerykanska-wspolpraca-na-rzecz-wolnosci-i-konserwatywnych-wartosci\/","url":"https:\/\/marekkuchcinski.pl\/bez-kategorii\/polsko-amerykanska-wspolpraca-na-rzecz-wolnosci-i-konserwatywnych-wartosci\/","name":"Polsko-ameryka\u0144ska wsp\u00f3\u0142praca na rzecz wolno\u015bci i konserwatywnych warto\u015bci &#8211; Marek Kuchci\u0144ski","isPartOf":{"@id":"https:\/\/marekkuchcinski.pl\/#website"},"primaryImageOfPage":{"@id":"https:\/\/marekkuchcinski.pl\/bez-kategorii\/polsko-amerykanska-wspolpraca-na-rzecz-wolnosci-i-konserwatywnych-wartosci\/#primaryimage"},"image":{"@id":"https:\/\/marekkuchcinski.pl\/bez-kategorii\/polsko-amerykanska-wspolpraca-na-rzecz-wolnosci-i-konserwatywnych-wartosci\/#primaryimage"},"thumbnailUrl":"https:\/\/marekkuchcinski.pl\/wp-content\/uploads\/2022\/11\/316808539_546995170579711_6969012018843248599_n.jpg","datePublished":"2022-11-29T21:00:21+00:00","dateModified":"2022-11-29T21:07:37+00:00","breadcrumb":{"@id":"https:\/\/marekkuchcinski.pl\/bez-kategorii\/polsko-amerykanska-wspolpraca-na-rzecz-wolnosci-i-konserwatywnych-wartosci\/#breadcrumb"},"inLanguage":"hu-HU","potentialAction":[{"@type":"ReadAction","target":["https:\/\/marekkuchcinski.pl\/bez-kategorii\/polsko-amerykanska-wspolpraca-na-rzecz-wolnosci-i-konserwatywnych-wartosci\/"]}]},{"@type":"ImageObject","inLanguage":"hu-HU","@id":"https:\/\/marekkuchcinski.pl\/bez-kategorii\/polsko-amerykanska-wspolpraca-na-rzecz-wolnosci-i-konserwatywnych-wartosci\/#primaryimage","url":"https:\/\/marekkuchcinski.pl\/wp-content\/uploads\/2022\/11\/316808539_546995170579711_6969012018843248599_n.jpg","contentUrl":"https:\/\/marekkuchcinski.pl\/wp-content\/uploads\/2022\/11\/316808539_546995170579711_6969012018843248599_n.jpg","width":1600,"height":1066},{"@type":"BreadcrumbList","@id":"https:\/\/marekkuchcinski.pl\/bez-kategorii\/polsko-amerykanska-wspolpraca-na-rzecz-wolnosci-i-konserwatywnych-wartosci\/#breadcrumb","itemListElement":[{"@type":"ListItem","position":1,"name":"Strona g\u0142\u00f3wna","item":"https:\/\/marekkuchcinski.pl\/"},{"@type":"ListItem","position":2,"name":"Polsko-ameryka\u0144ska wsp\u00f3\u0142praca na rzecz wolno\u015bci i konserwatywnych warto\u015bci"}]},{"@type":"WebSite","@id":"https:\/\/marekkuchcinski.pl\/#website","url":"https:\/\/marekkuchcinski.pl\/","name":"Marek Kuchci\u0144ski","description":"Marek Kuchci\u0144ski","publisher":{"@id":"https:\/\/marekkuchcinski.pl\/#organization"},"potentialAction":[{"@type":"SearchAction","target":{"@type":"EntryPoint","urlTemplate":"https:\/\/marekkuchcinski.pl\/?s={search_term_string}"},"query-input":{"@type":"PropertyValueSpecification","valueRequired":true,"valueName":"search_term_string"}}],"inLanguage":"hu-HU"},{"@type":"Organization","@id":"https:\/\/marekkuchcinski.pl\/#organization","name":"Marek Kuchci\u0144ski","url":"https:\/\/marekkuchcinski.pl\/","logo":{"@type":"ImageObject","inLanguage":"hu-HU","@id":"https:\/\/marekkuchcinski.pl\/#\/schema\/logo\/image\/","url":"https:\/\/marekkuchcinski.pl\/wp-content\/uploads\/2022\/09\/Marek.jpg","contentUrl":"https:\/\/marekkuchcinski.pl\/wp-content\/uploads\/2022\/09\/Marek.jpg","width":1600,"height":971,"caption":"Marek Kuchci\u0144ski"},"image":{"@id":"https:\/\/marekkuchcinski.pl\/#\/schema\/logo\/image\/"}},{"@type":"Person","@id":"https:\/\/marekkuchcinski.pl\/#\/schema\/person\/bd3f15dee67fee76e83c8350d0154101","name":"Marta Olejnik","image":{"@type":"ImageObject","inLanguage":"hu-HU","@id":"https:\/\/secure.gravatar.com\/avatar\/24754edd6080383402e292374b406b553027d572e97d60e7aa89a6940e88659a?s=96&d=mm&r=g","url":"https:\/\/secure.gravatar.com\/avatar\/24754edd6080383402e292374b406b553027d572e97d60e7aa89a6940e88659a?s=96&d=mm&r=g","contentUrl":"https:\/\/secure.gravatar.com\/avatar\/24754edd6080383402e292374b406b553027d572e97d60e7aa89a6940e88659a?s=96&d=mm&r=g","caption":"Marta Olejnik"},"url":"https:\/\/marekkuchcinski.pl\/hu\/author\/marta\/"}]}},"_links":{"self":[{"href":"https:\/\/marekkuchcinski.pl\/hu\/wp-json\/wp\/v2\/posts\/26976","targetHints":{"allow":["GET"]}}],"collection":[{"href":"https:\/\/marekkuchcinski.pl\/hu\/wp-json\/wp\/v2\/posts"}],"about":[{"href":"https:\/\/marekkuchcinski.pl\/hu\/wp-json\/wp\/v2\/types\/post"}],"author":[{"embeddable":true,"href":"https:\/\/marekkuchcinski.pl\/hu\/wp-json\/wp\/v2\/users\/3"}],"replies":[{"embeddable":true,"href":"https:\/\/marekkuchcinski.pl\/hu\/wp-json\/wp\/v2\/comments?post=26976"}],"version-history":[{"count":10,"href":"https:\/\/marekkuchcinski.pl\/hu\/wp-json\/wp\/v2\/posts\/26976\/revisions"}],"predecessor-version":[{"id":26993,"href":"https:\/\/marekkuchcinski.pl\/hu\/wp-json\/wp\/v2\/posts\/26976\/revisions\/26993"}],"wp:featuredmedia":[{"embeddable":true,"href":"https:\/\/marekkuchcinski.pl\/hu\/wp-json\/wp\/v2\/media\/26978"}],"wp:attachment":[{"href":"https:\/\/marekkuchcinski.pl\/hu\/wp-json\/wp\/v2\/media?parent=26976"}],"wp:term":[{"taxonomy":"category","embeddable":true,"href":"https:\/\/marekkuchcinski.pl\/hu\/wp-json\/wp\/v2\/categories?post=26976"},{"taxonomy":"post_tag","embeddable":true,"href":"https:\/\/marekkuchcinski.pl\/hu\/wp-json\/wp\/v2\/tags?post=26976"}],"curies":[{"name":"wp","href":"https:\/\/api.w.org\/{rel}","templated":true}]}}