{"id":26895,"date":"2022-11-05T12:32:07","date_gmt":"2022-11-05T11:32:07","guid":{"rendered":"https:\/\/marekkuchcinski.pl\/?p=26895"},"modified":"2022-11-07T11:15:29","modified_gmt":"2022-11-07T10:15:29","slug":"marek-kuchcinski-polakow-i-wegrow-laczy-przede-wszystkim-zapewnianie-naszym-obywatelom-bezpieczenstwa-i-stabilnosci","status":"publish","type":"post","link":"https:\/\/marekkuchcinski.pl\/hu\/wydarzenia\/marek-kuchcinski-polakow-i-wegrow-laczy-przede-wszystkim-zapewnianie-naszym-obywatelom-bezpieczenstwa-i-stabilnosci\/","title":{"rendered":"Marek Kuchci\u0144ski: Polak\u00f3w i W\u0119gr\u00f3w \u0142\u0105czy przede wszystkim zapewnianie naszym obywatelom bezpiecze\u0144stwa i stabilno\u015bci"},"content":{"rendered":"<p class=\"wp-block-paragraph\">Szef KPRM Marek Kuchci\u0144ski wzi\u0105\u0142 udzia\u0142 w promocji ksi\u0105\u017cki szefa gabinetu politycznego premiera W\u0119gier Bal\u00e1zsa Orb\u00e1na. \u201eTabliczka mno\u017cenia. Rzecz o w\u0119gierskim my\u015bleniu strategicznym\u201d wed\u0142ug jest autora&nbsp;lawirowaniem mi\u0119dzy ksi\u0105\u017ck\u0105 naukow\u0105 a pamfletem politycznym. Minister podkre\u015bli\u0142, \u017ce przyja\u017a\u0144 polsko-w\u0119gierska jest niez\u0142omna, a bior\u0105c pod uwag\u0119 nasze po\u0142o\u017cenie geopolityczne \u2013 absolutnie konieczna.<\/p>\n\n\n\n<p class=\"wp-block-paragraph\">Marek Kuchci\u0144ski przekonywa\u0142, \u017ce w\u0119gierskie my\u015blenie strategiczne jest w wielu obszarach podobne do polskiego, zw\u0142aszcza je\u015bli chodzi o perspektyw\u0119 europejsk\u0105. Mo\u017ce r\u00f3\u017cnimy si\u0119, je\u015bli chodzi o perspektyw\u0119 wschodni\u0105 co do taktyki czy metod, natomiast wydaje si\u0119, \u017ce bezsprzecznie \u0142\u0105czy nas ch\u0119\u0107 zapewnienia bezpiecze\u0144stwa naszym obywatelom i stabilno\u015bci nie tylko w Europie \u015arodkowej. A je\u015bli spojrzymy wstecz, to Polak\u00f3w i W\u0119gr\u00f3w \u0142\u0105czy od wczesnego \u015bredniowiecza bardzo wiele. Wr\u0119cz mo\u017cemy siebie postrzega\u0107 jako prekursorzy podwalin Unii Europejskiej.<\/p>\n\n\n\n<p class=\"wp-block-paragraph\">\u2013 Chcia\u0142bym podkre\u015bli\u0107, \u017ce PiS i polska prawica wykona\u0142y w ci\u0105gu ostatnich lat fantastyczn\u0105 robot\u0119. Je\u015bli powstanie dzie\u0142o o polskim my\u015bleniu strategicznym, to W\u0119gry jako pierwsze powinny przet\u0142umaczy\u0107 i wyda\u0107 je u nas \u2013 m\u00f3wi\u0142 Bal\u00e1zs Orb\u00e1n. \u2013 W pe\u0142ni popieramy wizj\u0119 Polski rozwoju Grupy Wyszehradzkiej i Inicjatywy Tr\u00f3jmorza. Bez Polski na pok\u0142adzie jeste\u015bmy bowiem tylko ma\u0142\u0105, zamkni\u0119t\u0105 nieck\u0105 Karpat. Pojawiaj\u0105 si\u0119 tu r\u00f3wnie\u017c wzorce historyczne. Nawet w \u015bredniowieczu by\u0142y przyk\u0142ady, gdy w\u0119gierska elita polityczna nawi\u0105zywa\u0142a kontakty dyplomatyczne za po\u015brednictwem Polski&nbsp;\u2013 zauwa\u017cy\u0142 minister.<\/p>\n\n\n\n<p class=\"wp-block-paragraph\">Je\u015bli chodzi o wsparcie dla Ukrainy, Orb\u00e1n podkre\u015bli\u0142, \u017ce W\u0119gry swoje stanowisko opieraj\u0105 na racjonalnych przes\u0142ankach. \u2013 Ca\u0142y czas popieramy takie sankcje, aby bardziej szkodzi\u0142y temu podmiotowi, kt\u00f3ry jest nimi obj\u0119ty, a nie tym podmiotom, kt\u00f3re te sankcje nak\u0142adaj\u0105 \u2013 podkre\u015bli\u0142.<\/p>\n\n\n\n<p class=\"wp-block-paragraph\">Promocj\u0119 ksi\u0105\u017cki poprzedzi\u0142o spotkanie b. marsza\u0142ka Sejmu i b. przewodnicz\u0105cego Komisji Spraw Zagranicznych Marka Kuchci\u0144skiego z autorem ksi\u0105\u017cki. Politycy rozmawiali m.in. o konieczno\u015bci wsp\u00f3\u0142pracy na poziomie informacyjnym \u2013 wiele problem\u00f3w wsp\u00f3\u0142czesnego \u015bwiata bierze si\u0119 z dezinformacji \u2013 wzmocnieniu relacji w obszarze Grupy Wyszehradzkiej czy sytuacji Polski i W\u0119gier wewn\u0105trz Unii Europejskiej. Marek Kuchci\u0144ski podkre\u015bla\u0142, \u017ce w ramach inicjatywy Europa Karpat zacie\u015bniana jest polsko-w\u0119gierska wsp\u00f3\u0142praca nie tylko na poziomie politycznym, gospodarczym, ekologicznym, ale i kulturalnym. W planach jest na przyk\u0142ad antologia literatury Europy \u015arodkowej i t\u0142umaczenie wierszy G\u00e9zy Gy\u00f3niego, w\u0119gierskiego poety walcz\u0105cego podczas I wojny w Twierdzy Przemy\u015bl, kt\u00f3ry podczas obl\u0119\u017cenia Przemy\u015bla pisa\u0142 wiersze zagrzewaj\u0105ce do walki obro\u0144c\u00f3w miasta, opublikowane pod tytu\u0142em&nbsp;\u201eLengyel mez\u0151k\u00f6n, t\u00e1bort\u0171z melet\u201d, czyli&nbsp;\u201ePrzy ognisku na polach Polski\u201d.<\/p>\n\n\n\n<p class=\"wp-block-paragraph\">Spotkanie i promocja ksi\u0105\u017cki odby\u0142y si\u0119 w Instytucie Wsp\u00f3\u0142pracy Polsko-W\u0119gierskiej im. Wac\u0142awa Felczaka.<\/p>\n\n\n\n<p class=\"wp-block-paragraph\"><em>fot. MO<\/em><\/p>\n\n\n\n<figure class=\"wp-block-image size-large\"><a href=\"https:\/\/marekkuchcinski.pl\/wp-content\/uploads\/2022\/11\/s.jpg\"><img fetchpriority=\"high\" decoding=\"async\" width=\"1024\" height=\"716\" src=\"https:\/\/marekkuchcinski.pl\/wp-content\/uploads\/2022\/11\/s-1024x716.jpg\" alt=\"\" class=\"wp-image-26896\" srcset=\"https:\/\/marekkuchcinski.pl\/wp-content\/uploads\/2022\/11\/s-1024x716.jpg 1024w, https:\/\/marekkuchcinski.pl\/wp-content\/uploads\/2022\/11\/s-300x210.jpg 300w, https:\/\/marekkuchcinski.pl\/wp-content\/uploads\/2022\/11\/s-768x537.jpg 768w, https:\/\/marekkuchcinski.pl\/wp-content\/uploads\/2022\/11\/s-1536x1074.jpg 1536w, https:\/\/marekkuchcinski.pl\/wp-content\/uploads\/2022\/11\/s-18x12.jpg 18w, https:\/\/marekkuchcinski.pl\/wp-content\/uploads\/2022\/11\/s.jpg 1600w\" sizes=\"(max-width: 1024px) 100vw, 1024px\" \/><\/a><\/figure>\n\n\n\n<figure class=\"wp-block-image size-large\"><a href=\"https:\/\/marekkuchcinski.pl\/wp-content\/uploads\/2022\/11\/s2.jpg\"><img decoding=\"async\" width=\"1024\" height=\"669\" src=\"https:\/\/marekkuchcinski.pl\/wp-content\/uploads\/2022\/11\/s2-1024x669.jpg\" alt=\"\" class=\"wp-image-26897\" srcset=\"https:\/\/marekkuchcinski.pl\/wp-content\/uploads\/2022\/11\/s2-1024x669.jpg 1024w, https:\/\/marekkuchcinski.pl\/wp-content\/uploads\/2022\/11\/s2-300x196.jpg 300w, https:\/\/marekkuchcinski.pl\/wp-content\/uploads\/2022\/11\/s2-768x502.jpg 768w, https:\/\/marekkuchcinski.pl\/wp-content\/uploads\/2022\/11\/s2-1536x1003.jpg 1536w, https:\/\/marekkuchcinski.pl\/wp-content\/uploads\/2022\/11\/s2-18x12.jpg 18w, https:\/\/marekkuchcinski.pl\/wp-content\/uploads\/2022\/11\/s2.jpg 1600w\" sizes=\"(max-width: 1024px) 100vw, 1024px\" \/><\/a><\/figure>\n\n\n\n<figure class=\"wp-block-image size-large\"><a href=\"https:\/\/marekkuchcinski.pl\/wp-content\/uploads\/2022\/11\/IMG_6951.jpg\"><img decoding=\"async\" width=\"1024\" height=\"678\" src=\"https:\/\/marekkuchcinski.pl\/wp-content\/uploads\/2022\/11\/IMG_6951-1024x678.jpg\" alt=\"\" class=\"wp-image-26900\" srcset=\"https:\/\/marekkuchcinski.pl\/wp-content\/uploads\/2022\/11\/IMG_6951-1024x678.jpg 1024w, https:\/\/marekkuchcinski.pl\/wp-content\/uploads\/2022\/11\/IMG_6951-300x199.jpg 300w, https:\/\/marekkuchcinski.pl\/wp-content\/uploads\/2022\/11\/IMG_6951-768x508.jpg 768w, https:\/\/marekkuchcinski.pl\/wp-content\/uploads\/2022\/11\/IMG_6951-1536x1017.jpg 1536w, https:\/\/marekkuchcinski.pl\/wp-content\/uploads\/2022\/11\/IMG_6951-18x12.jpg 18w, https:\/\/marekkuchcinski.pl\/wp-content\/uploads\/2022\/11\/IMG_6951.jpg 1600w\" sizes=\"(max-width: 1024px) 100vw, 1024px\" \/><\/a><\/figure>\n\n\n\n<figure class=\"wp-block-image size-large\"><a href=\"https:\/\/marekkuchcinski.pl\/wp-content\/uploads\/2022\/11\/IMG_6884.jpg\"><img loading=\"lazy\" decoding=\"async\" width=\"1024\" height=\"684\" src=\"https:\/\/marekkuchcinski.pl\/wp-content\/uploads\/2022\/11\/IMG_6884-1024x684.jpg\" alt=\"\" class=\"wp-image-26899\" srcset=\"https:\/\/marekkuchcinski.pl\/wp-content\/uploads\/2022\/11\/IMG_6884-1024x684.jpg 1024w, https:\/\/marekkuchcinski.pl\/wp-content\/uploads\/2022\/11\/IMG_6884-300x200.jpg 300w, https:\/\/marekkuchcinski.pl\/wp-content\/uploads\/2022\/11\/IMG_6884-768x513.jpg 768w, https:\/\/marekkuchcinski.pl\/wp-content\/uploads\/2022\/11\/IMG_6884-1536x1025.jpg 1536w, https:\/\/marekkuchcinski.pl\/wp-content\/uploads\/2022\/11\/IMG_6884-18x12.jpg 18w, https:\/\/marekkuchcinski.pl\/wp-content\/uploads\/2022\/11\/IMG_6884.jpg 1600w\" sizes=\"(max-width: 1024px) 100vw, 1024px\" \/><\/a><\/figure>\n\n\n\n<figure class=\"wp-block-image size-large\"><a href=\"https:\/\/marekkuchcinski.pl\/wp-content\/uploads\/2022\/11\/IMG_6926.jpg\"><img loading=\"lazy\" decoding=\"async\" width=\"1024\" height=\"651\" src=\"https:\/\/marekkuchcinski.pl\/wp-content\/uploads\/2022\/11\/IMG_6926-1024x651.jpg\" alt=\"\" class=\"wp-image-26901\" srcset=\"https:\/\/marekkuchcinski.pl\/wp-content\/uploads\/2022\/11\/IMG_6926-1024x651.jpg 1024w, https:\/\/marekkuchcinski.pl\/wp-content\/uploads\/2022\/11\/IMG_6926-300x191.jpg 300w, https:\/\/marekkuchcinski.pl\/wp-content\/uploads\/2022\/11\/IMG_6926-768x488.jpg 768w, https:\/\/marekkuchcinski.pl\/wp-content\/uploads\/2022\/11\/IMG_6926-1536x976.jpg 1536w, https:\/\/marekkuchcinski.pl\/wp-content\/uploads\/2022\/11\/IMG_6926-18x12.jpg 18w, https:\/\/marekkuchcinski.pl\/wp-content\/uploads\/2022\/11\/IMG_6926.jpg 1600w\" sizes=\"(max-width: 1024px) 100vw, 1024px\" \/><\/a><\/figure>\n\n\n\n<figure class=\"wp-block-image size-large\"><a href=\"https:\/\/marekkuchcinski.pl\/wp-content\/uploads\/2022\/11\/IMG_6856.jpg\"><img loading=\"lazy\" decoding=\"async\" width=\"1024\" height=\"684\" src=\"https:\/\/marekkuchcinski.pl\/wp-content\/uploads\/2022\/11\/IMG_6856-1024x684.jpg\" alt=\"\" class=\"wp-image-26904\" srcset=\"https:\/\/marekkuchcinski.pl\/wp-content\/uploads\/2022\/11\/IMG_6856-1024x684.jpg 1024w, https:\/\/marekkuchcinski.pl\/wp-content\/uploads\/2022\/11\/IMG_6856-300x200.jpg 300w, https:\/\/marekkuchcinski.pl\/wp-content\/uploads\/2022\/11\/IMG_6856-768x513.jpg 768w, https:\/\/marekkuchcinski.pl\/wp-content\/uploads\/2022\/11\/IMG_6856-1536x1026.jpg 1536w, https:\/\/marekkuchcinski.pl\/wp-content\/uploads\/2022\/11\/IMG_6856-18x12.jpg 18w, https:\/\/marekkuchcinski.pl\/wp-content\/uploads\/2022\/11\/IMG_6856.jpg 1600w\" sizes=\"(max-width: 1024px) 100vw, 1024px\" \/><\/a><\/figure>\n\n\n\n<figure class=\"wp-block-image size-large\"><a href=\"https:\/\/marekkuchcinski.pl\/wp-content\/uploads\/2022\/11\/IMG_6868.jpg\"><img loading=\"lazy\" decoding=\"async\" width=\"1024\" height=\"723\" src=\"https:\/\/marekkuchcinski.pl\/wp-content\/uploads\/2022\/11\/IMG_6868-1024x723.jpg\" alt=\"\" class=\"wp-image-26918\" srcset=\"https:\/\/marekkuchcinski.pl\/wp-content\/uploads\/2022\/11\/IMG_6868-1024x723.jpg 1024w, https:\/\/marekkuchcinski.pl\/wp-content\/uploads\/2022\/11\/IMG_6868-300x212.jpg 300w, https:\/\/marekkuchcinski.pl\/wp-content\/uploads\/2022\/11\/IMG_6868-768x542.jpg 768w, https:\/\/marekkuchcinski.pl\/wp-content\/uploads\/2022\/11\/IMG_6868-1536x1084.jpg 1536w, https:\/\/marekkuchcinski.pl\/wp-content\/uploads\/2022\/11\/IMG_6868-18x12.jpg 18w, https:\/\/marekkuchcinski.pl\/wp-content\/uploads\/2022\/11\/IMG_6868.jpg 1600w\" sizes=\"(max-width: 1024px) 100vw, 1024px\" \/><\/a><\/figure>\n\n\n\n<figure class=\"wp-block-image size-large\"><a href=\"https:\/\/marekkuchcinski.pl\/wp-content\/uploads\/2022\/11\/IMG_6872.jpg\"><img loading=\"lazy\" decoding=\"async\" width=\"1024\" height=\"635\" src=\"https:\/\/marekkuchcinski.pl\/wp-content\/uploads\/2022\/11\/IMG_6872-1024x635.jpg\" alt=\"\" class=\"wp-image-26930\" srcset=\"https:\/\/marekkuchcinski.pl\/wp-content\/uploads\/2022\/11\/IMG_6872-1024x635.jpg 1024w, https:\/\/marekkuchcinski.pl\/wp-content\/uploads\/2022\/11\/IMG_6872-300x186.jpg 300w, https:\/\/marekkuchcinski.pl\/wp-content\/uploads\/2022\/11\/IMG_6872-768x476.jpg 768w, https:\/\/marekkuchcinski.pl\/wp-content\/uploads\/2022\/11\/IMG_6872-1536x952.jpg 1536w, https:\/\/marekkuchcinski.pl\/wp-content\/uploads\/2022\/11\/IMG_6872-18x12.jpg 18w, https:\/\/marekkuchcinski.pl\/wp-content\/uploads\/2022\/11\/IMG_6872.jpg 1600w\" sizes=\"(max-width: 1024px) 100vw, 1024px\" \/><\/a><\/figure>\n\n\n\n<figure class=\"wp-block-image size-large\"><a href=\"https:\/\/marekkuchcinski.pl\/wp-content\/uploads\/2022\/11\/IMG_6909.jpg\"><img loading=\"lazy\" decoding=\"async\" width=\"1024\" height=\"683\" src=\"https:\/\/marekkuchcinski.pl\/wp-content\/uploads\/2022\/11\/IMG_6909-1024x683.jpg\" alt=\"\" class=\"wp-image-26932\" srcset=\"https:\/\/marekkuchcinski.pl\/wp-content\/uploads\/2022\/11\/IMG_6909-1024x683.jpg 1024w, https:\/\/marekkuchcinski.pl\/wp-content\/uploads\/2022\/11\/IMG_6909-300x200.jpg 300w, https:\/\/marekkuchcinski.pl\/wp-content\/uploads\/2022\/11\/IMG_6909-768x512.jpg 768w, https:\/\/marekkuchcinski.pl\/wp-content\/uploads\/2022\/11\/IMG_6909-1536x1024.jpg 1536w, https:\/\/marekkuchcinski.pl\/wp-content\/uploads\/2022\/11\/IMG_6909-18x12.jpg 18w, https:\/\/marekkuchcinski.pl\/wp-content\/uploads\/2022\/11\/IMG_6909.jpg 1600w\" sizes=\"(max-width: 1024px) 100vw, 1024px\" \/><\/a><\/figure>\n\n\n\n<figure class=\"wp-block-image size-large\"><a href=\"https:\/\/marekkuchcinski.pl\/wp-content\/uploads\/2022\/11\/IMG_6851-1.jpg\"><img loading=\"lazy\" decoding=\"async\" width=\"1024\" height=\"683\" src=\"https:\/\/marekkuchcinski.pl\/wp-content\/uploads\/2022\/11\/IMG_6851-1-1024x683.jpg\" alt=\"\" class=\"wp-image-26905\" srcset=\"https:\/\/marekkuchcinski.pl\/wp-content\/uploads\/2022\/11\/IMG_6851-1-1024x683.jpg 1024w, https:\/\/marekkuchcinski.pl\/wp-content\/uploads\/2022\/11\/IMG_6851-1-300x200.jpg 300w, https:\/\/marekkuchcinski.pl\/wp-content\/uploads\/2022\/11\/IMG_6851-1-768x512.jpg 768w, https:\/\/marekkuchcinski.pl\/wp-content\/uploads\/2022\/11\/IMG_6851-1-1536x1024.jpg 1536w, https:\/\/marekkuchcinski.pl\/wp-content\/uploads\/2022\/11\/IMG_6851-1-18x12.jpg 18w, https:\/\/marekkuchcinski.pl\/wp-content\/uploads\/2022\/11\/IMG_6851-1.jpg 1600w\" sizes=\"(max-width: 1024px) 100vw, 1024px\" \/><\/a><\/figure>\n\n\n\n<figure class=\"wp-block-image size-large\"><a href=\"https:\/\/marekkuchcinski.pl\/wp-content\/uploads\/2022\/11\/IMG_6968.jpg\"><img loading=\"lazy\" decoding=\"async\" width=\"1024\" height=\"689\" src=\"https:\/\/marekkuchcinski.pl\/wp-content\/uploads\/2022\/11\/IMG_6968-1024x689.jpg\" alt=\"\" class=\"wp-image-26907\" srcset=\"https:\/\/marekkuchcinski.pl\/wp-content\/uploads\/2022\/11\/IMG_6968-1024x689.jpg 1024w, https:\/\/marekkuchcinski.pl\/wp-content\/uploads\/2022\/11\/IMG_6968-300x202.jpg 300w, https:\/\/marekkuchcinski.pl\/wp-content\/uploads\/2022\/11\/IMG_6968-768x516.jpg 768w, https:\/\/marekkuchcinski.pl\/wp-content\/uploads\/2022\/11\/IMG_6968-1536x1033.jpg 1536w, https:\/\/marekkuchcinski.pl\/wp-content\/uploads\/2022\/11\/IMG_6968-18x12.jpg 18w, https:\/\/marekkuchcinski.pl\/wp-content\/uploads\/2022\/11\/IMG_6968.jpg 1600w\" sizes=\"(max-width: 1024px) 100vw, 1024px\" \/><\/a><\/figure>\n\n\n\n<figure class=\"wp-block-image size-large\"><a href=\"https:\/\/marekkuchcinski.pl\/wp-content\/uploads\/2022\/11\/IMG_7001.jpg\"><img loading=\"lazy\" decoding=\"async\" width=\"1024\" height=\"627\" src=\"https:\/\/marekkuchcinski.pl\/wp-content\/uploads\/2022\/11\/IMG_7001-1024x627.jpg\" alt=\"\" class=\"wp-image-26909\" srcset=\"https:\/\/marekkuchcinski.pl\/wp-content\/uploads\/2022\/11\/IMG_7001-1024x627.jpg 1024w, https:\/\/marekkuchcinski.pl\/wp-content\/uploads\/2022\/11\/IMG_7001-300x184.jpg 300w, https:\/\/marekkuchcinski.pl\/wp-content\/uploads\/2022\/11\/IMG_7001-768x470.jpg 768w, https:\/\/marekkuchcinski.pl\/wp-content\/uploads\/2022\/11\/IMG_7001-1536x941.jpg 1536w, https:\/\/marekkuchcinski.pl\/wp-content\/uploads\/2022\/11\/IMG_7001-18x12.jpg 18w, https:\/\/marekkuchcinski.pl\/wp-content\/uploads\/2022\/11\/IMG_7001.jpg 1600w\" sizes=\"(max-width: 1024px) 100vw, 1024px\" \/><\/a><\/figure>\n\n\n\n<figure class=\"wp-block-image size-large\"><a href=\"https:\/\/marekkuchcinski.pl\/wp-content\/uploads\/2022\/11\/IMG_7010.jpg\"><img loading=\"lazy\" decoding=\"async\" width=\"1024\" height=\"659\" src=\"https:\/\/marekkuchcinski.pl\/wp-content\/uploads\/2022\/11\/IMG_7010-1024x659.jpg\" alt=\"\" class=\"wp-image-26910\" srcset=\"https:\/\/marekkuchcinski.pl\/wp-content\/uploads\/2022\/11\/IMG_7010-1024x659.jpg 1024w, https:\/\/marekkuchcinski.pl\/wp-content\/uploads\/2022\/11\/IMG_7010-300x193.jpg 300w, https:\/\/marekkuchcinski.pl\/wp-content\/uploads\/2022\/11\/IMG_7010-768x494.jpg 768w, https:\/\/marekkuchcinski.pl\/wp-content\/uploads\/2022\/11\/IMG_7010-1536x989.jpg 1536w, https:\/\/marekkuchcinski.pl\/wp-content\/uploads\/2022\/11\/IMG_7010-18x12.jpg 18w, https:\/\/marekkuchcinski.pl\/wp-content\/uploads\/2022\/11\/IMG_7010.jpg 1600w\" sizes=\"(max-width: 1024px) 100vw, 1024px\" \/><\/a><\/figure>\n\n\n\n<figure class=\"wp-block-image size-large\"><a href=\"https:\/\/marekkuchcinski.pl\/wp-content\/uploads\/2022\/11\/IMG_7036.jpg\"><img loading=\"lazy\" decoding=\"async\" width=\"1024\" height=\"673\" src=\"https:\/\/marekkuchcinski.pl\/wp-content\/uploads\/2022\/11\/IMG_7036-1024x673.jpg\" alt=\"\" class=\"wp-image-26911\" srcset=\"https:\/\/marekkuchcinski.pl\/wp-content\/uploads\/2022\/11\/IMG_7036-1024x673.jpg 1024w, https:\/\/marekkuchcinski.pl\/wp-content\/uploads\/2022\/11\/IMG_7036-300x197.jpg 300w, https:\/\/marekkuchcinski.pl\/wp-content\/uploads\/2022\/11\/IMG_7036-768x504.jpg 768w, https:\/\/marekkuchcinski.pl\/wp-content\/uploads\/2022\/11\/IMG_7036-1536x1009.jpg 1536w, https:\/\/marekkuchcinski.pl\/wp-content\/uploads\/2022\/11\/IMG_7036-18x12.jpg 18w, https:\/\/marekkuchcinski.pl\/wp-content\/uploads\/2022\/11\/IMG_7036.jpg 1600w\" sizes=\"(max-width: 1024px) 100vw, 1024px\" \/><\/a><\/figure>\n\n\n\n<figure class=\"wp-block-image size-large\"><a href=\"https:\/\/marekkuchcinski.pl\/wp-content\/uploads\/2022\/11\/IMG_7109.jpg\"><img loading=\"lazy\" decoding=\"async\" width=\"1024\" height=\"700\" src=\"https:\/\/marekkuchcinski.pl\/wp-content\/uploads\/2022\/11\/IMG_7109-1024x700.jpg\" alt=\"\" class=\"wp-image-26912\" srcset=\"https:\/\/marekkuchcinski.pl\/wp-content\/uploads\/2022\/11\/IMG_7109-1024x700.jpg 1024w, https:\/\/marekkuchcinski.pl\/wp-content\/uploads\/2022\/11\/IMG_7109-300x205.jpg 300w, https:\/\/marekkuchcinski.pl\/wp-content\/uploads\/2022\/11\/IMG_7109-768x525.jpg 768w, https:\/\/marekkuchcinski.pl\/wp-content\/uploads\/2022\/11\/IMG_7109-1536x1049.jpg 1536w, https:\/\/marekkuchcinski.pl\/wp-content\/uploads\/2022\/11\/IMG_7109-18x12.jpg 18w, https:\/\/marekkuchcinski.pl\/wp-content\/uploads\/2022\/11\/IMG_7109.jpg 1600w\" sizes=\"(max-width: 1024px) 100vw, 1024px\" \/><\/a><\/figure>\n\n\n\n<figure class=\"wp-block-image size-large\"><a href=\"https:\/\/marekkuchcinski.pl\/wp-content\/uploads\/2022\/11\/IMG_7126.jpg\"><img loading=\"lazy\" decoding=\"async\" width=\"1024\" height=\"700\" src=\"https:\/\/marekkuchcinski.pl\/wp-content\/uploads\/2022\/11\/IMG_7126-1024x700.jpg\" alt=\"\" class=\"wp-image-26913\" srcset=\"https:\/\/marekkuchcinski.pl\/wp-content\/uploads\/2022\/11\/IMG_7126-1024x700.jpg 1024w, https:\/\/marekkuchcinski.pl\/wp-content\/uploads\/2022\/11\/IMG_7126-300x205.jpg 300w, https:\/\/marekkuchcinski.pl\/wp-content\/uploads\/2022\/11\/IMG_7126-768x525.jpg 768w, https:\/\/marekkuchcinski.pl\/wp-content\/uploads\/2022\/11\/IMG_7126-1536x1049.jpg 1536w, https:\/\/marekkuchcinski.pl\/wp-content\/uploads\/2022\/11\/IMG_7126-18x12.jpg 18w, https:\/\/marekkuchcinski.pl\/wp-content\/uploads\/2022\/11\/IMG_7126.jpg 1600w\" sizes=\"(max-width: 1024px) 100vw, 1024px\" \/><\/a><\/figure>\n\n\n\n<figure class=\"wp-block-image size-large\"><a href=\"https:\/\/marekkuchcinski.pl\/wp-content\/uploads\/2022\/11\/IMG_7113.jpg\"><img loading=\"lazy\" decoding=\"async\" width=\"1024\" height=\"680\" src=\"https:\/\/marekkuchcinski.pl\/wp-content\/uploads\/2022\/11\/IMG_7113-1024x680.jpg\" alt=\"\" class=\"wp-image-26914\" srcset=\"https:\/\/marekkuchcinski.pl\/wp-content\/uploads\/2022\/11\/IMG_7113-1024x680.jpg 1024w, https:\/\/marekkuchcinski.pl\/wp-content\/uploads\/2022\/11\/IMG_7113-300x199.jpg 300w, https:\/\/marekkuchcinski.pl\/wp-content\/uploads\/2022\/11\/IMG_7113-768x510.jpg 768w, https:\/\/marekkuchcinski.pl\/wp-content\/uploads\/2022\/11\/IMG_7113-1536x1020.jpg 1536w, https:\/\/marekkuchcinski.pl\/wp-content\/uploads\/2022\/11\/IMG_7113-18x12.jpg 18w, https:\/\/marekkuchcinski.pl\/wp-content\/uploads\/2022\/11\/IMG_7113.jpg 1600w\" sizes=\"(max-width: 1024px) 100vw, 1024px\" \/><\/a><\/figure>\n\n\n\n<figure class=\"wp-block-image size-large\"><a href=\"https:\/\/marekkuchcinski.pl\/wp-content\/uploads\/2022\/11\/IMG_7105.jpg\"><img loading=\"lazy\" decoding=\"async\" width=\"1024\" height=\"693\" src=\"https:\/\/marekkuchcinski.pl\/wp-content\/uploads\/2022\/11\/IMG_7105-1024x693.jpg\" alt=\"\" class=\"wp-image-26917\" srcset=\"https:\/\/marekkuchcinski.pl\/wp-content\/uploads\/2022\/11\/IMG_7105-1024x693.jpg 1024w, https:\/\/marekkuchcinski.pl\/wp-content\/uploads\/2022\/11\/IMG_7105-300x203.jpg 300w, https:\/\/marekkuchcinski.pl\/wp-content\/uploads\/2022\/11\/IMG_7105-768x520.jpg 768w, https:\/\/marekkuchcinski.pl\/wp-content\/uploads\/2022\/11\/IMG_7105-1536x1040.jpg 1536w, https:\/\/marekkuchcinski.pl\/wp-content\/uploads\/2022\/11\/IMG_7105-18x12.jpg 18w, https:\/\/marekkuchcinski.pl\/wp-content\/uploads\/2022\/11\/IMG_7105.jpg 1600w\" sizes=\"(max-width: 1024px) 100vw, 1024px\" \/><\/a><\/figure>","protected":false},"excerpt":{"rendered":"<p>Szef KPRM Marek Kuchci\u0144ski wzi\u0105\u0142 udzia\u0142 w promocji ksi\u0105\u017cki szefa gabinetu politycznego premiera W\u0119gier Bal\u00e1zsa Orb\u00e1na. \u201eTabliczka mno\u017cenia. Rzecz o w\u0119gierskim my\u015bleniu strategicznym\u201d wed\u0142ug jest autora&nbsp;lawirowaniem mi\u0119dzy ksi\u0105\u017ck\u0105 naukow\u0105 a pamfletem politycznym. Minister podkre\u015bli\u0142, \u017ce przyja\u017a\u0144 polsko-w\u0119gierska jest niez\u0142omna, a bior\u0105c pod uwag\u0119 nasze po\u0142o\u017cenie geopolityczne \u2013 absolutnie konieczna. Marek Kuchci\u0144ski przekonywa\u0142, \u017ce w\u0119gierskie my\u015blenie [&hellip;]<\/p>\n","protected":false},"author":3,"featured_media":26902,"comment_status":"open","ping_status":"open","sticky":false,"template":"","format":"standard","meta":{"ngg_post_thumbnail":0,"footnotes":""},"categories":[50,3],"tags":[],"class_list":["post-26895","post","type-post","status-publish","format-standard","has-post-thumbnail","hentry","category-wspolpraca-miedzynarodowa","category-wydarzenia"],"yoast_head":"<!-- This site is optimized with the Yoast SEO plugin v28.4 - https:\/\/yoast.com\/product\/yoast-seo-wordpress\/ -->\n<title>Marek Kuchci\u0144ski: Polak\u00f3w i W\u0119gr\u00f3w \u0142\u0105czy przede wszystkim zapewnianie naszym obywatelom bezpiecze\u0144stwa i stabilno\u015bci &#8211; Marek Kuchci\u0144ski<\/title>\n<meta name=\"robots\" content=\"index, follow, max-snippet:-1, max-image-preview:large, max-video-preview:-1\" \/>\n<link rel=\"canonical\" href=\"https:\/\/marekkuchcinski.pl\/hu\/wydarzenia\/marek-kuchcinski-polakow-i-wegrow-laczy-przede-wszystkim-zapewnianie-naszym-obywatelom-bezpieczenstwa-i-stabilnosci\/\" \/>\n<meta property=\"og:locale\" content=\"hu_HU\" \/>\n<meta property=\"og:type\" content=\"article\" \/>\n<meta property=\"og:title\" content=\"Marek Kuchci\u0144ski: Polak\u00f3w i W\u0119gr\u00f3w \u0142\u0105czy przede wszystkim zapewnianie naszym obywatelom bezpiecze\u0144stwa i stabilno\u015bci &#8211; Marek Kuchci\u0144ski\" \/>\n<meta property=\"og:description\" content=\"Szef KPRM Marek Kuchci\u0144ski wzi\u0105\u0142 udzia\u0142 w promocji ksi\u0105\u017cki szefa gabinetu politycznego premiera W\u0119gier Bal\u00e1zsa Orb\u00e1na. \u201eTabliczka mno\u017cenia. Rzecz o w\u0119gierskim my\u015bleniu strategicznym\u201d wed\u0142ug jest autora&nbsp;lawirowaniem mi\u0119dzy ksi\u0105\u017ck\u0105 naukow\u0105 a pamfletem politycznym. Minister podkre\u015bli\u0142, \u017ce przyja\u017a\u0144 polsko-w\u0119gierska jest niez\u0142omna, a bior\u0105c pod uwag\u0119 nasze po\u0142o\u017cenie geopolityczne \u2013 absolutnie konieczna. Marek Kuchci\u0144ski przekonywa\u0142, \u017ce w\u0119gierskie my\u015blenie [&hellip;]\" \/>\n<meta property=\"og:url\" content=\"https:\/\/marekkuchcinski.pl\/hu\/wydarzenia\/marek-kuchcinski-polakow-i-wegrow-laczy-przede-wszystkim-zapewnianie-naszym-obywatelom-bezpieczenstwa-i-stabilnosci\/\" \/>\n<meta property=\"og:site_name\" content=\"Marek Kuchci\u0144ski\" \/>\n<meta property=\"article:published_time\" content=\"2022-11-05T11:32:07+00:00\" \/>\n<meta property=\"article:modified_time\" content=\"2022-11-07T10:15:29+00:00\" \/>\n<meta property=\"og:image\" content=\"https:\/\/marekkuchcinski.pl\/wp-content\/uploads\/2022\/11\/IMG_6926-1.jpg\" \/>\n\t<meta property=\"og:image:width\" content=\"1600\" \/>\n\t<meta property=\"og:image:height\" content=\"1017\" \/>\n\t<meta property=\"og:image:type\" content=\"image\/jpeg\" \/>\n<meta name=\"author\" content=\"Marta Olejnik\" \/>\n<meta name=\"twitter:card\" content=\"summary_large_image\" \/>\n<meta name=\"twitter:label1\" content=\"Written by\" \/>\n\t<meta name=\"twitter:data1\" content=\"Marta Olejnik\" \/>\n\t<meta name=\"twitter:label2\" content=\"Est. reading time\" \/>\n\t<meta name=\"twitter:data2\" content=\"2 minutes\" \/>\n<script type=\"application\/ld+json\" class=\"yoast-schema-graph\">{\"@context\":\"https:\\\/\\\/schema.org\",\"@graph\":[{\"@type\":\"Article\",\"@id\":\"https:\\\/\\\/marekkuchcinski.pl\\\/wydarzenia\\\/marek-kuchcinski-polakow-i-wegrow-laczy-przede-wszystkim-zapewnianie-naszym-obywatelom-bezpieczenstwa-i-stabilnosci\\\/#article\",\"isPartOf\":{\"@id\":\"https:\\\/\\\/marekkuchcinski.pl\\\/wydarzenia\\\/marek-kuchcinski-polakow-i-wegrow-laczy-przede-wszystkim-zapewnianie-naszym-obywatelom-bezpieczenstwa-i-stabilnosci\\\/\"},\"author\":{\"name\":\"Marta Olejnik\",\"@id\":\"https:\\\/\\\/marekkuchcinski.pl\\\/#\\\/schema\\\/person\\\/bd3f15dee67fee76e83c8350d0154101\"},\"headline\":\"Marek Kuchci\u0144ski: Polak\u00f3w i W\u0119gr\u00f3w \u0142\u0105czy przede wszystkim zapewnianie naszym obywatelom bezpiecze\u0144stwa i stabilno\u015bci\",\"datePublished\":\"2022-11-05T11:32:07+00:00\",\"dateModified\":\"2022-11-07T10:15:29+00:00\",\"mainEntityOfPage\":{\"@id\":\"https:\\\/\\\/marekkuchcinski.pl\\\/wydarzenia\\\/marek-kuchcinski-polakow-i-wegrow-laczy-przede-wszystkim-zapewnianie-naszym-obywatelom-bezpieczenstwa-i-stabilnosci\\\/\"},\"wordCount\":512,\"commentCount\":0,\"publisher\":{\"@id\":\"https:\\\/\\\/marekkuchcinski.pl\\\/#organization\"},\"image\":{\"@id\":\"https:\\\/\\\/marekkuchcinski.pl\\\/wydarzenia\\\/marek-kuchcinski-polakow-i-wegrow-laczy-przede-wszystkim-zapewnianie-naszym-obywatelom-bezpieczenstwa-i-stabilnosci\\\/#primaryimage\"},\"thumbnailUrl\":\"https:\\\/\\\/marekkuchcinski.pl\\\/wp-content\\\/uploads\\\/2022\\\/11\\\/IMG_6926-1.jpg\",\"articleSection\":[\"Wsp\u00f3\u0142praca mi\u0119dzynarodowa\",\"Wydarzenia\"],\"inLanguage\":\"hu-HU\",\"potentialAction\":[{\"@type\":\"CommentAction\",\"name\":\"Comment\",\"target\":[\"https:\\\/\\\/marekkuchcinski.pl\\\/wydarzenia\\\/marek-kuchcinski-polakow-i-wegrow-laczy-przede-wszystkim-zapewnianie-naszym-obywatelom-bezpieczenstwa-i-stabilnosci\\\/#respond\"]}]},{\"@type\":\"WebPage\",\"@id\":\"https:\\\/\\\/marekkuchcinski.pl\\\/wydarzenia\\\/marek-kuchcinski-polakow-i-wegrow-laczy-przede-wszystkim-zapewnianie-naszym-obywatelom-bezpieczenstwa-i-stabilnosci\\\/\",\"url\":\"https:\\\/\\\/marekkuchcinski.pl\\\/wydarzenia\\\/marek-kuchcinski-polakow-i-wegrow-laczy-przede-wszystkim-zapewnianie-naszym-obywatelom-bezpieczenstwa-i-stabilnosci\\\/\",\"name\":\"Marek Kuchci\u0144ski: Polak\u00f3w i W\u0119gr\u00f3w \u0142\u0105czy przede wszystkim zapewnianie naszym obywatelom bezpiecze\u0144stwa i stabilno\u015bci &#8211; Marek Kuchci\u0144ski\",\"isPartOf\":{\"@id\":\"https:\\\/\\\/marekkuchcinski.pl\\\/#website\"},\"primaryImageOfPage\":{\"@id\":\"https:\\\/\\\/marekkuchcinski.pl\\\/wydarzenia\\\/marek-kuchcinski-polakow-i-wegrow-laczy-przede-wszystkim-zapewnianie-naszym-obywatelom-bezpieczenstwa-i-stabilnosci\\\/#primaryimage\"},\"image\":{\"@id\":\"https:\\\/\\\/marekkuchcinski.pl\\\/wydarzenia\\\/marek-kuchcinski-polakow-i-wegrow-laczy-przede-wszystkim-zapewnianie-naszym-obywatelom-bezpieczenstwa-i-stabilnosci\\\/#primaryimage\"},\"thumbnailUrl\":\"https:\\\/\\\/marekkuchcinski.pl\\\/wp-content\\\/uploads\\\/2022\\\/11\\\/IMG_6926-1.jpg\",\"datePublished\":\"2022-11-05T11:32:07+00:00\",\"dateModified\":\"2022-11-07T10:15:29+00:00\",\"breadcrumb\":{\"@id\":\"https:\\\/\\\/marekkuchcinski.pl\\\/wydarzenia\\\/marek-kuchcinski-polakow-i-wegrow-laczy-przede-wszystkim-zapewnianie-naszym-obywatelom-bezpieczenstwa-i-stabilnosci\\\/#breadcrumb\"},\"inLanguage\":\"hu-HU\",\"potentialAction\":[{\"@type\":\"ReadAction\",\"target\":[\"https:\\\/\\\/marekkuchcinski.pl\\\/wydarzenia\\\/marek-kuchcinski-polakow-i-wegrow-laczy-przede-wszystkim-zapewnianie-naszym-obywatelom-bezpieczenstwa-i-stabilnosci\\\/\"]}]},{\"@type\":\"ImageObject\",\"inLanguage\":\"hu-HU\",\"@id\":\"https:\\\/\\\/marekkuchcinski.pl\\\/wydarzenia\\\/marek-kuchcinski-polakow-i-wegrow-laczy-przede-wszystkim-zapewnianie-naszym-obywatelom-bezpieczenstwa-i-stabilnosci\\\/#primaryimage\",\"url\":\"https:\\\/\\\/marekkuchcinski.pl\\\/wp-content\\\/uploads\\\/2022\\\/11\\\/IMG_6926-1.jpg\",\"contentUrl\":\"https:\\\/\\\/marekkuchcinski.pl\\\/wp-content\\\/uploads\\\/2022\\\/11\\\/IMG_6926-1.jpg\",\"width\":1600,\"height\":1017},{\"@type\":\"BreadcrumbList\",\"@id\":\"https:\\\/\\\/marekkuchcinski.pl\\\/wydarzenia\\\/marek-kuchcinski-polakow-i-wegrow-laczy-przede-wszystkim-zapewnianie-naszym-obywatelom-bezpieczenstwa-i-stabilnosci\\\/#breadcrumb\",\"itemListElement\":[{\"@type\":\"ListItem\",\"position\":1,\"name\":\"Strona g\u0142\u00f3wna\",\"item\":\"https:\\\/\\\/marekkuchcinski.pl\\\/\"},{\"@type\":\"ListItem\",\"position\":2,\"name\":\"Marek Kuchci\u0144ski: Polak\u00f3w i W\u0119gr\u00f3w \u0142\u0105czy przede wszystkim zapewnianie naszym obywatelom bezpiecze\u0144stwa i stabilno\u015bci\"}]},{\"@type\":\"WebSite\",\"@id\":\"https:\\\/\\\/marekkuchcinski.pl\\\/#website\",\"url\":\"https:\\\/\\\/marekkuchcinski.pl\\\/\",\"name\":\"Marek Kuchci\u0144ski\",\"description\":\"Marek Kuchci\u0144ski \",\"publisher\":{\"@id\":\"https:\\\/\\\/marekkuchcinski.pl\\\/#organization\"},\"potentialAction\":[{\"@type\":\"SearchAction\",\"target\":{\"@type\":\"EntryPoint\",\"urlTemplate\":\"https:\\\/\\\/marekkuchcinski.pl\\\/?s={search_term_string}\"},\"query-input\":{\"@type\":\"PropertyValueSpecification\",\"valueRequired\":true,\"valueName\":\"search_term_string\"}}],\"inLanguage\":\"hu-HU\"},{\"@type\":\"Organization\",\"@id\":\"https:\\\/\\\/marekkuchcinski.pl\\\/#organization\",\"name\":\"Marek Kuchci\u0144ski\",\"url\":\"https:\\\/\\\/marekkuchcinski.pl\\\/\",\"logo\":{\"@type\":\"ImageObject\",\"inLanguage\":\"hu-HU\",\"@id\":\"https:\\\/\\\/marekkuchcinski.pl\\\/#\\\/schema\\\/logo\\\/image\\\/\",\"url\":\"https:\\\/\\\/marekkuchcinski.pl\\\/wp-content\\\/uploads\\\/2022\\\/09\\\/Marek.jpg\",\"contentUrl\":\"https:\\\/\\\/marekkuchcinski.pl\\\/wp-content\\\/uploads\\\/2022\\\/09\\\/Marek.jpg\",\"width\":1600,\"height\":971,\"caption\":\"Marek Kuchci\u0144ski\"},\"image\":{\"@id\":\"https:\\\/\\\/marekkuchcinski.pl\\\/#\\\/schema\\\/logo\\\/image\\\/\"}},{\"@type\":\"Person\",\"@id\":\"https:\\\/\\\/marekkuchcinski.pl\\\/#\\\/schema\\\/person\\\/bd3f15dee67fee76e83c8350d0154101\",\"name\":\"Marta Olejnik\",\"image\":{\"@type\":\"ImageObject\",\"inLanguage\":\"hu-HU\",\"@id\":\"https:\\\/\\\/secure.gravatar.com\\\/avatar\\\/24754edd6080383402e292374b406b553027d572e97d60e7aa89a6940e88659a?s=96&d=mm&r=g\",\"url\":\"https:\\\/\\\/secure.gravatar.com\\\/avatar\\\/24754edd6080383402e292374b406b553027d572e97d60e7aa89a6940e88659a?s=96&d=mm&r=g\",\"contentUrl\":\"https:\\\/\\\/secure.gravatar.com\\\/avatar\\\/24754edd6080383402e292374b406b553027d572e97d60e7aa89a6940e88659a?s=96&d=mm&r=g\",\"caption\":\"Marta Olejnik\"},\"url\":\"https:\\\/\\\/marekkuchcinski.pl\\\/hu\\\/author\\\/marta\\\/\"}]}<\/script>\n<!-- \/ Yoast SEO plugin. -->","yoast_head_json":{"title":"Marek Kuchci\u0144ski: Polak\u00f3w i W\u0119gr\u00f3w \u0142\u0105czy przede wszystkim zapewnianie naszym obywatelom bezpiecze\u0144stwa i stabilno\u015bci &#8211; Marek Kuchci\u0144ski","robots":{"index":"index","follow":"follow","max-snippet":"max-snippet:-1","max-image-preview":"max-image-preview:large","max-video-preview":"max-video-preview:-1"},"canonical":"https:\/\/marekkuchcinski.pl\/hu\/wydarzenia\/marek-kuchcinski-polakow-i-wegrow-laczy-przede-wszystkim-zapewnianie-naszym-obywatelom-bezpieczenstwa-i-stabilnosci\/","og_locale":"hu_HU","og_type":"article","og_title":"Marek Kuchci\u0144ski: Polak\u00f3w i W\u0119gr\u00f3w \u0142\u0105czy przede wszystkim zapewnianie naszym obywatelom bezpiecze\u0144stwa i stabilno\u015bci &#8211; Marek Kuchci\u0144ski","og_description":"Szef KPRM Marek Kuchci\u0144ski wzi\u0105\u0142 udzia\u0142 w promocji ksi\u0105\u017cki szefa gabinetu politycznego premiera W\u0119gier Bal\u00e1zsa Orb\u00e1na. \u201eTabliczka mno\u017cenia. Rzecz o w\u0119gierskim my\u015bleniu strategicznym\u201d wed\u0142ug jest autora&nbsp;lawirowaniem mi\u0119dzy ksi\u0105\u017ck\u0105 naukow\u0105 a pamfletem politycznym. Minister podkre\u015bli\u0142, \u017ce przyja\u017a\u0144 polsko-w\u0119gierska jest niez\u0142omna, a bior\u0105c pod uwag\u0119 nasze po\u0142o\u017cenie geopolityczne \u2013 absolutnie konieczna. Marek Kuchci\u0144ski przekonywa\u0142, \u017ce w\u0119gierskie my\u015blenie [&hellip;]","og_url":"https:\/\/marekkuchcinski.pl\/hu\/wydarzenia\/marek-kuchcinski-polakow-i-wegrow-laczy-przede-wszystkim-zapewnianie-naszym-obywatelom-bezpieczenstwa-i-stabilnosci\/","og_site_name":"Marek Kuchci\u0144ski","article_published_time":"2022-11-05T11:32:07+00:00","article_modified_time":"2022-11-07T10:15:29+00:00","og_image":[{"width":1600,"height":1017,"url":"https:\/\/marekkuchcinski.pl\/wp-content\/uploads\/2022\/11\/IMG_6926-1.jpg","type":"image\/jpeg"}],"author":"Marta Olejnik","twitter_card":"summary_large_image","twitter_misc":{"Written by":"Marta Olejnik","Est. reading time":"2 minutes"},"schema":{"@context":"https:\/\/schema.org","@graph":[{"@type":"Article","@id":"https:\/\/marekkuchcinski.pl\/wydarzenia\/marek-kuchcinski-polakow-i-wegrow-laczy-przede-wszystkim-zapewnianie-naszym-obywatelom-bezpieczenstwa-i-stabilnosci\/#article","isPartOf":{"@id":"https:\/\/marekkuchcinski.pl\/wydarzenia\/marek-kuchcinski-polakow-i-wegrow-laczy-przede-wszystkim-zapewnianie-naszym-obywatelom-bezpieczenstwa-i-stabilnosci\/"},"author":{"name":"Marta Olejnik","@id":"https:\/\/marekkuchcinski.pl\/#\/schema\/person\/bd3f15dee67fee76e83c8350d0154101"},"headline":"Marek Kuchci\u0144ski: Polak\u00f3w i W\u0119gr\u00f3w \u0142\u0105czy przede wszystkim zapewnianie naszym obywatelom bezpiecze\u0144stwa i stabilno\u015bci","datePublished":"2022-11-05T11:32:07+00:00","dateModified":"2022-11-07T10:15:29+00:00","mainEntityOfPage":{"@id":"https:\/\/marekkuchcinski.pl\/wydarzenia\/marek-kuchcinski-polakow-i-wegrow-laczy-przede-wszystkim-zapewnianie-naszym-obywatelom-bezpieczenstwa-i-stabilnosci\/"},"wordCount":512,"commentCount":0,"publisher":{"@id":"https:\/\/marekkuchcinski.pl\/#organization"},"image":{"@id":"https:\/\/marekkuchcinski.pl\/wydarzenia\/marek-kuchcinski-polakow-i-wegrow-laczy-przede-wszystkim-zapewnianie-naszym-obywatelom-bezpieczenstwa-i-stabilnosci\/#primaryimage"},"thumbnailUrl":"https:\/\/marekkuchcinski.pl\/wp-content\/uploads\/2022\/11\/IMG_6926-1.jpg","articleSection":["Wsp\u00f3\u0142praca mi\u0119dzynarodowa","Wydarzenia"],"inLanguage":"hu-HU","potentialAction":[{"@type":"CommentAction","name":"Comment","target":["https:\/\/marekkuchcinski.pl\/wydarzenia\/marek-kuchcinski-polakow-i-wegrow-laczy-przede-wszystkim-zapewnianie-naszym-obywatelom-bezpieczenstwa-i-stabilnosci\/#respond"]}]},{"@type":"WebPage","@id":"https:\/\/marekkuchcinski.pl\/wydarzenia\/marek-kuchcinski-polakow-i-wegrow-laczy-przede-wszystkim-zapewnianie-naszym-obywatelom-bezpieczenstwa-i-stabilnosci\/","url":"https:\/\/marekkuchcinski.pl\/wydarzenia\/marek-kuchcinski-polakow-i-wegrow-laczy-przede-wszystkim-zapewnianie-naszym-obywatelom-bezpieczenstwa-i-stabilnosci\/","name":"Marek Kuchci\u0144ski: Polak\u00f3w i W\u0119gr\u00f3w \u0142\u0105czy przede wszystkim zapewnianie naszym obywatelom bezpiecze\u0144stwa i stabilno\u015bci &#8211; Marek Kuchci\u0144ski","isPartOf":{"@id":"https:\/\/marekkuchcinski.pl\/#website"},"primaryImageOfPage":{"@id":"https:\/\/marekkuchcinski.pl\/wydarzenia\/marek-kuchcinski-polakow-i-wegrow-laczy-przede-wszystkim-zapewnianie-naszym-obywatelom-bezpieczenstwa-i-stabilnosci\/#primaryimage"},"image":{"@id":"https:\/\/marekkuchcinski.pl\/wydarzenia\/marek-kuchcinski-polakow-i-wegrow-laczy-przede-wszystkim-zapewnianie-naszym-obywatelom-bezpieczenstwa-i-stabilnosci\/#primaryimage"},"thumbnailUrl":"https:\/\/marekkuchcinski.pl\/wp-content\/uploads\/2022\/11\/IMG_6926-1.jpg","datePublished":"2022-11-05T11:32:07+00:00","dateModified":"2022-11-07T10:15:29+00:00","breadcrumb":{"@id":"https:\/\/marekkuchcinski.pl\/wydarzenia\/marek-kuchcinski-polakow-i-wegrow-laczy-przede-wszystkim-zapewnianie-naszym-obywatelom-bezpieczenstwa-i-stabilnosci\/#breadcrumb"},"inLanguage":"hu-HU","potentialAction":[{"@type":"ReadAction","target":["https:\/\/marekkuchcinski.pl\/wydarzenia\/marek-kuchcinski-polakow-i-wegrow-laczy-przede-wszystkim-zapewnianie-naszym-obywatelom-bezpieczenstwa-i-stabilnosci\/"]}]},{"@type":"ImageObject","inLanguage":"hu-HU","@id":"https:\/\/marekkuchcinski.pl\/wydarzenia\/marek-kuchcinski-polakow-i-wegrow-laczy-przede-wszystkim-zapewnianie-naszym-obywatelom-bezpieczenstwa-i-stabilnosci\/#primaryimage","url":"https:\/\/marekkuchcinski.pl\/wp-content\/uploads\/2022\/11\/IMG_6926-1.jpg","contentUrl":"https:\/\/marekkuchcinski.pl\/wp-content\/uploads\/2022\/11\/IMG_6926-1.jpg","width":1600,"height":1017},{"@type":"BreadcrumbList","@id":"https:\/\/marekkuchcinski.pl\/wydarzenia\/marek-kuchcinski-polakow-i-wegrow-laczy-przede-wszystkim-zapewnianie-naszym-obywatelom-bezpieczenstwa-i-stabilnosci\/#breadcrumb","itemListElement":[{"@type":"ListItem","position":1,"name":"Strona g\u0142\u00f3wna","item":"https:\/\/marekkuchcinski.pl\/"},{"@type":"ListItem","position":2,"name":"Marek Kuchci\u0144ski: Polak\u00f3w i W\u0119gr\u00f3w \u0142\u0105czy przede wszystkim zapewnianie naszym obywatelom bezpiecze\u0144stwa i stabilno\u015bci"}]},{"@type":"WebSite","@id":"https:\/\/marekkuchcinski.pl\/#website","url":"https:\/\/marekkuchcinski.pl\/","name":"Marek Kuchci\u0144ski","description":"Marek Kuchci\u0144ski","publisher":{"@id":"https:\/\/marekkuchcinski.pl\/#organization"},"potentialAction":[{"@type":"SearchAction","target":{"@type":"EntryPoint","urlTemplate":"https:\/\/marekkuchcinski.pl\/?s={search_term_string}"},"query-input":{"@type":"PropertyValueSpecification","valueRequired":true,"valueName":"search_term_string"}}],"inLanguage":"hu-HU"},{"@type":"Organization","@id":"https:\/\/marekkuchcinski.pl\/#organization","name":"Marek Kuchci\u0144ski","url":"https:\/\/marekkuchcinski.pl\/","logo":{"@type":"ImageObject","inLanguage":"hu-HU","@id":"https:\/\/marekkuchcinski.pl\/#\/schema\/logo\/image\/","url":"https:\/\/marekkuchcinski.pl\/wp-content\/uploads\/2022\/09\/Marek.jpg","contentUrl":"https:\/\/marekkuchcinski.pl\/wp-content\/uploads\/2022\/09\/Marek.jpg","width":1600,"height":971,"caption":"Marek Kuchci\u0144ski"},"image":{"@id":"https:\/\/marekkuchcinski.pl\/#\/schema\/logo\/image\/"}},{"@type":"Person","@id":"https:\/\/marekkuchcinski.pl\/#\/schema\/person\/bd3f15dee67fee76e83c8350d0154101","name":"Marta Olejnik","image":{"@type":"ImageObject","inLanguage":"hu-HU","@id":"https:\/\/secure.gravatar.com\/avatar\/24754edd6080383402e292374b406b553027d572e97d60e7aa89a6940e88659a?s=96&d=mm&r=g","url":"https:\/\/secure.gravatar.com\/avatar\/24754edd6080383402e292374b406b553027d572e97d60e7aa89a6940e88659a?s=96&d=mm&r=g","contentUrl":"https:\/\/secure.gravatar.com\/avatar\/24754edd6080383402e292374b406b553027d572e97d60e7aa89a6940e88659a?s=96&d=mm&r=g","caption":"Marta Olejnik"},"url":"https:\/\/marekkuchcinski.pl\/hu\/author\/marta\/"}]}},"_links":{"self":[{"href":"https:\/\/marekkuchcinski.pl\/hu\/wp-json\/wp\/v2\/posts\/26895","targetHints":{"allow":["GET"]}}],"collection":[{"href":"https:\/\/marekkuchcinski.pl\/hu\/wp-json\/wp\/v2\/posts"}],"about":[{"href":"https:\/\/marekkuchcinski.pl\/hu\/wp-json\/wp\/v2\/types\/post"}],"author":[{"embeddable":true,"href":"https:\/\/marekkuchcinski.pl\/hu\/wp-json\/wp\/v2\/users\/3"}],"replies":[{"embeddable":true,"href":"https:\/\/marekkuchcinski.pl\/hu\/wp-json\/wp\/v2\/comments?post=26895"}],"version-history":[{"count":15,"href":"https:\/\/marekkuchcinski.pl\/hu\/wp-json\/wp\/v2\/posts\/26895\/revisions"}],"predecessor-version":[{"id":26938,"href":"https:\/\/marekkuchcinski.pl\/hu\/wp-json\/wp\/v2\/posts\/26895\/revisions\/26938"}],"wp:featuredmedia":[{"embeddable":true,"href":"https:\/\/marekkuchcinski.pl\/hu\/wp-json\/wp\/v2\/media\/26902"}],"wp:attachment":[{"href":"https:\/\/marekkuchcinski.pl\/hu\/wp-json\/wp\/v2\/media?parent=26895"}],"wp:term":[{"taxonomy":"category","embeddable":true,"href":"https:\/\/marekkuchcinski.pl\/hu\/wp-json\/wp\/v2\/categories?post=26895"},{"taxonomy":"post_tag","embeddable":true,"href":"https:\/\/marekkuchcinski.pl\/hu\/wp-json\/wp\/v2\/tags?post=26895"}],"curies":[{"name":"wp","href":"https:\/\/api.w.org\/{rel}","templated":true}]}}