{"id":25944,"date":"2022-08-26T14:03:00","date_gmt":"2022-08-26T12:03:00","guid":{"rendered":"https:\/\/marekkuchcinski.pl\/?p=25944"},"modified":"2022-08-29T14:13:29","modified_gmt":"2022-08-29T12:13:29","slug":"marek-kuchcinski-inny-stosunek-wobec-wojny-na-ukrainie-nie-zagraza-perspektywicznej-wspolpracy-miedzy-polska-a-wegrami","status":"publish","type":"post","link":"https:\/\/marekkuchcinski.pl\/hu\/wydarzenia\/marek-kuchcinski-inny-stosunek-wobec-wojny-na-ukrainie-nie-zagraza-perspektywicznej-wspolpracy-miedzy-polska-a-wegrami\/","title":{"rendered":"Marek Kuchci\u0144ski: Inny stosunek wobec wojny na Ukrainie nie zagra\u017ca perspektywicznej wsp\u00f3\u0142pracy mi\u0119dzy Polsk\u0105 a W\u0119grami"},"content":{"rendered":"<p class=\"wp-block-paragraph\">\u2013 Sprawy, kt\u00f3re \u0142\u0105cz\u0105 nie tylko Polsk\u0119 i W\u0119gry, a kt\u00f3re s\u0105 strategiczne dla przysz\u0142o\u015bci naszych pa\u0144stw, to troska o to, aby\u015bmy umocnili swoj\u0105 suwerenno\u015b\u0107 i niepodleg\u0142o\u015b\u0107, wsp\u00f3\u0142pracuj\u0105c wzajemnie i broni\u0105c si\u0119 zar\u00f3wno przed imperialistycznymi dzia\u0142aniami ze Wschodu, jak i przed ekspansj\u0105 Zachodu. I mam tu na my\u015bli nie tylko gospodarcz\u0105 ekspansj\u0119 niemieck\u0105 \u2013 przekonywa\u0142 dzi\u015b na Uniwersytecie Letnim w Krasiczynie marsza\u0142ek Marek Kuchci\u0144ski, przewodnicz\u0105cy sejmowej Komisji Spraw Zagranicznych.<\/p>\n\n\n\n<p class=\"wp-block-paragraph\">Marsza\u0142ek Kuchci\u0144ski odni\u00f3s\u0142 si\u0119 z kolei do kwestii r\u00f3\u017cnicy pogl\u0105d\u00f3w dotycz\u0105cych wojny na Ukrainie i ich wp\u0142ywu na relacje polsko-w\u0119gierskie. \u2013 W moim przekonaniu sprawy, kt\u00f3re \u0142\u0105cz\u0105 nie tylko Polsk\u0119 i W\u0119gry, a kt\u00f3re s\u0105 strategiczne dla przysz\u0142o\u015bci naszych pa\u0144stw, to troska o to, aby\u015bmy umocnili swoj\u0105 suwerenno\u015b\u0107 i niepodleg\u0142o\u015b\u0107, wsp\u00f3\u0142pracuj\u0105c wzajemnie i broni\u0105c si\u0119 przed imperialistycznymi dzia\u0142aniami ze Wschodu, ale tak\u017ce przed ekspansj\u0105 Zachodu. I mam tu na my\u015bli nie tylko gospodarcz\u0105 ekspansj\u0119 niemieck\u0105 \u2013 zauwa\u017cy\u0142 pose\u0142 Marek Kuchci\u0144ski. Przewodnicz\u0105cy sejmowej Komisji Spraw Zagranicznych podkre\u015bli\u0142, \u017ce Polacy i W\u0119grzy maj\u0105 podobny punkt widzenia, je\u015bli chodzi o przysz\u0142o\u015b\u0107 Unii Europejskiej. \u2013 Chcieliby\u015bmy by\u0107 w Unii traktowani jako pa\u0144stwa, narody i spo\u0142ecze\u0144stwa po partnersku, a oba nasze narody do\u015bwiadczaj\u0105, \u017ce tak nie jest \u2013 podkre\u015bli\u0142 marsza\u0142ek Kuchci\u0144ski, zaznaczaj\u0105c, i\u017c \u201emamy do czynienia z kryzysem instytucji europejskich\u201d oraz \u201erosn\u0105cym eurosceptycyzmem\u201d. Polityk PiS zauwa\u017cy\u0142 tak\u017ce, \u017ce rz\u0105dy w Budapeszcie i w Warszawie \u0142\u0105czy r\u00f3wnie\u017c podobny punkt widzenia dotycz\u0105cy zagro\u017ce\u0144 zwi\u0105zanych z migracj\u0105 z Afryki do Europy, kt\u00f3rej negatywnych skutk\u00f3w w latach 2015 i 2016 do\u015bwiadczali g\u0142\u00f3wnie W\u0119grzy.<\/p>\n\n\n\n<p class=\"wp-block-paragraph\">\u2013 W zwi\u0105zku z tym inny stosunek wobec Rosji czy wobec wojny na Ukrainie nie przes\u0142ania perspektywicznej wsp\u00f3\u0142pracy, kt\u00f3ra od setek lat mi\u0119dzy Polsk\u0105 a W\u0119grami mia\u0142a miejsce \u2013 przekonywa\u0142 Marek Kuchci\u0144ski, zach\u0119caj\u0105c, aby do wzajemnych r\u00f3\u017cnic podchodzi\u0107 \u201eze zrozumieniem i z dystansem\u201d. Marsza\u0142ek Kuchci\u0144ski zauwa\u017cy\u0142 r\u00f3wnie\u017c, \u017ce wyzwaniem dla rz\u0105dz\u0105cych w krajach Europy \u015arodkowej jest skuteczna polityka informacyjna. \u2013 Dobrze obrazuje to sytuacja, w kt\u00f3rej jeden premier co\u015b m\u00f3wi, a potem w mediach zostaje opublikowane s\u0142owo lub zdanie wyrwane z kontekstu, a to tworzy wiele ha\u0142asu w drugim kraju, kt\u00f3rego premier jest zmuszony odpowiedzie\u0107 i spirala si\u0119 nakr\u0119ca \u2013 t\u0142umaczy\u0142 przewodnicz\u0105cy sejmowej Komisji Spraw Zagranicznych. \u2013 Dopiero potem, gdy ambasadorowie przekazuj\u0105 ca\u0142y kontekst, okazuje si\u0119, \u017ce wypowiedziane s\u0142owa by\u0142y niepotrzebne. My\u015bl\u0119 wi\u0119c, \u017ce trzeba zwraca\u0107 na to uwag\u0119 \u2013 doda\u0142 Kuchci\u0144ski, zauwa\u017caj\u0105c, i\u017c o tym, \u017ce Polska i W\u0119gry maj\u0105 inni stosunek do Rosji wiadomo od wielu lat.<\/p>\n\n\n\n<p class=\"wp-block-paragraph\">Od 22 do 26 sierpnia\u00a0trwa\u0142a w zamku w Krasiczynie trwa\u0142a pi\u0105ta edycja polsko-w\u0119gierskiego Uniwersytetu Letniego Szko\u0142y Lider\u00f3w, presti\u017cowej imprezy organizowanej co roku przez Instytut Wsp\u00f3\u0142pracy Polsko-W\u0119gierskiej im. Wac\u0142awa Felczaka. W\u015br\u00f3d temat\u00f3w tegorocznej edycji nie mog\u0142o zabrakn\u0105\u0107 analiz dotycz\u0105cych relacji mi\u0119dzy mocarstwami, a tak\u017ce\u00a0wp\u0142ywu wojny na Ukrainie na globalny rynek energii czy europejskie zasoby \u017cywno\u015bci. W Krasiczynie g\u0142o\u015bno m\u00f3wi si\u0119 te\u017c o tym, jak ostatnie zmiany na globalnej szachownicy wp\u0142yn\u0119\u0142y na stosunki polsko-w\u0119gierskie.<\/p>\n\n\n\n<p class=\"wp-block-paragraph\"><a href=\"https:\/\/kurier.plus\/\">Instytut Felczaka Int\u00e9zet (kurier.plus)<\/a><\/p>\n\n\n\n<p class=\"wp-block-paragraph\">fot. Dominik Lichota,&nbsp;<a href=\"http:\/\/www.mymedia.pl\/\" target=\"_blank\" rel=\"noreferrer noopener\">www.mymedia.pl<\/a><\/p>\n\n\n\n<figure class=\"wp-block-image size-large\"><a href=\"https:\/\/marekkuchcinski.pl\/wp-content\/uploads\/2022\/08\/DL702098.jpg\"><img fetchpriority=\"high\" decoding=\"async\" width=\"1024\" height=\"683\" src=\"https:\/\/marekkuchcinski.pl\/wp-content\/uploads\/2022\/08\/DL702098-1024x683.jpg\" alt=\"\" class=\"wp-image-25947\" srcset=\"https:\/\/marekkuchcinski.pl\/wp-content\/uploads\/2022\/08\/DL702098-1024x683.jpg 1024w, https:\/\/marekkuchcinski.pl\/wp-content\/uploads\/2022\/08\/DL702098-300x200.jpg 300w, https:\/\/marekkuchcinski.pl\/wp-content\/uploads\/2022\/08\/DL702098-768x512.jpg 768w, https:\/\/marekkuchcinski.pl\/wp-content\/uploads\/2022\/08\/DL702098-1536x1024.jpg 1536w, https:\/\/marekkuchcinski.pl\/wp-content\/uploads\/2022\/08\/DL702098-18x12.jpg 18w, https:\/\/marekkuchcinski.pl\/wp-content\/uploads\/2022\/08\/DL702098.jpg 1600w\" sizes=\"(max-width: 1024px) 100vw, 1024px\" \/><\/a><\/figure>\n\n\n\n<figure class=\"wp-block-gallery columns-3 is-cropped wp-block-gallery-1 is-layout-flex wp-block-gallery-is-layout-flex\"><ul class=\"blocks-gallery-grid\"><li class=\"blocks-gallery-item\"><figure><a href=\"https:\/\/marekkuchcinski.pl\/wp-content\/uploads\/2022\/08\/DL702036.jpg\"><img decoding=\"async\" width=\"1024\" height=\"683\" src=\"https:\/\/marekkuchcinski.pl\/wp-content\/uploads\/2022\/08\/DL702036-1024x683.jpg\" alt=\"\" data-id=\"25948\" data-full-url=\"https:\/\/marekkuchcinski.pl\/wp-content\/uploads\/2022\/08\/DL702036.jpg\" data-link=\"https:\/\/marekkuchcinski.pl\/?attachment_id=25948\" class=\"wp-image-25948\" srcset=\"https:\/\/marekkuchcinski.pl\/wp-content\/uploads\/2022\/08\/DL702036-1024x683.jpg 1024w, https:\/\/marekkuchcinski.pl\/wp-content\/uploads\/2022\/08\/DL702036-300x200.jpg 300w, https:\/\/marekkuchcinski.pl\/wp-content\/uploads\/2022\/08\/DL702036-768x512.jpg 768w, https:\/\/marekkuchcinski.pl\/wp-content\/uploads\/2022\/08\/DL702036-1536x1024.jpg 1536w, https:\/\/marekkuchcinski.pl\/wp-content\/uploads\/2022\/08\/DL702036-18x12.jpg 18w, https:\/\/marekkuchcinski.pl\/wp-content\/uploads\/2022\/08\/DL702036.jpg 1600w\" sizes=\"(max-width: 1024px) 100vw, 1024px\" \/><\/a><\/figure><\/li><li class=\"blocks-gallery-item\"><figure><a href=\"https:\/\/marekkuchcinski.pl\/wp-content\/uploads\/2022\/08\/DL702068.jpg\"><img decoding=\"async\" width=\"1024\" height=\"683\" src=\"https:\/\/marekkuchcinski.pl\/wp-content\/uploads\/2022\/08\/DL702068-1024x683.jpg\" alt=\"\" data-id=\"25949\" data-full-url=\"https:\/\/marekkuchcinski.pl\/wp-content\/uploads\/2022\/08\/DL702068.jpg\" data-link=\"https:\/\/marekkuchcinski.pl\/?attachment_id=25949\" class=\"wp-image-25949\" srcset=\"https:\/\/marekkuchcinski.pl\/wp-content\/uploads\/2022\/08\/DL702068-1024x683.jpg 1024w, https:\/\/marekkuchcinski.pl\/wp-content\/uploads\/2022\/08\/DL702068-300x200.jpg 300w, https:\/\/marekkuchcinski.pl\/wp-content\/uploads\/2022\/08\/DL702068-768x512.jpg 768w, https:\/\/marekkuchcinski.pl\/wp-content\/uploads\/2022\/08\/DL702068-1536x1024.jpg 1536w, https:\/\/marekkuchcinski.pl\/wp-content\/uploads\/2022\/08\/DL702068-18x12.jpg 18w, https:\/\/marekkuchcinski.pl\/wp-content\/uploads\/2022\/08\/DL702068.jpg 1600w\" sizes=\"(max-width: 1024px) 100vw, 1024px\" \/><\/a><\/figure><\/li><li class=\"blocks-gallery-item\"><figure><a href=\"https:\/\/marekkuchcinski.pl\/wp-content\/uploads\/2022\/08\/DL702093.jpg\"><img loading=\"lazy\" decoding=\"async\" width=\"1024\" height=\"683\" src=\"https:\/\/marekkuchcinski.pl\/wp-content\/uploads\/2022\/08\/DL702093-1024x683.jpg\" alt=\"\" data-id=\"25950\" data-full-url=\"https:\/\/marekkuchcinski.pl\/wp-content\/uploads\/2022\/08\/DL702093.jpg\" data-link=\"https:\/\/marekkuchcinski.pl\/?attachment_id=25950\" class=\"wp-image-25950\" srcset=\"https:\/\/marekkuchcinski.pl\/wp-content\/uploads\/2022\/08\/DL702093-1024x683.jpg 1024w, https:\/\/marekkuchcinski.pl\/wp-content\/uploads\/2022\/08\/DL702093-300x200.jpg 300w, https:\/\/marekkuchcinski.pl\/wp-content\/uploads\/2022\/08\/DL702093-768x512.jpg 768w, https:\/\/marekkuchcinski.pl\/wp-content\/uploads\/2022\/08\/DL702093-1536x1024.jpg 1536w, https:\/\/marekkuchcinski.pl\/wp-content\/uploads\/2022\/08\/DL702093-18x12.jpg 18w, https:\/\/marekkuchcinski.pl\/wp-content\/uploads\/2022\/08\/DL702093.jpg 1600w\" sizes=\"(max-width: 1024px) 100vw, 1024px\" \/><\/a><\/figure><\/li><li class=\"blocks-gallery-item\"><figure><a href=\"https:\/\/marekkuchcinski.pl\/wp-content\/uploads\/2022\/08\/DL702133.jpg\"><img loading=\"lazy\" decoding=\"async\" width=\"1024\" height=\"683\" src=\"https:\/\/marekkuchcinski.pl\/wp-content\/uploads\/2022\/08\/DL702133-1024x683.jpg\" alt=\"\" data-id=\"25951\" data-full-url=\"https:\/\/marekkuchcinski.pl\/wp-content\/uploads\/2022\/08\/DL702133.jpg\" data-link=\"https:\/\/marekkuchcinski.pl\/?attachment_id=25951\" class=\"wp-image-25951\" srcset=\"https:\/\/marekkuchcinski.pl\/wp-content\/uploads\/2022\/08\/DL702133-1024x683.jpg 1024w, https:\/\/marekkuchcinski.pl\/wp-content\/uploads\/2022\/08\/DL702133-300x200.jpg 300w, https:\/\/marekkuchcinski.pl\/wp-content\/uploads\/2022\/08\/DL702133-768x512.jpg 768w, https:\/\/marekkuchcinski.pl\/wp-content\/uploads\/2022\/08\/DL702133-1536x1024.jpg 1536w, https:\/\/marekkuchcinski.pl\/wp-content\/uploads\/2022\/08\/DL702133-18x12.jpg 18w, https:\/\/marekkuchcinski.pl\/wp-content\/uploads\/2022\/08\/DL702133.jpg 1600w\" sizes=\"(max-width: 1024px) 100vw, 1024px\" \/><\/a><\/figure><\/li><li class=\"blocks-gallery-item\"><figure><a href=\"https:\/\/marekkuchcinski.pl\/wp-content\/uploads\/2022\/08\/DL702170.jpg\"><img loading=\"lazy\" decoding=\"async\" width=\"1024\" height=\"683\" src=\"https:\/\/marekkuchcinski.pl\/wp-content\/uploads\/2022\/08\/DL702170-1024x683.jpg\" alt=\"\" data-id=\"25952\" data-full-url=\"https:\/\/marekkuchcinski.pl\/wp-content\/uploads\/2022\/08\/DL702170.jpg\" data-link=\"https:\/\/marekkuchcinski.pl\/?attachment_id=25952\" class=\"wp-image-25952\" srcset=\"https:\/\/marekkuchcinski.pl\/wp-content\/uploads\/2022\/08\/DL702170-1024x683.jpg 1024w, https:\/\/marekkuchcinski.pl\/wp-content\/uploads\/2022\/08\/DL702170-300x200.jpg 300w, https:\/\/marekkuchcinski.pl\/wp-content\/uploads\/2022\/08\/DL702170-768x512.jpg 768w, https:\/\/marekkuchcinski.pl\/wp-content\/uploads\/2022\/08\/DL702170-1536x1024.jpg 1536w, https:\/\/marekkuchcinski.pl\/wp-content\/uploads\/2022\/08\/DL702170-18x12.jpg 18w, https:\/\/marekkuchcinski.pl\/wp-content\/uploads\/2022\/08\/DL702170.jpg 1600w\" sizes=\"(max-width: 1024px) 100vw, 1024px\" \/><\/a><\/figure><\/li><\/ul><\/figure>\n\n\n\n<figure class=\"wp-block-image size-large is-resized\"><a href=\"https:\/\/marekkuchcinski.pl\/wp-content\/uploads\/2022\/08\/301828741_480877607191468_5780845583071306118_n.jpg\"><img loading=\"lazy\" decoding=\"async\" src=\"https:\/\/marekkuchcinski.pl\/wp-content\/uploads\/2022\/08\/301828741_480877607191468_5780845583071306118_n-768x1024.jpg\" alt=\"\" class=\"wp-image-25954\" width=\"837\" height=\"1116\" srcset=\"https:\/\/marekkuchcinski.pl\/wp-content\/uploads\/2022\/08\/301828741_480877607191468_5780845583071306118_n-768x1024.jpg 768w, https:\/\/marekkuchcinski.pl\/wp-content\/uploads\/2022\/08\/301828741_480877607191468_5780845583071306118_n-225x300.jpg 225w, https:\/\/marekkuchcinski.pl\/wp-content\/uploads\/2022\/08\/301828741_480877607191468_5780845583071306118_n-1152x1536.jpg 1152w, https:\/\/marekkuchcinski.pl\/wp-content\/uploads\/2022\/08\/301828741_480877607191468_5780845583071306118_n-9x12.jpg 9w, https:\/\/marekkuchcinski.pl\/wp-content\/uploads\/2022\/08\/301828741_480877607191468_5780845583071306118_n.jpg 1200w\" sizes=\"(max-width: 837px) 100vw, 837px\" \/><\/a><figcaption>W Krasiczynie z Piotrem Biesem, autorem p\u0142askorze\u017aby brytyjskiego filozofa Rogera Scrutona<\/figcaption><\/figure>\n\n\n\n<figure class=\"wp-block-image size-large is-resized\"><a href=\"https:\/\/marekkuchcinski.pl\/wp-content\/uploads\/2022\/08\/301401150_480176213928274_2350609639530782464_n.jpg\"><img loading=\"lazy\" decoding=\"async\" src=\"https:\/\/marekkuchcinski.pl\/wp-content\/uploads\/2022\/08\/301401150_480176213928274_2350609639530782464_n-768x1024.jpg\" alt=\"\" class=\"wp-image-25958\" width=\"840\" height=\"1120\" srcset=\"https:\/\/marekkuchcinski.pl\/wp-content\/uploads\/2022\/08\/301401150_480176213928274_2350609639530782464_n-768x1024.jpg 768w, https:\/\/marekkuchcinski.pl\/wp-content\/uploads\/2022\/08\/301401150_480176213928274_2350609639530782464_n-225x300.jpg 225w, https:\/\/marekkuchcinski.pl\/wp-content\/uploads\/2022\/08\/301401150_480176213928274_2350609639530782464_n-1152x1536.jpg 1152w, https:\/\/marekkuchcinski.pl\/wp-content\/uploads\/2022\/08\/301401150_480176213928274_2350609639530782464_n-9x12.jpg 9w, https:\/\/marekkuchcinski.pl\/wp-content\/uploads\/2022\/08\/301401150_480176213928274_2350609639530782464_n.jpg 1200w\" sizes=\"(max-width: 840px) 100vw, 840px\" \/><\/a><figcaption><strong>Ambasadorowie (honorowi) Instytutu im. W. Felczaka: Piotr Bies (2022), Marek Kuchci\u0144ski (2021), Jan Draus (2022)<\/strong><\/figcaption><\/figure>","protected":false},"excerpt":{"rendered":"<p>\u2013 Sprawy, kt\u00f3re \u0142\u0105cz\u0105 nie tylko Polsk\u0119 i W\u0119gry, a kt\u00f3re s\u0105 strategiczne dla przysz\u0142o\u015bci naszych pa\u0144stw, to troska o to, aby\u015bmy umocnili swoj\u0105 suwerenno\u015b\u0107 i niepodleg\u0142o\u015b\u0107, wsp\u00f3\u0142pracuj\u0105c wzajemnie i broni\u0105c si\u0119 zar\u00f3wno przed imperialistycznymi dzia\u0142aniami ze Wschodu, jak i przed ekspansj\u0105 Zachodu. I mam tu na my\u015bli nie tylko gospodarcz\u0105 ekspansj\u0119 niemieck\u0105 \u2013 przekonywa\u0142 [&hellip;]<\/p>\n","protected":false},"author":3,"featured_media":25951,"comment_status":"open","ping_status":"open","sticky":false,"template":"","format":"standard","meta":{"ngg_post_thumbnail":0,"footnotes":""},"categories":[50,3],"tags":[],"class_list":["post-25944","post","type-post","status-publish","format-standard","has-post-thumbnail","hentry","category-wspolpraca-miedzynarodowa","category-wydarzenia"],"yoast_head":"<!-- This site is optimized with the Yoast SEO plugin v28.4 - https:\/\/yoast.com\/product\/yoast-seo-wordpress\/ -->\n<title>Marek Kuchci\u0144ski: Inny stosunek wobec wojny na Ukrainie nie zagra\u017ca perspektywicznej wsp\u00f3\u0142pracy mi\u0119dzy Polsk\u0105 a W\u0119grami &#8211; Marek Kuchci\u0144ski<\/title>\n<meta name=\"robots\" content=\"index, follow, max-snippet:-1, max-image-preview:large, max-video-preview:-1\" \/>\n<link rel=\"canonical\" href=\"https:\/\/marekkuchcinski.pl\/hu\/wydarzenia\/marek-kuchcinski-inny-stosunek-wobec-wojny-na-ukrainie-nie-zagraza-perspektywicznej-wspolpracy-miedzy-polska-a-wegrami\/\" \/>\n<meta property=\"og:locale\" content=\"hu_HU\" \/>\n<meta property=\"og:type\" content=\"article\" \/>\n<meta property=\"og:title\" content=\"Marek Kuchci\u0144ski: Inny stosunek wobec wojny na Ukrainie nie zagra\u017ca perspektywicznej wsp\u00f3\u0142pracy mi\u0119dzy Polsk\u0105 a W\u0119grami &#8211; Marek Kuchci\u0144ski\" \/>\n<meta property=\"og:description\" content=\"\u2013 Sprawy, kt\u00f3re \u0142\u0105cz\u0105 nie tylko Polsk\u0119 i W\u0119gry, a kt\u00f3re s\u0105 strategiczne dla przysz\u0142o\u015bci naszych pa\u0144stw, to troska o to, aby\u015bmy umocnili swoj\u0105 suwerenno\u015b\u0107 i niepodleg\u0142o\u015b\u0107, wsp\u00f3\u0142pracuj\u0105c wzajemnie i broni\u0105c si\u0119 zar\u00f3wno przed imperialistycznymi dzia\u0142aniami ze Wschodu, jak i przed ekspansj\u0105 Zachodu. I mam tu na my\u015bli nie tylko gospodarcz\u0105 ekspansj\u0119 niemieck\u0105 \u2013 przekonywa\u0142 [&hellip;]\" \/>\n<meta property=\"og:url\" content=\"https:\/\/marekkuchcinski.pl\/hu\/wydarzenia\/marek-kuchcinski-inny-stosunek-wobec-wojny-na-ukrainie-nie-zagraza-perspektywicznej-wspolpracy-miedzy-polska-a-wegrami\/\" \/>\n<meta property=\"og:site_name\" content=\"Marek Kuchci\u0144ski\" \/>\n<meta property=\"article:published_time\" content=\"2022-08-26T12:03:00+00:00\" \/>\n<meta property=\"article:modified_time\" content=\"2022-08-29T12:13:29+00:00\" \/>\n<meta property=\"og:image\" content=\"https:\/\/marekkuchcinski.pl\/wp-content\/uploads\/2022\/08\/DL702133.jpg\" \/>\n\t<meta property=\"og:image:width\" content=\"1600\" \/>\n\t<meta property=\"og:image:height\" content=\"1067\" \/>\n\t<meta property=\"og:image:type\" content=\"image\/jpeg\" \/>\n<meta name=\"author\" content=\"Marta Olejnik\" \/>\n<meta name=\"twitter:card\" content=\"summary_large_image\" \/>\n<meta name=\"twitter:label1\" content=\"Written by\" \/>\n\t<meta name=\"twitter:data1\" content=\"Marta Olejnik\" \/>\n\t<meta name=\"twitter:label2\" content=\"Est. reading time\" \/>\n\t<meta name=\"twitter:data2\" content=\"4 minutes\" \/>\n<script type=\"application\/ld+json\" class=\"yoast-schema-graph\">{\"@context\":\"https:\\\/\\\/schema.org\",\"@graph\":[{\"@type\":\"Article\",\"@id\":\"https:\\\/\\\/marekkuchcinski.pl\\\/wydarzenia\\\/marek-kuchcinski-inny-stosunek-wobec-wojny-na-ukrainie-nie-zagraza-perspektywicznej-wspolpracy-miedzy-polska-a-wegrami\\\/#article\",\"isPartOf\":{\"@id\":\"https:\\\/\\\/marekkuchcinski.pl\\\/wydarzenia\\\/marek-kuchcinski-inny-stosunek-wobec-wojny-na-ukrainie-nie-zagraza-perspektywicznej-wspolpracy-miedzy-polska-a-wegrami\\\/\"},\"author\":{\"name\":\"Marta Olejnik\",\"@id\":\"https:\\\/\\\/marekkuchcinski.pl\\\/#\\\/schema\\\/person\\\/bd3f15dee67fee76e83c8350d0154101\"},\"headline\":\"Marek Kuchci\u0144ski: Inny stosunek wobec wojny na Ukrainie nie zagra\u017ca perspektywicznej wsp\u00f3\u0142pracy mi\u0119dzy Polsk\u0105 a W\u0119grami\",\"datePublished\":\"2022-08-26T12:03:00+00:00\",\"dateModified\":\"2022-08-29T12:13:29+00:00\",\"mainEntityOfPage\":{\"@id\":\"https:\\\/\\\/marekkuchcinski.pl\\\/wydarzenia\\\/marek-kuchcinski-inny-stosunek-wobec-wojny-na-ukrainie-nie-zagraza-perspektywicznej-wspolpracy-miedzy-polska-a-wegrami\\\/\"},\"wordCount\":638,\"commentCount\":0,\"publisher\":{\"@id\":\"https:\\\/\\\/marekkuchcinski.pl\\\/#organization\"},\"image\":{\"@id\":\"https:\\\/\\\/marekkuchcinski.pl\\\/wydarzenia\\\/marek-kuchcinski-inny-stosunek-wobec-wojny-na-ukrainie-nie-zagraza-perspektywicznej-wspolpracy-miedzy-polska-a-wegrami\\\/#primaryimage\"},\"thumbnailUrl\":\"https:\\\/\\\/marekkuchcinski.pl\\\/wp-content\\\/uploads\\\/2022\\\/08\\\/DL702133.jpg\",\"articleSection\":[\"Wsp\u00f3\u0142praca mi\u0119dzynarodowa\",\"Wydarzenia\"],\"inLanguage\":\"hu-HU\",\"potentialAction\":[{\"@type\":\"CommentAction\",\"name\":\"Comment\",\"target\":[\"https:\\\/\\\/marekkuchcinski.pl\\\/wydarzenia\\\/marek-kuchcinski-inny-stosunek-wobec-wojny-na-ukrainie-nie-zagraza-perspektywicznej-wspolpracy-miedzy-polska-a-wegrami\\\/#respond\"]}]},{\"@type\":\"WebPage\",\"@id\":\"https:\\\/\\\/marekkuchcinski.pl\\\/wydarzenia\\\/marek-kuchcinski-inny-stosunek-wobec-wojny-na-ukrainie-nie-zagraza-perspektywicznej-wspolpracy-miedzy-polska-a-wegrami\\\/\",\"url\":\"https:\\\/\\\/marekkuchcinski.pl\\\/wydarzenia\\\/marek-kuchcinski-inny-stosunek-wobec-wojny-na-ukrainie-nie-zagraza-perspektywicznej-wspolpracy-miedzy-polska-a-wegrami\\\/\",\"name\":\"Marek Kuchci\u0144ski: Inny stosunek wobec wojny na Ukrainie nie zagra\u017ca perspektywicznej wsp\u00f3\u0142pracy mi\u0119dzy Polsk\u0105 a W\u0119grami &#8211; Marek Kuchci\u0144ski\",\"isPartOf\":{\"@id\":\"https:\\\/\\\/marekkuchcinski.pl\\\/#website\"},\"primaryImageOfPage\":{\"@id\":\"https:\\\/\\\/marekkuchcinski.pl\\\/wydarzenia\\\/marek-kuchcinski-inny-stosunek-wobec-wojny-na-ukrainie-nie-zagraza-perspektywicznej-wspolpracy-miedzy-polska-a-wegrami\\\/#primaryimage\"},\"image\":{\"@id\":\"https:\\\/\\\/marekkuchcinski.pl\\\/wydarzenia\\\/marek-kuchcinski-inny-stosunek-wobec-wojny-na-ukrainie-nie-zagraza-perspektywicznej-wspolpracy-miedzy-polska-a-wegrami\\\/#primaryimage\"},\"thumbnailUrl\":\"https:\\\/\\\/marekkuchcinski.pl\\\/wp-content\\\/uploads\\\/2022\\\/08\\\/DL702133.jpg\",\"datePublished\":\"2022-08-26T12:03:00+00:00\",\"dateModified\":\"2022-08-29T12:13:29+00:00\",\"breadcrumb\":{\"@id\":\"https:\\\/\\\/marekkuchcinski.pl\\\/wydarzenia\\\/marek-kuchcinski-inny-stosunek-wobec-wojny-na-ukrainie-nie-zagraza-perspektywicznej-wspolpracy-miedzy-polska-a-wegrami\\\/#breadcrumb\"},\"inLanguage\":\"hu-HU\",\"potentialAction\":[{\"@type\":\"ReadAction\",\"target\":[\"https:\\\/\\\/marekkuchcinski.pl\\\/wydarzenia\\\/marek-kuchcinski-inny-stosunek-wobec-wojny-na-ukrainie-nie-zagraza-perspektywicznej-wspolpracy-miedzy-polska-a-wegrami\\\/\"]}]},{\"@type\":\"ImageObject\",\"inLanguage\":\"hu-HU\",\"@id\":\"https:\\\/\\\/marekkuchcinski.pl\\\/wydarzenia\\\/marek-kuchcinski-inny-stosunek-wobec-wojny-na-ukrainie-nie-zagraza-perspektywicznej-wspolpracy-miedzy-polska-a-wegrami\\\/#primaryimage\",\"url\":\"https:\\\/\\\/marekkuchcinski.pl\\\/wp-content\\\/uploads\\\/2022\\\/08\\\/DL702133.jpg\",\"contentUrl\":\"https:\\\/\\\/marekkuchcinski.pl\\\/wp-content\\\/uploads\\\/2022\\\/08\\\/DL702133.jpg\",\"width\":1600,\"height\":1067},{\"@type\":\"BreadcrumbList\",\"@id\":\"https:\\\/\\\/marekkuchcinski.pl\\\/wydarzenia\\\/marek-kuchcinski-inny-stosunek-wobec-wojny-na-ukrainie-nie-zagraza-perspektywicznej-wspolpracy-miedzy-polska-a-wegrami\\\/#breadcrumb\",\"itemListElement\":[{\"@type\":\"ListItem\",\"position\":1,\"name\":\"Strona g\u0142\u00f3wna\",\"item\":\"https:\\\/\\\/marekkuchcinski.pl\\\/\"},{\"@type\":\"ListItem\",\"position\":2,\"name\":\"Marek Kuchci\u0144ski: Inny stosunek wobec wojny na Ukrainie nie zagra\u017ca perspektywicznej wsp\u00f3\u0142pracy mi\u0119dzy Polsk\u0105 a W\u0119grami\"}]},{\"@type\":\"WebSite\",\"@id\":\"https:\\\/\\\/marekkuchcinski.pl\\\/#website\",\"url\":\"https:\\\/\\\/marekkuchcinski.pl\\\/\",\"name\":\"Marek Kuchci\u0144ski\",\"description\":\"Marek Kuchci\u0144ski \",\"publisher\":{\"@id\":\"https:\\\/\\\/marekkuchcinski.pl\\\/#organization\"},\"potentialAction\":[{\"@type\":\"SearchAction\",\"target\":{\"@type\":\"EntryPoint\",\"urlTemplate\":\"https:\\\/\\\/marekkuchcinski.pl\\\/?s={search_term_string}\"},\"query-input\":{\"@type\":\"PropertyValueSpecification\",\"valueRequired\":true,\"valueName\":\"search_term_string\"}}],\"inLanguage\":\"hu-HU\"},{\"@type\":\"Organization\",\"@id\":\"https:\\\/\\\/marekkuchcinski.pl\\\/#organization\",\"name\":\"Marek Kuchci\u0144ski\",\"url\":\"https:\\\/\\\/marekkuchcinski.pl\\\/\",\"logo\":{\"@type\":\"ImageObject\",\"inLanguage\":\"hu-HU\",\"@id\":\"https:\\\/\\\/marekkuchcinski.pl\\\/#\\\/schema\\\/logo\\\/image\\\/\",\"url\":\"https:\\\/\\\/marekkuchcinski.pl\\\/wp-content\\\/uploads\\\/2022\\\/09\\\/Marek.jpg\",\"contentUrl\":\"https:\\\/\\\/marekkuchcinski.pl\\\/wp-content\\\/uploads\\\/2022\\\/09\\\/Marek.jpg\",\"width\":1600,\"height\":971,\"caption\":\"Marek Kuchci\u0144ski\"},\"image\":{\"@id\":\"https:\\\/\\\/marekkuchcinski.pl\\\/#\\\/schema\\\/logo\\\/image\\\/\"}},{\"@type\":\"Person\",\"@id\":\"https:\\\/\\\/marekkuchcinski.pl\\\/#\\\/schema\\\/person\\\/bd3f15dee67fee76e83c8350d0154101\",\"name\":\"Marta Olejnik\",\"image\":{\"@type\":\"ImageObject\",\"inLanguage\":\"hu-HU\",\"@id\":\"https:\\\/\\\/secure.gravatar.com\\\/avatar\\\/24754edd6080383402e292374b406b553027d572e97d60e7aa89a6940e88659a?s=96&d=mm&r=g\",\"url\":\"https:\\\/\\\/secure.gravatar.com\\\/avatar\\\/24754edd6080383402e292374b406b553027d572e97d60e7aa89a6940e88659a?s=96&d=mm&r=g\",\"contentUrl\":\"https:\\\/\\\/secure.gravatar.com\\\/avatar\\\/24754edd6080383402e292374b406b553027d572e97d60e7aa89a6940e88659a?s=96&d=mm&r=g\",\"caption\":\"Marta Olejnik\"},\"url\":\"https:\\\/\\\/marekkuchcinski.pl\\\/hu\\\/author\\\/marta\\\/\"}]}<\/script>\n<!-- \/ Yoast SEO plugin. -->","yoast_head_json":{"title":"Marek Kuchci\u0144ski: Inny stosunek wobec wojny na Ukrainie nie zagra\u017ca perspektywicznej wsp\u00f3\u0142pracy mi\u0119dzy Polsk\u0105 a W\u0119grami &#8211; Marek Kuchci\u0144ski","robots":{"index":"index","follow":"follow","max-snippet":"max-snippet:-1","max-image-preview":"max-image-preview:large","max-video-preview":"max-video-preview:-1"},"canonical":"https:\/\/marekkuchcinski.pl\/hu\/wydarzenia\/marek-kuchcinski-inny-stosunek-wobec-wojny-na-ukrainie-nie-zagraza-perspektywicznej-wspolpracy-miedzy-polska-a-wegrami\/","og_locale":"hu_HU","og_type":"article","og_title":"Marek Kuchci\u0144ski: Inny stosunek wobec wojny na Ukrainie nie zagra\u017ca perspektywicznej wsp\u00f3\u0142pracy mi\u0119dzy Polsk\u0105 a W\u0119grami &#8211; Marek Kuchci\u0144ski","og_description":"\u2013 Sprawy, kt\u00f3re \u0142\u0105cz\u0105 nie tylko Polsk\u0119 i W\u0119gry, a kt\u00f3re s\u0105 strategiczne dla przysz\u0142o\u015bci naszych pa\u0144stw, to troska o to, aby\u015bmy umocnili swoj\u0105 suwerenno\u015b\u0107 i niepodleg\u0142o\u015b\u0107, wsp\u00f3\u0142pracuj\u0105c wzajemnie i broni\u0105c si\u0119 zar\u00f3wno przed imperialistycznymi dzia\u0142aniami ze Wschodu, jak i przed ekspansj\u0105 Zachodu. I mam tu na my\u015bli nie tylko gospodarcz\u0105 ekspansj\u0119 niemieck\u0105 \u2013 przekonywa\u0142 [&hellip;]","og_url":"https:\/\/marekkuchcinski.pl\/hu\/wydarzenia\/marek-kuchcinski-inny-stosunek-wobec-wojny-na-ukrainie-nie-zagraza-perspektywicznej-wspolpracy-miedzy-polska-a-wegrami\/","og_site_name":"Marek Kuchci\u0144ski","article_published_time":"2022-08-26T12:03:00+00:00","article_modified_time":"2022-08-29T12:13:29+00:00","og_image":[{"width":1600,"height":1067,"url":"https:\/\/marekkuchcinski.pl\/wp-content\/uploads\/2022\/08\/DL702133.jpg","type":"image\/jpeg"}],"author":"Marta Olejnik","twitter_card":"summary_large_image","twitter_misc":{"Written by":"Marta Olejnik","Est. reading time":"4 minutes"},"schema":{"@context":"https:\/\/schema.org","@graph":[{"@type":"Article","@id":"https:\/\/marekkuchcinski.pl\/wydarzenia\/marek-kuchcinski-inny-stosunek-wobec-wojny-na-ukrainie-nie-zagraza-perspektywicznej-wspolpracy-miedzy-polska-a-wegrami\/#article","isPartOf":{"@id":"https:\/\/marekkuchcinski.pl\/wydarzenia\/marek-kuchcinski-inny-stosunek-wobec-wojny-na-ukrainie-nie-zagraza-perspektywicznej-wspolpracy-miedzy-polska-a-wegrami\/"},"author":{"name":"Marta Olejnik","@id":"https:\/\/marekkuchcinski.pl\/#\/schema\/person\/bd3f15dee67fee76e83c8350d0154101"},"headline":"Marek Kuchci\u0144ski: Inny stosunek wobec wojny na Ukrainie nie zagra\u017ca perspektywicznej wsp\u00f3\u0142pracy mi\u0119dzy Polsk\u0105 a W\u0119grami","datePublished":"2022-08-26T12:03:00+00:00","dateModified":"2022-08-29T12:13:29+00:00","mainEntityOfPage":{"@id":"https:\/\/marekkuchcinski.pl\/wydarzenia\/marek-kuchcinski-inny-stosunek-wobec-wojny-na-ukrainie-nie-zagraza-perspektywicznej-wspolpracy-miedzy-polska-a-wegrami\/"},"wordCount":638,"commentCount":0,"publisher":{"@id":"https:\/\/marekkuchcinski.pl\/#organization"},"image":{"@id":"https:\/\/marekkuchcinski.pl\/wydarzenia\/marek-kuchcinski-inny-stosunek-wobec-wojny-na-ukrainie-nie-zagraza-perspektywicznej-wspolpracy-miedzy-polska-a-wegrami\/#primaryimage"},"thumbnailUrl":"https:\/\/marekkuchcinski.pl\/wp-content\/uploads\/2022\/08\/DL702133.jpg","articleSection":["Wsp\u00f3\u0142praca mi\u0119dzynarodowa","Wydarzenia"],"inLanguage":"hu-HU","potentialAction":[{"@type":"CommentAction","name":"Comment","target":["https:\/\/marekkuchcinski.pl\/wydarzenia\/marek-kuchcinski-inny-stosunek-wobec-wojny-na-ukrainie-nie-zagraza-perspektywicznej-wspolpracy-miedzy-polska-a-wegrami\/#respond"]}]},{"@type":"WebPage","@id":"https:\/\/marekkuchcinski.pl\/wydarzenia\/marek-kuchcinski-inny-stosunek-wobec-wojny-na-ukrainie-nie-zagraza-perspektywicznej-wspolpracy-miedzy-polska-a-wegrami\/","url":"https:\/\/marekkuchcinski.pl\/wydarzenia\/marek-kuchcinski-inny-stosunek-wobec-wojny-na-ukrainie-nie-zagraza-perspektywicznej-wspolpracy-miedzy-polska-a-wegrami\/","name":"Marek Kuchci\u0144ski: Inny stosunek wobec wojny na Ukrainie nie zagra\u017ca perspektywicznej wsp\u00f3\u0142pracy mi\u0119dzy Polsk\u0105 a W\u0119grami &#8211; Marek Kuchci\u0144ski","isPartOf":{"@id":"https:\/\/marekkuchcinski.pl\/#website"},"primaryImageOfPage":{"@id":"https:\/\/marekkuchcinski.pl\/wydarzenia\/marek-kuchcinski-inny-stosunek-wobec-wojny-na-ukrainie-nie-zagraza-perspektywicznej-wspolpracy-miedzy-polska-a-wegrami\/#primaryimage"},"image":{"@id":"https:\/\/marekkuchcinski.pl\/wydarzenia\/marek-kuchcinski-inny-stosunek-wobec-wojny-na-ukrainie-nie-zagraza-perspektywicznej-wspolpracy-miedzy-polska-a-wegrami\/#primaryimage"},"thumbnailUrl":"https:\/\/marekkuchcinski.pl\/wp-content\/uploads\/2022\/08\/DL702133.jpg","datePublished":"2022-08-26T12:03:00+00:00","dateModified":"2022-08-29T12:13:29+00:00","breadcrumb":{"@id":"https:\/\/marekkuchcinski.pl\/wydarzenia\/marek-kuchcinski-inny-stosunek-wobec-wojny-na-ukrainie-nie-zagraza-perspektywicznej-wspolpracy-miedzy-polska-a-wegrami\/#breadcrumb"},"inLanguage":"hu-HU","potentialAction":[{"@type":"ReadAction","target":["https:\/\/marekkuchcinski.pl\/wydarzenia\/marek-kuchcinski-inny-stosunek-wobec-wojny-na-ukrainie-nie-zagraza-perspektywicznej-wspolpracy-miedzy-polska-a-wegrami\/"]}]},{"@type":"ImageObject","inLanguage":"hu-HU","@id":"https:\/\/marekkuchcinski.pl\/wydarzenia\/marek-kuchcinski-inny-stosunek-wobec-wojny-na-ukrainie-nie-zagraza-perspektywicznej-wspolpracy-miedzy-polska-a-wegrami\/#primaryimage","url":"https:\/\/marekkuchcinski.pl\/wp-content\/uploads\/2022\/08\/DL702133.jpg","contentUrl":"https:\/\/marekkuchcinski.pl\/wp-content\/uploads\/2022\/08\/DL702133.jpg","width":1600,"height":1067},{"@type":"BreadcrumbList","@id":"https:\/\/marekkuchcinski.pl\/wydarzenia\/marek-kuchcinski-inny-stosunek-wobec-wojny-na-ukrainie-nie-zagraza-perspektywicznej-wspolpracy-miedzy-polska-a-wegrami\/#breadcrumb","itemListElement":[{"@type":"ListItem","position":1,"name":"Strona g\u0142\u00f3wna","item":"https:\/\/marekkuchcinski.pl\/"},{"@type":"ListItem","position":2,"name":"Marek Kuchci\u0144ski: Inny stosunek wobec wojny na Ukrainie nie zagra\u017ca perspektywicznej wsp\u00f3\u0142pracy mi\u0119dzy Polsk\u0105 a W\u0119grami"}]},{"@type":"WebSite","@id":"https:\/\/marekkuchcinski.pl\/#website","url":"https:\/\/marekkuchcinski.pl\/","name":"Marek Kuchci\u0144ski","description":"Marek Kuchci\u0144ski","publisher":{"@id":"https:\/\/marekkuchcinski.pl\/#organization"},"potentialAction":[{"@type":"SearchAction","target":{"@type":"EntryPoint","urlTemplate":"https:\/\/marekkuchcinski.pl\/?s={search_term_string}"},"query-input":{"@type":"PropertyValueSpecification","valueRequired":true,"valueName":"search_term_string"}}],"inLanguage":"hu-HU"},{"@type":"Organization","@id":"https:\/\/marekkuchcinski.pl\/#organization","name":"Marek Kuchci\u0144ski","url":"https:\/\/marekkuchcinski.pl\/","logo":{"@type":"ImageObject","inLanguage":"hu-HU","@id":"https:\/\/marekkuchcinski.pl\/#\/schema\/logo\/image\/","url":"https:\/\/marekkuchcinski.pl\/wp-content\/uploads\/2022\/09\/Marek.jpg","contentUrl":"https:\/\/marekkuchcinski.pl\/wp-content\/uploads\/2022\/09\/Marek.jpg","width":1600,"height":971,"caption":"Marek Kuchci\u0144ski"},"image":{"@id":"https:\/\/marekkuchcinski.pl\/#\/schema\/logo\/image\/"}},{"@type":"Person","@id":"https:\/\/marekkuchcinski.pl\/#\/schema\/person\/bd3f15dee67fee76e83c8350d0154101","name":"Marta Olejnik","image":{"@type":"ImageObject","inLanguage":"hu-HU","@id":"https:\/\/secure.gravatar.com\/avatar\/24754edd6080383402e292374b406b553027d572e97d60e7aa89a6940e88659a?s=96&d=mm&r=g","url":"https:\/\/secure.gravatar.com\/avatar\/24754edd6080383402e292374b406b553027d572e97d60e7aa89a6940e88659a?s=96&d=mm&r=g","contentUrl":"https:\/\/secure.gravatar.com\/avatar\/24754edd6080383402e292374b406b553027d572e97d60e7aa89a6940e88659a?s=96&d=mm&r=g","caption":"Marta Olejnik"},"url":"https:\/\/marekkuchcinski.pl\/hu\/author\/marta\/"}]}},"_links":{"self":[{"href":"https:\/\/marekkuchcinski.pl\/hu\/wp-json\/wp\/v2\/posts\/25944","targetHints":{"allow":["GET"]}}],"collection":[{"href":"https:\/\/marekkuchcinski.pl\/hu\/wp-json\/wp\/v2\/posts"}],"about":[{"href":"https:\/\/marekkuchcinski.pl\/hu\/wp-json\/wp\/v2\/types\/post"}],"author":[{"embeddable":true,"href":"https:\/\/marekkuchcinski.pl\/hu\/wp-json\/wp\/v2\/users\/3"}],"replies":[{"embeddable":true,"href":"https:\/\/marekkuchcinski.pl\/hu\/wp-json\/wp\/v2\/comments?post=25944"}],"version-history":[{"count":9,"href":"https:\/\/marekkuchcinski.pl\/hu\/wp-json\/wp\/v2\/posts\/25944\/revisions"}],"predecessor-version":[{"id":25963,"href":"https:\/\/marekkuchcinski.pl\/hu\/wp-json\/wp\/v2\/posts\/25944\/revisions\/25963"}],"wp:featuredmedia":[{"embeddable":true,"href":"https:\/\/marekkuchcinski.pl\/hu\/wp-json\/wp\/v2\/media\/25951"}],"wp:attachment":[{"href":"https:\/\/marekkuchcinski.pl\/hu\/wp-json\/wp\/v2\/media?parent=25944"}],"wp:term":[{"taxonomy":"category","embeddable":true,"href":"https:\/\/marekkuchcinski.pl\/hu\/wp-json\/wp\/v2\/categories?post=25944"},{"taxonomy":"post_tag","embeddable":true,"href":"https:\/\/marekkuchcinski.pl\/hu\/wp-json\/wp\/v2\/tags?post=25944"}],"curies":[{"name":"wp","href":"https:\/\/api.w.org\/{rel}","templated":true}]}}