{"id":25931,"date":"2022-08-27T22:59:00","date_gmt":"2022-08-27T20:59:00","guid":{"rendered":"https:\/\/marekkuchcinski.pl\/?p=25931"},"modified":"2022-08-29T15:51:37","modified_gmt":"2022-08-29T13:51:37","slug":"dzien-ratownika-gopr","status":"publish","type":"post","link":"https:\/\/marekkuchcinski.pl\/hu\/wydarzenia\/dzien-ratownika-gopr\/","title":{"rendered":"GOPR ment\u00e9si nap"},"content":{"rendered":"<p>A hegyiment\u0151k k\u00fcl\u00f6nleges szerepet t\u00f6ltenek be az \u00e1llam nev\u00e9ben - gondoskodnak az emberek biztons\u00e1g\u00e1r\u00f3l, rendk\u00edv\u00fcli terepen: a hegyekben, amelyek nemcsak al\u00e1zatra tan\u00edtanak, hanem a term\u00e9szet sz\u00e9ps\u00e9g\u00e9t \u00e9s a t\u00e1j eszt\u00e9tikum\u00e1t is megmutatj\u00e1k. Ezek a k\u00f6r\u00fclm\u00e9nyek a magasztoss\u00e1g, a term\u00e9szet \u00e9s a t\u00e1j sz\u00e9ps\u00e9g\u00e9nek al\u00e1zatos \u00e9rz\u00e9kel\u00e9se ter\u00e9n k\u00fcl\u00f6n\u00f6sen megk\u00fcl\u00f6nb\u00f6ztetik a hegyiment\u0151ket a k\u00f6zszf\u00e9r\u00e1ban m\u0171k\u00f6d\u0151 k\u00fcl\u00f6nb\u00f6z\u0151 szervezetek \u00e9s testv\u00e9ris\u00e9gek k\u00f6z\u00fcl\" - mondta Marek Kuchci\u0144ski, a K\u00fcl\u00fcgyi Bizotts\u00e1g eln\u00f6ke, aki egyben a Hegyiment\u0151k Parlamenti Csoportj\u00e1nak eln\u00f6ke is.<\/p>\n\n\n\n<p>A ment\u0151k napja alkalm\u00e1b\u00f3l tartott \u00fcnneps\u00e9gekre az Ustrzyki Dolne melletti Zsukovo-Holica hegys\u00e9gben ker\u00fclt sor, ahol a m\u00e1sodik vil\u00e1gh\u00e1bor\u00fa el\u0151tt a hadsereg sz\u00e1m\u00e1ra vitorl\u00e1z\u00f3rep\u00fcl\u0151terek voltak.<\/p>\n\n\n\n<p>A GOPR-tagok k\u00fcl\u00f6nleges elk\u00f6telezetts\u00e9g\u00e9t \u00e9s odaad\u00e1s\u00e1t a szejm 2021 december\u00e9ben \u00e9rt\u00e9kelte, amikor elfogadta azt a t\u00f6rv\u00e9nyt, amelynek \u00e9rtelm\u00e9ben az idei \u00e9v elej\u00e9t\u0151l a nyugd\u00edjas ment\u0151k 200 zloty nyugd\u00edj-kieg\u00e9sz\u00edt\u00e9st kapnak. A hatalmon l\u00e9v\u0151k nagyra \u00e9rt\u00e9kelt\u00e9k id\u0151seinket, akik az 1950-es, 1960-as \u00e9s 1970-es \u00e9vekben, amikor a GOPR nem rendelkezett a mai kor felszerel\u00e9s\u00e9vel, a hegyekben mentett\u00e9k a turist\u00e1kat.<\/p>\n\n\n\n<figure class=\"wp-block-image size-large\"><a href=\"https:\/\/marekkuchcinski.pl\/wp-content\/uploads\/2022\/08\/1.jpg\"><img fetchpriority=\"high\" decoding=\"async\" width=\"1024\" height=\"788\" src=\"https:\/\/marekkuchcinski.pl\/wp-content\/uploads\/2022\/08\/1-1024x788.jpg\" alt=\"\" class=\"wp-image-25933\" srcset=\"https:\/\/marekkuchcinski.pl\/wp-content\/uploads\/2022\/08\/1-1024x788.jpg 1024w, https:\/\/marekkuchcinski.pl\/wp-content\/uploads\/2022\/08\/1-300x231.jpg 300w, https:\/\/marekkuchcinski.pl\/wp-content\/uploads\/2022\/08\/1-768x591.jpg 768w, https:\/\/marekkuchcinski.pl\/wp-content\/uploads\/2022\/08\/1-1536x1183.jpg 1536w, https:\/\/marekkuchcinski.pl\/wp-content\/uploads\/2022\/08\/1-16x12.jpg 16w, https:\/\/marekkuchcinski.pl\/wp-content\/uploads\/2022\/08\/1.jpg 1600w\" sizes=\"(max-width: 1024px) 100vw, 1024px\" \/><\/a><\/figure>\n\n\n\n<figure class=\"wp-block-image size-full\"><a href=\"https:\/\/marekkuchcinski.pl\/wp-content\/uploads\/2022\/08\/2.jpg\"><img decoding=\"async\" width=\"983\" height=\"631\" src=\"https:\/\/marekkuchcinski.pl\/wp-content\/uploads\/2022\/08\/2.jpg\" alt=\"\" class=\"wp-image-25934\" srcset=\"https:\/\/marekkuchcinski.pl\/wp-content\/uploads\/2022\/08\/2.jpg 983w, https:\/\/marekkuchcinski.pl\/wp-content\/uploads\/2022\/08\/2-300x193.jpg 300w, https:\/\/marekkuchcinski.pl\/wp-content\/uploads\/2022\/08\/2-768x493.jpg 768w, https:\/\/marekkuchcinski.pl\/wp-content\/uploads\/2022\/08\/2-18x12.jpg 18w\" sizes=\"(max-width: 983px) 100vw, 983px\" \/><\/a><\/figure>\n\n\n\n<figure class=\"wp-block-image size-large\"><a href=\"https:\/\/marekkuchcinski.pl\/wp-content\/uploads\/2022\/08\/3.jpg\"><img decoding=\"async\" width=\"1024\" height=\"716\" src=\"https:\/\/marekkuchcinski.pl\/wp-content\/uploads\/2022\/08\/3-1024x716.jpg\" alt=\"\" class=\"wp-image-25935\" srcset=\"https:\/\/marekkuchcinski.pl\/wp-content\/uploads\/2022\/08\/3-1024x716.jpg 1024w, https:\/\/marekkuchcinski.pl\/wp-content\/uploads\/2022\/08\/3-300x210.jpg 300w, https:\/\/marekkuchcinski.pl\/wp-content\/uploads\/2022\/08\/3-768x537.jpg 768w, https:\/\/marekkuchcinski.pl\/wp-content\/uploads\/2022\/08\/3-18x12.jpg 18w, https:\/\/marekkuchcinski.pl\/wp-content\/uploads\/2022\/08\/3.jpg 1048w\" sizes=\"(max-width: 1024px) 100vw, 1024px\" \/><\/a><\/figure>\n\n\n\n<figure class=\"wp-block-image size-large\"><a href=\"https:\/\/marekkuchcinski.pl\/wp-content\/uploads\/2022\/08\/5.jpg\"><img loading=\"lazy\" decoding=\"async\" width=\"1024\" height=\"683\" src=\"https:\/\/marekkuchcinski.pl\/wp-content\/uploads\/2022\/08\/5-1024x683.jpg\" alt=\"\" class=\"wp-image-25936\" srcset=\"https:\/\/marekkuchcinski.pl\/wp-content\/uploads\/2022\/08\/5-1024x683.jpg 1024w, https:\/\/marekkuchcinski.pl\/wp-content\/uploads\/2022\/08\/5-300x200.jpg 300w, https:\/\/marekkuchcinski.pl\/wp-content\/uploads\/2022\/08\/5-768x512.jpg 768w, https:\/\/marekkuchcinski.pl\/wp-content\/uploads\/2022\/08\/5-18x12.jpg 18w, https:\/\/marekkuchcinski.pl\/wp-content\/uploads\/2022\/08\/5.jpg 1170w\" sizes=\"(max-width: 1024px) 100vw, 1024px\" \/><\/a><\/figure>\n\n\n\n<figure class=\"wp-block-image size-large\"><a href=\"https:\/\/marekkuchcinski.pl\/wp-content\/uploads\/2022\/08\/6.jpg\"><img loading=\"lazy\" decoding=\"async\" width=\"1600\" height=\"1181\" src=\"https:\/\/marekkuchcinski.pl\/wp-content\/uploads\/2022\/08\/6-1024x756.jpg\" alt=\"\" class=\"wp-image-25937\" srcset=\"https:\/\/marekkuchcinski.pl\/wp-content\/uploads\/2022\/08\/6-1024x756.jpg 1024w, https:\/\/marekkuchcinski.pl\/wp-content\/uploads\/2022\/08\/6-300x221.jpg 300w, https:\/\/marekkuchcinski.pl\/wp-content\/uploads\/2022\/08\/6-768x567.jpg 768w, https:\/\/marekkuchcinski.pl\/wp-content\/uploads\/2022\/08\/6-1536x1134.jpg 1536w, https:\/\/marekkuchcinski.pl\/wp-content\/uploads\/2022\/08\/6-16x12.jpg 16w, https:\/\/marekkuchcinski.pl\/wp-content\/uploads\/2022\/08\/6.jpg 1600w\" sizes=\"(max-width: 1600px) 100vw, 1600px\" \/><\/a><\/figure>\n\n\n\n<figure class=\"wp-block-image size-large\"><a href=\"https:\/\/marekkuchcinski.pl\/wp-content\/uploads\/2022\/08\/7.jpg\"><img loading=\"lazy\" decoding=\"async\" width=\"1024\" height=\"750\" src=\"https:\/\/marekkuchcinski.pl\/wp-content\/uploads\/2022\/08\/7-1024x750.jpg\" alt=\"\" class=\"wp-image-25938\" srcset=\"https:\/\/marekkuchcinski.pl\/wp-content\/uploads\/2022\/08\/7-1024x750.jpg 1024w, https:\/\/marekkuchcinski.pl\/wp-content\/uploads\/2022\/08\/7-300x220.jpg 300w, https:\/\/marekkuchcinski.pl\/wp-content\/uploads\/2022\/08\/7-768x563.jpg 768w, https:\/\/marekkuchcinski.pl\/wp-content\/uploads\/2022\/08\/7-1536x1125.jpg 1536w, https:\/\/marekkuchcinski.pl\/wp-content\/uploads\/2022\/08\/7-16x12.jpg 16w, https:\/\/marekkuchcinski.pl\/wp-content\/uploads\/2022\/08\/7.jpg 1600w\" sizes=\"(max-width: 1024px) 100vw, 1024px\" \/><\/a><\/figure>\n\n\n\n<figure class=\"wp-block-image size-large\"><a href=\"https:\/\/marekkuchcinski.pl\/wp-content\/uploads\/2022\/08\/8-1.jpg\"><img loading=\"lazy\" decoding=\"async\" width=\"1024\" height=\"768\" src=\"https:\/\/marekkuchcinski.pl\/wp-content\/uploads\/2022\/08\/8-1-1024x768.jpg\" alt=\"\" class=\"wp-image-25940\" srcset=\"https:\/\/marekkuchcinski.pl\/wp-content\/uploads\/2022\/08\/8-1-1024x768.jpg 1024w, https:\/\/marekkuchcinski.pl\/wp-content\/uploads\/2022\/08\/8-1-300x225.jpg 300w, https:\/\/marekkuchcinski.pl\/wp-content\/uploads\/2022\/08\/8-1-768x576.jpg 768w, https:\/\/marekkuchcinski.pl\/wp-content\/uploads\/2022\/08\/8-1-1536x1152.jpg 1536w, https:\/\/marekkuchcinski.pl\/wp-content\/uploads\/2022\/08\/8-1-16x12.jpg 16w, https:\/\/marekkuchcinski.pl\/wp-content\/uploads\/2022\/08\/8-1.jpg 1600w\" sizes=\"(max-width: 1024px) 100vw, 1024px\" \/><\/a><\/figure>\n\n\n\n<figure class=\"wp-block-image size-large\"><a href=\"https:\/\/marekkuchcinski.pl\/wp-content\/uploads\/2022\/08\/9.jpg\"><img loading=\"lazy\" decoding=\"async\" width=\"1024\" height=\"768\" src=\"https:\/\/marekkuchcinski.pl\/wp-content\/uploads\/2022\/08\/9-1024x768.jpg\" alt=\"\" class=\"wp-image-25941\" srcset=\"https:\/\/marekkuchcinski.pl\/wp-content\/uploads\/2022\/08\/9-1024x768.jpg 1024w, https:\/\/marekkuchcinski.pl\/wp-content\/uploads\/2022\/08\/9-300x225.jpg 300w, https:\/\/marekkuchcinski.pl\/wp-content\/uploads\/2022\/08\/9-768x576.jpg 768w, https:\/\/marekkuchcinski.pl\/wp-content\/uploads\/2022\/08\/9-1536x1152.jpg 1536w, https:\/\/marekkuchcinski.pl\/wp-content\/uploads\/2022\/08\/9-16x12.jpg 16w, https:\/\/marekkuchcinski.pl\/wp-content\/uploads\/2022\/08\/9.jpg 1600w\" sizes=\"(max-width: 1024px) 100vw, 1024px\" \/><\/a><\/figure>\n\n\n\n<p><\/p>","protected":false},"excerpt":{"rendered":"<p>A hegyiment\u0151k k\u00fcl\u00f6nleges szerepet t\u00f6ltenek be az \u00e1llam nev\u00e9ben - gondoskodnak az emberek biztons\u00e1g\u00e1r\u00f3l, rendk\u00edv\u00fcli terepen: a hegyekben, amelyek nemcsak al\u00e1zatra tan\u00edtanak, hanem a term\u00e9szet sz\u00e9ps\u00e9g\u00e9t \u00e9s a t\u00e1j eszt\u00e9tikum\u00e1t is megmutatj\u00e1k. Ezek a k\u00f6r\u00fclm\u00e9nyek a fens\u00e9ges, a term\u00e9szet \u00e9s a t\u00e1j sz\u00e9ps\u00e9ge ir\u00e1nti al\u00e1zatos \u00e9rz\u00e9s ter\u00e9n k\u00fcl\u00f6n\u00f6sen megk\u00fcl\u00f6nb\u00f6ztetik a hegyiment\u0151ket a k\u00fcl\u00f6nb\u00f6z\u0151 szervezetek \u00e9s testv\u00e9ris\u00e9gek k\u00f6z\u00f6tt, amelyek [...]<\/p>","protected":false},"author":21,"featured_media":25935,"comment_status":"open","ping_status":"open","sticky":false,"template":"","format":"standard","meta":{"ngg_post_thumbnail":0,"footnotes":""},"categories":[49,3],"tags":[],"class_list":["post-25931","post","type-post","status-publish","format-standard","has-post-thumbnail","hentry","category-podkarpacie","category-wydarzenia"],"yoast_head":"<!-- This site is optimized with the Yoast SEO plugin v24.7 - https:\/\/yoast.com\/wordpress\/plugins\/seo\/ -->\n<title>Dzie\u0144 Ratownika GOPR &#8211; Marek Kuchci\u0144ski<\/title>\n<meta name=\"robots\" content=\"index, follow, max-snippet:-1, max-image-preview:large, max-video-preview:-1\" \/>\n<link rel=\"canonical\" href=\"https:\/\/marekkuchcinski.pl\/hu\/wydarzenia\/dzien-ratownika-gopr\/\" \/>\n<meta property=\"og:locale\" content=\"hu_HU\" \/>\n<meta property=\"og:type\" content=\"article\" \/>\n<meta property=\"og:title\" content=\"Dzie\u0144 Ratownika GOPR &#8211; Marek Kuchci\u0144ski\" \/>\n<meta property=\"og:description\" content=\"Ratownicy g\u00f3rscy pe\u0142ni\u0105 w imieniu pa\u0144stwa szczeg\u00f3ln\u0105 rol\u0119 \u2013 dbaj\u0105 o bezpiecze\u0144stwo ludzi, dzia\u0142aj\u0105c w terenie niezwyk\u0142ym: w g\u00f3rach, kt\u00f3re ucz\u0105 nie tylko pokory, ale te\u017c pokazuj\u0105 pi\u0119kno przyrody i estetyk\u0119 krajobrazu. Te okoliczno\u015bci w sferze pokornego odczuwania wznios\u0142o\u015bci, pi\u0119kna przyrody i krajobrazu wyr\u00f3\u017cniaj\u0105 szczeg\u00f3lnie ratownik\u00f3w g\u00f3rskich w gronie r\u00f3\u017cnych organizacji i konfraterni dzia\u0142aj\u0105cych w [&hellip;]\" \/>\n<meta property=\"og:url\" content=\"https:\/\/marekkuchcinski.pl\/hu\/wydarzenia\/dzien-ratownika-gopr\/\" \/>\n<meta property=\"og:site_name\" content=\"Marek Kuchci\u0144ski\" \/>\n<meta property=\"article:published_time\" content=\"2022-08-27T20:59:00+00:00\" \/>\n<meta property=\"article:modified_time\" content=\"2022-08-29T13:51:37+00:00\" \/>\n<meta property=\"og:image\" content=\"https:\/\/marekkuchcinski.pl\/wp-content\/uploads\/2022\/08\/3.jpg\" \/>\n\t<meta property=\"og:image:width\" content=\"1048\" \/>\n\t<meta property=\"og:image:height\" content=\"733\" \/>\n\t<meta property=\"og:image:type\" content=\"image\/jpeg\" \/>\n<meta name=\"author\" content=\"Marta Olejnik\" \/>\n<meta name=\"twitter:card\" content=\"summary_large_image\" \/>\n<meta name=\"twitter:label1\" content=\"Szerz\u0151:\" \/>\n\t<meta name=\"twitter:data1\" content=\"Marta Olejnik\" \/>\n\t<meta name=\"twitter:label2\" content=\"Becs\u00fclt olvas\u00e1si id\u0151\" \/>\n\t<meta name=\"twitter:data2\" content=\"3 perc\" \/>\n<script type=\"application\/ld+json\" class=\"yoast-schema-graph\">{\"@context\":\"https:\/\/schema.org\",\"@graph\":[{\"@type\":\"Article\",\"@id\":\"https:\/\/marekkuchcinski.pl\/wydarzenia\/dzien-ratownika-gopr\/#article\",\"isPartOf\":{\"@id\":\"https:\/\/marekkuchcinski.pl\/wydarzenia\/dzien-ratownika-gopr\/\"},\"author\":{\"name\":\"Marta Olejnik\",\"@id\":\"https:\/\/marekkuchcinski.pl\/#\/schema\/person\/51d5d4ee3b5317b8e4dd2b48af359229\"},\"headline\":\"Dzie\u0144 Ratownika GOPR\",\"datePublished\":\"2022-08-27T20:59:00+00:00\",\"dateModified\":\"2022-08-29T13:51:37+00:00\",\"mainEntityOfPage\":{\"@id\":\"https:\/\/marekkuchcinski.pl\/wydarzenia\/dzien-ratownika-gopr\/\"},\"wordCount\":200,\"commentCount\":0,\"publisher\":{\"@id\":\"https:\/\/marekkuchcinski.pl\/#organization\"},\"image\":{\"@id\":\"https:\/\/marekkuchcinski.pl\/wydarzenia\/dzien-ratownika-gopr\/#primaryimage\"},\"thumbnailUrl\":\"https:\/\/marekkuchcinski.pl\/wp-content\/uploads\/2022\/08\/3.jpg\",\"articleSection\":[\"Podkarpacie\",\"Wydarzenia\"],\"inLanguage\":\"hu\",\"potentialAction\":[{\"@type\":\"CommentAction\",\"name\":\"Comment\",\"target\":[\"https:\/\/marekkuchcinski.pl\/wydarzenia\/dzien-ratownika-gopr\/#respond\"]}]},{\"@type\":\"WebPage\",\"@id\":\"https:\/\/marekkuchcinski.pl\/wydarzenia\/dzien-ratownika-gopr\/\",\"url\":\"https:\/\/marekkuchcinski.pl\/wydarzenia\/dzien-ratownika-gopr\/\",\"name\":\"Dzie\u0144 Ratownika GOPR &#8211; Marek Kuchci\u0144ski\",\"isPartOf\":{\"@id\":\"https:\/\/marekkuchcinski.pl\/#website\"},\"primaryImageOfPage\":{\"@id\":\"https:\/\/marekkuchcinski.pl\/wydarzenia\/dzien-ratownika-gopr\/#primaryimage\"},\"image\":{\"@id\":\"https:\/\/marekkuchcinski.pl\/wydarzenia\/dzien-ratownika-gopr\/#primaryimage\"},\"thumbnailUrl\":\"https:\/\/marekkuchcinski.pl\/wp-content\/uploads\/2022\/08\/3.jpg\",\"datePublished\":\"2022-08-27T20:59:00+00:00\",\"dateModified\":\"2022-08-29T13:51:37+00:00\",\"breadcrumb\":{\"@id\":\"https:\/\/marekkuchcinski.pl\/wydarzenia\/dzien-ratownika-gopr\/#breadcrumb\"},\"inLanguage\":\"hu\",\"potentialAction\":[{\"@type\":\"ReadAction\",\"target\":[\"https:\/\/marekkuchcinski.pl\/wydarzenia\/dzien-ratownika-gopr\/\"]}]},{\"@type\":\"ImageObject\",\"inLanguage\":\"hu\",\"@id\":\"https:\/\/marekkuchcinski.pl\/wydarzenia\/dzien-ratownika-gopr\/#primaryimage\",\"url\":\"https:\/\/marekkuchcinski.pl\/wp-content\/uploads\/2022\/08\/3.jpg\",\"contentUrl\":\"https:\/\/marekkuchcinski.pl\/wp-content\/uploads\/2022\/08\/3.jpg\",\"width\":1048,\"height\":733},{\"@type\":\"BreadcrumbList\",\"@id\":\"https:\/\/marekkuchcinski.pl\/wydarzenia\/dzien-ratownika-gopr\/#breadcrumb\",\"itemListElement\":[{\"@type\":\"ListItem\",\"position\":1,\"name\":\"Strona g\u0142\u00f3wna\",\"item\":\"https:\/\/marekkuchcinski.pl\/\"},{\"@type\":\"ListItem\",\"position\":2,\"name\":\"Dzie\u0144 Ratownika GOPR\"}]},{\"@type\":\"WebSite\",\"@id\":\"https:\/\/marekkuchcinski.pl\/#website\",\"url\":\"https:\/\/marekkuchcinski.pl\/\",\"name\":\"Marek Kuchci\u0144ski\",\"description\":\"Pose\u0142 na sejm RP &ndash; okr\u0119g nr 22\",\"publisher\":{\"@id\":\"https:\/\/marekkuchcinski.pl\/#organization\"},\"potentialAction\":[{\"@type\":\"SearchAction\",\"target\":{\"@type\":\"EntryPoint\",\"urlTemplate\":\"https:\/\/marekkuchcinski.pl\/?s={search_term_string}\"},\"query-input\":{\"@type\":\"PropertyValueSpecification\",\"valueRequired\":true,\"valueName\":\"search_term_string\"}}],\"inLanguage\":\"hu\"},{\"@type\":\"Organization\",\"@id\":\"https:\/\/marekkuchcinski.pl\/#organization\",\"name\":\"Marek Kuchci\u0144ski\",\"url\":\"https:\/\/marekkuchcinski.pl\/\",\"logo\":{\"@type\":\"ImageObject\",\"inLanguage\":\"hu\",\"@id\":\"https:\/\/marekkuchcinski.pl\/#\/schema\/logo\/image\/\",\"url\":\"https:\/\/marekkuchcinski.pl\/wp-content\/uploads\/2022\/09\/Marek.jpg\",\"contentUrl\":\"https:\/\/marekkuchcinski.pl\/wp-content\/uploads\/2022\/09\/Marek.jpg\",\"width\":1600,\"height\":971,\"caption\":\"Marek Kuchci\u0144ski\"},\"image\":{\"@id\":\"https:\/\/marekkuchcinski.pl\/#\/schema\/logo\/image\/\"}},{\"@type\":\"Person\",\"@id\":\"https:\/\/marekkuchcinski.pl\/#\/schema\/person\/51d5d4ee3b5317b8e4dd2b48af359229\",\"name\":\"Marta Olejnik\",\"image\":{\"@type\":\"ImageObject\",\"inLanguage\":\"hu\",\"@id\":\"https:\/\/marekkuchcinski.pl\/#\/schema\/person\/image\/\",\"url\":\"https:\/\/secure.gravatar.com\/avatar\/e39914b2aa6a48959e24d475b5dc9793?s=96&d=mm&r=g\",\"contentUrl\":\"https:\/\/secure.gravatar.com\/avatar\/e39914b2aa6a48959e24d475b5dc9793?s=96&d=mm&r=g\",\"caption\":\"Marta Olejnik\"},\"url\":\"https:\/\/marekkuchcinski.pl\/hu\/author\/marta\/\"}]}<\/script>\n<!-- \/ Yoast SEO plugin. -->","yoast_head_json":{"title":"Dzie\u0144 Ratownika GOPR &#8211; Marek Kuchci\u0144ski","robots":{"index":"index","follow":"follow","max-snippet":"max-snippet:-1","max-image-preview":"max-image-preview:large","max-video-preview":"max-video-preview:-1"},"canonical":"https:\/\/marekkuchcinski.pl\/hu\/wydarzenia\/dzien-ratownika-gopr\/","og_locale":"hu_HU","og_type":"article","og_title":"Dzie\u0144 Ratownika GOPR &#8211; Marek Kuchci\u0144ski","og_description":"Ratownicy g\u00f3rscy pe\u0142ni\u0105 w imieniu pa\u0144stwa szczeg\u00f3ln\u0105 rol\u0119 \u2013 dbaj\u0105 o bezpiecze\u0144stwo ludzi, dzia\u0142aj\u0105c w terenie niezwyk\u0142ym: w g\u00f3rach, kt\u00f3re ucz\u0105 nie tylko pokory, ale te\u017c pokazuj\u0105 pi\u0119kno przyrody i estetyk\u0119 krajobrazu. Te okoliczno\u015bci w sferze pokornego odczuwania wznios\u0142o\u015bci, pi\u0119kna przyrody i krajobrazu wyr\u00f3\u017cniaj\u0105 szczeg\u00f3lnie ratownik\u00f3w g\u00f3rskich w gronie r\u00f3\u017cnych organizacji i konfraterni dzia\u0142aj\u0105cych w [&hellip;]","og_url":"https:\/\/marekkuchcinski.pl\/hu\/wydarzenia\/dzien-ratownika-gopr\/","og_site_name":"Marek Kuchci\u0144ski","article_published_time":"2022-08-27T20:59:00+00:00","article_modified_time":"2022-08-29T13:51:37+00:00","og_image":[{"width":1048,"height":733,"url":"https:\/\/marekkuchcinski.pl\/wp-content\/uploads\/2022\/08\/3.jpg","type":"image\/jpeg"}],"author":"Marta Olejnik","twitter_card":"summary_large_image","twitter_misc":{"Szerz\u0151:":"Marta Olejnik","Becs\u00fclt olvas\u00e1si id\u0151":"3 perc"},"schema":{"@context":"https:\/\/schema.org","@graph":[{"@type":"Article","@id":"https:\/\/marekkuchcinski.pl\/wydarzenia\/dzien-ratownika-gopr\/#article","isPartOf":{"@id":"https:\/\/marekkuchcinski.pl\/wydarzenia\/dzien-ratownika-gopr\/"},"author":{"name":"Marta Olejnik","@id":"https:\/\/marekkuchcinski.pl\/#\/schema\/person\/51d5d4ee3b5317b8e4dd2b48af359229"},"headline":"Dzie\u0144 Ratownika GOPR","datePublished":"2022-08-27T20:59:00+00:00","dateModified":"2022-08-29T13:51:37+00:00","mainEntityOfPage":{"@id":"https:\/\/marekkuchcinski.pl\/wydarzenia\/dzien-ratownika-gopr\/"},"wordCount":200,"commentCount":0,"publisher":{"@id":"https:\/\/marekkuchcinski.pl\/#organization"},"image":{"@id":"https:\/\/marekkuchcinski.pl\/wydarzenia\/dzien-ratownika-gopr\/#primaryimage"},"thumbnailUrl":"https:\/\/marekkuchcinski.pl\/wp-content\/uploads\/2022\/08\/3.jpg","articleSection":["Podkarpacie","Wydarzenia"],"inLanguage":"hu","potentialAction":[{"@type":"CommentAction","name":"Comment","target":["https:\/\/marekkuchcinski.pl\/wydarzenia\/dzien-ratownika-gopr\/#respond"]}]},{"@type":"WebPage","@id":"https:\/\/marekkuchcinski.pl\/wydarzenia\/dzien-ratownika-gopr\/","url":"https:\/\/marekkuchcinski.pl\/wydarzenia\/dzien-ratownika-gopr\/","name":"Dzie\u0144 Ratownika GOPR &#8211; Marek Kuchci\u0144ski","isPartOf":{"@id":"https:\/\/marekkuchcinski.pl\/#website"},"primaryImageOfPage":{"@id":"https:\/\/marekkuchcinski.pl\/wydarzenia\/dzien-ratownika-gopr\/#primaryimage"},"image":{"@id":"https:\/\/marekkuchcinski.pl\/wydarzenia\/dzien-ratownika-gopr\/#primaryimage"},"thumbnailUrl":"https:\/\/marekkuchcinski.pl\/wp-content\/uploads\/2022\/08\/3.jpg","datePublished":"2022-08-27T20:59:00+00:00","dateModified":"2022-08-29T13:51:37+00:00","breadcrumb":{"@id":"https:\/\/marekkuchcinski.pl\/wydarzenia\/dzien-ratownika-gopr\/#breadcrumb"},"inLanguage":"hu","potentialAction":[{"@type":"ReadAction","target":["https:\/\/marekkuchcinski.pl\/wydarzenia\/dzien-ratownika-gopr\/"]}]},{"@type":"ImageObject","inLanguage":"hu","@id":"https:\/\/marekkuchcinski.pl\/wydarzenia\/dzien-ratownika-gopr\/#primaryimage","url":"https:\/\/marekkuchcinski.pl\/wp-content\/uploads\/2022\/08\/3.jpg","contentUrl":"https:\/\/marekkuchcinski.pl\/wp-content\/uploads\/2022\/08\/3.jpg","width":1048,"height":733},{"@type":"BreadcrumbList","@id":"https:\/\/marekkuchcinski.pl\/wydarzenia\/dzien-ratownika-gopr\/#breadcrumb","itemListElement":[{"@type":"ListItem","position":1,"name":"Strona g\u0142\u00f3wna","item":"https:\/\/marekkuchcinski.pl\/"},{"@type":"ListItem","position":2,"name":"Dzie\u0144 Ratownika GOPR"}]},{"@type":"WebSite","@id":"https:\/\/marekkuchcinski.pl\/#website","url":"https:\/\/marekkuchcinski.pl\/","name":"Marek Kuchci\u0144ski","description":"Pose\u0142 na sejm RP &ndash; okr\u0119g nr 22","publisher":{"@id":"https:\/\/marekkuchcinski.pl\/#organization"},"potentialAction":[{"@type":"SearchAction","target":{"@type":"EntryPoint","urlTemplate":"https:\/\/marekkuchcinski.pl\/?s={search_term_string}"},"query-input":{"@type":"PropertyValueSpecification","valueRequired":true,"valueName":"search_term_string"}}],"inLanguage":"hu"},{"@type":"Organization","@id":"https:\/\/marekkuchcinski.pl\/#organization","name":"Marek Kuchci\u0144ski","url":"https:\/\/marekkuchcinski.pl\/","logo":{"@type":"ImageObject","inLanguage":"hu","@id":"https:\/\/marekkuchcinski.pl\/#\/schema\/logo\/image\/","url":"https:\/\/marekkuchcinski.pl\/wp-content\/uploads\/2022\/09\/Marek.jpg","contentUrl":"https:\/\/marekkuchcinski.pl\/wp-content\/uploads\/2022\/09\/Marek.jpg","width":1600,"height":971,"caption":"Marek Kuchci\u0144ski"},"image":{"@id":"https:\/\/marekkuchcinski.pl\/#\/schema\/logo\/image\/"}},{"@type":"Person","@id":"https:\/\/marekkuchcinski.pl\/#\/schema\/person\/51d5d4ee3b5317b8e4dd2b48af359229","name":"Marta Olejnik","image":{"@type":"ImageObject","inLanguage":"hu","@id":"https:\/\/marekkuchcinski.pl\/#\/schema\/person\/image\/","url":"https:\/\/secure.gravatar.com\/avatar\/e39914b2aa6a48959e24d475b5dc9793?s=96&d=mm&r=g","contentUrl":"https:\/\/secure.gravatar.com\/avatar\/e39914b2aa6a48959e24d475b5dc9793?s=96&d=mm&r=g","caption":"Marta Olejnik"},"url":"https:\/\/marekkuchcinski.pl\/hu\/author\/marta\/"}]}},"_links":{"self":[{"href":"https:\/\/marekkuchcinski.pl\/hu\/wp-json\/wp\/v2\/posts\/25931","targetHints":{"allow":["GET"]}}],"collection":[{"href":"https:\/\/marekkuchcinski.pl\/hu\/wp-json\/wp\/v2\/posts"}],"about":[{"href":"https:\/\/marekkuchcinski.pl\/hu\/wp-json\/wp\/v2\/types\/post"}],"author":[{"embeddable":true,"href":"https:\/\/marekkuchcinski.pl\/hu\/wp-json\/wp\/v2\/users\/21"}],"replies":[{"embeddable":true,"href":"https:\/\/marekkuchcinski.pl\/hu\/wp-json\/wp\/v2\/comments?post=25931"}],"version-history":[{"count":2,"href":"https:\/\/marekkuchcinski.pl\/hu\/wp-json\/wp\/v2\/posts\/25931\/revisions"}],"predecessor-version":[{"id":25942,"href":"https:\/\/marekkuchcinski.pl\/hu\/wp-json\/wp\/v2\/posts\/25931\/revisions\/25942"}],"wp:featuredmedia":[{"embeddable":true,"href":"https:\/\/marekkuchcinski.pl\/hu\/wp-json\/wp\/v2\/media\/25935"}],"wp:attachment":[{"href":"https:\/\/marekkuchcinski.pl\/hu\/wp-json\/wp\/v2\/media?parent=25931"}],"wp:term":[{"taxonomy":"category","embeddable":true,"href":"https:\/\/marekkuchcinski.pl\/hu\/wp-json\/wp\/v2\/categories?post=25931"},{"taxonomy":"post_tag","embeddable":true,"href":"https:\/\/marekkuchcinski.pl\/hu\/wp-json\/wp\/v2\/tags?post=25931"}],"curies":[{"name":"wp","href":"https:\/\/api.w.org\/{rel}","templated":true}]}}