{"id":25908,"date":"2022-08-26T12:13:09","date_gmt":"2022-08-26T10:13:09","guid":{"rendered":"https:\/\/marekkuchcinski.pl\/?p=25908"},"modified":"2022-08-26T12:37:10","modified_gmt":"2022-08-26T10:37:10","slug":"wspolne-oswiadczenie-przewodniczacych-komisji-spraw-zagranicznych-o-potrzebie-dalszych-sankcji-wobec-rosji-w-zwiazku-z-jej-agresja-na-ukraine","status":"publish","type":"post","link":"https:\/\/marekkuchcinski.pl\/hu\/wydarzenia\/wspolne-oswiadczenie-przewodniczacych-komisji-spraw-zagranicznych-o-potrzebie-dalszych-sankcji-wobec-rosji-w-zwiazku-z-jej-agresja-na-ukraine\/","title":{"rendered":"Wsp\u00f3lne o\u015bwiadczenie przewodnicz\u0105cych Komisji Spraw Zagranicznych o potrzebie dalszych sankcji wobec Rosji w zwi\u0105zku z jej agresj\u0105 na Ukrain\u0119"},"content":{"rendered":"<p class=\"wp-block-paragraph\">Jako przewodnicz\u0105cy komisji spraw zagranicznych naszych parlament\u00f3w, w odpowiedzi<br>na ci\u0105g\u0142\u0105 \u2014 niesprowokowan\u0105 i niesprawiedliw\u0105 \u2014 wojn\u0119 &nbsp;napastnicz\u0105 prowadzon\u0105 przeciwko Ukrainie przez Federacj\u0119 Rosyjsk\u0105:<\/p>\n\n\n\n<p class=\"wp-block-paragraph\"><em>zwracamy<\/em> uwag\u0119, \u017ce rosyjska wojna &nbsp;napastnicza przeciwko suwerennej Ukrainie, stanowi ra\u017c\u0105ce naruszenie prawa mi\u0119dzynarodowego, w tym Karty Narod\u00f3w Zjednoczonych;<\/p>\n\n\n\n<p class=\"wp-block-paragraph\"><em>podkre\u015blamy<\/em>, \u017ce od czasu niesprowokowanego militarnego ataku Rosji na Ukrain\u0119 w dniu<br>24 lutego 2022 r. dwana\u015bcie milion\u00f3w Ukrai\u0144c\u00f3w zosta\u0142o zmuszonych do opuszczenia swoich dom\u00f3w, a ponad pi\u0119\u0107 milion\u00f3w zosta\u0142o zmuszonych do opuszczenia kraju;<\/p>\n\n\n\n<p class=\"wp-block-paragraph\"><em>odnosimy si\u0119 do<\/em> szeregu doniesie\u0144 organizacji praw cz\u0142owieka i mi\u0119dzynarodowych misji obserwacyjnych na temat okrucie\u0144stw pope\u0142nianych przez rosyjskie si\u0142y zbrojne na ukrai\u0144skich cywilach, w tym tortur, gwa\u0142t\u00f3w, morderstw i masowego przetrzymywania ludno\u015bci cywilnej w tzw. o\u015brodkach filtracyjnych, a tak\u017ce masowych deportacji;<\/p>\n\n\n\n<p class=\"wp-block-paragraph\"><em>podkre\u015blamy<\/em> niemoralny i nielegalny charakter obranej przez Rosj\u0119 taktyki, powszechnego stosowania wyj\u0105tkowo okrutnej, nieprecyzyjnej broni, kt\u00f3ra okalecza i powoduje szczeg\u00f3lne cierpienie. Rosja u\u017cywaj\u0105c tego typu amunicji \u0142amie mi\u0119dzynarodowe normy. Si\u0142y rosyjskie<br>na Ukrainie u\u017cywaj\u0105 zakazanej na ca\u0142ym \u015bwiecie amunicji kasetowej, aby sia\u0107 strach i masowo zabija\u0107 cywil\u00f3w;<\/p>\n\n\n\n<p class=\"wp-block-paragraph\"><em>podkre\u015blamy<\/em>, \u017ce rozmieszczenie rosyjskiego personelu wojskowego i uzbrojenia w Zaporo\u017cu \u2013 najwi\u0119kszej elektrowni j\u0105drowej w Europie \u2013 jest niedopuszczalne i lekcewa\u017cy zasady bezpiecze\u0144stwa i ochrony okre\u015blone w siedmiu filarach bezpiecze\u0144stwa j\u0105drowego;<\/p>\n\n\n\n<p class=\"wp-block-paragraph\"><em>zwracamy uwag\u0119<\/em>, \u017ce obecno\u015b\u0107 rosyjskich si\u0142 zbrojnych w Zaporo\u017cu uniemo\u017cliwia operatorowi i w\u0142adzom Ukrainy wype\u0142nienie ich zobowi\u0105za\u0144 w zakresie bezpiecze\u0144stwa j\u0105drowego<br>i radiologicznego, wynikaj\u0105cych z konwencji mi\u0119dzynarodowych,<\/p>\n\n\n\n<p class=\"wp-block-paragraph\"><em>wzywamy<\/em> Federacj\u0119 Rosyjsk\u0105 do natychmiastowego wycofania swoich si\u0142 zbrojnych<br>i wszelkiego innego nieuprawnionego personelu z Zaporoskiej Elektrowni J\u0105drowej,<br>jej bezpo\u015bredniego otoczenia i ca\u0142ej Ukrainy;<\/p>\n\n\n\n<p class=\"wp-block-paragraph\"><em>ponownie wyra\u017camy<\/em> nasze najostrzejsze pot\u0119pienie trwaj\u0105cej, niesprowokowanej<br>i nieuzasadnionej wojny &nbsp;napastniczej Federacji Rosyjskiej przeciwko Ukrainie. Federacja Rosyjska musi natychmiast wycofa\u0107 swoje wojska z uznanych przez spo\u0142eczno\u015b\u0107 mi\u0119dzynarodow\u0105 granic Ukrainy i szanowa\u0107 terytorium i suwerenno\u015b\u0107 Ukrainy.<\/p>\n\n\n\n<p class=\"wp-block-paragraph\"><strong><em>wzywamy<\/em><\/strong><strong> <\/strong>spo\u0142eczno\u015b\u0107 euroatlantyck\u0105 i jej partner\u00f3w do pilnego wzmocnienia i wdro\u017cenia kompleksowych sankcji wobec Federacji Rosyjskiej w celu powstrzymania zdolno\u015bci armii rosyjskiej do kontynuowania agresji wojskowej na Ukrainie, zwi\u0119kszenia wsparcia wojskowego, finansowego, humanitarnego i dyplomatycznego dla Ukrainy, jednomy\u015blnego poparcia inicjatyw pot\u0119piaj\u0105cych dzia\u0142ania militarne Rosji na Ukrainie i wzywaj\u0105cych do postawienia sprawc\u00f3w przed wymiarem sprawiedliwo\u015bci, odizolowania Rosji od organizacji mi\u0119dzynarodowych i regionalnych, a tak\u017ce przyj\u0119cia r\u00f3wnowa\u017cnych decyzji i ustanowienia r\u00f3wnowa\u017cnych sankcji wobec Bia\u0142orusi jako zwolennika rosyjskiej agresji wojskowej;<\/p>\n\n\n\n<p class=\"wp-block-paragraph\"><strong><em>wzywamy<\/em><\/strong> pa\u0144stwa cz\u0142onkowskie Unii Europejskiej i innych sojusznik\u00f3w zachodnich<br>do natychmiastowego zawieszenia turystyki i ograniczenia wydawania wiz wjazdowych obywatelom Federacji Rosyjskiej<\/p>\n\n\n\n<p class=\"wp-block-paragraph\"><strong><em>upami\u0119tniamy<\/em><\/strong> wszystkie ofiary rosyjskiej agresji na Ukrainie \u2013 tysi\u0105ce cywil\u00f3w i obro\u0144c\u00f3w Ukrainy;<\/p>\n\n\n\n<p class=\"wp-block-paragraph\"><strong><em>wyra\u017camy<\/em><\/strong><strong> <\/strong>solidarno\u015b\u0107 z Ukrain\u0105 i narodem ukrai\u0144skim.<\/p>\n\n\n\n<p class=\"wp-block-paragraph\"><strong>w zwi\u0105zku z jej agresj\u0105 na Ukrain\u0119<\/strong><\/p>\n\n\n\n<figure class=\"wp-block-image size-large\"><a href=\"https:\/\/marekkuchcinski.pl\/wp-content\/uploads\/2022\/08\/0001.jpg\"><img fetchpriority=\"high\" decoding=\"async\" width=\"724\" height=\"1024\" src=\"https:\/\/marekkuchcinski.pl\/wp-content\/uploads\/2022\/08\/0001-724x1024.jpg\" alt=\"\" class=\"wp-image-25909\" srcset=\"https:\/\/marekkuchcinski.pl\/wp-content\/uploads\/2022\/08\/0001-724x1024.jpg 724w, https:\/\/marekkuchcinski.pl\/wp-content\/uploads\/2022\/08\/0001-212x300.jpg 212w, https:\/\/marekkuchcinski.pl\/wp-content\/uploads\/2022\/08\/0001-768x1086.jpg 768w, https:\/\/marekkuchcinski.pl\/wp-content\/uploads\/2022\/08\/0001-1086x1536.jpg 1086w, https:\/\/marekkuchcinski.pl\/wp-content\/uploads\/2022\/08\/0001-8x12.jpg 8w, https:\/\/marekkuchcinski.pl\/wp-content\/uploads\/2022\/08\/0001.jpg 1131w\" sizes=\"(max-width: 724px) 100vw, 724px\" \/><\/a><\/figure>\n\n\n\n<figure class=\"wp-block-image size-large\"><a href=\"https:\/\/marekkuchcinski.pl\/wp-content\/uploads\/2022\/08\/0002.jpg\"><img decoding=\"async\" width=\"724\" height=\"1024\" src=\"https:\/\/marekkuchcinski.pl\/wp-content\/uploads\/2022\/08\/0002-724x1024.jpg\" alt=\"\" class=\"wp-image-25910\" srcset=\"https:\/\/marekkuchcinski.pl\/wp-content\/uploads\/2022\/08\/0002-724x1024.jpg 724w, https:\/\/marekkuchcinski.pl\/wp-content\/uploads\/2022\/08\/0002-212x300.jpg 212w, https:\/\/marekkuchcinski.pl\/wp-content\/uploads\/2022\/08\/0002-768x1086.jpg 768w, https:\/\/marekkuchcinski.pl\/wp-content\/uploads\/2022\/08\/0002-1086x1536.jpg 1086w, https:\/\/marekkuchcinski.pl\/wp-content\/uploads\/2022\/08\/0002-8x12.jpg 8w, https:\/\/marekkuchcinski.pl\/wp-content\/uploads\/2022\/08\/0002.jpg 1131w\" sizes=\"(max-width: 724px) 100vw, 724px\" \/><\/a><\/figure>\n\n\n\n<figure class=\"wp-block-image size-full\"><a href=\"https:\/\/marekkuchcinski.pl\/wp-content\/uploads\/2022\/08\/Oswiadczenie-ang1.jpeg\"><img decoding=\"async\" width=\"481\" height=\"680\" src=\"https:\/\/marekkuchcinski.pl\/wp-content\/uploads\/2022\/08\/Oswiadczenie-ang1.jpeg\" alt=\"\" class=\"wp-image-25911\" srcset=\"https:\/\/marekkuchcinski.pl\/wp-content\/uploads\/2022\/08\/Oswiadczenie-ang1.jpeg 481w, https:\/\/marekkuchcinski.pl\/wp-content\/uploads\/2022\/08\/Oswiadczenie-ang1-212x300.jpeg 212w, https:\/\/marekkuchcinski.pl\/wp-content\/uploads\/2022\/08\/Oswiadczenie-ang1-8x12.jpeg 8w\" sizes=\"(max-width: 481px) 100vw, 481px\" \/><\/a><\/figure>\n\n\n\n<figure class=\"wp-block-image size-full\"><a href=\"https:\/\/marekkuchcinski.pl\/wp-content\/uploads\/2022\/08\/Oswiadczenie-ang2.jpeg\"><img loading=\"lazy\" decoding=\"async\" width=\"481\" height=\"680\" src=\"https:\/\/marekkuchcinski.pl\/wp-content\/uploads\/2022\/08\/Oswiadczenie-ang2.jpeg\" alt=\"\" class=\"wp-image-25912\" srcset=\"https:\/\/marekkuchcinski.pl\/wp-content\/uploads\/2022\/08\/Oswiadczenie-ang2.jpeg 481w, https:\/\/marekkuchcinski.pl\/wp-content\/uploads\/2022\/08\/Oswiadczenie-ang2-212x300.jpeg 212w, https:\/\/marekkuchcinski.pl\/wp-content\/uploads\/2022\/08\/Oswiadczenie-ang2-8x12.jpeg 8w\" sizes=\"(max-width: 481px) 100vw, 481px\" \/><\/a><\/figure>","protected":false},"excerpt":{"rendered":"<p>Jako przewodnicz\u0105cy komisji spraw zagranicznych naszych parlament\u00f3w, w odpowiedzina ci\u0105g\u0142\u0105 \u2014 niesprowokowan\u0105 i niesprawiedliw\u0105 \u2014 wojn\u0119 &nbsp;napastnicz\u0105 prowadzon\u0105 przeciwko Ukrainie przez Federacj\u0119 Rosyjsk\u0105: zwracamy uwag\u0119, \u017ce rosyjska wojna &nbsp;napastnicza przeciwko suwerennej Ukrainie, stanowi ra\u017c\u0105ce naruszenie prawa mi\u0119dzynarodowego, w tym Karty Narod\u00f3w Zjednoczonych; podkre\u015blamy, \u017ce od czasu niesprowokowanego militarnego ataku Rosji na Ukrain\u0119 w dniu24 lutego [&hellip;]<\/p>\n","protected":false},"author":3,"featured_media":25914,"comment_status":"open","ping_status":"open","sticky":false,"template":"","format":"standard","meta":{"ngg_post_thumbnail":0,"footnotes":""},"categories":[50,3],"tags":[],"class_list":["post-25908","post","type-post","status-publish","format-standard","has-post-thumbnail","hentry","category-wspolpraca-miedzynarodowa","category-wydarzenia"],"yoast_head":"<!-- This site is optimized with the Yoast SEO plugin v28.4 - https:\/\/yoast.com\/product\/yoast-seo-wordpress\/ -->\n<title>Wsp\u00f3lne o\u015bwiadczenie przewodnicz\u0105cych Komisji Spraw Zagranicznych o potrzebie dalszych sankcji wobec Rosji w zwi\u0105zku z jej agresj\u0105 na Ukrain\u0119 &#8211; Marek Kuchci\u0144ski<\/title>\n<meta name=\"robots\" content=\"index, follow, max-snippet:-1, max-image-preview:large, max-video-preview:-1\" \/>\n<link rel=\"canonical\" href=\"https:\/\/marekkuchcinski.pl\/hu\/wydarzenia\/wspolne-oswiadczenie-przewodniczacych-komisji-spraw-zagranicznych-o-potrzebie-dalszych-sankcji-wobec-rosji-w-zwiazku-z-jej-agresja-na-ukraine\/\" \/>\n<meta property=\"og:locale\" content=\"hu_HU\" \/>\n<meta property=\"og:type\" content=\"article\" \/>\n<meta property=\"og:title\" content=\"Wsp\u00f3lne o\u015bwiadczenie przewodnicz\u0105cych Komisji Spraw Zagranicznych o potrzebie dalszych sankcji wobec Rosji w zwi\u0105zku z jej agresj\u0105 na Ukrain\u0119 &#8211; Marek Kuchci\u0144ski\" \/>\n<meta property=\"og:description\" content=\"Jako przewodnicz\u0105cy komisji spraw zagranicznych naszych parlament\u00f3w, w odpowiedzina ci\u0105g\u0142\u0105 \u2014 niesprowokowan\u0105 i niesprawiedliw\u0105 \u2014 wojn\u0119 &nbsp;napastnicz\u0105 prowadzon\u0105 przeciwko Ukrainie przez Federacj\u0119 Rosyjsk\u0105: zwracamy uwag\u0119, \u017ce rosyjska wojna &nbsp;napastnicza przeciwko suwerennej Ukrainie, stanowi ra\u017c\u0105ce naruszenie prawa mi\u0119dzynarodowego, w tym Karty Narod\u00f3w Zjednoczonych; podkre\u015blamy, \u017ce od czasu niesprowokowanego militarnego ataku Rosji na Ukrain\u0119 w dniu24 lutego [&hellip;]\" \/>\n<meta property=\"og:url\" content=\"https:\/\/marekkuchcinski.pl\/hu\/wydarzenia\/wspolne-oswiadczenie-przewodniczacych-komisji-spraw-zagranicznych-o-potrzebie-dalszych-sankcji-wobec-rosji-w-zwiazku-z-jej-agresja-na-ukraine\/\" \/>\n<meta property=\"og:site_name\" content=\"Marek Kuchci\u0144ski\" \/>\n<meta property=\"article:published_time\" content=\"2022-08-26T10:13:09+00:00\" \/>\n<meta property=\"article:modified_time\" content=\"2022-08-26T10:37:10+00:00\" \/>\n<meta property=\"og:image\" content=\"https:\/\/marekkuchcinski.pl\/wp-content\/uploads\/2022\/08\/MKKO_edited_edited.jpg\" \/>\n\t<meta property=\"og:image:width\" content=\"1600\" \/>\n\t<meta property=\"og:image:height\" content=\"846\" \/>\n\t<meta property=\"og:image:type\" content=\"image\/jpeg\" \/>\n<meta name=\"author\" content=\"Marta Olejnik\" \/>\n<meta name=\"twitter:card\" content=\"summary_large_image\" \/>\n<meta name=\"twitter:label1\" content=\"Written by\" \/>\n\t<meta name=\"twitter:data1\" content=\"Marta Olejnik\" \/>\n\t<meta name=\"twitter:label2\" content=\"Est. reading time\" \/>\n\t<meta name=\"twitter:data2\" content=\"3 minutes\" \/>\n<script type=\"application\/ld+json\" class=\"yoast-schema-graph\">{\"@context\":\"https:\\\/\\\/schema.org\",\"@graph\":[{\"@type\":\"Article\",\"@id\":\"https:\\\/\\\/marekkuchcinski.pl\\\/wydarzenia\\\/wspolne-oswiadczenie-przewodniczacych-komisji-spraw-zagranicznych-o-potrzebie-dalszych-sankcji-wobec-rosji-w-zwiazku-z-jej-agresja-na-ukraine\\\/#article\",\"isPartOf\":{\"@id\":\"https:\\\/\\\/marekkuchcinski.pl\\\/wydarzenia\\\/wspolne-oswiadczenie-przewodniczacych-komisji-spraw-zagranicznych-o-potrzebie-dalszych-sankcji-wobec-rosji-w-zwiazku-z-jej-agresja-na-ukraine\\\/\"},\"author\":{\"name\":\"Marta Olejnik\",\"@id\":\"https:\\\/\\\/marekkuchcinski.pl\\\/#\\\/schema\\\/person\\\/bd3f15dee67fee76e83c8350d0154101\"},\"headline\":\"Wsp\u00f3lne o\u015bwiadczenie przewodnicz\u0105cych Komisji Spraw Zagranicznych o potrzebie dalszych sankcji wobec Rosji w zwi\u0105zku z jej agresj\u0105 na Ukrain\u0119\",\"datePublished\":\"2022-08-26T10:13:09+00:00\",\"dateModified\":\"2022-08-26T10:37:10+00:00\",\"mainEntityOfPage\":{\"@id\":\"https:\\\/\\\/marekkuchcinski.pl\\\/wydarzenia\\\/wspolne-oswiadczenie-przewodniczacych-komisji-spraw-zagranicznych-o-potrzebie-dalszych-sankcji-wobec-rosji-w-zwiazku-z-jej-agresja-na-ukraine\\\/\"},\"wordCount\":514,\"commentCount\":0,\"publisher\":{\"@id\":\"https:\\\/\\\/marekkuchcinski.pl\\\/#organization\"},\"image\":{\"@id\":\"https:\\\/\\\/marekkuchcinski.pl\\\/wydarzenia\\\/wspolne-oswiadczenie-przewodniczacych-komisji-spraw-zagranicznych-o-potrzebie-dalszych-sankcji-wobec-rosji-w-zwiazku-z-jej-agresja-na-ukraine\\\/#primaryimage\"},\"thumbnailUrl\":\"https:\\\/\\\/marekkuchcinski.pl\\\/wp-content\\\/uploads\\\/2022\\\/08\\\/MKKO_edited_edited.jpg\",\"articleSection\":[\"Wsp\u00f3\u0142praca mi\u0119dzynarodowa\",\"Wydarzenia\"],\"inLanguage\":\"hu-HU\",\"potentialAction\":[{\"@type\":\"CommentAction\",\"name\":\"Comment\",\"target\":[\"https:\\\/\\\/marekkuchcinski.pl\\\/wydarzenia\\\/wspolne-oswiadczenie-przewodniczacych-komisji-spraw-zagranicznych-o-potrzebie-dalszych-sankcji-wobec-rosji-w-zwiazku-z-jej-agresja-na-ukraine\\\/#respond\"]}]},{\"@type\":\"WebPage\",\"@id\":\"https:\\\/\\\/marekkuchcinski.pl\\\/wydarzenia\\\/wspolne-oswiadczenie-przewodniczacych-komisji-spraw-zagranicznych-o-potrzebie-dalszych-sankcji-wobec-rosji-w-zwiazku-z-jej-agresja-na-ukraine\\\/\",\"url\":\"https:\\\/\\\/marekkuchcinski.pl\\\/wydarzenia\\\/wspolne-oswiadczenie-przewodniczacych-komisji-spraw-zagranicznych-o-potrzebie-dalszych-sankcji-wobec-rosji-w-zwiazku-z-jej-agresja-na-ukraine\\\/\",\"name\":\"Wsp\u00f3lne o\u015bwiadczenie przewodnicz\u0105cych Komisji Spraw Zagranicznych o potrzebie dalszych sankcji wobec Rosji w zwi\u0105zku z jej agresj\u0105 na Ukrain\u0119 &#8211; Marek Kuchci\u0144ski\",\"isPartOf\":{\"@id\":\"https:\\\/\\\/marekkuchcinski.pl\\\/#website\"},\"primaryImageOfPage\":{\"@id\":\"https:\\\/\\\/marekkuchcinski.pl\\\/wydarzenia\\\/wspolne-oswiadczenie-przewodniczacych-komisji-spraw-zagranicznych-o-potrzebie-dalszych-sankcji-wobec-rosji-w-zwiazku-z-jej-agresja-na-ukraine\\\/#primaryimage\"},\"image\":{\"@id\":\"https:\\\/\\\/marekkuchcinski.pl\\\/wydarzenia\\\/wspolne-oswiadczenie-przewodniczacych-komisji-spraw-zagranicznych-o-potrzebie-dalszych-sankcji-wobec-rosji-w-zwiazku-z-jej-agresja-na-ukraine\\\/#primaryimage\"},\"thumbnailUrl\":\"https:\\\/\\\/marekkuchcinski.pl\\\/wp-content\\\/uploads\\\/2022\\\/08\\\/MKKO_edited_edited.jpg\",\"datePublished\":\"2022-08-26T10:13:09+00:00\",\"dateModified\":\"2022-08-26T10:37:10+00:00\",\"breadcrumb\":{\"@id\":\"https:\\\/\\\/marekkuchcinski.pl\\\/wydarzenia\\\/wspolne-oswiadczenie-przewodniczacych-komisji-spraw-zagranicznych-o-potrzebie-dalszych-sankcji-wobec-rosji-w-zwiazku-z-jej-agresja-na-ukraine\\\/#breadcrumb\"},\"inLanguage\":\"hu-HU\",\"potentialAction\":[{\"@type\":\"ReadAction\",\"target\":[\"https:\\\/\\\/marekkuchcinski.pl\\\/wydarzenia\\\/wspolne-oswiadczenie-przewodniczacych-komisji-spraw-zagranicznych-o-potrzebie-dalszych-sankcji-wobec-rosji-w-zwiazku-z-jej-agresja-na-ukraine\\\/\"]}]},{\"@type\":\"ImageObject\",\"inLanguage\":\"hu-HU\",\"@id\":\"https:\\\/\\\/marekkuchcinski.pl\\\/wydarzenia\\\/wspolne-oswiadczenie-przewodniczacych-komisji-spraw-zagranicznych-o-potrzebie-dalszych-sankcji-wobec-rosji-w-zwiazku-z-jej-agresja-na-ukraine\\\/#primaryimage\",\"url\":\"https:\\\/\\\/marekkuchcinski.pl\\\/wp-content\\\/uploads\\\/2022\\\/08\\\/MKKO_edited_edited.jpg\",\"contentUrl\":\"https:\\\/\\\/marekkuchcinski.pl\\\/wp-content\\\/uploads\\\/2022\\\/08\\\/MKKO_edited_edited.jpg\",\"width\":1600,\"height\":846},{\"@type\":\"BreadcrumbList\",\"@id\":\"https:\\\/\\\/marekkuchcinski.pl\\\/wydarzenia\\\/wspolne-oswiadczenie-przewodniczacych-komisji-spraw-zagranicznych-o-potrzebie-dalszych-sankcji-wobec-rosji-w-zwiazku-z-jej-agresja-na-ukraine\\\/#breadcrumb\",\"itemListElement\":[{\"@type\":\"ListItem\",\"position\":1,\"name\":\"Strona g\u0142\u00f3wna\",\"item\":\"https:\\\/\\\/marekkuchcinski.pl\\\/\"},{\"@type\":\"ListItem\",\"position\":2,\"name\":\"Wsp\u00f3lne o\u015bwiadczenie przewodnicz\u0105cych Komisji Spraw Zagranicznych o potrzebie dalszych sankcji wobec Rosji w zwi\u0105zku z jej agresj\u0105 na Ukrain\u0119\"}]},{\"@type\":\"WebSite\",\"@id\":\"https:\\\/\\\/marekkuchcinski.pl\\\/#website\",\"url\":\"https:\\\/\\\/marekkuchcinski.pl\\\/\",\"name\":\"Marek Kuchci\u0144ski\",\"description\":\"Marek Kuchci\u0144ski \",\"publisher\":{\"@id\":\"https:\\\/\\\/marekkuchcinski.pl\\\/#organization\"},\"potentialAction\":[{\"@type\":\"SearchAction\",\"target\":{\"@type\":\"EntryPoint\",\"urlTemplate\":\"https:\\\/\\\/marekkuchcinski.pl\\\/?s={search_term_string}\"},\"query-input\":{\"@type\":\"PropertyValueSpecification\",\"valueRequired\":true,\"valueName\":\"search_term_string\"}}],\"inLanguage\":\"hu-HU\"},{\"@type\":\"Organization\",\"@id\":\"https:\\\/\\\/marekkuchcinski.pl\\\/#organization\",\"name\":\"Marek Kuchci\u0144ski\",\"url\":\"https:\\\/\\\/marekkuchcinski.pl\\\/\",\"logo\":{\"@type\":\"ImageObject\",\"inLanguage\":\"hu-HU\",\"@id\":\"https:\\\/\\\/marekkuchcinski.pl\\\/#\\\/schema\\\/logo\\\/image\\\/\",\"url\":\"https:\\\/\\\/marekkuchcinski.pl\\\/wp-content\\\/uploads\\\/2022\\\/09\\\/Marek.jpg\",\"contentUrl\":\"https:\\\/\\\/marekkuchcinski.pl\\\/wp-content\\\/uploads\\\/2022\\\/09\\\/Marek.jpg\",\"width\":1600,\"height\":971,\"caption\":\"Marek Kuchci\u0144ski\"},\"image\":{\"@id\":\"https:\\\/\\\/marekkuchcinski.pl\\\/#\\\/schema\\\/logo\\\/image\\\/\"}},{\"@type\":\"Person\",\"@id\":\"https:\\\/\\\/marekkuchcinski.pl\\\/#\\\/schema\\\/person\\\/bd3f15dee67fee76e83c8350d0154101\",\"name\":\"Marta Olejnik\",\"image\":{\"@type\":\"ImageObject\",\"inLanguage\":\"hu-HU\",\"@id\":\"https:\\\/\\\/secure.gravatar.com\\\/avatar\\\/24754edd6080383402e292374b406b553027d572e97d60e7aa89a6940e88659a?s=96&d=mm&r=g\",\"url\":\"https:\\\/\\\/secure.gravatar.com\\\/avatar\\\/24754edd6080383402e292374b406b553027d572e97d60e7aa89a6940e88659a?s=96&d=mm&r=g\",\"contentUrl\":\"https:\\\/\\\/secure.gravatar.com\\\/avatar\\\/24754edd6080383402e292374b406b553027d572e97d60e7aa89a6940e88659a?s=96&d=mm&r=g\",\"caption\":\"Marta Olejnik\"},\"url\":\"https:\\\/\\\/marekkuchcinski.pl\\\/hu\\\/author\\\/marta\\\/\"}]}<\/script>\n<!-- \/ Yoast SEO plugin. -->","yoast_head_json":{"title":"Wsp\u00f3lne o\u015bwiadczenie przewodnicz\u0105cych Komisji Spraw Zagranicznych o potrzebie dalszych sankcji wobec Rosji w zwi\u0105zku z jej agresj\u0105 na Ukrain\u0119 &#8211; Marek Kuchci\u0144ski","robots":{"index":"index","follow":"follow","max-snippet":"max-snippet:-1","max-image-preview":"max-image-preview:large","max-video-preview":"max-video-preview:-1"},"canonical":"https:\/\/marekkuchcinski.pl\/hu\/wydarzenia\/wspolne-oswiadczenie-przewodniczacych-komisji-spraw-zagranicznych-o-potrzebie-dalszych-sankcji-wobec-rosji-w-zwiazku-z-jej-agresja-na-ukraine\/","og_locale":"hu_HU","og_type":"article","og_title":"Wsp\u00f3lne o\u015bwiadczenie przewodnicz\u0105cych Komisji Spraw Zagranicznych o potrzebie dalszych sankcji wobec Rosji w zwi\u0105zku z jej agresj\u0105 na Ukrain\u0119 &#8211; Marek Kuchci\u0144ski","og_description":"Jako przewodnicz\u0105cy komisji spraw zagranicznych naszych parlament\u00f3w, w odpowiedzina ci\u0105g\u0142\u0105 \u2014 niesprowokowan\u0105 i niesprawiedliw\u0105 \u2014 wojn\u0119 &nbsp;napastnicz\u0105 prowadzon\u0105 przeciwko Ukrainie przez Federacj\u0119 Rosyjsk\u0105: zwracamy uwag\u0119, \u017ce rosyjska wojna &nbsp;napastnicza przeciwko suwerennej Ukrainie, stanowi ra\u017c\u0105ce naruszenie prawa mi\u0119dzynarodowego, w tym Karty Narod\u00f3w Zjednoczonych; podkre\u015blamy, \u017ce od czasu niesprowokowanego militarnego ataku Rosji na Ukrain\u0119 w dniu24 lutego [&hellip;]","og_url":"https:\/\/marekkuchcinski.pl\/hu\/wydarzenia\/wspolne-oswiadczenie-przewodniczacych-komisji-spraw-zagranicznych-o-potrzebie-dalszych-sankcji-wobec-rosji-w-zwiazku-z-jej-agresja-na-ukraine\/","og_site_name":"Marek Kuchci\u0144ski","article_published_time":"2022-08-26T10:13:09+00:00","article_modified_time":"2022-08-26T10:37:10+00:00","og_image":[{"width":1600,"height":846,"url":"https:\/\/marekkuchcinski.pl\/wp-content\/uploads\/2022\/08\/MKKO_edited_edited.jpg","type":"image\/jpeg"}],"author":"Marta Olejnik","twitter_card":"summary_large_image","twitter_misc":{"Written by":"Marta Olejnik","Est. reading time":"3 minutes"},"schema":{"@context":"https:\/\/schema.org","@graph":[{"@type":"Article","@id":"https:\/\/marekkuchcinski.pl\/wydarzenia\/wspolne-oswiadczenie-przewodniczacych-komisji-spraw-zagranicznych-o-potrzebie-dalszych-sankcji-wobec-rosji-w-zwiazku-z-jej-agresja-na-ukraine\/#article","isPartOf":{"@id":"https:\/\/marekkuchcinski.pl\/wydarzenia\/wspolne-oswiadczenie-przewodniczacych-komisji-spraw-zagranicznych-o-potrzebie-dalszych-sankcji-wobec-rosji-w-zwiazku-z-jej-agresja-na-ukraine\/"},"author":{"name":"Marta Olejnik","@id":"https:\/\/marekkuchcinski.pl\/#\/schema\/person\/bd3f15dee67fee76e83c8350d0154101"},"headline":"Wsp\u00f3lne o\u015bwiadczenie przewodnicz\u0105cych Komisji Spraw Zagranicznych o potrzebie dalszych sankcji wobec Rosji w zwi\u0105zku z jej agresj\u0105 na Ukrain\u0119","datePublished":"2022-08-26T10:13:09+00:00","dateModified":"2022-08-26T10:37:10+00:00","mainEntityOfPage":{"@id":"https:\/\/marekkuchcinski.pl\/wydarzenia\/wspolne-oswiadczenie-przewodniczacych-komisji-spraw-zagranicznych-o-potrzebie-dalszych-sankcji-wobec-rosji-w-zwiazku-z-jej-agresja-na-ukraine\/"},"wordCount":514,"commentCount":0,"publisher":{"@id":"https:\/\/marekkuchcinski.pl\/#organization"},"image":{"@id":"https:\/\/marekkuchcinski.pl\/wydarzenia\/wspolne-oswiadczenie-przewodniczacych-komisji-spraw-zagranicznych-o-potrzebie-dalszych-sankcji-wobec-rosji-w-zwiazku-z-jej-agresja-na-ukraine\/#primaryimage"},"thumbnailUrl":"https:\/\/marekkuchcinski.pl\/wp-content\/uploads\/2022\/08\/MKKO_edited_edited.jpg","articleSection":["Wsp\u00f3\u0142praca mi\u0119dzynarodowa","Wydarzenia"],"inLanguage":"hu-HU","potentialAction":[{"@type":"CommentAction","name":"Comment","target":["https:\/\/marekkuchcinski.pl\/wydarzenia\/wspolne-oswiadczenie-przewodniczacych-komisji-spraw-zagranicznych-o-potrzebie-dalszych-sankcji-wobec-rosji-w-zwiazku-z-jej-agresja-na-ukraine\/#respond"]}]},{"@type":"WebPage","@id":"https:\/\/marekkuchcinski.pl\/wydarzenia\/wspolne-oswiadczenie-przewodniczacych-komisji-spraw-zagranicznych-o-potrzebie-dalszych-sankcji-wobec-rosji-w-zwiazku-z-jej-agresja-na-ukraine\/","url":"https:\/\/marekkuchcinski.pl\/wydarzenia\/wspolne-oswiadczenie-przewodniczacych-komisji-spraw-zagranicznych-o-potrzebie-dalszych-sankcji-wobec-rosji-w-zwiazku-z-jej-agresja-na-ukraine\/","name":"Wsp\u00f3lne o\u015bwiadczenie przewodnicz\u0105cych Komisji Spraw Zagranicznych o potrzebie dalszych sankcji wobec Rosji w zwi\u0105zku z jej agresj\u0105 na Ukrain\u0119 &#8211; Marek Kuchci\u0144ski","isPartOf":{"@id":"https:\/\/marekkuchcinski.pl\/#website"},"primaryImageOfPage":{"@id":"https:\/\/marekkuchcinski.pl\/wydarzenia\/wspolne-oswiadczenie-przewodniczacych-komisji-spraw-zagranicznych-o-potrzebie-dalszych-sankcji-wobec-rosji-w-zwiazku-z-jej-agresja-na-ukraine\/#primaryimage"},"image":{"@id":"https:\/\/marekkuchcinski.pl\/wydarzenia\/wspolne-oswiadczenie-przewodniczacych-komisji-spraw-zagranicznych-o-potrzebie-dalszych-sankcji-wobec-rosji-w-zwiazku-z-jej-agresja-na-ukraine\/#primaryimage"},"thumbnailUrl":"https:\/\/marekkuchcinski.pl\/wp-content\/uploads\/2022\/08\/MKKO_edited_edited.jpg","datePublished":"2022-08-26T10:13:09+00:00","dateModified":"2022-08-26T10:37:10+00:00","breadcrumb":{"@id":"https:\/\/marekkuchcinski.pl\/wydarzenia\/wspolne-oswiadczenie-przewodniczacych-komisji-spraw-zagranicznych-o-potrzebie-dalszych-sankcji-wobec-rosji-w-zwiazku-z-jej-agresja-na-ukraine\/#breadcrumb"},"inLanguage":"hu-HU","potentialAction":[{"@type":"ReadAction","target":["https:\/\/marekkuchcinski.pl\/wydarzenia\/wspolne-oswiadczenie-przewodniczacych-komisji-spraw-zagranicznych-o-potrzebie-dalszych-sankcji-wobec-rosji-w-zwiazku-z-jej-agresja-na-ukraine\/"]}]},{"@type":"ImageObject","inLanguage":"hu-HU","@id":"https:\/\/marekkuchcinski.pl\/wydarzenia\/wspolne-oswiadczenie-przewodniczacych-komisji-spraw-zagranicznych-o-potrzebie-dalszych-sankcji-wobec-rosji-w-zwiazku-z-jej-agresja-na-ukraine\/#primaryimage","url":"https:\/\/marekkuchcinski.pl\/wp-content\/uploads\/2022\/08\/MKKO_edited_edited.jpg","contentUrl":"https:\/\/marekkuchcinski.pl\/wp-content\/uploads\/2022\/08\/MKKO_edited_edited.jpg","width":1600,"height":846},{"@type":"BreadcrumbList","@id":"https:\/\/marekkuchcinski.pl\/wydarzenia\/wspolne-oswiadczenie-przewodniczacych-komisji-spraw-zagranicznych-o-potrzebie-dalszych-sankcji-wobec-rosji-w-zwiazku-z-jej-agresja-na-ukraine\/#breadcrumb","itemListElement":[{"@type":"ListItem","position":1,"name":"Strona g\u0142\u00f3wna","item":"https:\/\/marekkuchcinski.pl\/"},{"@type":"ListItem","position":2,"name":"Wsp\u00f3lne o\u015bwiadczenie przewodnicz\u0105cych Komisji Spraw Zagranicznych o potrzebie dalszych sankcji wobec Rosji w zwi\u0105zku z jej agresj\u0105 na Ukrain\u0119"}]},{"@type":"WebSite","@id":"https:\/\/marekkuchcinski.pl\/#website","url":"https:\/\/marekkuchcinski.pl\/","name":"Marek Kuchci\u0144ski","description":"Marek Kuchci\u0144ski","publisher":{"@id":"https:\/\/marekkuchcinski.pl\/#organization"},"potentialAction":[{"@type":"SearchAction","target":{"@type":"EntryPoint","urlTemplate":"https:\/\/marekkuchcinski.pl\/?s={search_term_string}"},"query-input":{"@type":"PropertyValueSpecification","valueRequired":true,"valueName":"search_term_string"}}],"inLanguage":"hu-HU"},{"@type":"Organization","@id":"https:\/\/marekkuchcinski.pl\/#organization","name":"Marek Kuchci\u0144ski","url":"https:\/\/marekkuchcinski.pl\/","logo":{"@type":"ImageObject","inLanguage":"hu-HU","@id":"https:\/\/marekkuchcinski.pl\/#\/schema\/logo\/image\/","url":"https:\/\/marekkuchcinski.pl\/wp-content\/uploads\/2022\/09\/Marek.jpg","contentUrl":"https:\/\/marekkuchcinski.pl\/wp-content\/uploads\/2022\/09\/Marek.jpg","width":1600,"height":971,"caption":"Marek Kuchci\u0144ski"},"image":{"@id":"https:\/\/marekkuchcinski.pl\/#\/schema\/logo\/image\/"}},{"@type":"Person","@id":"https:\/\/marekkuchcinski.pl\/#\/schema\/person\/bd3f15dee67fee76e83c8350d0154101","name":"Marta Olejnik","image":{"@type":"ImageObject","inLanguage":"hu-HU","@id":"https:\/\/secure.gravatar.com\/avatar\/24754edd6080383402e292374b406b553027d572e97d60e7aa89a6940e88659a?s=96&d=mm&r=g","url":"https:\/\/secure.gravatar.com\/avatar\/24754edd6080383402e292374b406b553027d572e97d60e7aa89a6940e88659a?s=96&d=mm&r=g","contentUrl":"https:\/\/secure.gravatar.com\/avatar\/24754edd6080383402e292374b406b553027d572e97d60e7aa89a6940e88659a?s=96&d=mm&r=g","caption":"Marta Olejnik"},"url":"https:\/\/marekkuchcinski.pl\/hu\/author\/marta\/"}]}},"_links":{"self":[{"href":"https:\/\/marekkuchcinski.pl\/hu\/wp-json\/wp\/v2\/posts\/25908","targetHints":{"allow":["GET"]}}],"collection":[{"href":"https:\/\/marekkuchcinski.pl\/hu\/wp-json\/wp\/v2\/posts"}],"about":[{"href":"https:\/\/marekkuchcinski.pl\/hu\/wp-json\/wp\/v2\/types\/post"}],"author":[{"embeddable":true,"href":"https:\/\/marekkuchcinski.pl\/hu\/wp-json\/wp\/v2\/users\/3"}],"replies":[{"embeddable":true,"href":"https:\/\/marekkuchcinski.pl\/hu\/wp-json\/wp\/v2\/comments?post=25908"}],"version-history":[{"count":1,"href":"https:\/\/marekkuchcinski.pl\/hu\/wp-json\/wp\/v2\/posts\/25908\/revisions"}],"predecessor-version":[{"id":25913,"href":"https:\/\/marekkuchcinski.pl\/hu\/wp-json\/wp\/v2\/posts\/25908\/revisions\/25913"}],"wp:featuredmedia":[{"embeddable":true,"href":"https:\/\/marekkuchcinski.pl\/hu\/wp-json\/wp\/v2\/media\/25914"}],"wp:attachment":[{"href":"https:\/\/marekkuchcinski.pl\/hu\/wp-json\/wp\/v2\/media?parent=25908"}],"wp:term":[{"taxonomy":"category","embeddable":true,"href":"https:\/\/marekkuchcinski.pl\/hu\/wp-json\/wp\/v2\/categories?post=25908"},{"taxonomy":"post_tag","embeddable":true,"href":"https:\/\/marekkuchcinski.pl\/hu\/wp-json\/wp\/v2\/tags?post=25908"}],"curies":[{"name":"wp","href":"https:\/\/api.w.org\/{rel}","templated":true}]}}