{"id":25481,"date":"2022-06-12T21:58:41","date_gmt":"2022-06-12T19:58:41","guid":{"rendered":"https:\/\/marekkuchcinski.pl\/?p=25481"},"modified":"2022-06-16T15:59:43","modified_gmt":"2022-06-16T13:59:43","slug":"kuchcinski-szukajac-wspoldzialania-patrzymy-na-kraje-trojmorza-ale-tez-jeszcze-szerzej","status":"publish","type":"post","link":"https:\/\/marekkuchcinski.pl\/hu\/bez-kategorii\/kuchcinski-szukajac-wspoldzialania-patrzymy-na-kraje-trojmorza-ale-tez-jeszcze-szerzej\/","title":{"rendered":"Kuchci\u0144ski: Az egy\u00fcttm\u0171k\u00f6d\u00e9st keresve nem csak a h\u00e1rom morva orsz\u00e1gra, hanem t\u00e1gabb \u00e9rtelemben is tekint\u00fcnk."},"content":{"rendered":"<figure class=\"wp-block-embed is-type-video is-provider-youtube wp-block-embed-youtube wp-embed-aspect-16-9 wp-has-aspect-ratio\"><div class=\"wp-block-embed__wrapper\">\n<iframe title=\"Marek Kuchci\u0144ski: egy\u00fcttm\u0171k\u00f6d\u00e9sre t\u00f6reksz\u00fcnk, a H\u00e1romsz\u00e9ki orsz\u00e1gokat vizsg\u00e1ljuk, de t\u00e1gabb \u00e9rtelemben is.\" width=\"800\" height=\"450\" src=\"https:\/\/www.youtube.com\/embed\/WzjCktYo_8c?feature=oembed\" frameborder=\"0\" allow=\"accelerometer; autoplay; clipboard-write; encrypted-media; gyroscope; picture-in-picture\" allowfullscreen><\/iframe>\n<\/div><\/figure>\n\n\n\n<p>A kih\u00edv\u00e1s ma az \u00e9szak-d\u00e9li tengelyen fekv\u0151 orsz\u00e1gok egy\u00fcttm\u0171k\u00f6d\u00e9se \u00e9s kommunik\u00e1ci\u00f3ja, \u00e9s nem az, ami eddig csak a kelet-nyugati tengely ki\u00e9p\u00edt\u00e9s\u00e9n alapult - mondta Marek Kuchci\u0144ski, a Szejm volt eln\u00f6ke, parlamenti k\u00e9pvisel\u0151 a Lengyel R\u00e1di\u00f3 24-ben.&nbsp;<\/p>\n\n\n\n<p><a href=\"https:\/\/polskieradio24.pl\/42\/259\/artykul\/2977401,trojmorze-to-pas-najszybszego-wzrostu-gospodarczego-w-ue-prezes-gpw-na-kongresie-polska-wielki-projekt\">J\u00fanius 12-ig a vars\u00f3i Kubicki \u00c1rk\u00e1dok ad otthont a Lengyelorsz\u00e1g \u00e9s Eur\u00f3pa sz\u00e1m\u00e1ra fontos k\u00e9rd\u00e9sekr\u0151l sz\u00f3l\u00f3 vit\u00e1knak. \"\u00daj Eur\u00f3pa\" - ez az idei 12. lengyelorsz\u00e1gi kongresszus szlogenje - egy nagyszab\u00e1s\u00fa projekt.<\/a>&nbsp;<\/p>\n\n\n\n<p>A f\u0151 t\u00e9ma az ukrajnai h\u00e1bor\u00fa lesz. A rendezv\u00e9ny r\u00e9sztvev\u0151i t\u00f6bbek k\u00f6z\u00f6tt megvitatj\u00e1k a kontinens\u00fcnk megv\u00e1ltozott biztons\u00e1gi strukt\u00far\u00e1j\u00e1val kapcsolatos \u00faj kih\u00edv\u00e1sokat. Sz\u00f3 lesz a H\u00e1romoldal\u00fa Tan\u00e1csr\u00f3l \u00e9s az Eur\u00f3p\u00e1ban elfoglalt hely\u00fcnkr\u0151l.<\/p>\n\n\n\n<p>- Folyamatosan keress\u00fck a lehet\u0151s\u00e9geket \u00e9s az egy\u00fcttm\u0171k\u00f6d\u00e9st a k\u00f6z\u00e9p-eur\u00f3pai orsz\u00e1gok k\u00f6z\u00f6tt. A H\u00e1romsz\u00e9k egy gazdas\u00e1gi v\u00e1llalkoz\u00e1s, a K\u00e1rp\u00e1t-Eur\u00f3p\u00e1t (K\u00f6z\u00e9p-Eur\u00f3p\u00e1t) pedig az Eur\u00f3pai Uni\u00f3t\u00f3l keletre fekv\u0151 orsz\u00e1gok alkotj\u00e1k: Moldova, Gr\u00fazia, Ukrajna, a kauk\u00e1zusi \u00e1llamok \u00e9s Feh\u00e9roroszorsz\u00e1g. Teh\u00e1t nem csak a H\u00e1romv\u00e1rosra, hanem t\u00e1gabb \u00e9rtelemben is vizsg\u00e1l\u00f3dunk. Fontos elv: egyenl\u0151 az egyenl\u0151kkel \u00e9s szabad a szabadokkal, N\u00e9metorsz\u00e1g nem akarja ezt, ahogy Oroszorsz\u00e1g sem - mondta Marek Kuchci\u0144ski.<\/p>\n\n\n\n<p>Hozz\u00e1tette, hogy a franci\u00e1knak is neh\u00e9z volt megbirk\u00f3zniuk az \u00faj helyzettel. Eml\u00e9keztetett arra, hogy a nemzetk\u00f6zi kapcsolatokban a hat\u00e1rok s\u00e9rthetetlens\u00e9g\u00e9nek elv\u00e9nek kell \u00e9rv\u00e9nyes\u00fclnie, de ma m\u00e1r nyilv\u00e1nval\u00f3, hogy ez m\u00e1r nem \u00edgy van. Ez\u00e9rt a diplom\u00e1ci\u00e1t \u00e9s a m\u00e9di\u00e1t kell haszn\u00e1lni. P\u00e9ldak\u00e9nt eml\u00edtette az amerikai kongresszust, amely a k\u00f6zv\u00e9lem\u00e9ny nyom\u00e1s\u00e1ra megv\u00e1ltoztatta Joe Biden amerikai eln\u00f6k hozz\u00e1\u00e1ll\u00e1s\u00e1t az ukrajnai h\u00e1bor\u00fahoz.<\/p>\n\n\n\n<p>- Ami minket illet, egy\u00e9rtelm\u0171, hogy az \u00e9szak-d\u00e9li kommunik\u00e1ci\u00f3s kapcsolatok ir\u00e1nti ig\u00e9ny nem fog megsz\u0171nni. Az orosz-n\u00e9met \u00e9rdekek sok\u00e1ig a kelet-nyugati tengelyen alapultak, de ez is v\u00e1ltozik, mert kommunik\u00e1ci\u00f3 n\u00e9lk\u00fcl nincs egy\u00fcttm\u0171k\u00f6d\u00e9s. Az utak \u00e9s a vasutak a legfontosabbak, a korm\u00e1nyok \u00e9s az eln\u00f6k\u00f6k ezeket b\u0151v\u00edtik, de a k\u00f6zv\u00e9lem\u00e9ny nyom\u00e1s\u00e1ra, amely ebben \u00e9rdekelt\" - mondta Marek Kuchci\u0144ski.<\/p>\n\n\n\n<figure class=\"wp-block-image size-large\"><a href=\"https:\/\/marekkuchcinski.pl\/wp-content\/uploads\/2022\/06\/www.jpg\"><img fetchpriority=\"high\" decoding=\"async\" width=\"1024\" height=\"683\" src=\"https:\/\/marekkuchcinski.pl\/wp-content\/uploads\/2022\/06\/www-1024x683.jpg\" alt=\"\" class=\"wp-image-25482\" srcset=\"https:\/\/marekkuchcinski.pl\/wp-content\/uploads\/2022\/06\/www-1024x683.jpg 1024w, https:\/\/marekkuchcinski.pl\/wp-content\/uploads\/2022\/06\/www-300x200.jpg 300w, https:\/\/marekkuchcinski.pl\/wp-content\/uploads\/2022\/06\/www-768x512.jpg 768w, https:\/\/marekkuchcinski.pl\/wp-content\/uploads\/2022\/06\/www-1536x1024.jpg 1536w, https:\/\/marekkuchcinski.pl\/wp-content\/uploads\/2022\/06\/www-18x12.jpg 18w, https:\/\/marekkuchcinski.pl\/wp-content\/uploads\/2022\/06\/www.jpg 1600w\" sizes=\"(max-width: 1024px) 100vw, 1024px\" \/><\/a><\/figure>\n\n\n\n<figure class=\"wp-block-image size-large\"><a href=\"https:\/\/marekkuchcinski.pl\/wp-content\/uploads\/2022\/06\/radio24.jpg\"><img decoding=\"async\" width=\"1024\" height=\"669\" src=\"https:\/\/marekkuchcinski.pl\/wp-content\/uploads\/2022\/06\/radio24-1024x669.jpg\" alt=\"\" class=\"wp-image-25484\" srcset=\"https:\/\/marekkuchcinski.pl\/wp-content\/uploads\/2022\/06\/radio24-1024x669.jpg 1024w, https:\/\/marekkuchcinski.pl\/wp-content\/uploads\/2022\/06\/radio24-300x196.jpg 300w, https:\/\/marekkuchcinski.pl\/wp-content\/uploads\/2022\/06\/radio24-768x502.jpg 768w, https:\/\/marekkuchcinski.pl\/wp-content\/uploads\/2022\/06\/radio24-1536x1004.jpg 1536w, https:\/\/marekkuchcinski.pl\/wp-content\/uploads\/2022\/06\/radio24-18x12.jpg 18w, https:\/\/marekkuchcinski.pl\/wp-content\/uploads\/2022\/06\/radio24.jpg 1600w\" sizes=\"(max-width: 1024px) 100vw, 1024px\" \/><\/a><\/figure>\n\n\n\n<figure class=\"wp-block-image size-large\"><a href=\"https:\/\/marekkuchcinski.pl\/wp-content\/uploads\/2022\/06\/wr2-1.jpg\"><img decoding=\"async\" width=\"1024\" height=\"640\" src=\"https:\/\/marekkuchcinski.pl\/wp-content\/uploads\/2022\/06\/wr2-1-1024x640.jpg\" alt=\"\" class=\"wp-image-25494\" srcset=\"https:\/\/marekkuchcinski.pl\/wp-content\/uploads\/2022\/06\/wr2-1-1024x640.jpg 1024w, https:\/\/marekkuchcinski.pl\/wp-content\/uploads\/2022\/06\/wr2-1-300x188.jpg 300w, https:\/\/marekkuchcinski.pl\/wp-content\/uploads\/2022\/06\/wr2-1-768x480.jpg 768w, https:\/\/marekkuchcinski.pl\/wp-content\/uploads\/2022\/06\/wr2-1-1536x960.jpg 1536w, https:\/\/marekkuchcinski.pl\/wp-content\/uploads\/2022\/06\/wr2-1-18x12.jpg 18w, https:\/\/marekkuchcinski.pl\/wp-content\/uploads\/2022\/06\/wr2-1.jpg 1600w\" sizes=\"(max-width: 1024px) 100vw, 1024px\" \/><\/a><\/figure>","protected":false},"excerpt":{"rendered":"<p>A kih\u00edv\u00e1s ma az \u00e9szak-d\u00e9li tengelyen fekv\u0151 orsz\u00e1gok egy\u00fcttm\u0171k\u00f6d\u00e9se \u00e9s kommunik\u00e1ci\u00f3ja, \u00e9s nem az, mint kor\u00e1bban, amely csak a kelet-nyugati tengely ki\u00e9p\u00edt\u00e9s\u00e9n alapul\" - mondta Marek Kuchci\u0144ski, a Szejm volt marsallja, a Lengyel K\u00f6zt\u00e1rsas\u00e1g parlamenti k\u00e9pvisel\u0151je a Lengyel R\u00e1di\u00f3 24-nek.  J\u00fanius 12-ig a vars\u00f3i Kubicki \u00c1rk\u00e1dok ad otthont a Lengyelorsz\u00e1g \u00e9s a [...]<\/p>","protected":false},"author":21,"featured_media":25482,"comment_status":"open","ping_status":"open","sticky":false,"template":"","format":"standard","meta":{"ngg_post_thumbnail":0,"footnotes":""},"categories":[1,50,3],"tags":[],"class_list":["post-25481","post","type-post","status-publish","format-standard","has-post-thumbnail","hentry","category-bez-kategorii","category-wspolpraca-miedzynarodowa","category-wydarzenia"],"yoast_head":"<!-- This site is optimized with the Yoast SEO plugin v24.7 - https:\/\/yoast.com\/wordpress\/plugins\/seo\/ -->\n<title>Kuchci\u0144ski: Szukaj\u0105c wsp\u00f3\u0142dzia\u0142ania, patrzymy nie tylko na kraje Tr\u00f3jmorza, ale i szerzej &#8211; Marek Kuchci\u0144ski<\/title>\n<meta name=\"robots\" content=\"index, follow, max-snippet:-1, max-image-preview:large, max-video-preview:-1\" \/>\n<link rel=\"canonical\" href=\"https:\/\/marekkuchcinski.pl\/hu\/bez-kategorii\/kuchcinski-szukajac-wspoldzialania-patrzymy-na-kraje-trojmorza-ale-tez-jeszcze-szerzej\/\" \/>\n<meta property=\"og:locale\" content=\"hu_HU\" \/>\n<meta property=\"og:type\" content=\"article\" \/>\n<meta property=\"og:title\" content=\"Kuchci\u0144ski: Szukaj\u0105c wsp\u00f3\u0142dzia\u0142ania, patrzymy nie tylko na kraje Tr\u00f3jmorza, ale i szerzej &#8211; Marek Kuchci\u0144ski\" \/>\n<meta property=\"og:description\" content=\"Wyzwaniem jest dzi\u015b wsp\u00f3\u0142praca i komunikacja pa\u0144stw na osi p\u00f3\u0142noc-po\u0142udnie, a nie, jak do tej pory, ta oparta tylko na budowaniu osi wsch\u00f3d-zach\u00f3d &#8211; m\u00f3wi\u0142 w Polskim Radiu 24 Marek Kuchci\u0144ski, by\u0142y marsza\u0142ek Sejmu, pose\u0142 RP.&nbsp; Do 12 czerwca w Arkadach Kubickiego w Warszawie toczy\u0107 si\u0119 b\u0119d\u0105 dyskusje na temat wa\u017cnych zagadnie\u0144 dla Polski i [&hellip;]\" \/>\n<meta property=\"og:url\" content=\"https:\/\/marekkuchcinski.pl\/hu\/bez-kategorii\/kuchcinski-szukajac-wspoldzialania-patrzymy-na-kraje-trojmorza-ale-tez-jeszcze-szerzej\/\" \/>\n<meta property=\"og:site_name\" content=\"Marek Kuchci\u0144ski\" \/>\n<meta property=\"article:published_time\" content=\"2022-06-12T19:58:41+00:00\" \/>\n<meta property=\"article:modified_time\" content=\"2022-06-16T13:59:43+00:00\" \/>\n<meta property=\"og:image\" content=\"https:\/\/marekkuchcinski.pl\/wp-content\/uploads\/2022\/06\/www.jpg\" \/>\n\t<meta property=\"og:image:width\" content=\"1600\" \/>\n\t<meta property=\"og:image:height\" content=\"1067\" \/>\n\t<meta property=\"og:image:type\" content=\"image\/jpeg\" \/>\n<meta name=\"author\" content=\"Marta Olejnik\" \/>\n<meta name=\"twitter:card\" content=\"summary_large_image\" \/>\n<meta name=\"twitter:label1\" content=\"Szerz\u0151:\" \/>\n\t<meta name=\"twitter:data1\" content=\"Marta Olejnik\" \/>\n\t<meta name=\"twitter:label2\" content=\"Becs\u00fclt olvas\u00e1si id\u0151\" \/>\n\t<meta name=\"twitter:data2\" content=\"2 perc\" \/>\n<script type=\"application\/ld+json\" class=\"yoast-schema-graph\">{\"@context\":\"https:\/\/schema.org\",\"@graph\":[{\"@type\":\"Article\",\"@id\":\"https:\/\/marekkuchcinski.pl\/bez-kategorii\/kuchcinski-szukajac-wspoldzialania-patrzymy-na-kraje-trojmorza-ale-tez-jeszcze-szerzej\/#article\",\"isPartOf\":{\"@id\":\"https:\/\/marekkuchcinski.pl\/bez-kategorii\/kuchcinski-szukajac-wspoldzialania-patrzymy-na-kraje-trojmorza-ale-tez-jeszcze-szerzej\/\"},\"author\":{\"name\":\"Marta Olejnik\",\"@id\":\"https:\/\/marekkuchcinski.pl\/#\/schema\/person\/51d5d4ee3b5317b8e4dd2b48af359229\"},\"headline\":\"Kuchci\u0144ski: Szukaj\u0105c wsp\u00f3\u0142dzia\u0142ania, patrzymy nie tylko na kraje Tr\u00f3jmorza, ale i szerzej\",\"datePublished\":\"2022-06-12T19:58:41+00:00\",\"dateModified\":\"2022-06-16T13:59:43+00:00\",\"mainEntityOfPage\":{\"@id\":\"https:\/\/marekkuchcinski.pl\/bez-kategorii\/kuchcinski-szukajac-wspoldzialania-patrzymy-na-kraje-trojmorza-ale-tez-jeszcze-szerzej\/\"},\"wordCount\":376,\"commentCount\":0,\"publisher\":{\"@id\":\"https:\/\/marekkuchcinski.pl\/#organization\"},\"image\":{\"@id\":\"https:\/\/marekkuchcinski.pl\/bez-kategorii\/kuchcinski-szukajac-wspoldzialania-patrzymy-na-kraje-trojmorza-ale-tez-jeszcze-szerzej\/#primaryimage\"},\"thumbnailUrl\":\"https:\/\/marekkuchcinski.pl\/wp-content\/uploads\/2022\/06\/www.jpg\",\"articleSection\":[\"Bez kategorii\",\"Wsp\u00f3\u0142praca mi\u0119dzynarodowa\",\"Wydarzenia\"],\"inLanguage\":\"hu\",\"potentialAction\":[{\"@type\":\"CommentAction\",\"name\":\"Comment\",\"target\":[\"https:\/\/marekkuchcinski.pl\/bez-kategorii\/kuchcinski-szukajac-wspoldzialania-patrzymy-na-kraje-trojmorza-ale-tez-jeszcze-szerzej\/#respond\"]}]},{\"@type\":\"WebPage\",\"@id\":\"https:\/\/marekkuchcinski.pl\/bez-kategorii\/kuchcinski-szukajac-wspoldzialania-patrzymy-na-kraje-trojmorza-ale-tez-jeszcze-szerzej\/\",\"url\":\"https:\/\/marekkuchcinski.pl\/bez-kategorii\/kuchcinski-szukajac-wspoldzialania-patrzymy-na-kraje-trojmorza-ale-tez-jeszcze-szerzej\/\",\"name\":\"Kuchci\u0144ski: Szukaj\u0105c wsp\u00f3\u0142dzia\u0142ania, patrzymy nie tylko na kraje Tr\u00f3jmorza, ale i szerzej &#8211; Marek Kuchci\u0144ski\",\"isPartOf\":{\"@id\":\"https:\/\/marekkuchcinski.pl\/#website\"},\"primaryImageOfPage\":{\"@id\":\"https:\/\/marekkuchcinski.pl\/bez-kategorii\/kuchcinski-szukajac-wspoldzialania-patrzymy-na-kraje-trojmorza-ale-tez-jeszcze-szerzej\/#primaryimage\"},\"image\":{\"@id\":\"https:\/\/marekkuchcinski.pl\/bez-kategorii\/kuchcinski-szukajac-wspoldzialania-patrzymy-na-kraje-trojmorza-ale-tez-jeszcze-szerzej\/#primaryimage\"},\"thumbnailUrl\":\"https:\/\/marekkuchcinski.pl\/wp-content\/uploads\/2022\/06\/www.jpg\",\"datePublished\":\"2022-06-12T19:58:41+00:00\",\"dateModified\":\"2022-06-16T13:59:43+00:00\",\"breadcrumb\":{\"@id\":\"https:\/\/marekkuchcinski.pl\/bez-kategorii\/kuchcinski-szukajac-wspoldzialania-patrzymy-na-kraje-trojmorza-ale-tez-jeszcze-szerzej\/#breadcrumb\"},\"inLanguage\":\"hu\",\"potentialAction\":[{\"@type\":\"ReadAction\",\"target\":[\"https:\/\/marekkuchcinski.pl\/bez-kategorii\/kuchcinski-szukajac-wspoldzialania-patrzymy-na-kraje-trojmorza-ale-tez-jeszcze-szerzej\/\"]}]},{\"@type\":\"ImageObject\",\"inLanguage\":\"hu\",\"@id\":\"https:\/\/marekkuchcinski.pl\/bez-kategorii\/kuchcinski-szukajac-wspoldzialania-patrzymy-na-kraje-trojmorza-ale-tez-jeszcze-szerzej\/#primaryimage\",\"url\":\"https:\/\/marekkuchcinski.pl\/wp-content\/uploads\/2022\/06\/www.jpg\",\"contentUrl\":\"https:\/\/marekkuchcinski.pl\/wp-content\/uploads\/2022\/06\/www.jpg\",\"width\":1600,\"height\":1067},{\"@type\":\"BreadcrumbList\",\"@id\":\"https:\/\/marekkuchcinski.pl\/bez-kategorii\/kuchcinski-szukajac-wspoldzialania-patrzymy-na-kraje-trojmorza-ale-tez-jeszcze-szerzej\/#breadcrumb\",\"itemListElement\":[{\"@type\":\"ListItem\",\"position\":1,\"name\":\"Strona g\u0142\u00f3wna\",\"item\":\"https:\/\/marekkuchcinski.pl\/\"},{\"@type\":\"ListItem\",\"position\":2,\"name\":\"Kuchci\u0144ski: Szukaj\u0105c wsp\u00f3\u0142dzia\u0142ania, patrzymy nie tylko na kraje Tr\u00f3jmorza, ale i szerzej\"}]},{\"@type\":\"WebSite\",\"@id\":\"https:\/\/marekkuchcinski.pl\/#website\",\"url\":\"https:\/\/marekkuchcinski.pl\/\",\"name\":\"Marek Kuchci\u0144ski\",\"description\":\"Pose\u0142 na sejm RP &ndash; okr\u0119g nr 22\",\"publisher\":{\"@id\":\"https:\/\/marekkuchcinski.pl\/#organization\"},\"potentialAction\":[{\"@type\":\"SearchAction\",\"target\":{\"@type\":\"EntryPoint\",\"urlTemplate\":\"https:\/\/marekkuchcinski.pl\/?s={search_term_string}\"},\"query-input\":{\"@type\":\"PropertyValueSpecification\",\"valueRequired\":true,\"valueName\":\"search_term_string\"}}],\"inLanguage\":\"hu\"},{\"@type\":\"Organization\",\"@id\":\"https:\/\/marekkuchcinski.pl\/#organization\",\"name\":\"Marek Kuchci\u0144ski\",\"url\":\"https:\/\/marekkuchcinski.pl\/\",\"logo\":{\"@type\":\"ImageObject\",\"inLanguage\":\"hu\",\"@id\":\"https:\/\/marekkuchcinski.pl\/#\/schema\/logo\/image\/\",\"url\":\"https:\/\/marekkuchcinski.pl\/wp-content\/uploads\/2022\/09\/Marek.jpg\",\"contentUrl\":\"https:\/\/marekkuchcinski.pl\/wp-content\/uploads\/2022\/09\/Marek.jpg\",\"width\":1600,\"height\":971,\"caption\":\"Marek Kuchci\u0144ski\"},\"image\":{\"@id\":\"https:\/\/marekkuchcinski.pl\/#\/schema\/logo\/image\/\"}},{\"@type\":\"Person\",\"@id\":\"https:\/\/marekkuchcinski.pl\/#\/schema\/person\/51d5d4ee3b5317b8e4dd2b48af359229\",\"name\":\"Marta Olejnik\",\"image\":{\"@type\":\"ImageObject\",\"inLanguage\":\"hu\",\"@id\":\"https:\/\/marekkuchcinski.pl\/#\/schema\/person\/image\/\",\"url\":\"https:\/\/secure.gravatar.com\/avatar\/e39914b2aa6a48959e24d475b5dc9793?s=96&d=mm&r=g\",\"contentUrl\":\"https:\/\/secure.gravatar.com\/avatar\/e39914b2aa6a48959e24d475b5dc9793?s=96&d=mm&r=g\",\"caption\":\"Marta Olejnik\"},\"url\":\"https:\/\/marekkuchcinski.pl\/hu\/author\/marta\/\"}]}<\/script>\n<!-- \/ Yoast SEO plugin. -->","yoast_head_json":{"title":"Kuchci\u0144ski: Szukaj\u0105c wsp\u00f3\u0142dzia\u0142ania, patrzymy nie tylko na kraje Tr\u00f3jmorza, ale i szerzej &#8211; Marek Kuchci\u0144ski","robots":{"index":"index","follow":"follow","max-snippet":"max-snippet:-1","max-image-preview":"max-image-preview:large","max-video-preview":"max-video-preview:-1"},"canonical":"https:\/\/marekkuchcinski.pl\/hu\/bez-kategorii\/kuchcinski-szukajac-wspoldzialania-patrzymy-na-kraje-trojmorza-ale-tez-jeszcze-szerzej\/","og_locale":"hu_HU","og_type":"article","og_title":"Kuchci\u0144ski: Szukaj\u0105c wsp\u00f3\u0142dzia\u0142ania, patrzymy nie tylko na kraje Tr\u00f3jmorza, ale i szerzej &#8211; Marek Kuchci\u0144ski","og_description":"Wyzwaniem jest dzi\u015b wsp\u00f3\u0142praca i komunikacja pa\u0144stw na osi p\u00f3\u0142noc-po\u0142udnie, a nie, jak do tej pory, ta oparta tylko na budowaniu osi wsch\u00f3d-zach\u00f3d &#8211; m\u00f3wi\u0142 w Polskim Radiu 24 Marek Kuchci\u0144ski, by\u0142y marsza\u0142ek Sejmu, pose\u0142 RP.&nbsp; Do 12 czerwca w Arkadach Kubickiego w Warszawie toczy\u0107 si\u0119 b\u0119d\u0105 dyskusje na temat wa\u017cnych zagadnie\u0144 dla Polski i [&hellip;]","og_url":"https:\/\/marekkuchcinski.pl\/hu\/bez-kategorii\/kuchcinski-szukajac-wspoldzialania-patrzymy-na-kraje-trojmorza-ale-tez-jeszcze-szerzej\/","og_site_name":"Marek Kuchci\u0144ski","article_published_time":"2022-06-12T19:58:41+00:00","article_modified_time":"2022-06-16T13:59:43+00:00","og_image":[{"width":1600,"height":1067,"url":"https:\/\/marekkuchcinski.pl\/wp-content\/uploads\/2022\/06\/www.jpg","type":"image\/jpeg"}],"author":"Marta Olejnik","twitter_card":"summary_large_image","twitter_misc":{"Szerz\u0151:":"Marta Olejnik","Becs\u00fclt olvas\u00e1si id\u0151":"2 perc"},"schema":{"@context":"https:\/\/schema.org","@graph":[{"@type":"Article","@id":"https:\/\/marekkuchcinski.pl\/bez-kategorii\/kuchcinski-szukajac-wspoldzialania-patrzymy-na-kraje-trojmorza-ale-tez-jeszcze-szerzej\/#article","isPartOf":{"@id":"https:\/\/marekkuchcinski.pl\/bez-kategorii\/kuchcinski-szukajac-wspoldzialania-patrzymy-na-kraje-trojmorza-ale-tez-jeszcze-szerzej\/"},"author":{"name":"Marta Olejnik","@id":"https:\/\/marekkuchcinski.pl\/#\/schema\/person\/51d5d4ee3b5317b8e4dd2b48af359229"},"headline":"Kuchci\u0144ski: Szukaj\u0105c wsp\u00f3\u0142dzia\u0142ania, patrzymy nie tylko na kraje Tr\u00f3jmorza, ale i szerzej","datePublished":"2022-06-12T19:58:41+00:00","dateModified":"2022-06-16T13:59:43+00:00","mainEntityOfPage":{"@id":"https:\/\/marekkuchcinski.pl\/bez-kategorii\/kuchcinski-szukajac-wspoldzialania-patrzymy-na-kraje-trojmorza-ale-tez-jeszcze-szerzej\/"},"wordCount":376,"commentCount":0,"publisher":{"@id":"https:\/\/marekkuchcinski.pl\/#organization"},"image":{"@id":"https:\/\/marekkuchcinski.pl\/bez-kategorii\/kuchcinski-szukajac-wspoldzialania-patrzymy-na-kraje-trojmorza-ale-tez-jeszcze-szerzej\/#primaryimage"},"thumbnailUrl":"https:\/\/marekkuchcinski.pl\/wp-content\/uploads\/2022\/06\/www.jpg","articleSection":["Bez kategorii","Wsp\u00f3\u0142praca mi\u0119dzynarodowa","Wydarzenia"],"inLanguage":"hu","potentialAction":[{"@type":"CommentAction","name":"Comment","target":["https:\/\/marekkuchcinski.pl\/bez-kategorii\/kuchcinski-szukajac-wspoldzialania-patrzymy-na-kraje-trojmorza-ale-tez-jeszcze-szerzej\/#respond"]}]},{"@type":"WebPage","@id":"https:\/\/marekkuchcinski.pl\/bez-kategorii\/kuchcinski-szukajac-wspoldzialania-patrzymy-na-kraje-trojmorza-ale-tez-jeszcze-szerzej\/","url":"https:\/\/marekkuchcinski.pl\/bez-kategorii\/kuchcinski-szukajac-wspoldzialania-patrzymy-na-kraje-trojmorza-ale-tez-jeszcze-szerzej\/","name":"Kuchci\u0144ski: Szukaj\u0105c wsp\u00f3\u0142dzia\u0142ania, patrzymy nie tylko na kraje Tr\u00f3jmorza, ale i szerzej &#8211; Marek Kuchci\u0144ski","isPartOf":{"@id":"https:\/\/marekkuchcinski.pl\/#website"},"primaryImageOfPage":{"@id":"https:\/\/marekkuchcinski.pl\/bez-kategorii\/kuchcinski-szukajac-wspoldzialania-patrzymy-na-kraje-trojmorza-ale-tez-jeszcze-szerzej\/#primaryimage"},"image":{"@id":"https:\/\/marekkuchcinski.pl\/bez-kategorii\/kuchcinski-szukajac-wspoldzialania-patrzymy-na-kraje-trojmorza-ale-tez-jeszcze-szerzej\/#primaryimage"},"thumbnailUrl":"https:\/\/marekkuchcinski.pl\/wp-content\/uploads\/2022\/06\/www.jpg","datePublished":"2022-06-12T19:58:41+00:00","dateModified":"2022-06-16T13:59:43+00:00","breadcrumb":{"@id":"https:\/\/marekkuchcinski.pl\/bez-kategorii\/kuchcinski-szukajac-wspoldzialania-patrzymy-na-kraje-trojmorza-ale-tez-jeszcze-szerzej\/#breadcrumb"},"inLanguage":"hu","potentialAction":[{"@type":"ReadAction","target":["https:\/\/marekkuchcinski.pl\/bez-kategorii\/kuchcinski-szukajac-wspoldzialania-patrzymy-na-kraje-trojmorza-ale-tez-jeszcze-szerzej\/"]}]},{"@type":"ImageObject","inLanguage":"hu","@id":"https:\/\/marekkuchcinski.pl\/bez-kategorii\/kuchcinski-szukajac-wspoldzialania-patrzymy-na-kraje-trojmorza-ale-tez-jeszcze-szerzej\/#primaryimage","url":"https:\/\/marekkuchcinski.pl\/wp-content\/uploads\/2022\/06\/www.jpg","contentUrl":"https:\/\/marekkuchcinski.pl\/wp-content\/uploads\/2022\/06\/www.jpg","width":1600,"height":1067},{"@type":"BreadcrumbList","@id":"https:\/\/marekkuchcinski.pl\/bez-kategorii\/kuchcinski-szukajac-wspoldzialania-patrzymy-na-kraje-trojmorza-ale-tez-jeszcze-szerzej\/#breadcrumb","itemListElement":[{"@type":"ListItem","position":1,"name":"Strona g\u0142\u00f3wna","item":"https:\/\/marekkuchcinski.pl\/"},{"@type":"ListItem","position":2,"name":"Kuchci\u0144ski: Szukaj\u0105c wsp\u00f3\u0142dzia\u0142ania, patrzymy nie tylko na kraje Tr\u00f3jmorza, ale i szerzej"}]},{"@type":"WebSite","@id":"https:\/\/marekkuchcinski.pl\/#website","url":"https:\/\/marekkuchcinski.pl\/","name":"Marek Kuchci\u0144ski","description":"Pose\u0142 na sejm RP &ndash; okr\u0119g nr 22","publisher":{"@id":"https:\/\/marekkuchcinski.pl\/#organization"},"potentialAction":[{"@type":"SearchAction","target":{"@type":"EntryPoint","urlTemplate":"https:\/\/marekkuchcinski.pl\/?s={search_term_string}"},"query-input":{"@type":"PropertyValueSpecification","valueRequired":true,"valueName":"search_term_string"}}],"inLanguage":"hu"},{"@type":"Organization","@id":"https:\/\/marekkuchcinski.pl\/#organization","name":"Marek Kuchci\u0144ski","url":"https:\/\/marekkuchcinski.pl\/","logo":{"@type":"ImageObject","inLanguage":"hu","@id":"https:\/\/marekkuchcinski.pl\/#\/schema\/logo\/image\/","url":"https:\/\/marekkuchcinski.pl\/wp-content\/uploads\/2022\/09\/Marek.jpg","contentUrl":"https:\/\/marekkuchcinski.pl\/wp-content\/uploads\/2022\/09\/Marek.jpg","width":1600,"height":971,"caption":"Marek Kuchci\u0144ski"},"image":{"@id":"https:\/\/marekkuchcinski.pl\/#\/schema\/logo\/image\/"}},{"@type":"Person","@id":"https:\/\/marekkuchcinski.pl\/#\/schema\/person\/51d5d4ee3b5317b8e4dd2b48af359229","name":"Marta Olejnik","image":{"@type":"ImageObject","inLanguage":"hu","@id":"https:\/\/marekkuchcinski.pl\/#\/schema\/person\/image\/","url":"https:\/\/secure.gravatar.com\/avatar\/e39914b2aa6a48959e24d475b5dc9793?s=96&d=mm&r=g","contentUrl":"https:\/\/secure.gravatar.com\/avatar\/e39914b2aa6a48959e24d475b5dc9793?s=96&d=mm&r=g","caption":"Marta Olejnik"},"url":"https:\/\/marekkuchcinski.pl\/hu\/author\/marta\/"}]}},"_links":{"self":[{"href":"https:\/\/marekkuchcinski.pl\/hu\/wp-json\/wp\/v2\/posts\/25481","targetHints":{"allow":["GET"]}}],"collection":[{"href":"https:\/\/marekkuchcinski.pl\/hu\/wp-json\/wp\/v2\/posts"}],"about":[{"href":"https:\/\/marekkuchcinski.pl\/hu\/wp-json\/wp\/v2\/types\/post"}],"author":[{"embeddable":true,"href":"https:\/\/marekkuchcinski.pl\/hu\/wp-json\/wp\/v2\/users\/21"}],"replies":[{"embeddable":true,"href":"https:\/\/marekkuchcinski.pl\/hu\/wp-json\/wp\/v2\/comments?post=25481"}],"version-history":[{"count":9,"href":"https:\/\/marekkuchcinski.pl\/hu\/wp-json\/wp\/v2\/posts\/25481\/revisions"}],"predecessor-version":[{"id":25534,"href":"https:\/\/marekkuchcinski.pl\/hu\/wp-json\/wp\/v2\/posts\/25481\/revisions\/25534"}],"wp:featuredmedia":[{"embeddable":true,"href":"https:\/\/marekkuchcinski.pl\/hu\/wp-json\/wp\/v2\/media\/25482"}],"wp:attachment":[{"href":"https:\/\/marekkuchcinski.pl\/hu\/wp-json\/wp\/v2\/media?parent=25481"}],"wp:term":[{"taxonomy":"category","embeddable":true,"href":"https:\/\/marekkuchcinski.pl\/hu\/wp-json\/wp\/v2\/categories?post=25481"},{"taxonomy":"post_tag","embeddable":true,"href":"https:\/\/marekkuchcinski.pl\/hu\/wp-json\/wp\/v2\/tags?post=25481"}],"curies":[{"name":"wp","href":"https:\/\/api.w.org\/{rel}","templated":true}]}}