{"id":24,"date":"2011-06-21T12:19:24","date_gmt":"2011-06-21T10:19:24","guid":{"rendered":"https:\/\/marekkuchcinski.pl\/?p=24"},"modified":"2016-08-25T17:06:41","modified_gmt":"2016-08-25T15:06:41","slug":"biuraporad","status":"publish","type":"post","link":"https:\/\/marekkuchcinski.pl\/hu\/kontakt\/biuraporad\/","title":{"rendered":"Intervenci\u00f3s \u00e9s tan\u00e1csad\u00f3 irod\u00e1k"},"content":{"rendered":"<p>Przemy\u015bl, 37-700 Przemy\u015bl, Wybrze\u017ce J\u00f3ze\u017ce Pi\u0142sudskiego 1, tel.\/fax (16) 678 49 19, <a href=\"mailto:biuro@marekkuchcinski.pl\">biuro@marekkuchcinski.pl<\/a><\/p>\n<p><img decoding=\"async\" class=\"alignleft size-full wp-image-23\" src=\"https:\/\/marekkuchcinski.pl\/wp-content\/uploads\/2011\/06\/blizej_ludzi_kontakt.jpg\" alt=\"\" style=\"float: left;\" width=\"150\" height=\"84\" \/><strong>Jog \u00e9s Igazs\u00e1g\u00fcgy (PiS) BEJ\u00c1R\u00c1SI \u00c9S TAN\u00c1CSAD\u00c1SI IROD\u00c1K<\/strong> Ezeket a hivatalokat 2001 november\u00e9ben \u00e9s december\u00e9ben, r\u00f6viddel a parlamenti v\u00e1laszt\u00e1sok ut\u00e1n, Marek Kuchci\u0144ski kezdem\u00e9nyez\u00e9s\u00e9re hozt\u00e1k l\u00e9tre, v\u00e1laszt\u00e1si programj\u00e1nak megval\u00f3s\u00edt\u00e1sa eredm\u00e9nyek\u00e9nt, amelynek kulcselemei: minden polg\u00e1r egyenl\u0151s\u00e9ge a t\u00f6rv\u00e9ny el\u0151tt, a k\u00f6z\u00e9let becs\u00fcletess\u00e9ge \u00e9s nyitotts\u00e1ga, az egyszer\u0171 emberek tisztelete. A BIiP ez\u00e9rt seg\u00edts\u00e9get ny\u00fajt mindenkinek, akit a k\u00f6zhivatalok igazs\u00e1gtalans\u00e1ga, hozz\u00e1 nem \u00e9rt\u00e9se vagy arroganci\u00e1ja \u00e9rint.<\/p>\n<p>2003 febru\u00e1rja \u00f3ta a Przemy\u015bl Intervenci\u00f3s \u00e9s Tan\u00e1csad\u00f3 Iroda az eur\u00f3pai alapokra vonatkoz\u00f3 adatb\u00e1zis l\u00e9trehoz\u00e1s\u00e1val b\u0151v\u00edtette munk\u00e1j\u00e1t. Ez lehet\u0151v\u00e9 tette, hogy hat\u00e9konyan t\u00e1j\u00e9koztass\u00e1k az \u00e9rdekl\u0151d\u0151ket (helyi int\u00e9zm\u00e9nyek, \u00f6nkorm\u00e1nyzati egys\u00e9gek, civil szervezetek, iskol\u00e1k, inform\u00e1lis csoportok stb.) az \u00faj p\u00e1ly\u00e1zatokr\u00f3l \u00e9s t\u00e1mogat\u00e1si programokr\u00f3l az oktat\u00e1s, kult\u00fara, k\u00f6rnyezetv\u00e9delem, eg\u00e9szs\u00e9g\u00fcgy, szoci\u00e1lis kezdem\u00e9nyez\u00e9sek \u00e9s sok m\u00e1s ter\u00fcleten.2006 j\u00fanius\u00e1t\u00f3l a BIiP-ek \u00faj nevet kaptak: V\u00e1laszt\u00f3i Szolg\u00e1ltat\u00f3 Pontok. Folyton folytatj\u00e1k a munk\u00e1jukat. A Marek Kuchci\u0144ski k\u00e9pvisel\u0151 irod\u00e1iban m\u0171k\u00f6d\u0151 v\u00e1laszt\u00f3i szolg\u00e1ltat\u00f3 k\u00f6zpontok 2011 j\u00fanius\u00e1ig t\u00f6bb mint 15 000 esetben ny\u00fajtottak seg\u00edts\u00e9get.<\/p>","protected":false},"excerpt":{"rendered":"<p>Przemy\u015bl, 37-700 Przemy\u015bl, Wybrze\u017ce J\u00f3zefa Pi\u0142sudskiego 1, tel. \/faks (16) 678 49 19, biuro@marekkuchcinski.pl BIURA INTERWENCJI I PORAD PiS dzia\u0142aj\u0105ce przy biurach poselskich Marka Kuchci\u0144skiego powsta\u0142y w listopadzie i grudniu 2001 roku, tu\u017c po wyborach parlamentarnych z inicjatywy samego pos\u0142a.Powo\u0142anie tych biur by\u0142o wynikiem realizacji programu wyborczego, kt\u00f3rego bardzo wa\u017cnymi elementami s\u0105: r\u00f3wno\u015b\u0107 wszystkich obywateli [&hellip;]<\/p>","protected":false},"author":6,"featured_media":23,"comment_status":"open","ping_status":"open","sticky":false,"template":"","format":"standard","meta":{"ngg_post_thumbnail":0,"footnotes":""},"categories":[33],"tags":[],"class_list":["post-24","post","type-post","status-publish","format-standard","has-post-thumbnail","hentry","category-kontakt"],"yoast_head":"<!-- This site is optimized with the Yoast SEO plugin v24.7 - https:\/\/yoast.com\/wordpress\/plugins\/seo\/ -->\n<title>Biura interwencji i porad &#8211; Marek Kuchci\u0144ski<\/title>\n<meta name=\"robots\" content=\"index, follow, max-snippet:-1, max-image-preview:large, max-video-preview:-1\" \/>\n<link rel=\"canonical\" href=\"https:\/\/marekkuchcinski.pl\/hu\/kontakt\/biuraporad\/\" \/>\n<meta property=\"og:locale\" content=\"hu_HU\" \/>\n<meta property=\"og:type\" content=\"article\" \/>\n<meta property=\"og:title\" content=\"Biura interwencji i porad &#8211; Marek Kuchci\u0144ski\" \/>\n<meta property=\"og:description\" content=\"Przemy\u015bl, 37-700 Przemy\u015bl, Wybrze\u017ce J\u00f3zefa Pi\u0142sudskiego 1, tel. \/faks (16) 678 49 19, biuro@marekkuchcinski.pl BIURA INTERWENCJI I PORAD PiS dzia\u0142aj\u0105ce przy biurach poselskich Marka Kuchci\u0144skiego powsta\u0142y w listopadzie i grudniu 2001 roku, tu\u017c po wyborach parlamentarnych z inicjatywy samego pos\u0142a.Powo\u0142anie tych biur by\u0142o wynikiem realizacji programu wyborczego, kt\u00f3rego bardzo wa\u017cnymi elementami s\u0105: r\u00f3wno\u015b\u0107 wszystkich obywateli [&hellip;]\" \/>\n<meta property=\"og:url\" content=\"https:\/\/marekkuchcinski.pl\/hu\/kontakt\/biuraporad\/\" \/>\n<meta property=\"og:site_name\" content=\"Marek Kuchci\u0144ski\" \/>\n<meta property=\"article:published_time\" content=\"2011-06-21T10:19:24+00:00\" \/>\n<meta property=\"article:modified_time\" content=\"2016-08-25T15:06:41+00:00\" \/>\n<meta property=\"og:image\" content=\"https:\/\/marekkuchcinski.pl\/wp-content\/uploads\/2011\/06\/blizej_ludzi_kontakt.jpg\" \/>\n\t<meta property=\"og:image:width\" content=\"150\" \/>\n\t<meta property=\"og:image:height\" content=\"84\" \/>\n\t<meta property=\"og:image:type\" content=\"image\/jpeg\" \/>\n<meta name=\"author\" content=\"admin\" \/>\n<meta name=\"twitter:card\" content=\"summary_large_image\" \/>\n<meta name=\"twitter:label1\" content=\"Szerz\u0151:\" \/>\n\t<meta name=\"twitter:data1\" content=\"admin\" \/>\n\t<meta name=\"twitter:label2\" content=\"Becs\u00fclt olvas\u00e1si id\u0151\" \/>\n\t<meta name=\"twitter:data2\" content=\"1 perc\" \/>\n<script type=\"application\/ld+json\" class=\"yoast-schema-graph\">{\"@context\":\"https:\/\/schema.org\",\"@graph\":[{\"@type\":\"Article\",\"@id\":\"https:\/\/marekkuchcinski.pl\/kontakt\/biuraporad\/#article\",\"isPartOf\":{\"@id\":\"https:\/\/marekkuchcinski.pl\/kontakt\/biuraporad\/\"},\"author\":{\"name\":\"admin\",\"@id\":\"https:\/\/marekkuchcinski.pl\/#\/schema\/person\/6f62700996b4d950b6ea2d1183b6c6be\"},\"headline\":\"Biura interwencji i porad\",\"datePublished\":\"2011-06-21T10:19:24+00:00\",\"dateModified\":\"2016-08-25T15:06:41+00:00\",\"mainEntityOfPage\":{\"@id\":\"https:\/\/marekkuchcinski.pl\/kontakt\/biuraporad\/\"},\"wordCount\":229,\"commentCount\":0,\"publisher\":{\"@id\":\"https:\/\/marekkuchcinski.pl\/#organization\"},\"image\":{\"@id\":\"https:\/\/marekkuchcinski.pl\/kontakt\/biuraporad\/#primaryimage\"},\"thumbnailUrl\":\"https:\/\/marekkuchcinski.pl\/wp-content\/uploads\/2011\/06\/blizej_ludzi_kontakt.jpg\",\"articleSection\":[\"Kontakt\"],\"inLanguage\":\"hu\",\"potentialAction\":[{\"@type\":\"CommentAction\",\"name\":\"Comment\",\"target\":[\"https:\/\/marekkuchcinski.pl\/kontakt\/biuraporad\/#respond\"]}]},{\"@type\":\"WebPage\",\"@id\":\"https:\/\/marekkuchcinski.pl\/kontakt\/biuraporad\/\",\"url\":\"https:\/\/marekkuchcinski.pl\/kontakt\/biuraporad\/\",\"name\":\"Biura interwencji i porad &#8211; Marek Kuchci\u0144ski\",\"isPartOf\":{\"@id\":\"https:\/\/marekkuchcinski.pl\/#website\"},\"primaryImageOfPage\":{\"@id\":\"https:\/\/marekkuchcinski.pl\/kontakt\/biuraporad\/#primaryimage\"},\"image\":{\"@id\":\"https:\/\/marekkuchcinski.pl\/kontakt\/biuraporad\/#primaryimage\"},\"thumbnailUrl\":\"https:\/\/marekkuchcinski.pl\/wp-content\/uploads\/2011\/06\/blizej_ludzi_kontakt.jpg\",\"datePublished\":\"2011-06-21T10:19:24+00:00\",\"dateModified\":\"2016-08-25T15:06:41+00:00\",\"breadcrumb\":{\"@id\":\"https:\/\/marekkuchcinski.pl\/kontakt\/biuraporad\/#breadcrumb\"},\"inLanguage\":\"hu\",\"potentialAction\":[{\"@type\":\"ReadAction\",\"target\":[\"https:\/\/marekkuchcinski.pl\/kontakt\/biuraporad\/\"]}]},{\"@type\":\"ImageObject\",\"inLanguage\":\"hu\",\"@id\":\"https:\/\/marekkuchcinski.pl\/kontakt\/biuraporad\/#primaryimage\",\"url\":\"https:\/\/marekkuchcinski.pl\/wp-content\/uploads\/2011\/06\/blizej_ludzi_kontakt.jpg\",\"contentUrl\":\"https:\/\/marekkuchcinski.pl\/wp-content\/uploads\/2011\/06\/blizej_ludzi_kontakt.jpg\",\"width\":150,\"height\":84},{\"@type\":\"BreadcrumbList\",\"@id\":\"https:\/\/marekkuchcinski.pl\/kontakt\/biuraporad\/#breadcrumb\",\"itemListElement\":[{\"@type\":\"ListItem\",\"position\":1,\"name\":\"Strona g\u0142\u00f3wna\",\"item\":\"https:\/\/marekkuchcinski.pl\/\"},{\"@type\":\"ListItem\",\"position\":2,\"name\":\"Biura interwencji i porad\"}]},{\"@type\":\"WebSite\",\"@id\":\"https:\/\/marekkuchcinski.pl\/#website\",\"url\":\"https:\/\/marekkuchcinski.pl\/\",\"name\":\"Marek Kuchci\u0144ski\",\"description\":\"Pose\u0142 na sejm RP &ndash; okr\u0119g nr 22\",\"publisher\":{\"@id\":\"https:\/\/marekkuchcinski.pl\/#organization\"},\"potentialAction\":[{\"@type\":\"SearchAction\",\"target\":{\"@type\":\"EntryPoint\",\"urlTemplate\":\"https:\/\/marekkuchcinski.pl\/?s={search_term_string}\"},\"query-input\":{\"@type\":\"PropertyValueSpecification\",\"valueRequired\":true,\"valueName\":\"search_term_string\"}}],\"inLanguage\":\"hu\"},{\"@type\":\"Organization\",\"@id\":\"https:\/\/marekkuchcinski.pl\/#organization\",\"name\":\"Marek Kuchci\u0144ski\",\"url\":\"https:\/\/marekkuchcinski.pl\/\",\"logo\":{\"@type\":\"ImageObject\",\"inLanguage\":\"hu\",\"@id\":\"https:\/\/marekkuchcinski.pl\/#\/schema\/logo\/image\/\",\"url\":\"https:\/\/marekkuchcinski.pl\/wp-content\/uploads\/2022\/09\/Marek.jpg\",\"contentUrl\":\"https:\/\/marekkuchcinski.pl\/wp-content\/uploads\/2022\/09\/Marek.jpg\",\"width\":1600,\"height\":971,\"caption\":\"Marek Kuchci\u0144ski\"},\"image\":{\"@id\":\"https:\/\/marekkuchcinski.pl\/#\/schema\/logo\/image\/\"}},{\"@type\":\"Person\",\"@id\":\"https:\/\/marekkuchcinski.pl\/#\/schema\/person\/6f62700996b4d950b6ea2d1183b6c6be\",\"name\":\"admin\",\"image\":{\"@type\":\"ImageObject\",\"inLanguage\":\"hu\",\"@id\":\"https:\/\/marekkuchcinski.pl\/#\/schema\/person\/image\/\",\"url\":\"https:\/\/secure.gravatar.com\/avatar\/4bab693b9d55c3d6b52c0296a8765085?s=96&d=mm&r=g\",\"contentUrl\":\"https:\/\/secure.gravatar.com\/avatar\/4bab693b9d55c3d6b52c0296a8765085?s=96&d=mm&r=g\",\"caption\":\"admin\"},\"url\":\"https:\/\/marekkuchcinski.pl\/hu\/author\/marta-olejnik\/\"}]}<\/script>\n<!-- \/ Yoast SEO plugin. -->","yoast_head_json":{"title":"Biura interwencji i porad &#8211; Marek Kuchci\u0144ski","robots":{"index":"index","follow":"follow","max-snippet":"max-snippet:-1","max-image-preview":"max-image-preview:large","max-video-preview":"max-video-preview:-1"},"canonical":"https:\/\/marekkuchcinski.pl\/hu\/kontakt\/biuraporad\/","og_locale":"hu_HU","og_type":"article","og_title":"Biura interwencji i porad &#8211; Marek Kuchci\u0144ski","og_description":"Przemy\u015bl, 37-700 Przemy\u015bl, Wybrze\u017ce J\u00f3zefa Pi\u0142sudskiego 1, tel. \/faks (16) 678 49 19, biuro@marekkuchcinski.pl BIURA INTERWENCJI I PORAD PiS dzia\u0142aj\u0105ce przy biurach poselskich Marka Kuchci\u0144skiego powsta\u0142y w listopadzie i grudniu 2001 roku, tu\u017c po wyborach parlamentarnych z inicjatywy samego pos\u0142a.Powo\u0142anie tych biur by\u0142o wynikiem realizacji programu wyborczego, kt\u00f3rego bardzo wa\u017cnymi elementami s\u0105: r\u00f3wno\u015b\u0107 wszystkich obywateli [&hellip;]","og_url":"https:\/\/marekkuchcinski.pl\/hu\/kontakt\/biuraporad\/","og_site_name":"Marek Kuchci\u0144ski","article_published_time":"2011-06-21T10:19:24+00:00","article_modified_time":"2016-08-25T15:06:41+00:00","og_image":[{"width":150,"height":84,"url":"https:\/\/marekkuchcinski.pl\/wp-content\/uploads\/2011\/06\/blizej_ludzi_kontakt.jpg","type":"image\/jpeg"}],"author":"admin","twitter_card":"summary_large_image","twitter_misc":{"Szerz\u0151:":"admin","Becs\u00fclt olvas\u00e1si id\u0151":"1 perc"},"schema":{"@context":"https:\/\/schema.org","@graph":[{"@type":"Article","@id":"https:\/\/marekkuchcinski.pl\/kontakt\/biuraporad\/#article","isPartOf":{"@id":"https:\/\/marekkuchcinski.pl\/kontakt\/biuraporad\/"},"author":{"name":"admin","@id":"https:\/\/marekkuchcinski.pl\/#\/schema\/person\/6f62700996b4d950b6ea2d1183b6c6be"},"headline":"Biura interwencji i porad","datePublished":"2011-06-21T10:19:24+00:00","dateModified":"2016-08-25T15:06:41+00:00","mainEntityOfPage":{"@id":"https:\/\/marekkuchcinski.pl\/kontakt\/biuraporad\/"},"wordCount":229,"commentCount":0,"publisher":{"@id":"https:\/\/marekkuchcinski.pl\/#organization"},"image":{"@id":"https:\/\/marekkuchcinski.pl\/kontakt\/biuraporad\/#primaryimage"},"thumbnailUrl":"https:\/\/marekkuchcinski.pl\/wp-content\/uploads\/2011\/06\/blizej_ludzi_kontakt.jpg","articleSection":["Kontakt"],"inLanguage":"hu","potentialAction":[{"@type":"CommentAction","name":"Comment","target":["https:\/\/marekkuchcinski.pl\/kontakt\/biuraporad\/#respond"]}]},{"@type":"WebPage","@id":"https:\/\/marekkuchcinski.pl\/kontakt\/biuraporad\/","url":"https:\/\/marekkuchcinski.pl\/kontakt\/biuraporad\/","name":"Biura interwencji i porad &#8211; Marek Kuchci\u0144ski","isPartOf":{"@id":"https:\/\/marekkuchcinski.pl\/#website"},"primaryImageOfPage":{"@id":"https:\/\/marekkuchcinski.pl\/kontakt\/biuraporad\/#primaryimage"},"image":{"@id":"https:\/\/marekkuchcinski.pl\/kontakt\/biuraporad\/#primaryimage"},"thumbnailUrl":"https:\/\/marekkuchcinski.pl\/wp-content\/uploads\/2011\/06\/blizej_ludzi_kontakt.jpg","datePublished":"2011-06-21T10:19:24+00:00","dateModified":"2016-08-25T15:06:41+00:00","breadcrumb":{"@id":"https:\/\/marekkuchcinski.pl\/kontakt\/biuraporad\/#breadcrumb"},"inLanguage":"hu","potentialAction":[{"@type":"ReadAction","target":["https:\/\/marekkuchcinski.pl\/kontakt\/biuraporad\/"]}]},{"@type":"ImageObject","inLanguage":"hu","@id":"https:\/\/marekkuchcinski.pl\/kontakt\/biuraporad\/#primaryimage","url":"https:\/\/marekkuchcinski.pl\/wp-content\/uploads\/2011\/06\/blizej_ludzi_kontakt.jpg","contentUrl":"https:\/\/marekkuchcinski.pl\/wp-content\/uploads\/2011\/06\/blizej_ludzi_kontakt.jpg","width":150,"height":84},{"@type":"BreadcrumbList","@id":"https:\/\/marekkuchcinski.pl\/kontakt\/biuraporad\/#breadcrumb","itemListElement":[{"@type":"ListItem","position":1,"name":"Strona g\u0142\u00f3wna","item":"https:\/\/marekkuchcinski.pl\/"},{"@type":"ListItem","position":2,"name":"Biura interwencji i porad"}]},{"@type":"WebSite","@id":"https:\/\/marekkuchcinski.pl\/#website","url":"https:\/\/marekkuchcinski.pl\/","name":"Marek Kuchci\u0144ski","description":"Pose\u0142 na sejm RP &ndash; okr\u0119g nr 22","publisher":{"@id":"https:\/\/marekkuchcinski.pl\/#organization"},"potentialAction":[{"@type":"SearchAction","target":{"@type":"EntryPoint","urlTemplate":"https:\/\/marekkuchcinski.pl\/?s={search_term_string}"},"query-input":{"@type":"PropertyValueSpecification","valueRequired":true,"valueName":"search_term_string"}}],"inLanguage":"hu"},{"@type":"Organization","@id":"https:\/\/marekkuchcinski.pl\/#organization","name":"Marek Kuchci\u0144ski","url":"https:\/\/marekkuchcinski.pl\/","logo":{"@type":"ImageObject","inLanguage":"hu","@id":"https:\/\/marekkuchcinski.pl\/#\/schema\/logo\/image\/","url":"https:\/\/marekkuchcinski.pl\/wp-content\/uploads\/2022\/09\/Marek.jpg","contentUrl":"https:\/\/marekkuchcinski.pl\/wp-content\/uploads\/2022\/09\/Marek.jpg","width":1600,"height":971,"caption":"Marek Kuchci\u0144ski"},"image":{"@id":"https:\/\/marekkuchcinski.pl\/#\/schema\/logo\/image\/"}},{"@type":"Person","@id":"https:\/\/marekkuchcinski.pl\/#\/schema\/person\/6f62700996b4d950b6ea2d1183b6c6be","name":"admin","image":{"@type":"ImageObject","inLanguage":"hu","@id":"https:\/\/marekkuchcinski.pl\/#\/schema\/person\/image\/","url":"https:\/\/secure.gravatar.com\/avatar\/4bab693b9d55c3d6b52c0296a8765085?s=96&d=mm&r=g","contentUrl":"https:\/\/secure.gravatar.com\/avatar\/4bab693b9d55c3d6b52c0296a8765085?s=96&d=mm&r=g","caption":"admin"},"url":"https:\/\/marekkuchcinski.pl\/hu\/author\/marta-olejnik\/"}]}},"_links":{"self":[{"href":"https:\/\/marekkuchcinski.pl\/hu\/wp-json\/wp\/v2\/posts\/24","targetHints":{"allow":["GET"]}}],"collection":[{"href":"https:\/\/marekkuchcinski.pl\/hu\/wp-json\/wp\/v2\/posts"}],"about":[{"href":"https:\/\/marekkuchcinski.pl\/hu\/wp-json\/wp\/v2\/types\/post"}],"author":[{"embeddable":true,"href":"https:\/\/marekkuchcinski.pl\/hu\/wp-json\/wp\/v2\/users\/6"}],"replies":[{"embeddable":true,"href":"https:\/\/marekkuchcinski.pl\/hu\/wp-json\/wp\/v2\/comments?post=24"}],"version-history":[{"count":1,"href":"https:\/\/marekkuchcinski.pl\/hu\/wp-json\/wp\/v2\/posts\/24\/revisions"}],"predecessor-version":[{"id":1167,"href":"https:\/\/marekkuchcinski.pl\/hu\/wp-json\/wp\/v2\/posts\/24\/revisions\/1167"}],"wp:featuredmedia":[{"embeddable":true,"href":"https:\/\/marekkuchcinski.pl\/hu\/wp-json\/wp\/v2\/media\/23"}],"wp:attachment":[{"href":"https:\/\/marekkuchcinski.pl\/hu\/wp-json\/wp\/v2\/media?parent=24"}],"wp:term":[{"taxonomy":"category","embeddable":true,"href":"https:\/\/marekkuchcinski.pl\/hu\/wp-json\/wp\/v2\/categories?post=24"},{"taxonomy":"post_tag","embeddable":true,"href":"https:\/\/marekkuchcinski.pl\/hu\/wp-json\/wp\/v2\/tags?post=24"}],"curies":[{"name":"wp","href":"https:\/\/api.w.org\/{rel}","templated":true}]}}