{"id":23064,"date":"2021-07-30T10:33:07","date_gmt":"2021-07-30T08:33:07","guid":{"rendered":"https:\/\/marekkuchcinski.pl\/?p=23064"},"modified":"2021-07-30T17:25:12","modified_gmt":"2021-07-30T15:25:12","slug":"parlamentarne-forum-polsko-hiszpanskie-integracja-subregionalna-jako-wzmocnienie-ue","status":"publish","type":"post","link":"https:\/\/marekkuchcinski.pl\/hu\/wydarzenia\/parlamentarne-forum-polsko-hiszpanskie-integracja-subregionalna-jako-wzmocnienie-ue\/","title":{"rendered":"VII Polsko-Hiszpa\u0144skie Forum Parlamentarne. Marek Kuchci\u0144ski: Integracja subregionalna jako wzmocnienie UE"},"content":{"rendered":"<p class=\"wp-block-paragraph\"><strong><em>Od 30 lat Sejm anga\u017cuje si\u0119 w kszta\u0142towanie polityki zagranicznej Polski poprzez dyplomacj\u0119 parlamentarn\u0105<\/em><\/strong><em>. Jednym z cel\u00f3w tych dzia\u0142a\u0144 jest&nbsp; <strong>wzmocnienie bezpiecze\u0144stwa<\/strong> w tej cz\u0119\u015bci Europy, <strong>dobra wsp\u00f3\u0142praca z s\u0105siadami<\/strong> oraz zwi\u0119kszenie aktywno\u015bci parlament\u00f3w wobec rosn\u0105cego znaczenia w\u0142adzy wykonawczej w tych pa\u0144stwach i coraz wi\u0119kszej roli&nbsp; instytucji mi\u0119dzynarodowych, np. UE.<\/em><\/p>\n\n\n\n<figure class=\"wp-block-image size-large\"><a href=\"https:\/\/marekkuchcinski.pl\/wp-content\/uploads\/2021\/07\/227942801_604139244082422_4373967066026132313_n-1-scaled.jpg\"><img fetchpriority=\"high\" decoding=\"async\" width=\"1024\" height=\"682\" src=\"https:\/\/marekkuchcinski.pl\/wp-content\/uploads\/2021\/07\/227942801_604139244082422_4373967066026132313_n-1-1024x682.jpg\" alt=\"\" class=\"wp-image-23067\" srcset=\"https:\/\/marekkuchcinski.pl\/wp-content\/uploads\/2021\/07\/227942801_604139244082422_4373967066026132313_n-1-1024x682.jpg 1024w, https:\/\/marekkuchcinski.pl\/wp-content\/uploads\/2021\/07\/227942801_604139244082422_4373967066026132313_n-1-300x200.jpg 300w, https:\/\/marekkuchcinski.pl\/wp-content\/uploads\/2021\/07\/227942801_604139244082422_4373967066026132313_n-1-768x512.jpg 768w, https:\/\/marekkuchcinski.pl\/wp-content\/uploads\/2021\/07\/227942801_604139244082422_4373967066026132313_n-1-1536x1023.jpg 1536w, https:\/\/marekkuchcinski.pl\/wp-content\/uploads\/2021\/07\/227942801_604139244082422_4373967066026132313_n-1-scaled.jpg 2048w, https:\/\/marekkuchcinski.pl\/wp-content\/uploads\/2021\/07\/227942801_604139244082422_4373967066026132313_n-1-16x12.jpg 16w\" sizes=\"(max-width: 1024px) 100vw, 1024px\" \/><\/a><\/figure>\n\n\n\n<p class=\"wp-block-paragraph\"><strong>&nbsp;&nbsp;&nbsp;&nbsp;&nbsp;&nbsp;&nbsp;&nbsp;&nbsp;&nbsp;&nbsp;&nbsp;&nbsp;&nbsp;&nbsp;&nbsp;&nbsp;&nbsp;&nbsp;&nbsp;&nbsp;&nbsp;&nbsp;&nbsp;&nbsp;&nbsp;&nbsp;&nbsp;&nbsp;&nbsp;&nbsp;&nbsp;&nbsp;&nbsp;&nbsp;&nbsp;&nbsp;&nbsp;&nbsp;&nbsp;&nbsp;&nbsp;&nbsp;&nbsp;&nbsp;&nbsp;&nbsp;&nbsp; &nbsp;&nbsp; I<\/strong><\/p>\n\n\n\n<p class=\"wp-block-paragraph\"><strong>Zainteresowanie wsp\u00f3\u0142prac\u0105 subregionaln\u0105 w ostatnich kilkunastu latach ro\u015bnie<\/strong>. Sk\u0142ada si\u0119 na to kilka powod\u00f3w.<\/p>\n\n\n\n<p class=\"wp-block-paragraph\"><strong>1. Subregiony w Europie maj\u0105 swoj\u0105 odr\u0119bno\u015b\u0107<\/strong>, co wzmacnia pluralizm w UE.<\/p>\n\n\n\n<p class=\"wp-block-paragraph\"><strong>2. Cz\u0119\u015b\u0107 zagadnie\u0144 w UE ma charakter subregionalny<\/strong> i tam mog\u0105 by\u0107 rozwi\u0105zane najlepiej, np.:<\/p>\n\n\n\n<p class=\"wp-block-paragraph\">&#8211; <strong>rozw\u00f3j infrastruktury komunikacyjnej P\u00f3\u0142noc-Po\u0142udnie <\/strong>Europy,<\/p>\n\n\n\n<p class=\"wp-block-paragraph\">&#8211; <strong>strategie regionalne, jak: Alpejska, Dunajska, Ba\u0142tycka, czy planowana Karpacka<\/strong> \u2013 jako instrumenty wzmacniaj\u0105ce i racjonalizuj\u0105ce wsp\u00f3\u0142prac\u0119 miedzy pa\u0144stwami regionu,<\/p>\n\n\n\n<p class=\"wp-block-paragraph\">&#8211; <strong>wzmacnianie wymiaru wschodniego europejskiej polityki s\u0105siedztwa<\/strong> i wsp\u00f3\u0142praca z pa\u0144stwami Partnerstwa Wschodniego.<\/p>\n\n\n\n<p class=\"wp-block-paragraph\">&#8211; <strong>potrzeba lepszego poznania si\u0119<\/strong>, bowiem po upadku ZSRR przed 30 laty i Jugos\u0142awii <strong>ponad dwadzie\u015bcia&nbsp; pa\u0144stw regionu odzyska\u0142o niepodleg\u0142o\u015b\u0107<\/strong>.<\/p>\n\n\n\n<p class=\"wp-block-paragraph\"><strong>3. Europa \u015arodkowa chce korzysta\u0107 z najlepszych wzorc\u00f3w Beneluksu i wsp\u00f3\u0142pracy nordyckiej.<\/strong><\/p>\n\n\n\n<p class=\"wp-block-paragraph\"><strong>4. Wchodz\u0105c do UE <\/strong>pa\u0144stwa dobrowolnie zgodzi\u0142y si\u0119 na utrat\u0119 ok. 60% swoich uprawnie\u0144, a w konsekwencji ich<strong> parlamenty ograniczy\u0142y swoj\u0105 suwerenno\u015b\u0107. <\/strong>Ten fakt\u00a0powoduje, \u017ce parlamenty narodowe <strong>poszukuj\u0105 wzmocnienia swojej roli <\/strong>jako przedstawiciela suwerena, narodu.<\/p>\n\n\n\n<p class=\"wp-block-paragraph\"><strong>5. Przyk\u0142adem zagro\u017cenia bezpiecze\u0144stwa energetycznego w pa\u0144stwach Europy \u015arodkowej\u00a0 jest \u0142amanie europejskiej solidarno\u015bci przez Niemcy, kt\u00f3re\u00a0 porozumiewaj\u0105 si\u0119 z Rosj\u0105 w konkretnych projektach gospodarczych<\/strong> (np. w sprawie Gazoci\u0105gu P\u00f3\u0142nocnego\u00a0 Nord Stream 2), co zmusza parlamenty narodowe Europy \u015arodkowej do stanowczych reakcji w obronie suwerenno\u015bci.<\/p>\n\n\n\n<figure class=\"wp-block-image size-large\"><a href=\"https:\/\/marekkuchcinski.pl\/wp-content\/uploads\/2021\/07\/226098590_246779720418793_7650742983408015429_n-scaled.jpg\"><img decoding=\"async\" width=\"1024\" height=\"682\" src=\"https:\/\/marekkuchcinski.pl\/wp-content\/uploads\/2021\/07\/226098590_246779720418793_7650742983408015429_n-1024x682.jpg\" alt=\"\" class=\"wp-image-23068\" srcset=\"https:\/\/marekkuchcinski.pl\/wp-content\/uploads\/2021\/07\/226098590_246779720418793_7650742983408015429_n-1024x682.jpg 1024w, https:\/\/marekkuchcinski.pl\/wp-content\/uploads\/2021\/07\/226098590_246779720418793_7650742983408015429_n-300x200.jpg 300w, https:\/\/marekkuchcinski.pl\/wp-content\/uploads\/2021\/07\/226098590_246779720418793_7650742983408015429_n-768x512.jpg 768w, https:\/\/marekkuchcinski.pl\/wp-content\/uploads\/2021\/07\/226098590_246779720418793_7650742983408015429_n-1536x1023.jpg 1536w, https:\/\/marekkuchcinski.pl\/wp-content\/uploads\/2021\/07\/226098590_246779720418793_7650742983408015429_n-scaled.jpg 2048w, https:\/\/marekkuchcinski.pl\/wp-content\/uploads\/2021\/07\/226098590_246779720418793_7650742983408015429_n-16x12.jpg 16w\" sizes=\"(max-width: 1024px) 100vw, 1024px\" \/><\/a><\/figure>\n\n\n\n<p class=\"wp-block-paragraph\">&nbsp;&nbsp;&nbsp;&nbsp;&nbsp;&nbsp;&nbsp;&nbsp;&nbsp; &nbsp;&nbsp;&nbsp;&nbsp;&nbsp;&nbsp;&nbsp;&nbsp;&nbsp;&nbsp;&nbsp;&nbsp;&nbsp;&nbsp;&nbsp;&nbsp;&nbsp;&nbsp;&nbsp;&nbsp;&nbsp;&nbsp;&nbsp;&nbsp;&nbsp;&nbsp;&nbsp;&nbsp;&nbsp;&nbsp;&nbsp;&nbsp;&nbsp;&nbsp;&nbsp;&nbsp;&nbsp;&nbsp;&nbsp;&nbsp;&nbsp;&nbsp;&nbsp;&nbsp;&nbsp;&nbsp;&nbsp;&nbsp; &nbsp; <strong>II<\/strong>&nbsp;&nbsp;&nbsp;&nbsp;&nbsp;&nbsp;&nbsp;&nbsp;&nbsp;&nbsp;&nbsp;&nbsp;&nbsp;&nbsp;&nbsp;&nbsp;&nbsp;&nbsp;&nbsp;&nbsp;&nbsp;&nbsp;&nbsp;&nbsp;&nbsp;&nbsp;&nbsp;&nbsp;&nbsp;&nbsp;&nbsp;&nbsp;&nbsp;&nbsp;&nbsp;&nbsp;&nbsp;&nbsp;&nbsp;&nbsp;&nbsp;&nbsp;&nbsp;<\/p>\n\n\n\n<p class=\"wp-block-paragraph\"><strong>&nbsp;&nbsp;&nbsp;&nbsp;&nbsp;&nbsp;&nbsp;&nbsp;&nbsp; Do najbardziej aktywnych format\u00f3w wsp\u00f3\u0142pracy subregionalnej nale\u017c\u0105<\/strong>: <strong>Grupa Wyszehradzka,&nbsp; EUROWAW, Europa Karpat, Tr\u00f3jmorze i Bukareszta\u0144ska Dziewi\u0105tka.<\/strong><\/p>\n\n\n\n<p class=\"wp-block-paragraph\"><strong>1\/ Grupa Wyszehradzka<\/strong> (V4) zosta\u0142a powo\u0142ana <strong>15 lutego 1991<\/strong> roku jako elastyczny <strong>mechanizm wsp\u00f3\u0142pracy wielostronnej <\/strong>czterech pa\u0144stw \u2013 <strong>Czech, S\u0142owacji, W\u0119gier i Polski.<\/strong><\/p>\n\n\n\n<p class=\"wp-block-paragraph\">Prac\u0119 Grupy koordynuje <strong>rotacyjna, roczna prezydencja<\/strong>, podczas kt\u00f3rej opracowywane s\u0105 programy i priorytety.<\/p>\n\n\n\n<p class=\"wp-block-paragraph\"><strong>Rynek V4 jest dla Niemiec <\/strong>\u2013 najwi\u0119kszej gospodarki Unii Europejskiej \u2013 <strong>o 40 proc. wy\u017cszy <\/strong>ni\u017c rynek USA.<\/p>\n\n\n\n<p class=\"wp-block-paragraph\">W 2001 r. zosta\u0142 powo\u0142any <strong>Mi\u0119dzynarodowy Fundusz Wyszehradzki<\/strong> kt\u00f3rego za\u0142o\u017ceniem jest <strong>wspieranie inicjatyw kulturalnych, naukowych, edukacyjnych i turystycznych<\/strong>.<\/p>\n\n\n\n<p class=\"wp-block-paragraph\">Podczas spotka\u0144 omawiane s\u0105 <strong>wsp\u00f3lne inicjatywy i dzia\u0142ania mi\u0119dzynarodowe<\/strong>, m.in. pa\u0144stwa V4 <strong>negatywnie oceniaj\u0105 projekt \u201cEuropy wielu pr\u0119dko\u015bci\u201d.<\/strong><\/p>\n\n\n\n<p class=\"wp-block-paragraph\"><strong>2\/ EUROWAW, czyli Szczyty parlamentarne Europy \u015arodkowej i Wschodniej.<\/strong><\/p>\n\n\n\n<p class=\"wp-block-paragraph\"><strong>Pomys\u0142 powo\u0142ania tego formatu zrodzi\u0142 si\u0119 z przekonania, \u017ce w naszej cz\u0119\u015bci Europy wsp\u00f3\u0142praca parlamentarna nie powinna ogranicza\u0107 si\u0119 wy\u0142\u0105cznie do pa\u0144stw Unii Europejskiej.<\/strong><\/p>\n\n\n\n<p class=\"wp-block-paragraph\"><strong>Na<\/strong> wsch\u00f3d od naszych granic le\u017c\u0105 pa\u0144stwa europejskie, kt\u00f3re nie maj\u0105 mo\u017cliwo\u015bci tak szybkiego rozwoju jak kraje&nbsp; UE.<\/p>\n\n\n\n<p class=\"wp-block-paragraph\"><strong>W 2008 roku powsta\u0142 program Partnerstwa Wschodniego<\/strong> w ramach zagranicznej europejskiej polityki s\u0105siedztwa UE, obejmuj\u0105cy 6 pa\u0144stw. Ale <strong>by\u0142y to inicjatywy rz\u0105dowe, nie parlamentarne.<\/strong><\/p>\n\n\n\n<p class=\"wp-block-paragraph\">Od 2016 r.  organizacja w Warszawie szczyt\u00f3w parlamentarnych Europy \u015arodkowej stworzy\u0142a <strong>p\u0142aszczyzn\u0119 parlamentarnej wsp\u00f3\u0142pracy ca\u0142ego obszaru.<\/strong><\/p>\n\n\n\n<p class=\"wp-block-paragraph\"><strong>3\/ Europa Karpat \u2013 cykl konferencji mi\u0119dzynarodowych, <\/strong>organizowanych od 2011 r., przez polski Sejm.<\/p>\n\n\n\n<p class=\"wp-block-paragraph\">Uczestnikami tych konferencji s\u0105 <strong>przedstawiciele rz\u0105d\u00f3w i parlament\u00f3w, samorz\u0105d\u00f3w, instytucji naukowych, studenci, organizacje pozarz\u0105dowe, intelektuali\u015bci i tw\u00f3rcy, a tak\u017ce zwykli ludzie<\/strong>.<\/p>\n\n\n\n<p class=\"wp-block-paragraph\">Uczestnicy rozmawiaj\u0105 o <strong>wsp\u00f3lnym dziedzictwie, o polityce, wsp\u00f3\u0142pracy mi\u0119dzy pa\u0144stwami, o gospodarce i ideach cywilizacyjnych, o sprawach spo\u0142ecznych<\/strong>, ale tak\u017ce o unikalnym bogactwie kultury i przyrody naszej cz\u0119\u015bci Europy<\/p>\n\n\n\n<p class=\"wp-block-paragraph\"><strong>Europa Karpat sta\u0142a si\u0119 popularn\u0105 form\u0105 dzia\u0142alno\u015bci&nbsp; parlamentarnej i lepszego poznawania swoich potrzeb, oczekiwa\u0144 i sposob\u00f3w my\u015blenia<\/strong>.<\/p>\n\n\n\n<p class=\"wp-block-paragraph\">W Europie \u015arodkowej wyst\u0119puje <strong>najwi\u0119ksze zag\u0119szczenie narod\u00f3w, j\u0119zyk\u00f3w, r\u00f3\u017cnych religii\u00a0w przeliczeniu na 1 km kwadratowy na \u015bwiecie<\/strong>\u00a0\u2013 i liczne z tym zwi\u0105zane problemy, jak zmiana przebiegu granic, a nawet s\u0105siad\u00f3w. (<strong>Polska obecnie nie graniczy \u017cadnym z pa\u0144stw, z kt\u00f3rym graniczy\u0142a jeszcze w 1989 roku.<\/strong>)<\/p>\n\n\n\n<p class=\"wp-block-paragraph\"><strong>4\/ Tr\u00f3jmorze.<\/strong><\/p>\n\n\n\n<p class=\"wp-block-paragraph\"><strong>Jest to wsp\u00f3\u0142praca 12 pa\u0144stw UE, <\/strong>dotycz\u0105ca m.in. rozwoju infrastruktury, wsp\u00f3\u0142pracy energetycznej i cyfryzacji. Nale\u017c\u0105 do nich: Estonia, \u0141otwa, Litwa, Polska, Czechy, S\u0142owacja, W\u0119gry, Chorwacja, S\u0142owenia, Rumunia, Bu\u0142garia i Austria.<\/p>\n\n\n\n<p class=\"wp-block-paragraph\"><strong>Pa\u0144stwa te powo\u0142a\u0142y Fundusz Tr\u00f3jmorza, kt\u00f3ry wynosi 1,2 mld euro i przeznaczony jest do wspierania wsp\u00f3lnych&nbsp; projekt\u00f3w.<\/strong><\/p>\n\n\n\n<p class=\"wp-block-paragraph\">Do 2030 r. <strong>inwestycje w infrastruktur\u0119 transportow\u0105 <\/strong>w dwunastu krajach Tr\u00f3jmorza maj\u0105 wynie\u015b\u0107 <strong>290 mld euro<\/strong>, podczas gdy <strong>sektor energetyczny <\/strong>ma przyci\u0105gn\u0105\u0107 88 mld euro, a cyfryzacja <strong>160 mld euro<\/strong>.<\/p>\n\n\n\n<p class=\"wp-block-paragraph\">W ostatnim czasie podj\u0119to dzia\u0142ania na rzecz utworzenia <strong>forum parlamentarnego Tr\u00f3jmorza<\/strong>.<\/p>\n\n\n\n<p class=\"wp-block-paragraph\"><strong>5\/ Bukareszta\u0144ska Dziewi\u0105tka \u2013 wsp\u00f3\u0142praca pa\u0144stw cz\u0142onk\u00f3w NATO, <\/strong>w Europie \u015arodkowej, kt\u00f3rej celem jest zwi\u0119kszanie bezpiecze\u0144stwa regionu.<\/p>\n\n\n\n<p class=\"wp-block-paragraph\">W Unii Europejskiej debata dotycz\u0105ca dynamiki procesu integracyjnego jest stale obecna.&nbsp;<\/p>\n\n\n\n<p class=\"wp-block-paragraph\">Dzisiejsza Unia Europejska stoi jednocze\u015bnie przed wyzwaniami natury instytucjonalnej, politycznej i ekonomicznej.&nbsp;Jest konfrontowana ze skutkami kryzysu finansowego,&nbsp;imigracyjnego,&nbsp;brexitem,&nbsp;pandemi\u0105.&nbsp;<\/p>\n\n\n\n<p class=\"wp-block-paragraph\">Na tym tle jeszcze istotniejsza jest dobra wsp\u00f3\u0142praca z najbli\u017cszymi s\u0105siadami. Tymi, kt\u00f3rzy s\u0105 cz\u0142onkami UE, aspiruj\u0105cymi do cz\u0142onkostwa, czy&nbsp;pragn\u0105cymi&nbsp;po prostu&nbsp;utrzymywa\u0107 dobre stosunki z Uni\u0105.<\/p>\n\n\n\n<figure class=\"wp-block-image size-large\"><a href=\"https:\/\/marekkuchcinski.pl\/wp-content\/uploads\/2021\/07\/227943598_1070821027078774_1275411391477754286_n-scaled.jpg\"><img decoding=\"async\" width=\"1024\" height=\"682\" src=\"https:\/\/marekkuchcinski.pl\/wp-content\/uploads\/2021\/07\/227943598_1070821027078774_1275411391477754286_n-1024x682.jpg\" alt=\"\" class=\"wp-image-23069\" srcset=\"https:\/\/marekkuchcinski.pl\/wp-content\/uploads\/2021\/07\/227943598_1070821027078774_1275411391477754286_n-1024x682.jpg 1024w, https:\/\/marekkuchcinski.pl\/wp-content\/uploads\/2021\/07\/227943598_1070821027078774_1275411391477754286_n-300x200.jpg 300w, https:\/\/marekkuchcinski.pl\/wp-content\/uploads\/2021\/07\/227943598_1070821027078774_1275411391477754286_n-768x512.jpg 768w, https:\/\/marekkuchcinski.pl\/wp-content\/uploads\/2021\/07\/227943598_1070821027078774_1275411391477754286_n-1536x1023.jpg 1536w, https:\/\/marekkuchcinski.pl\/wp-content\/uploads\/2021\/07\/227943598_1070821027078774_1275411391477754286_n-scaled.jpg 2048w, https:\/\/marekkuchcinski.pl\/wp-content\/uploads\/2021\/07\/227943598_1070821027078774_1275411391477754286_n-16x12.jpg 16w\" sizes=\"(max-width: 1024px) 100vw, 1024px\" \/><\/a><\/figure>\n\n\n\n<figure class=\"wp-block-embed is-type-wp-embed is-provider-marek-kuchcinski wp-block-embed-marek-kuchcinski\"><div class=\"wp-block-embed__wrapper\">\n<blockquote class=\"wp-embedded-content\" data-secret=\"t1QyiVF2mA\"><a href=\"https:\/\/marekkuchcinski.pl\/hu\/wydarzenia\/v-polsko-hiszpanskie-forum-parlamentarne-krakowie\/\">V Polsko-Hiszpa\u0144skie Forum Parlamentarne w Krakowie<\/a><\/blockquote><iframe class=\"wp-embedded-content\" sandbox=\"allow-scripts\" security=\"restricted\" style=\"position: absolute; clip: rect(1px, 1px, 1px, 1px);\" title=\"\u201eV Polsko-Hiszpa\u0144skie Forum Parlamentarne w Krakowie\u201d \u2014 Marek Kuchci\u0144ski\" src=\"https:\/\/marekkuchcinski.pl\/wydarzenia\/v-polsko-hiszpanskie-forum-parlamentarne-krakowie\/embed\/#?secret=t1QyiVF2mA\" data-secret=\"t1QyiVF2mA\" width=\"600\" height=\"338\" frameborder=\"0\" marginwidth=\"0\" marginheight=\"0\" scrolling=\"no\"><\/iframe>\n<\/div><\/figure>","protected":false},"excerpt":{"rendered":"<p>Od 30 lat Sejm anga\u017cuje si\u0119 w kszta\u0142towanie polityki zagranicznej Polski poprzez dyplomacj\u0119 parlamentarn\u0105. Jednym z cel\u00f3w tych dzia\u0142a\u0144 jest&nbsp; wzmocnienie bezpiecze\u0144stwa w tej cz\u0119\u015bci Europy, dobra wsp\u00f3\u0142praca z s\u0105siadami oraz zwi\u0119kszenie aktywno\u015bci parlament\u00f3w wobec rosn\u0105cego znaczenia w\u0142adzy wykonawczej w tych pa\u0144stwach i coraz wi\u0119kszej roli&nbsp; instytucji mi\u0119dzynarodowych, np. UE. &nbsp;&nbsp;&nbsp;&nbsp;&nbsp;&nbsp;&nbsp;&nbsp;&nbsp;&nbsp;&nbsp;&nbsp;&nbsp;&nbsp;&nbsp;&nbsp;&nbsp;&nbsp;&nbsp;&nbsp;&nbsp;&nbsp;&nbsp;&nbsp;&nbsp;&nbsp;&nbsp;&nbsp;&nbsp;&nbsp;&nbsp;&nbsp;&nbsp;&nbsp;&nbsp;&nbsp;&nbsp;&nbsp;&nbsp;&nbsp;&nbsp;&nbsp;&nbsp;&nbsp;&nbsp;&nbsp;&nbsp;&nbsp; &nbsp;&nbsp; I Zainteresowanie wsp\u00f3\u0142prac\u0105 [&hellip;]<\/p>\n","protected":false},"author":3,"featured_media":23066,"comment_status":"open","ping_status":"open","sticky":false,"template":"","format":"standard","meta":{"ngg_post_thumbnail":0,"footnotes":""},"categories":[50,3],"tags":[],"class_list":["post-23064","post","type-post","status-publish","format-standard","has-post-thumbnail","hentry","category-wspolpraca-miedzynarodowa","category-wydarzenia"],"yoast_head":"<!-- This site is optimized with the Yoast SEO plugin v28.4 - https:\/\/yoast.com\/product\/yoast-seo-wordpress\/ -->\n<title>VII Polsko-Hiszpa\u0144skie Forum Parlamentarne. Marek Kuchci\u0144ski: Integracja subregionalna jako wzmocnienie UE &#8211; Marek Kuchci\u0144ski<\/title>\n<meta name=\"robots\" content=\"index, follow, max-snippet:-1, max-image-preview:large, max-video-preview:-1\" \/>\n<link rel=\"canonical\" href=\"https:\/\/marekkuchcinski.pl\/hu\/wydarzenia\/parlamentarne-forum-polsko-hiszpanskie-integracja-subregionalna-jako-wzmocnienie-ue\/\" \/>\n<meta property=\"og:locale\" content=\"hu_HU\" \/>\n<meta property=\"og:type\" content=\"article\" \/>\n<meta property=\"og:title\" content=\"VII Polsko-Hiszpa\u0144skie Forum Parlamentarne. Marek Kuchci\u0144ski: Integracja subregionalna jako wzmocnienie UE &#8211; Marek Kuchci\u0144ski\" \/>\n<meta property=\"og:description\" content=\"Od 30 lat Sejm anga\u017cuje si\u0119 w kszta\u0142towanie polityki zagranicznej Polski poprzez dyplomacj\u0119 parlamentarn\u0105. Jednym z cel\u00f3w tych dzia\u0142a\u0144 jest&nbsp; wzmocnienie bezpiecze\u0144stwa w tej cz\u0119\u015bci Europy, dobra wsp\u00f3\u0142praca z s\u0105siadami oraz zwi\u0119kszenie aktywno\u015bci parlament\u00f3w wobec rosn\u0105cego znaczenia w\u0142adzy wykonawczej w tych pa\u0144stwach i coraz wi\u0119kszej roli&nbsp; instytucji mi\u0119dzynarodowych, np. UE. &nbsp;&nbsp;&nbsp;&nbsp;&nbsp;&nbsp;&nbsp;&nbsp;&nbsp;&nbsp;&nbsp;&nbsp;&nbsp;&nbsp;&nbsp;&nbsp;&nbsp;&nbsp;&nbsp;&nbsp;&nbsp;&nbsp;&nbsp;&nbsp;&nbsp;&nbsp;&nbsp;&nbsp;&nbsp;&nbsp;&nbsp;&nbsp;&nbsp;&nbsp;&nbsp;&nbsp;&nbsp;&nbsp;&nbsp;&nbsp;&nbsp;&nbsp;&nbsp;&nbsp;&nbsp;&nbsp;&nbsp;&nbsp; &nbsp;&nbsp; I Zainteresowanie wsp\u00f3\u0142prac\u0105 [&hellip;]\" \/>\n<meta property=\"og:url\" content=\"https:\/\/marekkuchcinski.pl\/hu\/wydarzenia\/parlamentarne-forum-polsko-hiszpanskie-integracja-subregionalna-jako-wzmocnienie-ue\/\" \/>\n<meta property=\"og:site_name\" content=\"Marek Kuchci\u0144ski\" \/>\n<meta property=\"article:published_time\" content=\"2021-07-30T08:33:07+00:00\" \/>\n<meta property=\"article:modified_time\" content=\"2021-07-30T15:25:12+00:00\" \/>\n<meta property=\"og:image\" content=\"https:\/\/marekkuchcinski.pl\/wp-content\/uploads\/2021\/07\/227942801_604139244082422_4373967066026132313_n-scaled.jpg\" \/>\n\t<meta property=\"og:image:width\" content=\"2048\" \/>\n\t<meta property=\"og:image:height\" content=\"1364\" \/>\n\t<meta property=\"og:image:type\" content=\"image\/jpeg\" \/>\n<meta name=\"author\" content=\"Marta Olejnik\" \/>\n<meta name=\"twitter:card\" content=\"summary_large_image\" \/>\n<meta name=\"twitter:label1\" content=\"Written by\" \/>\n\t<meta name=\"twitter:data1\" content=\"Marta Olejnik\" \/>\n\t<meta name=\"twitter:label2\" content=\"Est. reading time\" \/>\n\t<meta name=\"twitter:data2\" content=\"4 minutes\" \/>\n<script type=\"application\/ld+json\" class=\"yoast-schema-graph\">{\"@context\":\"https:\\\/\\\/schema.org\",\"@graph\":[{\"@type\":\"Article\",\"@id\":\"https:\\\/\\\/marekkuchcinski.pl\\\/wydarzenia\\\/parlamentarne-forum-polsko-hiszpanskie-integracja-subregionalna-jako-wzmocnienie-ue\\\/#article\",\"isPartOf\":{\"@id\":\"https:\\\/\\\/marekkuchcinski.pl\\\/wydarzenia\\\/parlamentarne-forum-polsko-hiszpanskie-integracja-subregionalna-jako-wzmocnienie-ue\\\/\"},\"author\":{\"name\":\"Marta Olejnik\",\"@id\":\"https:\\\/\\\/marekkuchcinski.pl\\\/#\\\/schema\\\/person\\\/bd3f15dee67fee76e83c8350d0154101\"},\"headline\":\"VII Polsko-Hiszpa\u0144skie Forum Parlamentarne. Marek Kuchci\u0144ski: Integracja subregionalna jako wzmocnienie UE\",\"datePublished\":\"2021-07-30T08:33:07+00:00\",\"dateModified\":\"2021-07-30T15:25:12+00:00\",\"mainEntityOfPage\":{\"@id\":\"https:\\\/\\\/marekkuchcinski.pl\\\/wydarzenia\\\/parlamentarne-forum-polsko-hiszpanskie-integracja-subregionalna-jako-wzmocnienie-ue\\\/\"},\"wordCount\":1067,\"commentCount\":0,\"publisher\":{\"@id\":\"https:\\\/\\\/marekkuchcinski.pl\\\/#organization\"},\"image\":{\"@id\":\"https:\\\/\\\/marekkuchcinski.pl\\\/wydarzenia\\\/parlamentarne-forum-polsko-hiszpanskie-integracja-subregionalna-jako-wzmocnienie-ue\\\/#primaryimage\"},\"thumbnailUrl\":\"https:\\\/\\\/marekkuchcinski.pl\\\/wp-content\\\/uploads\\\/2021\\\/07\\\/227942801_604139244082422_4373967066026132313_n-scaled.jpg\",\"articleSection\":[\"Wsp\u00f3\u0142praca mi\u0119dzynarodowa\",\"Wydarzenia\"],\"inLanguage\":\"hu-HU\",\"potentialAction\":[{\"@type\":\"CommentAction\",\"name\":\"Comment\",\"target\":[\"https:\\\/\\\/marekkuchcinski.pl\\\/wydarzenia\\\/parlamentarne-forum-polsko-hiszpanskie-integracja-subregionalna-jako-wzmocnienie-ue\\\/#respond\"]}]},{\"@type\":\"WebPage\",\"@id\":\"https:\\\/\\\/marekkuchcinski.pl\\\/wydarzenia\\\/parlamentarne-forum-polsko-hiszpanskie-integracja-subregionalna-jako-wzmocnienie-ue\\\/\",\"url\":\"https:\\\/\\\/marekkuchcinski.pl\\\/wydarzenia\\\/parlamentarne-forum-polsko-hiszpanskie-integracja-subregionalna-jako-wzmocnienie-ue\\\/\",\"name\":\"VII Polsko-Hiszpa\u0144skie Forum Parlamentarne. Marek Kuchci\u0144ski: Integracja subregionalna jako wzmocnienie UE &#8211; Marek Kuchci\u0144ski\",\"isPartOf\":{\"@id\":\"https:\\\/\\\/marekkuchcinski.pl\\\/#website\"},\"primaryImageOfPage\":{\"@id\":\"https:\\\/\\\/marekkuchcinski.pl\\\/wydarzenia\\\/parlamentarne-forum-polsko-hiszpanskie-integracja-subregionalna-jako-wzmocnienie-ue\\\/#primaryimage\"},\"image\":{\"@id\":\"https:\\\/\\\/marekkuchcinski.pl\\\/wydarzenia\\\/parlamentarne-forum-polsko-hiszpanskie-integracja-subregionalna-jako-wzmocnienie-ue\\\/#primaryimage\"},\"thumbnailUrl\":\"https:\\\/\\\/marekkuchcinski.pl\\\/wp-content\\\/uploads\\\/2021\\\/07\\\/227942801_604139244082422_4373967066026132313_n-scaled.jpg\",\"datePublished\":\"2021-07-30T08:33:07+00:00\",\"dateModified\":\"2021-07-30T15:25:12+00:00\",\"breadcrumb\":{\"@id\":\"https:\\\/\\\/marekkuchcinski.pl\\\/wydarzenia\\\/parlamentarne-forum-polsko-hiszpanskie-integracja-subregionalna-jako-wzmocnienie-ue\\\/#breadcrumb\"},\"inLanguage\":\"hu-HU\",\"potentialAction\":[{\"@type\":\"ReadAction\",\"target\":[\"https:\\\/\\\/marekkuchcinski.pl\\\/wydarzenia\\\/parlamentarne-forum-polsko-hiszpanskie-integracja-subregionalna-jako-wzmocnienie-ue\\\/\"]}]},{\"@type\":\"ImageObject\",\"inLanguage\":\"hu-HU\",\"@id\":\"https:\\\/\\\/marekkuchcinski.pl\\\/wydarzenia\\\/parlamentarne-forum-polsko-hiszpanskie-integracja-subregionalna-jako-wzmocnienie-ue\\\/#primaryimage\",\"url\":\"https:\\\/\\\/marekkuchcinski.pl\\\/wp-content\\\/uploads\\\/2021\\\/07\\\/227942801_604139244082422_4373967066026132313_n-scaled.jpg\",\"contentUrl\":\"https:\\\/\\\/marekkuchcinski.pl\\\/wp-content\\\/uploads\\\/2021\\\/07\\\/227942801_604139244082422_4373967066026132313_n-scaled.jpg\",\"width\":2048,\"height\":1364},{\"@type\":\"BreadcrumbList\",\"@id\":\"https:\\\/\\\/marekkuchcinski.pl\\\/wydarzenia\\\/parlamentarne-forum-polsko-hiszpanskie-integracja-subregionalna-jako-wzmocnienie-ue\\\/#breadcrumb\",\"itemListElement\":[{\"@type\":\"ListItem\",\"position\":1,\"name\":\"Strona g\u0142\u00f3wna\",\"item\":\"https:\\\/\\\/marekkuchcinski.pl\\\/\"},{\"@type\":\"ListItem\",\"position\":2,\"name\":\"VII Polsko-Hiszpa\u0144skie Forum Parlamentarne. Marek Kuchci\u0144ski: Integracja subregionalna jako wzmocnienie UE\"}]},{\"@type\":\"WebSite\",\"@id\":\"https:\\\/\\\/marekkuchcinski.pl\\\/#website\",\"url\":\"https:\\\/\\\/marekkuchcinski.pl\\\/\",\"name\":\"Marek Kuchci\u0144ski\",\"description\":\"Marek Kuchci\u0144ski \",\"publisher\":{\"@id\":\"https:\\\/\\\/marekkuchcinski.pl\\\/#organization\"},\"potentialAction\":[{\"@type\":\"SearchAction\",\"target\":{\"@type\":\"EntryPoint\",\"urlTemplate\":\"https:\\\/\\\/marekkuchcinski.pl\\\/?s={search_term_string}\"},\"query-input\":{\"@type\":\"PropertyValueSpecification\",\"valueRequired\":true,\"valueName\":\"search_term_string\"}}],\"inLanguage\":\"hu-HU\"},{\"@type\":\"Organization\",\"@id\":\"https:\\\/\\\/marekkuchcinski.pl\\\/#organization\",\"name\":\"Marek Kuchci\u0144ski\",\"url\":\"https:\\\/\\\/marekkuchcinski.pl\\\/\",\"logo\":{\"@type\":\"ImageObject\",\"inLanguage\":\"hu-HU\",\"@id\":\"https:\\\/\\\/marekkuchcinski.pl\\\/#\\\/schema\\\/logo\\\/image\\\/\",\"url\":\"https:\\\/\\\/marekkuchcinski.pl\\\/wp-content\\\/uploads\\\/2022\\\/09\\\/Marek.jpg\",\"contentUrl\":\"https:\\\/\\\/marekkuchcinski.pl\\\/wp-content\\\/uploads\\\/2022\\\/09\\\/Marek.jpg\",\"width\":1600,\"height\":971,\"caption\":\"Marek Kuchci\u0144ski\"},\"image\":{\"@id\":\"https:\\\/\\\/marekkuchcinski.pl\\\/#\\\/schema\\\/logo\\\/image\\\/\"}},{\"@type\":\"Person\",\"@id\":\"https:\\\/\\\/marekkuchcinski.pl\\\/#\\\/schema\\\/person\\\/bd3f15dee67fee76e83c8350d0154101\",\"name\":\"Marta Olejnik\",\"image\":{\"@type\":\"ImageObject\",\"inLanguage\":\"hu-HU\",\"@id\":\"https:\\\/\\\/secure.gravatar.com\\\/avatar\\\/24754edd6080383402e292374b406b553027d572e97d60e7aa89a6940e88659a?s=96&d=mm&r=g\",\"url\":\"https:\\\/\\\/secure.gravatar.com\\\/avatar\\\/24754edd6080383402e292374b406b553027d572e97d60e7aa89a6940e88659a?s=96&d=mm&r=g\",\"contentUrl\":\"https:\\\/\\\/secure.gravatar.com\\\/avatar\\\/24754edd6080383402e292374b406b553027d572e97d60e7aa89a6940e88659a?s=96&d=mm&r=g\",\"caption\":\"Marta Olejnik\"},\"url\":\"https:\\\/\\\/marekkuchcinski.pl\\\/hu\\\/author\\\/marta\\\/\"}]}<\/script>\n<!-- \/ Yoast SEO plugin. -->","yoast_head_json":{"title":"VII Polsko-Hiszpa\u0144skie Forum Parlamentarne. Marek Kuchci\u0144ski: Integracja subregionalna jako wzmocnienie UE &#8211; Marek Kuchci\u0144ski","robots":{"index":"index","follow":"follow","max-snippet":"max-snippet:-1","max-image-preview":"max-image-preview:large","max-video-preview":"max-video-preview:-1"},"canonical":"https:\/\/marekkuchcinski.pl\/hu\/wydarzenia\/parlamentarne-forum-polsko-hiszpanskie-integracja-subregionalna-jako-wzmocnienie-ue\/","og_locale":"hu_HU","og_type":"article","og_title":"VII Polsko-Hiszpa\u0144skie Forum Parlamentarne. Marek Kuchci\u0144ski: Integracja subregionalna jako wzmocnienie UE &#8211; Marek Kuchci\u0144ski","og_description":"Od 30 lat Sejm anga\u017cuje si\u0119 w kszta\u0142towanie polityki zagranicznej Polski poprzez dyplomacj\u0119 parlamentarn\u0105. Jednym z cel\u00f3w tych dzia\u0142a\u0144 jest&nbsp; wzmocnienie bezpiecze\u0144stwa w tej cz\u0119\u015bci Europy, dobra wsp\u00f3\u0142praca z s\u0105siadami oraz zwi\u0119kszenie aktywno\u015bci parlament\u00f3w wobec rosn\u0105cego znaczenia w\u0142adzy wykonawczej w tych pa\u0144stwach i coraz wi\u0119kszej roli&nbsp; instytucji mi\u0119dzynarodowych, np. UE. &nbsp;&nbsp;&nbsp;&nbsp;&nbsp;&nbsp;&nbsp;&nbsp;&nbsp;&nbsp;&nbsp;&nbsp;&nbsp;&nbsp;&nbsp;&nbsp;&nbsp;&nbsp;&nbsp;&nbsp;&nbsp;&nbsp;&nbsp;&nbsp;&nbsp;&nbsp;&nbsp;&nbsp;&nbsp;&nbsp;&nbsp;&nbsp;&nbsp;&nbsp;&nbsp;&nbsp;&nbsp;&nbsp;&nbsp;&nbsp;&nbsp;&nbsp;&nbsp;&nbsp;&nbsp;&nbsp;&nbsp;&nbsp; &nbsp;&nbsp; I Zainteresowanie wsp\u00f3\u0142prac\u0105 [&hellip;]","og_url":"https:\/\/marekkuchcinski.pl\/hu\/wydarzenia\/parlamentarne-forum-polsko-hiszpanskie-integracja-subregionalna-jako-wzmocnienie-ue\/","og_site_name":"Marek Kuchci\u0144ski","article_published_time":"2021-07-30T08:33:07+00:00","article_modified_time":"2021-07-30T15:25:12+00:00","og_image":[{"width":2048,"height":1364,"url":"https:\/\/marekkuchcinski.pl\/wp-content\/uploads\/2021\/07\/227942801_604139244082422_4373967066026132313_n-scaled.jpg","type":"image\/jpeg"}],"author":"Marta Olejnik","twitter_card":"summary_large_image","twitter_misc":{"Written by":"Marta Olejnik","Est. reading time":"4 minutes"},"schema":{"@context":"https:\/\/schema.org","@graph":[{"@type":"Article","@id":"https:\/\/marekkuchcinski.pl\/wydarzenia\/parlamentarne-forum-polsko-hiszpanskie-integracja-subregionalna-jako-wzmocnienie-ue\/#article","isPartOf":{"@id":"https:\/\/marekkuchcinski.pl\/wydarzenia\/parlamentarne-forum-polsko-hiszpanskie-integracja-subregionalna-jako-wzmocnienie-ue\/"},"author":{"name":"Marta Olejnik","@id":"https:\/\/marekkuchcinski.pl\/#\/schema\/person\/bd3f15dee67fee76e83c8350d0154101"},"headline":"VII Polsko-Hiszpa\u0144skie Forum Parlamentarne. Marek Kuchci\u0144ski: Integracja subregionalna jako wzmocnienie UE","datePublished":"2021-07-30T08:33:07+00:00","dateModified":"2021-07-30T15:25:12+00:00","mainEntityOfPage":{"@id":"https:\/\/marekkuchcinski.pl\/wydarzenia\/parlamentarne-forum-polsko-hiszpanskie-integracja-subregionalna-jako-wzmocnienie-ue\/"},"wordCount":1067,"commentCount":0,"publisher":{"@id":"https:\/\/marekkuchcinski.pl\/#organization"},"image":{"@id":"https:\/\/marekkuchcinski.pl\/wydarzenia\/parlamentarne-forum-polsko-hiszpanskie-integracja-subregionalna-jako-wzmocnienie-ue\/#primaryimage"},"thumbnailUrl":"https:\/\/marekkuchcinski.pl\/wp-content\/uploads\/2021\/07\/227942801_604139244082422_4373967066026132313_n-scaled.jpg","articleSection":["Wsp\u00f3\u0142praca mi\u0119dzynarodowa","Wydarzenia"],"inLanguage":"hu-HU","potentialAction":[{"@type":"CommentAction","name":"Comment","target":["https:\/\/marekkuchcinski.pl\/wydarzenia\/parlamentarne-forum-polsko-hiszpanskie-integracja-subregionalna-jako-wzmocnienie-ue\/#respond"]}]},{"@type":"WebPage","@id":"https:\/\/marekkuchcinski.pl\/wydarzenia\/parlamentarne-forum-polsko-hiszpanskie-integracja-subregionalna-jako-wzmocnienie-ue\/","url":"https:\/\/marekkuchcinski.pl\/wydarzenia\/parlamentarne-forum-polsko-hiszpanskie-integracja-subregionalna-jako-wzmocnienie-ue\/","name":"VII Polsko-Hiszpa\u0144skie Forum Parlamentarne. Marek Kuchci\u0144ski: Integracja subregionalna jako wzmocnienie UE &#8211; Marek Kuchci\u0144ski","isPartOf":{"@id":"https:\/\/marekkuchcinski.pl\/#website"},"primaryImageOfPage":{"@id":"https:\/\/marekkuchcinski.pl\/wydarzenia\/parlamentarne-forum-polsko-hiszpanskie-integracja-subregionalna-jako-wzmocnienie-ue\/#primaryimage"},"image":{"@id":"https:\/\/marekkuchcinski.pl\/wydarzenia\/parlamentarne-forum-polsko-hiszpanskie-integracja-subregionalna-jako-wzmocnienie-ue\/#primaryimage"},"thumbnailUrl":"https:\/\/marekkuchcinski.pl\/wp-content\/uploads\/2021\/07\/227942801_604139244082422_4373967066026132313_n-scaled.jpg","datePublished":"2021-07-30T08:33:07+00:00","dateModified":"2021-07-30T15:25:12+00:00","breadcrumb":{"@id":"https:\/\/marekkuchcinski.pl\/wydarzenia\/parlamentarne-forum-polsko-hiszpanskie-integracja-subregionalna-jako-wzmocnienie-ue\/#breadcrumb"},"inLanguage":"hu-HU","potentialAction":[{"@type":"ReadAction","target":["https:\/\/marekkuchcinski.pl\/wydarzenia\/parlamentarne-forum-polsko-hiszpanskie-integracja-subregionalna-jako-wzmocnienie-ue\/"]}]},{"@type":"ImageObject","inLanguage":"hu-HU","@id":"https:\/\/marekkuchcinski.pl\/wydarzenia\/parlamentarne-forum-polsko-hiszpanskie-integracja-subregionalna-jako-wzmocnienie-ue\/#primaryimage","url":"https:\/\/marekkuchcinski.pl\/wp-content\/uploads\/2021\/07\/227942801_604139244082422_4373967066026132313_n-scaled.jpg","contentUrl":"https:\/\/marekkuchcinski.pl\/wp-content\/uploads\/2021\/07\/227942801_604139244082422_4373967066026132313_n-scaled.jpg","width":2048,"height":1364},{"@type":"BreadcrumbList","@id":"https:\/\/marekkuchcinski.pl\/wydarzenia\/parlamentarne-forum-polsko-hiszpanskie-integracja-subregionalna-jako-wzmocnienie-ue\/#breadcrumb","itemListElement":[{"@type":"ListItem","position":1,"name":"Strona g\u0142\u00f3wna","item":"https:\/\/marekkuchcinski.pl\/"},{"@type":"ListItem","position":2,"name":"VII Polsko-Hiszpa\u0144skie Forum Parlamentarne. Marek Kuchci\u0144ski: Integracja subregionalna jako wzmocnienie UE"}]},{"@type":"WebSite","@id":"https:\/\/marekkuchcinski.pl\/#website","url":"https:\/\/marekkuchcinski.pl\/","name":"Marek Kuchci\u0144ski","description":"Marek Kuchci\u0144ski","publisher":{"@id":"https:\/\/marekkuchcinski.pl\/#organization"},"potentialAction":[{"@type":"SearchAction","target":{"@type":"EntryPoint","urlTemplate":"https:\/\/marekkuchcinski.pl\/?s={search_term_string}"},"query-input":{"@type":"PropertyValueSpecification","valueRequired":true,"valueName":"search_term_string"}}],"inLanguage":"hu-HU"},{"@type":"Organization","@id":"https:\/\/marekkuchcinski.pl\/#organization","name":"Marek Kuchci\u0144ski","url":"https:\/\/marekkuchcinski.pl\/","logo":{"@type":"ImageObject","inLanguage":"hu-HU","@id":"https:\/\/marekkuchcinski.pl\/#\/schema\/logo\/image\/","url":"https:\/\/marekkuchcinski.pl\/wp-content\/uploads\/2022\/09\/Marek.jpg","contentUrl":"https:\/\/marekkuchcinski.pl\/wp-content\/uploads\/2022\/09\/Marek.jpg","width":1600,"height":971,"caption":"Marek Kuchci\u0144ski"},"image":{"@id":"https:\/\/marekkuchcinski.pl\/#\/schema\/logo\/image\/"}},{"@type":"Person","@id":"https:\/\/marekkuchcinski.pl\/#\/schema\/person\/bd3f15dee67fee76e83c8350d0154101","name":"Marta Olejnik","image":{"@type":"ImageObject","inLanguage":"hu-HU","@id":"https:\/\/secure.gravatar.com\/avatar\/24754edd6080383402e292374b406b553027d572e97d60e7aa89a6940e88659a?s=96&d=mm&r=g","url":"https:\/\/secure.gravatar.com\/avatar\/24754edd6080383402e292374b406b553027d572e97d60e7aa89a6940e88659a?s=96&d=mm&r=g","contentUrl":"https:\/\/secure.gravatar.com\/avatar\/24754edd6080383402e292374b406b553027d572e97d60e7aa89a6940e88659a?s=96&d=mm&r=g","caption":"Marta Olejnik"},"url":"https:\/\/marekkuchcinski.pl\/hu\/author\/marta\/"}]}},"_links":{"self":[{"href":"https:\/\/marekkuchcinski.pl\/hu\/wp-json\/wp\/v2\/posts\/23064","targetHints":{"allow":["GET"]}}],"collection":[{"href":"https:\/\/marekkuchcinski.pl\/hu\/wp-json\/wp\/v2\/posts"}],"about":[{"href":"https:\/\/marekkuchcinski.pl\/hu\/wp-json\/wp\/v2\/types\/post"}],"author":[{"embeddable":true,"href":"https:\/\/marekkuchcinski.pl\/hu\/wp-json\/wp\/v2\/users\/3"}],"replies":[{"embeddable":true,"href":"https:\/\/marekkuchcinski.pl\/hu\/wp-json\/wp\/v2\/comments?post=23064"}],"version-history":[{"count":4,"href":"https:\/\/marekkuchcinski.pl\/hu\/wp-json\/wp\/v2\/posts\/23064\/revisions"}],"predecessor-version":[{"id":23074,"href":"https:\/\/marekkuchcinski.pl\/hu\/wp-json\/wp\/v2\/posts\/23064\/revisions\/23074"}],"wp:featuredmedia":[{"embeddable":true,"href":"https:\/\/marekkuchcinski.pl\/hu\/wp-json\/wp\/v2\/media\/23066"}],"wp:attachment":[{"href":"https:\/\/marekkuchcinski.pl\/hu\/wp-json\/wp\/v2\/media?parent=23064"}],"wp:term":[{"taxonomy":"category","embeddable":true,"href":"https:\/\/marekkuchcinski.pl\/hu\/wp-json\/wp\/v2\/categories?post=23064"},{"taxonomy":"post_tag","embeddable":true,"href":"https:\/\/marekkuchcinski.pl\/hu\/wp-json\/wp\/v2\/tags?post=23064"}],"curies":[{"name":"wp","href":"https:\/\/api.w.org\/{rel}","templated":true}]}}