{"id":22823,"date":"2021-06-28T22:01:17","date_gmt":"2021-06-28T20:01:17","guid":{"rendered":"https:\/\/marekkuchcinski.pl\/?p=22823"},"modified":"2021-06-28T22:01:19","modified_gmt":"2021-06-28T20:01:19","slug":"francja-rekordowo-niska-frekwencja-w-wyborach-regionalnych-i-departamentalnych","status":"publish","type":"post","link":"https:\/\/marekkuchcinski.pl\/hu\/bez-kategorii\/francja-rekordowo-niska-frekwencja-w-wyborach-regionalnych-i-departamentalnych\/","title":{"rendered":"Francja: rekordowo niska frekwencja w wyborach regionalnych i departamentalnych"},"content":{"rendered":"<div class=\"wp-block-image\"><figure class=\"aligncenter size-large\"><a href=\"https:\/\/marekkuchcinski.pl\/wp-content\/uploads\/2021\/06\/1.jpg\"><img fetchpriority=\"high\" decoding=\"async\" width=\"1024\" height=\"680\" src=\"https:\/\/marekkuchcinski.pl\/wp-content\/uploads\/2021\/06\/1-1024x680.jpg\" alt=\"\" class=\"wp-image-22824\" srcset=\"https:\/\/marekkuchcinski.pl\/wp-content\/uploads\/2021\/06\/1-1024x680.jpg 1024w, https:\/\/marekkuchcinski.pl\/wp-content\/uploads\/2021\/06\/1-300x199.jpg 300w, https:\/\/marekkuchcinski.pl\/wp-content\/uploads\/2021\/06\/1-768x510.jpg 768w, https:\/\/marekkuchcinski.pl\/wp-content\/uploads\/2021\/06\/1-16x12.jpg 16w, https:\/\/marekkuchcinski.pl\/wp-content\/uploads\/2021\/06\/1.jpg 1052w\" sizes=\"(max-width: 1024px) 100vw, 1024px\" \/><\/a><\/figure><\/div>\n\n\n\n<p class=\"wp-block-paragraph\">W niedziel\u0119 (27 czerwca) odby\u0142a si\u0119 II tura francuskich wybor\u00f3w regionalnych i departamentalnych. Francuzi wybierali 1757 przedstawicieli do w\u0142adz region\u00f3w i 4108 przedstawicieli w\u0142adz departament\u00f3w sprawuj\u0105cych urz\u0105d przez sze\u015b\u0107 lat.<\/p>\n\n\n\n<p class=\"wp-block-paragraph\">Wed\u0142ug szacunk\u00f3w exit polls pracowni Ipsos\/Sopra Steria dla France T\u00e9l\u00e9visions \u2013 francuskiej publicznej grupy mediowej \u2013 w I i II turze wybor\u00f3w wzi\u0105\u0142 udzia\u0142 jeden na trzech Francuz\u00f3w. W g\u0142osowaniu nie wzi\u0119\u0142o udzia\u0142u a\u017c 66 proc. uprawnionych do g\u0142osowania wyborc\u00f3w To historycznie najni\u017cszy poziom w wyborach w historii V Republiki od 1958 r.<\/p>\n\n\n\n<p class=\"wp-block-paragraph\">Wed\u0142ug exit polls Ipsos\/Sopra Steria Republikanie (LR) uzyskali na poziomie krajowym w II turze 38-proc. poparcie, Socjali\u015bci (PS) \u2013 ok. 36 proc. Koalicja partii Zielonych oraz Ekolog\u00f3w cieszy si\u0119 historycznie wysokim wynikiem si\u0119gaj\u0105cym prawie 20 proc., wyprzedzaj\u0105c tym samym Zjednoczenie Narodowe (RN) Marine Le Pen \u2013 ok. 19,5 proc. g\u0142os\u00f3w. Najwi\u0119ksze rozczarowanie pojawi\u0142o si\u0119 spo\u015br\u00f3d list centrowych LREM i Modem zwi\u0105zanych z prezydentem Macronem. Partia Emmanuela Macrona mo\u017ce liczy\u0107 zaledwie na 7 proc. poparcie.<\/p>","protected":false},"excerpt":{"rendered":"<p>W niedziel\u0119 (27 czerwca) odby\u0142a si\u0119 II tura francuskich wybor\u00f3w regionalnych i departamentalnych. Francuzi wybierali 1757 przedstawicieli do w\u0142adz region\u00f3w i 4108 przedstawicieli w\u0142adz departament\u00f3w sprawuj\u0105cych urz\u0105d przez sze\u015b\u0107 lat. Wed\u0142ug szacunk\u00f3w exit polls pracowni Ipsos\/Sopra Steria dla France T\u00e9l\u00e9visions \u2013 francuskiej publicznej grupy mediowej \u2013 w I i II turze wybor\u00f3w wzi\u0105\u0142 udzia\u0142 jeden [&hellip;]<\/p>\n","protected":false},"author":2,"featured_media":0,"comment_status":"open","ping_status":"open","sticky":false,"template":"","format":"standard","meta":{"ngg_post_thumbnail":0,"footnotes":""},"categories":[1,185],"tags":[],"class_list":["post-22823","post","type-post","status-publish","format-standard","hentry","category-bez-kategorii","category-europa"],"yoast_head":"<!-- This site is optimized with the Yoast SEO plugin v28.4 - https:\/\/yoast.com\/product\/yoast-seo-wordpress\/ -->\n<title>Francja: rekordowo niska frekwencja w wyborach regionalnych i departamentalnych &#8211; Marek Kuchci\u0144ski<\/title>\n<meta name=\"robots\" content=\"index, follow, max-snippet:-1, max-image-preview:large, max-video-preview:-1\" \/>\n<link rel=\"canonical\" href=\"https:\/\/marekkuchcinski.pl\/hu\/bez-kategorii\/francja-rekordowo-niska-frekwencja-w-wyborach-regionalnych-i-departamentalnych\/\" \/>\n<meta property=\"og:locale\" content=\"hu_HU\" \/>\n<meta property=\"og:type\" content=\"article\" \/>\n<meta property=\"og:title\" content=\"Francja: rekordowo niska frekwencja w wyborach regionalnych i departamentalnych &#8211; Marek Kuchci\u0144ski\" \/>\n<meta property=\"og:description\" content=\"W niedziel\u0119 (27 czerwca) odby\u0142a si\u0119 II tura francuskich wybor\u00f3w regionalnych i departamentalnych. Francuzi wybierali 1757 przedstawicieli do w\u0142adz region\u00f3w i 4108 przedstawicieli w\u0142adz departament\u00f3w sprawuj\u0105cych urz\u0105d przez sze\u015b\u0107 lat. Wed\u0142ug szacunk\u00f3w exit polls pracowni Ipsos\/Sopra Steria dla France T\u00e9l\u00e9visions \u2013 francuskiej publicznej grupy mediowej \u2013 w I i II turze wybor\u00f3w wzi\u0105\u0142 udzia\u0142 jeden [&hellip;]\" \/>\n<meta property=\"og:url\" content=\"https:\/\/marekkuchcinski.pl\/hu\/bez-kategorii\/francja-rekordowo-niska-frekwencja-w-wyborach-regionalnych-i-departamentalnych\/\" \/>\n<meta property=\"og:site_name\" content=\"Marek Kuchci\u0144ski\" \/>\n<meta property=\"article:published_time\" content=\"2021-06-28T20:01:17+00:00\" \/>\n<meta property=\"article:modified_time\" content=\"2021-06-28T20:01:19+00:00\" \/>\n<meta property=\"og:image\" content=\"https:\/\/marekkuchcinski.pl\/wp-content\/uploads\/2021\/06\/1.jpg\" \/>\n\t<meta property=\"og:image:width\" content=\"1052\" \/>\n\t<meta property=\"og:image:height\" content=\"699\" \/>\n\t<meta property=\"og:image:type\" content=\"image\/jpeg\" \/>\n<meta name=\"author\" content=\"Tomasz \u0141acina\" \/>\n<meta name=\"twitter:card\" content=\"summary_large_image\" \/>\n<meta name=\"twitter:label1\" content=\"Written by\" \/>\n\t<meta name=\"twitter:data1\" content=\"Tomasz \u0141acina\" \/>\n\t<meta name=\"twitter:label2\" content=\"Est. reading time\" \/>\n\t<meta name=\"twitter:data2\" content=\"1 minute\" \/>\n<script type=\"application\/ld+json\" class=\"yoast-schema-graph\">{\"@context\":\"https:\\\/\\\/schema.org\",\"@graph\":[{\"@type\":\"Article\",\"@id\":\"https:\\\/\\\/marekkuchcinski.pl\\\/bez-kategorii\\\/francja-rekordowo-niska-frekwencja-w-wyborach-regionalnych-i-departamentalnych\\\/#article\",\"isPartOf\":{\"@id\":\"https:\\\/\\\/marekkuchcinski.pl\\\/bez-kategorii\\\/francja-rekordowo-niska-frekwencja-w-wyborach-regionalnych-i-departamentalnych\\\/\"},\"author\":{\"name\":\"Tomasz \u0141acina\",\"@id\":\"https:\\\/\\\/marekkuchcinski.pl\\\/#\\\/schema\\\/person\\\/aba1fe8aef473b9a6959c5931c34a69d\"},\"headline\":\"Francja: rekordowo niska frekwencja w wyborach regionalnych i departamentalnych\",\"datePublished\":\"2021-06-28T20:01:17+00:00\",\"dateModified\":\"2021-06-28T20:01:19+00:00\",\"mainEntityOfPage\":{\"@id\":\"https:\\\/\\\/marekkuchcinski.pl\\\/bez-kategorii\\\/francja-rekordowo-niska-frekwencja-w-wyborach-regionalnych-i-departamentalnych\\\/\"},\"wordCount\":189,\"commentCount\":0,\"publisher\":{\"@id\":\"https:\\\/\\\/marekkuchcinski.pl\\\/#organization\"},\"image\":{\"@id\":\"https:\\\/\\\/marekkuchcinski.pl\\\/bez-kategorii\\\/francja-rekordowo-niska-frekwencja-w-wyborach-regionalnych-i-departamentalnych\\\/#primaryimage\"},\"thumbnailUrl\":\"https:\\\/\\\/marekkuchcinski.pl\\\/wp-content\\\/uploads\\\/2021\\\/06\\\/1-1024x680.jpg\",\"articleSection\":[\"Bez kategorii\",\"Wie\u015bci z Europy i \u015awiata\"],\"inLanguage\":\"hu-HU\",\"potentialAction\":[{\"@type\":\"CommentAction\",\"name\":\"Comment\",\"target\":[\"https:\\\/\\\/marekkuchcinski.pl\\\/bez-kategorii\\\/francja-rekordowo-niska-frekwencja-w-wyborach-regionalnych-i-departamentalnych\\\/#respond\"]}]},{\"@type\":\"WebPage\",\"@id\":\"https:\\\/\\\/marekkuchcinski.pl\\\/bez-kategorii\\\/francja-rekordowo-niska-frekwencja-w-wyborach-regionalnych-i-departamentalnych\\\/\",\"url\":\"https:\\\/\\\/marekkuchcinski.pl\\\/bez-kategorii\\\/francja-rekordowo-niska-frekwencja-w-wyborach-regionalnych-i-departamentalnych\\\/\",\"name\":\"Francja: rekordowo niska frekwencja w wyborach regionalnych i departamentalnych &#8211; Marek Kuchci\u0144ski\",\"isPartOf\":{\"@id\":\"https:\\\/\\\/marekkuchcinski.pl\\\/#website\"},\"primaryImageOfPage\":{\"@id\":\"https:\\\/\\\/marekkuchcinski.pl\\\/bez-kategorii\\\/francja-rekordowo-niska-frekwencja-w-wyborach-regionalnych-i-departamentalnych\\\/#primaryimage\"},\"image\":{\"@id\":\"https:\\\/\\\/marekkuchcinski.pl\\\/bez-kategorii\\\/francja-rekordowo-niska-frekwencja-w-wyborach-regionalnych-i-departamentalnych\\\/#primaryimage\"},\"thumbnailUrl\":\"https:\\\/\\\/marekkuchcinski.pl\\\/wp-content\\\/uploads\\\/2021\\\/06\\\/1-1024x680.jpg\",\"datePublished\":\"2021-06-28T20:01:17+00:00\",\"dateModified\":\"2021-06-28T20:01:19+00:00\",\"breadcrumb\":{\"@id\":\"https:\\\/\\\/marekkuchcinski.pl\\\/bez-kategorii\\\/francja-rekordowo-niska-frekwencja-w-wyborach-regionalnych-i-departamentalnych\\\/#breadcrumb\"},\"inLanguage\":\"hu-HU\",\"potentialAction\":[{\"@type\":\"ReadAction\",\"target\":[\"https:\\\/\\\/marekkuchcinski.pl\\\/bez-kategorii\\\/francja-rekordowo-niska-frekwencja-w-wyborach-regionalnych-i-departamentalnych\\\/\"]}]},{\"@type\":\"ImageObject\",\"inLanguage\":\"hu-HU\",\"@id\":\"https:\\\/\\\/marekkuchcinski.pl\\\/bez-kategorii\\\/francja-rekordowo-niska-frekwencja-w-wyborach-regionalnych-i-departamentalnych\\\/#primaryimage\",\"url\":\"https:\\\/\\\/marekkuchcinski.pl\\\/wp-content\\\/uploads\\\/2021\\\/06\\\/1-1024x680.jpg\",\"contentUrl\":\"https:\\\/\\\/marekkuchcinski.pl\\\/wp-content\\\/uploads\\\/2021\\\/06\\\/1-1024x680.jpg\"},{\"@type\":\"BreadcrumbList\",\"@id\":\"https:\\\/\\\/marekkuchcinski.pl\\\/bez-kategorii\\\/francja-rekordowo-niska-frekwencja-w-wyborach-regionalnych-i-departamentalnych\\\/#breadcrumb\",\"itemListElement\":[{\"@type\":\"ListItem\",\"position\":1,\"name\":\"Strona g\u0142\u00f3wna\",\"item\":\"https:\\\/\\\/marekkuchcinski.pl\\\/\"},{\"@type\":\"ListItem\",\"position\":2,\"name\":\"Francja: rekordowo niska frekwencja w wyborach regionalnych i departamentalnych\"}]},{\"@type\":\"WebSite\",\"@id\":\"https:\\\/\\\/marekkuchcinski.pl\\\/#website\",\"url\":\"https:\\\/\\\/marekkuchcinski.pl\\\/\",\"name\":\"Marek Kuchci\u0144ski\",\"description\":\"Marek Kuchci\u0144ski \",\"publisher\":{\"@id\":\"https:\\\/\\\/marekkuchcinski.pl\\\/#organization\"},\"potentialAction\":[{\"@type\":\"SearchAction\",\"target\":{\"@type\":\"EntryPoint\",\"urlTemplate\":\"https:\\\/\\\/marekkuchcinski.pl\\\/?s={search_term_string}\"},\"query-input\":{\"@type\":\"PropertyValueSpecification\",\"valueRequired\":true,\"valueName\":\"search_term_string\"}}],\"inLanguage\":\"hu-HU\"},{\"@type\":\"Organization\",\"@id\":\"https:\\\/\\\/marekkuchcinski.pl\\\/#organization\",\"name\":\"Marek Kuchci\u0144ski\",\"url\":\"https:\\\/\\\/marekkuchcinski.pl\\\/\",\"logo\":{\"@type\":\"ImageObject\",\"inLanguage\":\"hu-HU\",\"@id\":\"https:\\\/\\\/marekkuchcinski.pl\\\/#\\\/schema\\\/logo\\\/image\\\/\",\"url\":\"https:\\\/\\\/marekkuchcinski.pl\\\/wp-content\\\/uploads\\\/2022\\\/09\\\/Marek.jpg\",\"contentUrl\":\"https:\\\/\\\/marekkuchcinski.pl\\\/wp-content\\\/uploads\\\/2022\\\/09\\\/Marek.jpg\",\"width\":1600,\"height\":971,\"caption\":\"Marek Kuchci\u0144ski\"},\"image\":{\"@id\":\"https:\\\/\\\/marekkuchcinski.pl\\\/#\\\/schema\\\/logo\\\/image\\\/\"}},{\"@type\":\"Person\",\"@id\":\"https:\\\/\\\/marekkuchcinski.pl\\\/#\\\/schema\\\/person\\\/aba1fe8aef473b9a6959c5931c34a69d\",\"name\":\"Tomasz \u0141acina\",\"image\":{\"@type\":\"ImageObject\",\"inLanguage\":\"hu-HU\",\"@id\":\"https:\\\/\\\/secure.gravatar.com\\\/avatar\\\/fd39e6ddb0386ca8ff9cf0a0732afdeb33a6c2f19978b6d60dfd33e5c2258908?s=96&d=mm&r=g\",\"url\":\"https:\\\/\\\/secure.gravatar.com\\\/avatar\\\/fd39e6ddb0386ca8ff9cf0a0732afdeb33a6c2f19978b6d60dfd33e5c2258908?s=96&d=mm&r=g\",\"contentUrl\":\"https:\\\/\\\/secure.gravatar.com\\\/avatar\\\/fd39e6ddb0386ca8ff9cf0a0732afdeb33a6c2f19978b6d60dfd33e5c2258908?s=96&d=mm&r=g\",\"caption\":\"Tomasz \u0141acina\"},\"url\":\"https:\\\/\\\/marekkuchcinski.pl\\\/hu\\\/author\\\/tomek-lacina\\\/\"}]}<\/script>\n<!-- \/ Yoast SEO plugin. -->","yoast_head_json":{"title":"Francja: rekordowo niska frekwencja w wyborach regionalnych i departamentalnych &#8211; Marek Kuchci\u0144ski","robots":{"index":"index","follow":"follow","max-snippet":"max-snippet:-1","max-image-preview":"max-image-preview:large","max-video-preview":"max-video-preview:-1"},"canonical":"https:\/\/marekkuchcinski.pl\/hu\/bez-kategorii\/francja-rekordowo-niska-frekwencja-w-wyborach-regionalnych-i-departamentalnych\/","og_locale":"hu_HU","og_type":"article","og_title":"Francja: rekordowo niska frekwencja w wyborach regionalnych i departamentalnych &#8211; Marek Kuchci\u0144ski","og_description":"W niedziel\u0119 (27 czerwca) odby\u0142a si\u0119 II tura francuskich wybor\u00f3w regionalnych i departamentalnych. Francuzi wybierali 1757 przedstawicieli do w\u0142adz region\u00f3w i 4108 przedstawicieli w\u0142adz departament\u00f3w sprawuj\u0105cych urz\u0105d przez sze\u015b\u0107 lat. Wed\u0142ug szacunk\u00f3w exit polls pracowni Ipsos\/Sopra Steria dla France T\u00e9l\u00e9visions \u2013 francuskiej publicznej grupy mediowej \u2013 w I i II turze wybor\u00f3w wzi\u0105\u0142 udzia\u0142 jeden [&hellip;]","og_url":"https:\/\/marekkuchcinski.pl\/hu\/bez-kategorii\/francja-rekordowo-niska-frekwencja-w-wyborach-regionalnych-i-departamentalnych\/","og_site_name":"Marek Kuchci\u0144ski","article_published_time":"2021-06-28T20:01:17+00:00","article_modified_time":"2021-06-28T20:01:19+00:00","og_image":[{"width":1052,"height":699,"url":"https:\/\/marekkuchcinski.pl\/wp-content\/uploads\/2021\/06\/1.jpg","type":"image\/jpeg"}],"author":"Tomasz \u0141acina","twitter_card":"summary_large_image","twitter_misc":{"Written by":"Tomasz \u0141acina","Est. reading time":"1 minute"},"schema":{"@context":"https:\/\/schema.org","@graph":[{"@type":"Article","@id":"https:\/\/marekkuchcinski.pl\/bez-kategorii\/francja-rekordowo-niska-frekwencja-w-wyborach-regionalnych-i-departamentalnych\/#article","isPartOf":{"@id":"https:\/\/marekkuchcinski.pl\/bez-kategorii\/francja-rekordowo-niska-frekwencja-w-wyborach-regionalnych-i-departamentalnych\/"},"author":{"name":"Tomasz \u0141acina","@id":"https:\/\/marekkuchcinski.pl\/#\/schema\/person\/aba1fe8aef473b9a6959c5931c34a69d"},"headline":"Francja: rekordowo niska frekwencja w wyborach regionalnych i departamentalnych","datePublished":"2021-06-28T20:01:17+00:00","dateModified":"2021-06-28T20:01:19+00:00","mainEntityOfPage":{"@id":"https:\/\/marekkuchcinski.pl\/bez-kategorii\/francja-rekordowo-niska-frekwencja-w-wyborach-regionalnych-i-departamentalnych\/"},"wordCount":189,"commentCount":0,"publisher":{"@id":"https:\/\/marekkuchcinski.pl\/#organization"},"image":{"@id":"https:\/\/marekkuchcinski.pl\/bez-kategorii\/francja-rekordowo-niska-frekwencja-w-wyborach-regionalnych-i-departamentalnych\/#primaryimage"},"thumbnailUrl":"https:\/\/marekkuchcinski.pl\/wp-content\/uploads\/2021\/06\/1-1024x680.jpg","articleSection":["Bez kategorii","Wie\u015bci z Europy i \u015awiata"],"inLanguage":"hu-HU","potentialAction":[{"@type":"CommentAction","name":"Comment","target":["https:\/\/marekkuchcinski.pl\/bez-kategorii\/francja-rekordowo-niska-frekwencja-w-wyborach-regionalnych-i-departamentalnych\/#respond"]}]},{"@type":"WebPage","@id":"https:\/\/marekkuchcinski.pl\/bez-kategorii\/francja-rekordowo-niska-frekwencja-w-wyborach-regionalnych-i-departamentalnych\/","url":"https:\/\/marekkuchcinski.pl\/bez-kategorii\/francja-rekordowo-niska-frekwencja-w-wyborach-regionalnych-i-departamentalnych\/","name":"Francja: rekordowo niska frekwencja w wyborach regionalnych i departamentalnych &#8211; Marek Kuchci\u0144ski","isPartOf":{"@id":"https:\/\/marekkuchcinski.pl\/#website"},"primaryImageOfPage":{"@id":"https:\/\/marekkuchcinski.pl\/bez-kategorii\/francja-rekordowo-niska-frekwencja-w-wyborach-regionalnych-i-departamentalnych\/#primaryimage"},"image":{"@id":"https:\/\/marekkuchcinski.pl\/bez-kategorii\/francja-rekordowo-niska-frekwencja-w-wyborach-regionalnych-i-departamentalnych\/#primaryimage"},"thumbnailUrl":"https:\/\/marekkuchcinski.pl\/wp-content\/uploads\/2021\/06\/1-1024x680.jpg","datePublished":"2021-06-28T20:01:17+00:00","dateModified":"2021-06-28T20:01:19+00:00","breadcrumb":{"@id":"https:\/\/marekkuchcinski.pl\/bez-kategorii\/francja-rekordowo-niska-frekwencja-w-wyborach-regionalnych-i-departamentalnych\/#breadcrumb"},"inLanguage":"hu-HU","potentialAction":[{"@type":"ReadAction","target":["https:\/\/marekkuchcinski.pl\/bez-kategorii\/francja-rekordowo-niska-frekwencja-w-wyborach-regionalnych-i-departamentalnych\/"]}]},{"@type":"ImageObject","inLanguage":"hu-HU","@id":"https:\/\/marekkuchcinski.pl\/bez-kategorii\/francja-rekordowo-niska-frekwencja-w-wyborach-regionalnych-i-departamentalnych\/#primaryimage","url":"https:\/\/marekkuchcinski.pl\/wp-content\/uploads\/2021\/06\/1-1024x680.jpg","contentUrl":"https:\/\/marekkuchcinski.pl\/wp-content\/uploads\/2021\/06\/1-1024x680.jpg"},{"@type":"BreadcrumbList","@id":"https:\/\/marekkuchcinski.pl\/bez-kategorii\/francja-rekordowo-niska-frekwencja-w-wyborach-regionalnych-i-departamentalnych\/#breadcrumb","itemListElement":[{"@type":"ListItem","position":1,"name":"Strona g\u0142\u00f3wna","item":"https:\/\/marekkuchcinski.pl\/"},{"@type":"ListItem","position":2,"name":"Francja: rekordowo niska frekwencja w wyborach regionalnych i departamentalnych"}]},{"@type":"WebSite","@id":"https:\/\/marekkuchcinski.pl\/#website","url":"https:\/\/marekkuchcinski.pl\/","name":"Marek Kuchci\u0144ski","description":"Marek Kuchci\u0144ski","publisher":{"@id":"https:\/\/marekkuchcinski.pl\/#organization"},"potentialAction":[{"@type":"SearchAction","target":{"@type":"EntryPoint","urlTemplate":"https:\/\/marekkuchcinski.pl\/?s={search_term_string}"},"query-input":{"@type":"PropertyValueSpecification","valueRequired":true,"valueName":"search_term_string"}}],"inLanguage":"hu-HU"},{"@type":"Organization","@id":"https:\/\/marekkuchcinski.pl\/#organization","name":"Marek Kuchci\u0144ski","url":"https:\/\/marekkuchcinski.pl\/","logo":{"@type":"ImageObject","inLanguage":"hu-HU","@id":"https:\/\/marekkuchcinski.pl\/#\/schema\/logo\/image\/","url":"https:\/\/marekkuchcinski.pl\/wp-content\/uploads\/2022\/09\/Marek.jpg","contentUrl":"https:\/\/marekkuchcinski.pl\/wp-content\/uploads\/2022\/09\/Marek.jpg","width":1600,"height":971,"caption":"Marek Kuchci\u0144ski"},"image":{"@id":"https:\/\/marekkuchcinski.pl\/#\/schema\/logo\/image\/"}},{"@type":"Person","@id":"https:\/\/marekkuchcinski.pl\/#\/schema\/person\/aba1fe8aef473b9a6959c5931c34a69d","name":"Tomasz \u0141acina","image":{"@type":"ImageObject","inLanguage":"hu-HU","@id":"https:\/\/secure.gravatar.com\/avatar\/fd39e6ddb0386ca8ff9cf0a0732afdeb33a6c2f19978b6d60dfd33e5c2258908?s=96&d=mm&r=g","url":"https:\/\/secure.gravatar.com\/avatar\/fd39e6ddb0386ca8ff9cf0a0732afdeb33a6c2f19978b6d60dfd33e5c2258908?s=96&d=mm&r=g","contentUrl":"https:\/\/secure.gravatar.com\/avatar\/fd39e6ddb0386ca8ff9cf0a0732afdeb33a6c2f19978b6d60dfd33e5c2258908?s=96&d=mm&r=g","caption":"Tomasz \u0141acina"},"url":"https:\/\/marekkuchcinski.pl\/hu\/author\/tomek-lacina\/"}]}},"_links":{"self":[{"href":"https:\/\/marekkuchcinski.pl\/hu\/wp-json\/wp\/v2\/posts\/22823","targetHints":{"allow":["GET"]}}],"collection":[{"href":"https:\/\/marekkuchcinski.pl\/hu\/wp-json\/wp\/v2\/posts"}],"about":[{"href":"https:\/\/marekkuchcinski.pl\/hu\/wp-json\/wp\/v2\/types\/post"}],"author":[{"embeddable":true,"href":"https:\/\/marekkuchcinski.pl\/hu\/wp-json\/wp\/v2\/users\/2"}],"replies":[{"embeddable":true,"href":"https:\/\/marekkuchcinski.pl\/hu\/wp-json\/wp\/v2\/comments?post=22823"}],"version-history":[{"count":1,"href":"https:\/\/marekkuchcinski.pl\/hu\/wp-json\/wp\/v2\/posts\/22823\/revisions"}],"predecessor-version":[{"id":22825,"href":"https:\/\/marekkuchcinski.pl\/hu\/wp-json\/wp\/v2\/posts\/22823\/revisions\/22825"}],"wp:attachment":[{"href":"https:\/\/marekkuchcinski.pl\/hu\/wp-json\/wp\/v2\/media?parent=22823"}],"wp:term":[{"taxonomy":"category","embeddable":true,"href":"https:\/\/marekkuchcinski.pl\/hu\/wp-json\/wp\/v2\/categories?post=22823"},{"taxonomy":"post_tag","embeddable":true,"href":"https:\/\/marekkuchcinski.pl\/hu\/wp-json\/wp\/v2\/tags?post=22823"}],"curies":[{"name":"wp","href":"https:\/\/api.w.org\/{rel}","templated":true}]}}