{"id":22813,"date":"2021-06-27T12:22:35","date_gmt":"2021-06-27T10:22:35","guid":{"rendered":"https:\/\/marekkuchcinski.pl\/?p=22813"},"modified":"2021-06-27T16:05:28","modified_gmt":"2021-06-27T14:05:28","slug":"przedwczesne-wybory-parlamentarne-w-moldawii-rosna-obawy-ekspertow","status":"publish","type":"post","link":"https:\/\/marekkuchcinski.pl\/hu\/europa\/przedwczesne-wybory-parlamentarne-w-moldawii-rosna-obawy-ekspertow\/","title":{"rendered":"Przedwczesne wybory parlamentarne w Mo\u0142dawii: rosn\u0105 obawy ekspert\u00f3w"},"content":{"rendered":"<div class=\"wp-block-image\"><figure class=\"aligncenter size-large\"><a href=\"https:\/\/marekkuchcinski.pl\/wp-content\/uploads\/2021\/06\/44.jpg\"><img fetchpriority=\"high\" decoding=\"async\" width=\"1000\" height=\"750\" src=\"https:\/\/marekkuchcinski.pl\/wp-content\/uploads\/2021\/06\/44.jpg\" alt=\"\" class=\"wp-image-22814\" srcset=\"https:\/\/marekkuchcinski.pl\/wp-content\/uploads\/2021\/06\/44.jpg 1000w, https:\/\/marekkuchcinski.pl\/wp-content\/uploads\/2021\/06\/44-300x225.jpg 300w, https:\/\/marekkuchcinski.pl\/wp-content\/uploads\/2021\/06\/44-768x576.jpg 768w, https:\/\/marekkuchcinski.pl\/wp-content\/uploads\/2021\/06\/44-16x12.jpg 16w\" sizes=\"(max-width: 1000px) 100vw, 1000px\" \/><\/a><\/figure><\/div>\n\n\n\n<p class=\"wp-block-paragraph\">11 lipca br. odb\u0119d\u0105 si\u0119 przedwczesne wybory parlamentarne w Mo\u0142dawii. W tym kontek\u015bcie mi\u0119dzynarodowi obserwatorzy zwracaj\u0105 uwag\u0119 na szereg niepokoj\u0105cych element\u00f3w mog\u0105cych negatywnie wp\u0142yn\u0105\u0107 na w\u0142a\u015bciwy ich przebieg.<\/p>\n\n\n\n<p class=\"wp-block-paragraph\">Mo\u0142dawska organizacja EPDE Promo-LEX Association wzywa odpowiedzialne w\u0142adze \u2013 Centraln\u0105 Komisj\u0119 Wyborcz\u0105, rz\u0105d Republiki Mo\u0142dawii oraz Ministerstwo Spraw Zagranicznych i Integracji Europejskiej \u2013 do pilnego okre\u015blenia rozwi\u0105za\u0144 w celu zapewnienia w\u0142a\u015bciwego przeprowadzenia wybor\u00f3w zar\u00f3wno w kraju, jak i za granic\u0105.<\/p>\n\n\n\n<p class=\"wp-block-paragraph\">Spo\u015br\u00f3d niepokoj\u0105cych zjawisk zanotowanych przez obserwator\u00f3w EPDE Promo-LEX Association znajduj\u0105 si\u0119 m.in.:<\/p>\n\n\n\n<ul class=\"wp-block-list\"><li><strong>Nadu\u017cycie zasob\u00f3w administracyjnych podczas kampanii wyborczej: <\/strong>Od pocz\u0105tku kampanii wyborczej wykryto ponad 163 przypadki nadu\u017cy\u0107 zasob\u00f3w administracyjnych przez konkurent\u00f3w wyborczych. Sprawy dotyczy\u0142y g\u0142\u00f3wnie udzia\u0142u pracownik\u00f3w publicznych w dzia\u0142ania kampanijne w godzinach pracy.<\/li><li><strong>U\u017cywanie mowy nienawi\u015bci i pod\u017cegania do dyskryminacji:<\/strong> Zar\u00f3wno podczas kampanii zbierania podpis\u00f3w, jak i kampanii wyborczej, co najmniej 59 przypadk\u00f3w u\u017cycia mowy nienawi\u015bci i pod\u017cegania do dyskryminacji zosta\u0142o zanotowanych. Dotyczy\u0142y one g\u0142\u00f3wnie rywali politycznych.<\/li><li><strong>Niezg\u0142aszanie przez kandydat\u00f3w do wybor\u00f3w swoich rzeczywistych wydatk\u00f3w: <\/strong>Wed\u0142ug szacunk\u00f3w Promo-LEX, do 4 czerwca 2021 r. kandydaci do wybor\u00f3w pomin\u0119li w pe\u0142ni pokrycie wydatki na kampani\u0119 w wysoko\u015bci ponad 1,9 mln lei (400 tysi\u0119cy PLN).<\/li><li><strong>Stronniczo\u015b\u0107 medi\u00f3w: <\/strong>G\u0142\u00f3wnym narz\u0119dziem propagandowym pozostaje telewizja.Protagonistami materia\u0142\u00f3w publicystycznych w mediach telewizyjnych byli g\u0142\u00f3wnie sami kandydaci, z du\u017c\u0105 rozbie\u017cno\u015bci\u0105 mi\u0119dzy cz\u0142onkami prorosyjskiego Wyborczego Bloku Komunist\u00f3w i Socjalist\u00f3w i ich konkurentami.<\/li><li><strong>Brak przejrzysto\u015bci w tworzeniu lokali wyborczych za granic\u0105 i w regionie naddniestrza\u0144skim: <\/strong>Organizowane s\u0105 lokale wyborcze dla wyborc\u00f3w zamieszka\u0142ych w Naddniestrzu przez Centraln\u0105 Komisj\u0119 Wyborcz\u0105. Jednak temu procesowi brakowa\u0142o przejrzysto\u015bci przede wszystkim w stosowaniu kryteri\u00f3w prawnych przewidzianych przez Kodeks Wyborczy.<\/li><\/ul>\n\n\n\n<p class=\"wp-block-paragraph\">Wy\u017cej wymieniane przyk\u0142ady pokazuj\u0105 jak trudne mo\u017ce okaza\u0107 si\u0119 doprowadzenie 11 lipca do transparentnych i uczciwych wybor\u00f3w parlamentarnych w Republice Mo\u0142dawii. Obserwatorzy z EPDE Promo-LEX Association rekomenduj\u0105 rz\u0105dowi mo\u0142dawskiemu, aby pilnie przyczyni\u0142 si\u0119 do zwi\u0119kszenia przejrzysto\u015bci w procesie wyborczym, w szczeg\u00f3lno\u015bci w kwestiach dotycz\u0105cych finansowania kampanii.<\/p>\n\n\n\n<p class=\"wp-block-paragraph\">Wed\u0142ug ostatnich sonda\u017cy najwy\u017cszym poparciem ciesz\u0105 si\u0119 proeuropejska partia Prezydent Mo\u0142dawii Maii Sandu (38,5%) oraz prorosyjski Wyborczy Blok Komunist\u00f3w i Socjalist\u00f3w (36,7%) premiera Aureliu Chicu.<\/p>\n\n\n\n<p class=\"wp-block-paragraph\">SM<\/p>\n\n\n\n<p class=\"wp-block-paragraph\"><\/p>\n\n\n\n<p class=\"wp-block-paragraph\"><\/p>\n\n\n\n<p class=\"wp-block-paragraph\"><\/p>\n\n\n\n<p class=\"wp-block-paragraph\"><\/p>\n\n\n\n<p class=\"wp-block-paragraph\"><\/p>","protected":false},"excerpt":{"rendered":"<p>11 lipca br. odb\u0119d\u0105 si\u0119 przedwczesne wybory parlamentarne w Mo\u0142dawii. W tym kontek\u015bcie mi\u0119dzynarodowi obserwatorzy zwracaj\u0105 uwag\u0119 na szereg niepokoj\u0105cych element\u00f3w mog\u0105cych negatywnie wp\u0142yn\u0105\u0107 na w\u0142a\u015bciwy ich przebieg. Mo\u0142dawska organizacja EPDE Promo-LEX Association wzywa odpowiedzialne w\u0142adze \u2013 Centraln\u0105 Komisj\u0119 Wyborcz\u0105, rz\u0105d Republiki Mo\u0142dawii oraz Ministerstwo Spraw Zagranicznych i Integracji Europejskiej \u2013 do pilnego okre\u015blenia rozwi\u0105za\u0144 [&hellip;]<\/p>\n","protected":false},"author":2,"featured_media":0,"comment_status":"open","ping_status":"open","sticky":false,"template":"","format":"standard","meta":{"ngg_post_thumbnail":0,"footnotes":""},"categories":[185],"tags":[],"class_list":["post-22813","post","type-post","status-publish","format-standard","hentry","category-europa"],"yoast_head":"<!-- This site is optimized with the Yoast SEO plugin v28.4 - https:\/\/yoast.com\/product\/yoast-seo-wordpress\/ -->\n<title>Przedwczesne wybory parlamentarne w Mo\u0142dawii: rosn\u0105 obawy ekspert\u00f3w &#8211; Marek Kuchci\u0144ski<\/title>\n<meta name=\"robots\" content=\"index, follow, max-snippet:-1, max-image-preview:large, max-video-preview:-1\" \/>\n<link rel=\"canonical\" href=\"https:\/\/marekkuchcinski.pl\/hu\/europa\/przedwczesne-wybory-parlamentarne-w-moldawii-rosna-obawy-ekspertow\/\" \/>\n<meta property=\"og:locale\" content=\"hu_HU\" \/>\n<meta property=\"og:type\" content=\"article\" \/>\n<meta property=\"og:title\" content=\"Przedwczesne wybory parlamentarne w Mo\u0142dawii: rosn\u0105 obawy ekspert\u00f3w &#8211; Marek Kuchci\u0144ski\" \/>\n<meta property=\"og:description\" content=\"11 lipca br. odb\u0119d\u0105 si\u0119 przedwczesne wybory parlamentarne w Mo\u0142dawii. W tym kontek\u015bcie mi\u0119dzynarodowi obserwatorzy zwracaj\u0105 uwag\u0119 na szereg niepokoj\u0105cych element\u00f3w mog\u0105cych negatywnie wp\u0142yn\u0105\u0107 na w\u0142a\u015bciwy ich przebieg. Mo\u0142dawska organizacja EPDE Promo-LEX Association wzywa odpowiedzialne w\u0142adze \u2013 Centraln\u0105 Komisj\u0119 Wyborcz\u0105, rz\u0105d Republiki Mo\u0142dawii oraz Ministerstwo Spraw Zagranicznych i Integracji Europejskiej \u2013 do pilnego okre\u015blenia rozwi\u0105za\u0144 [&hellip;]\" \/>\n<meta property=\"og:url\" content=\"https:\/\/marekkuchcinski.pl\/hu\/europa\/przedwczesne-wybory-parlamentarne-w-moldawii-rosna-obawy-ekspertow\/\" \/>\n<meta property=\"og:site_name\" content=\"Marek Kuchci\u0144ski\" \/>\n<meta property=\"article:published_time\" content=\"2021-06-27T10:22:35+00:00\" \/>\n<meta property=\"article:modified_time\" content=\"2021-06-27T14:05:28+00:00\" \/>\n<meta property=\"og:image\" content=\"https:\/\/marekkuchcinski.pl\/wp-content\/uploads\/2021\/06\/44.jpg\" \/>\n\t<meta property=\"og:image:width\" content=\"1000\" \/>\n\t<meta property=\"og:image:height\" content=\"750\" \/>\n\t<meta property=\"og:image:type\" content=\"image\/jpeg\" \/>\n<meta name=\"author\" content=\"Tomasz \u0141acina\" \/>\n<meta name=\"twitter:card\" content=\"summary_large_image\" \/>\n<meta name=\"twitter:label1\" content=\"Written by\" \/>\n\t<meta name=\"twitter:data1\" content=\"Tomasz \u0141acina\" \/>\n\t<meta name=\"twitter:label2\" content=\"Est. reading time\" \/>\n\t<meta name=\"twitter:data2\" content=\"2 minutes\" \/>\n<script type=\"application\/ld+json\" class=\"yoast-schema-graph\">{\"@context\":\"https:\\\/\\\/schema.org\",\"@graph\":[{\"@type\":\"Article\",\"@id\":\"https:\\\/\\\/marekkuchcinski.pl\\\/europa\\\/przedwczesne-wybory-parlamentarne-w-moldawii-rosna-obawy-ekspertow\\\/#article\",\"isPartOf\":{\"@id\":\"https:\\\/\\\/marekkuchcinski.pl\\\/europa\\\/przedwczesne-wybory-parlamentarne-w-moldawii-rosna-obawy-ekspertow\\\/\"},\"author\":{\"name\":\"Tomasz \u0141acina\",\"@id\":\"https:\\\/\\\/marekkuchcinski.pl\\\/#\\\/schema\\\/person\\\/aba1fe8aef473b9a6959c5931c34a69d\"},\"headline\":\"Przedwczesne wybory parlamentarne w Mo\u0142dawii: rosn\u0105 obawy ekspert\u00f3w\",\"datePublished\":\"2021-06-27T10:22:35+00:00\",\"dateModified\":\"2021-06-27T14:05:28+00:00\",\"mainEntityOfPage\":{\"@id\":\"https:\\\/\\\/marekkuchcinski.pl\\\/europa\\\/przedwczesne-wybory-parlamentarne-w-moldawii-rosna-obawy-ekspertow\\\/\"},\"wordCount\":417,\"commentCount\":0,\"publisher\":{\"@id\":\"https:\\\/\\\/marekkuchcinski.pl\\\/#organization\"},\"image\":{\"@id\":\"https:\\\/\\\/marekkuchcinski.pl\\\/europa\\\/przedwczesne-wybory-parlamentarne-w-moldawii-rosna-obawy-ekspertow\\\/#primaryimage\"},\"thumbnailUrl\":\"https:\\\/\\\/marekkuchcinski.pl\\\/wp-content\\\/uploads\\\/2021\\\/06\\\/44.jpg\",\"articleSection\":[\"Wie\u015bci z Europy i \u015awiata\"],\"inLanguage\":\"hu-HU\",\"potentialAction\":[{\"@type\":\"CommentAction\",\"name\":\"Comment\",\"target\":[\"https:\\\/\\\/marekkuchcinski.pl\\\/europa\\\/przedwczesne-wybory-parlamentarne-w-moldawii-rosna-obawy-ekspertow\\\/#respond\"]}]},{\"@type\":\"WebPage\",\"@id\":\"https:\\\/\\\/marekkuchcinski.pl\\\/europa\\\/przedwczesne-wybory-parlamentarne-w-moldawii-rosna-obawy-ekspertow\\\/\",\"url\":\"https:\\\/\\\/marekkuchcinski.pl\\\/europa\\\/przedwczesne-wybory-parlamentarne-w-moldawii-rosna-obawy-ekspertow\\\/\",\"name\":\"Przedwczesne wybory parlamentarne w Mo\u0142dawii: rosn\u0105 obawy ekspert\u00f3w &#8211; Marek Kuchci\u0144ski\",\"isPartOf\":{\"@id\":\"https:\\\/\\\/marekkuchcinski.pl\\\/#website\"},\"primaryImageOfPage\":{\"@id\":\"https:\\\/\\\/marekkuchcinski.pl\\\/europa\\\/przedwczesne-wybory-parlamentarne-w-moldawii-rosna-obawy-ekspertow\\\/#primaryimage\"},\"image\":{\"@id\":\"https:\\\/\\\/marekkuchcinski.pl\\\/europa\\\/przedwczesne-wybory-parlamentarne-w-moldawii-rosna-obawy-ekspertow\\\/#primaryimage\"},\"thumbnailUrl\":\"https:\\\/\\\/marekkuchcinski.pl\\\/wp-content\\\/uploads\\\/2021\\\/06\\\/44.jpg\",\"datePublished\":\"2021-06-27T10:22:35+00:00\",\"dateModified\":\"2021-06-27T14:05:28+00:00\",\"breadcrumb\":{\"@id\":\"https:\\\/\\\/marekkuchcinski.pl\\\/europa\\\/przedwczesne-wybory-parlamentarne-w-moldawii-rosna-obawy-ekspertow\\\/#breadcrumb\"},\"inLanguage\":\"hu-HU\",\"potentialAction\":[{\"@type\":\"ReadAction\",\"target\":[\"https:\\\/\\\/marekkuchcinski.pl\\\/europa\\\/przedwczesne-wybory-parlamentarne-w-moldawii-rosna-obawy-ekspertow\\\/\"]}]},{\"@type\":\"ImageObject\",\"inLanguage\":\"hu-HU\",\"@id\":\"https:\\\/\\\/marekkuchcinski.pl\\\/europa\\\/przedwczesne-wybory-parlamentarne-w-moldawii-rosna-obawy-ekspertow\\\/#primaryimage\",\"url\":\"https:\\\/\\\/marekkuchcinski.pl\\\/wp-content\\\/uploads\\\/2021\\\/06\\\/44.jpg\",\"contentUrl\":\"https:\\\/\\\/marekkuchcinski.pl\\\/wp-content\\\/uploads\\\/2021\\\/06\\\/44.jpg\"},{\"@type\":\"BreadcrumbList\",\"@id\":\"https:\\\/\\\/marekkuchcinski.pl\\\/europa\\\/przedwczesne-wybory-parlamentarne-w-moldawii-rosna-obawy-ekspertow\\\/#breadcrumb\",\"itemListElement\":[{\"@type\":\"ListItem\",\"position\":1,\"name\":\"Strona g\u0142\u00f3wna\",\"item\":\"https:\\\/\\\/marekkuchcinski.pl\\\/\"},{\"@type\":\"ListItem\",\"position\":2,\"name\":\"Przedwczesne wybory parlamentarne w Mo\u0142dawii: rosn\u0105 obawy ekspert\u00f3w\"}]},{\"@type\":\"WebSite\",\"@id\":\"https:\\\/\\\/marekkuchcinski.pl\\\/#website\",\"url\":\"https:\\\/\\\/marekkuchcinski.pl\\\/\",\"name\":\"Marek Kuchci\u0144ski\",\"description\":\"Marek Kuchci\u0144ski \",\"publisher\":{\"@id\":\"https:\\\/\\\/marekkuchcinski.pl\\\/#organization\"},\"potentialAction\":[{\"@type\":\"SearchAction\",\"target\":{\"@type\":\"EntryPoint\",\"urlTemplate\":\"https:\\\/\\\/marekkuchcinski.pl\\\/?s={search_term_string}\"},\"query-input\":{\"@type\":\"PropertyValueSpecification\",\"valueRequired\":true,\"valueName\":\"search_term_string\"}}],\"inLanguage\":\"hu-HU\"},{\"@type\":\"Organization\",\"@id\":\"https:\\\/\\\/marekkuchcinski.pl\\\/#organization\",\"name\":\"Marek Kuchci\u0144ski\",\"url\":\"https:\\\/\\\/marekkuchcinski.pl\\\/\",\"logo\":{\"@type\":\"ImageObject\",\"inLanguage\":\"hu-HU\",\"@id\":\"https:\\\/\\\/marekkuchcinski.pl\\\/#\\\/schema\\\/logo\\\/image\\\/\",\"url\":\"https:\\\/\\\/marekkuchcinski.pl\\\/wp-content\\\/uploads\\\/2022\\\/09\\\/Marek.jpg\",\"contentUrl\":\"https:\\\/\\\/marekkuchcinski.pl\\\/wp-content\\\/uploads\\\/2022\\\/09\\\/Marek.jpg\",\"width\":1600,\"height\":971,\"caption\":\"Marek Kuchci\u0144ski\"},\"image\":{\"@id\":\"https:\\\/\\\/marekkuchcinski.pl\\\/#\\\/schema\\\/logo\\\/image\\\/\"}},{\"@type\":\"Person\",\"@id\":\"https:\\\/\\\/marekkuchcinski.pl\\\/#\\\/schema\\\/person\\\/aba1fe8aef473b9a6959c5931c34a69d\",\"name\":\"Tomasz \u0141acina\",\"image\":{\"@type\":\"ImageObject\",\"inLanguage\":\"hu-HU\",\"@id\":\"https:\\\/\\\/secure.gravatar.com\\\/avatar\\\/fd39e6ddb0386ca8ff9cf0a0732afdeb33a6c2f19978b6d60dfd33e5c2258908?s=96&d=mm&r=g\",\"url\":\"https:\\\/\\\/secure.gravatar.com\\\/avatar\\\/fd39e6ddb0386ca8ff9cf0a0732afdeb33a6c2f19978b6d60dfd33e5c2258908?s=96&d=mm&r=g\",\"contentUrl\":\"https:\\\/\\\/secure.gravatar.com\\\/avatar\\\/fd39e6ddb0386ca8ff9cf0a0732afdeb33a6c2f19978b6d60dfd33e5c2258908?s=96&d=mm&r=g\",\"caption\":\"Tomasz \u0141acina\"},\"url\":\"https:\\\/\\\/marekkuchcinski.pl\\\/hu\\\/author\\\/tomek-lacina\\\/\"}]}<\/script>\n<!-- \/ Yoast SEO plugin. -->","yoast_head_json":{"title":"Przedwczesne wybory parlamentarne w Mo\u0142dawii: rosn\u0105 obawy ekspert\u00f3w &#8211; Marek Kuchci\u0144ski","robots":{"index":"index","follow":"follow","max-snippet":"max-snippet:-1","max-image-preview":"max-image-preview:large","max-video-preview":"max-video-preview:-1"},"canonical":"https:\/\/marekkuchcinski.pl\/hu\/europa\/przedwczesne-wybory-parlamentarne-w-moldawii-rosna-obawy-ekspertow\/","og_locale":"hu_HU","og_type":"article","og_title":"Przedwczesne wybory parlamentarne w Mo\u0142dawii: rosn\u0105 obawy ekspert\u00f3w &#8211; Marek Kuchci\u0144ski","og_description":"11 lipca br. odb\u0119d\u0105 si\u0119 przedwczesne wybory parlamentarne w Mo\u0142dawii. W tym kontek\u015bcie mi\u0119dzynarodowi obserwatorzy zwracaj\u0105 uwag\u0119 na szereg niepokoj\u0105cych element\u00f3w mog\u0105cych negatywnie wp\u0142yn\u0105\u0107 na w\u0142a\u015bciwy ich przebieg. Mo\u0142dawska organizacja EPDE Promo-LEX Association wzywa odpowiedzialne w\u0142adze \u2013 Centraln\u0105 Komisj\u0119 Wyborcz\u0105, rz\u0105d Republiki Mo\u0142dawii oraz Ministerstwo Spraw Zagranicznych i Integracji Europejskiej \u2013 do pilnego okre\u015blenia rozwi\u0105za\u0144 [&hellip;]","og_url":"https:\/\/marekkuchcinski.pl\/hu\/europa\/przedwczesne-wybory-parlamentarne-w-moldawii-rosna-obawy-ekspertow\/","og_site_name":"Marek Kuchci\u0144ski","article_published_time":"2021-06-27T10:22:35+00:00","article_modified_time":"2021-06-27T14:05:28+00:00","og_image":[{"width":1000,"height":750,"url":"https:\/\/marekkuchcinski.pl\/wp-content\/uploads\/2021\/06\/44.jpg","type":"image\/jpeg"}],"author":"Tomasz \u0141acina","twitter_card":"summary_large_image","twitter_misc":{"Written by":"Tomasz \u0141acina","Est. reading time":"2 minutes"},"schema":{"@context":"https:\/\/schema.org","@graph":[{"@type":"Article","@id":"https:\/\/marekkuchcinski.pl\/europa\/przedwczesne-wybory-parlamentarne-w-moldawii-rosna-obawy-ekspertow\/#article","isPartOf":{"@id":"https:\/\/marekkuchcinski.pl\/europa\/przedwczesne-wybory-parlamentarne-w-moldawii-rosna-obawy-ekspertow\/"},"author":{"name":"Tomasz \u0141acina","@id":"https:\/\/marekkuchcinski.pl\/#\/schema\/person\/aba1fe8aef473b9a6959c5931c34a69d"},"headline":"Przedwczesne wybory parlamentarne w Mo\u0142dawii: rosn\u0105 obawy ekspert\u00f3w","datePublished":"2021-06-27T10:22:35+00:00","dateModified":"2021-06-27T14:05:28+00:00","mainEntityOfPage":{"@id":"https:\/\/marekkuchcinski.pl\/europa\/przedwczesne-wybory-parlamentarne-w-moldawii-rosna-obawy-ekspertow\/"},"wordCount":417,"commentCount":0,"publisher":{"@id":"https:\/\/marekkuchcinski.pl\/#organization"},"image":{"@id":"https:\/\/marekkuchcinski.pl\/europa\/przedwczesne-wybory-parlamentarne-w-moldawii-rosna-obawy-ekspertow\/#primaryimage"},"thumbnailUrl":"https:\/\/marekkuchcinski.pl\/wp-content\/uploads\/2021\/06\/44.jpg","articleSection":["Wie\u015bci z Europy i \u015awiata"],"inLanguage":"hu-HU","potentialAction":[{"@type":"CommentAction","name":"Comment","target":["https:\/\/marekkuchcinski.pl\/europa\/przedwczesne-wybory-parlamentarne-w-moldawii-rosna-obawy-ekspertow\/#respond"]}]},{"@type":"WebPage","@id":"https:\/\/marekkuchcinski.pl\/europa\/przedwczesne-wybory-parlamentarne-w-moldawii-rosna-obawy-ekspertow\/","url":"https:\/\/marekkuchcinski.pl\/europa\/przedwczesne-wybory-parlamentarne-w-moldawii-rosna-obawy-ekspertow\/","name":"Przedwczesne wybory parlamentarne w Mo\u0142dawii: rosn\u0105 obawy ekspert\u00f3w &#8211; Marek Kuchci\u0144ski","isPartOf":{"@id":"https:\/\/marekkuchcinski.pl\/#website"},"primaryImageOfPage":{"@id":"https:\/\/marekkuchcinski.pl\/europa\/przedwczesne-wybory-parlamentarne-w-moldawii-rosna-obawy-ekspertow\/#primaryimage"},"image":{"@id":"https:\/\/marekkuchcinski.pl\/europa\/przedwczesne-wybory-parlamentarne-w-moldawii-rosna-obawy-ekspertow\/#primaryimage"},"thumbnailUrl":"https:\/\/marekkuchcinski.pl\/wp-content\/uploads\/2021\/06\/44.jpg","datePublished":"2021-06-27T10:22:35+00:00","dateModified":"2021-06-27T14:05:28+00:00","breadcrumb":{"@id":"https:\/\/marekkuchcinski.pl\/europa\/przedwczesne-wybory-parlamentarne-w-moldawii-rosna-obawy-ekspertow\/#breadcrumb"},"inLanguage":"hu-HU","potentialAction":[{"@type":"ReadAction","target":["https:\/\/marekkuchcinski.pl\/europa\/przedwczesne-wybory-parlamentarne-w-moldawii-rosna-obawy-ekspertow\/"]}]},{"@type":"ImageObject","inLanguage":"hu-HU","@id":"https:\/\/marekkuchcinski.pl\/europa\/przedwczesne-wybory-parlamentarne-w-moldawii-rosna-obawy-ekspertow\/#primaryimage","url":"https:\/\/marekkuchcinski.pl\/wp-content\/uploads\/2021\/06\/44.jpg","contentUrl":"https:\/\/marekkuchcinski.pl\/wp-content\/uploads\/2021\/06\/44.jpg"},{"@type":"BreadcrumbList","@id":"https:\/\/marekkuchcinski.pl\/europa\/przedwczesne-wybory-parlamentarne-w-moldawii-rosna-obawy-ekspertow\/#breadcrumb","itemListElement":[{"@type":"ListItem","position":1,"name":"Strona g\u0142\u00f3wna","item":"https:\/\/marekkuchcinski.pl\/"},{"@type":"ListItem","position":2,"name":"Przedwczesne wybory parlamentarne w Mo\u0142dawii: rosn\u0105 obawy ekspert\u00f3w"}]},{"@type":"WebSite","@id":"https:\/\/marekkuchcinski.pl\/#website","url":"https:\/\/marekkuchcinski.pl\/","name":"Marek Kuchci\u0144ski","description":"Marek Kuchci\u0144ski","publisher":{"@id":"https:\/\/marekkuchcinski.pl\/#organization"},"potentialAction":[{"@type":"SearchAction","target":{"@type":"EntryPoint","urlTemplate":"https:\/\/marekkuchcinski.pl\/?s={search_term_string}"},"query-input":{"@type":"PropertyValueSpecification","valueRequired":true,"valueName":"search_term_string"}}],"inLanguage":"hu-HU"},{"@type":"Organization","@id":"https:\/\/marekkuchcinski.pl\/#organization","name":"Marek Kuchci\u0144ski","url":"https:\/\/marekkuchcinski.pl\/","logo":{"@type":"ImageObject","inLanguage":"hu-HU","@id":"https:\/\/marekkuchcinski.pl\/#\/schema\/logo\/image\/","url":"https:\/\/marekkuchcinski.pl\/wp-content\/uploads\/2022\/09\/Marek.jpg","contentUrl":"https:\/\/marekkuchcinski.pl\/wp-content\/uploads\/2022\/09\/Marek.jpg","width":1600,"height":971,"caption":"Marek Kuchci\u0144ski"},"image":{"@id":"https:\/\/marekkuchcinski.pl\/#\/schema\/logo\/image\/"}},{"@type":"Person","@id":"https:\/\/marekkuchcinski.pl\/#\/schema\/person\/aba1fe8aef473b9a6959c5931c34a69d","name":"Tomasz \u0141acina","image":{"@type":"ImageObject","inLanguage":"hu-HU","@id":"https:\/\/secure.gravatar.com\/avatar\/fd39e6ddb0386ca8ff9cf0a0732afdeb33a6c2f19978b6d60dfd33e5c2258908?s=96&d=mm&r=g","url":"https:\/\/secure.gravatar.com\/avatar\/fd39e6ddb0386ca8ff9cf0a0732afdeb33a6c2f19978b6d60dfd33e5c2258908?s=96&d=mm&r=g","contentUrl":"https:\/\/secure.gravatar.com\/avatar\/fd39e6ddb0386ca8ff9cf0a0732afdeb33a6c2f19978b6d60dfd33e5c2258908?s=96&d=mm&r=g","caption":"Tomasz \u0141acina"},"url":"https:\/\/marekkuchcinski.pl\/hu\/author\/tomek-lacina\/"}]}},"_links":{"self":[{"href":"https:\/\/marekkuchcinski.pl\/hu\/wp-json\/wp\/v2\/posts\/22813","targetHints":{"allow":["GET"]}}],"collection":[{"href":"https:\/\/marekkuchcinski.pl\/hu\/wp-json\/wp\/v2\/posts"}],"about":[{"href":"https:\/\/marekkuchcinski.pl\/hu\/wp-json\/wp\/v2\/types\/post"}],"author":[{"embeddable":true,"href":"https:\/\/marekkuchcinski.pl\/hu\/wp-json\/wp\/v2\/users\/2"}],"replies":[{"embeddable":true,"href":"https:\/\/marekkuchcinski.pl\/hu\/wp-json\/wp\/v2\/comments?post=22813"}],"version-history":[{"count":3,"href":"https:\/\/marekkuchcinski.pl\/hu\/wp-json\/wp\/v2\/posts\/22813\/revisions"}],"predecessor-version":[{"id":22818,"href":"https:\/\/marekkuchcinski.pl\/hu\/wp-json\/wp\/v2\/posts\/22813\/revisions\/22818"}],"wp:attachment":[{"href":"https:\/\/marekkuchcinski.pl\/hu\/wp-json\/wp\/v2\/media?parent=22813"}],"wp:term":[{"taxonomy":"category","embeddable":true,"href":"https:\/\/marekkuchcinski.pl\/hu\/wp-json\/wp\/v2\/categories?post=22813"},{"taxonomy":"post_tag","embeddable":true,"href":"https:\/\/marekkuchcinski.pl\/hu\/wp-json\/wp\/v2\/tags?post=22813"}],"curies":[{"name":"wp","href":"https:\/\/api.w.org\/{rel}","templated":true}]}}